{"id":51602,"date":"2020-05-25T08:37:23","date_gmt":"2020-05-25T13:37:23","guid":{"rendered":"https:\/\/futbolhoy.co\/?p=51602"},"modified":"2020-05-25T17:16:55","modified_gmt":"2020-05-25T22:16:55","slug":"ibrahimovic-habria-sufrido-grave-lesion","status":"publish","type":"post","link":"https:\/\/futbolhoy.co\/index.php\/2020\/05\/25\/ibrahimovic-habria-sufrido-grave-lesion\/","title":{"rendered":"Ibrahimovic habr\u00eda sufrido grave lesi\u00f3n"},"content":{"rendered":"<p class=\"x_ydp3f8f116bMsoNormal\" style=\"text-align: justify;\"><span style=\"font-family: helvetica, arial, sans-serif;\">El sueco <strong>Zlatan Ibrahimovic<\/strong> abandon\u00f3 el entrenamiento del <strong>Milan<\/strong> debido a una lesi\u00f3n, que podr\u00eda ser grave, lo que salt\u00f3 las alarmas en el club italiano.<\/span><\/p>\n<p class=\"x_ydp3f8f116bMsoNormal\" style=\"text-align: justify;\"><span style=\"font-family: helvetica, arial, sans-serif;\">El delantero, que regres\u00f3 al Milan en enero desde <strong>Los \u00c1ngeles Galaxy<\/strong>, se retir\u00f3 con mucho dolor en la parte baja en un gemelo y algunos medios temen que tambi\u00e9n <strong>se haya afectado el tend\u00f3n de Aquiles<\/strong>.<\/span><\/p>\n<p class=\"x_ydp3f8f116bMsoNormal\" style=\"text-align: justify;\"><span style=\"font-family: helvetica, arial, sans-serif;\">El futbolista, que lleg\u00f3 a su carro caminando con dificultad, aunque sin muletas, se someter\u00e1 en las pr\u00f3ximas horas a unos ex\u00e1menes para determinar el alcance y su tiempo de recuperaci\u00f3n.<\/span><\/p>\n<p class=\"x_ydp3f8f116bMsoNormal\" style=\"text-align: justify;\"><span style=\"font-family: helvetica, arial, sans-serif;\">Zlatan sufri\u00f3 la lesi\u00f3n durante un partido, que se disput\u00f3 en la parte final del entrenamiento.<\/span><\/p>\n","protected":false},"excerpt":{"rendered":"<p>El sueco Zlatan Ibrahimovic abandon\u00f3 el entrenamiento del Milan debido a una lesi\u00f3n, que podr\u00eda ser grave, lo que salt\u00f3 las alarmas en el club italiano. El delantero, que regres\u00f3 al Milan en enero desde Los \u00c1ngeles Galaxy, se retir\u00f3 con mucho dolor en la parte baja en un gemelo y algunos medios temen que [&hellip;]<\/p>\n","protected":false},"author":5,"featured_media":51605,"comment_status":"open","ping_status":"open","sticky":false,"template":"","format":"standard","meta":{"_acf_changed":false,"footnotes":""},"categories":[152],"tags":[754],"class_list":{"0":"post-51602","1":"post","2":"type-post","3":"status-publish","4":"format-standard","5":"has-post-thumbnail","7":"category-mundo-futbol","8":"tag-zlatan-ibrahimovic"},"acf":[],"yoast_head":"<!-- This site is optimized with the Yoast SEO plugin v26.8 - https:\/\/yoast.com\/product\/yoast-seo-wordpress\/ -->\n<title>Ibrahimovic habr\u00eda sufrido grave lesi\u00f3n -<\/title>\n<meta name=\"robots\" content=\"index, follow, max-snippet:-1, max-image-preview:large, max-video-preview:-1\" \/>\n<link rel=\"canonical\" href=\"https:\/\/futbolhoy.co\/index.php\/2020\/05\/25\/ibrahimovic-habria-sufrido-grave-lesion\/\" \/>\n<meta property=\"og:locale\" content=\"es_ES\" \/>\n<meta property=\"og:type\" content=\"article\" \/>\n<meta property=\"og:title\" content=\"Ibrahimovic habr\u00eda sufrido grave lesi\u00f3n -\" \/>\n<meta property=\"og:description\" content=\"El sueco Zlatan Ibrahimovic abandon\u00f3 el entrenamiento del Milan debido a una lesi\u00f3n, que podr\u00eda ser grave, lo que salt\u00f3 las alarmas en el club italiano. El delantero, que regres\u00f3 al Milan en enero desde Los \u00c1ngeles Galaxy, se retir\u00f3 con mucho dolor en la parte baja en un gemelo y algunos medios temen que [&hellip;]\" \/>\n<meta property=\"og:url\" content=\"https:\/\/futbolhoy.co\/index.php\/2020\/05\/25\/ibrahimovic-habria-sufrido-grave-lesion\/\" \/>\n<meta property=\"article:publisher\" content=\"https:\/\/www.facebook.com\/FutbolHoyCol\/\" \/>\n<meta property=\"article:published_time\" content=\"2020-05-25T13:37:23+00:00\" \/>\n<meta property=\"article:modified_time\" content=\"2020-05-25T22:16:55+00:00\" \/>\n<meta property=\"og:image\" content=\"https:\/\/futbolhoy.co\/wp-content\/uploads\/2020\/05\/EYs9xt5XgAAVgwT.jpg\" \/>\n\t<meta property=\"og:image:width\" content=\"1600\" \/>\n\t<meta property=\"og:image:height\" content=\"1000\" \/>\n\t<meta property=\"og:image:type\" content=\"image\/jpeg\" \/>\n<meta name=\"author\" content=\"Laura Hern\u00e1ndez\" \/>\n<meta name=\"twitter:card\" content=\"summary_large_image\" \/>\n<meta name=\"twitter:creator\" content=\"@FutbolHoyCol\" \/>\n<meta name=\"twitter:site\" content=\"@FutbolHoyCol\" \/>\n<meta name=\"twitter:label1\" content=\"Escrito por\" \/>\n\t<meta name=\"twitter:data1\" content=\"Laura Hern\u00e1ndez\" \/>\n\t<meta name=\"twitter:label2\" content=\"Tiempo de lectura\" \/>\n\t<meta name=\"twitter:data2\" content=\"1 minuto\" \/>\n<script type=\"application\/ld+json\" class=\"yoast-schema-graph\">{\"@context\":\"https:\/\/schema.org\",\"@graph\":[{\"@type\":\"Article\",\"@id\":\"https:\/\/futbolhoy.co\/index.php\/2020\/05\/25\/ibrahimovic-habria-sufrido-grave-lesion\/#article\",\"isPartOf\":{\"@id\":\"https:\/\/futbolhoy.co\/index.php\/2020\/05\/25\/ibrahimovic-habria-sufrido-grave-lesion\/\"},\"author\":{\"name\":\"Laura Hern\u00e1ndez\",\"@id\":\"https:\/\/futbolhoy.co\/#\/schema\/person\/c4a353a512b127643723a34bb1812f7d\"},\"headline\":\"Ibrahimovic habr\u00eda sufrido grave lesi\u00f3n\",\"datePublished\":\"2020-05-25T13:37:23+00:00\",\"dateModified\":\"2020-05-25T22:16:55+00:00\",\"mainEntityOfPage\":{\"@id\":\"https:\/\/futbolhoy.co\/index.php\/2020\/05\/25\/ibrahimovic-habria-sufrido-grave-lesion\/\"},\"wordCount\":125,\"commentCount\":0,\"publisher\":{\"@id\":\"https:\/\/futbolhoy.co\/#organization\"},\"image\":{\"@id\":\"https:\/\/futbolhoy.co\/index.php\/2020\/05\/25\/ibrahimovic-habria-sufrido-grave-lesion\/#primaryimage\"},\"thumbnailUrl\":\"https:\/\/futbolhoy.co\/wp-content\/uploads\/2020\/05\/EYs9xt5XgAAVgwT.jpg\",\"keywords\":[\"Zlatan Ibrahimovic\"],\"articleSection\":[\"Mundo Futbol\"],\"inLanguage\":\"es\",\"potentialAction\":[{\"@type\":\"CommentAction\",\"name\":\"Comment\",\"target\":[\"https:\/\/futbolhoy.co\/index.php\/2020\/05\/25\/ibrahimovic-habria-sufrido-grave-lesion\/#respond\"]}]},{\"@type\":\"WebPage\",\"@id\":\"https:\/\/futbolhoy.co\/index.php\/2020\/05\/25\/ibrahimovic-habria-sufrido-grave-lesion\/\",\"url\":\"https:\/\/futbolhoy.co\/index.php\/2020\/05\/25\/ibrahimovic-habria-sufrido-grave-lesion\/\",\"name\":\"Ibrahimovic habr\u00eda sufrido grave lesi\u00f3n -\",\"isPartOf\":{\"@id\":\"https:\/\/futbolhoy.co\/#website\"},\"primaryImageOfPage\":{\"@id\":\"https:\/\/futbolhoy.co\/index.php\/2020\/05\/25\/ibrahimovic-habria-sufrido-grave-lesion\/#primaryimage\"},\"image\":{\"@id\":\"https:\/\/futbolhoy.co\/index.php\/2020\/05\/25\/ibrahimovic-habria-sufrido-grave-lesion\/#primaryimage\"},\"thumbnailUrl\":\"https:\/\/futbolhoy.co\/wp-content\/uploads\/2020\/05\/EYs9xt5XgAAVgwT.jpg\",\"datePublished\":\"2020-05-25T13:37:23+00:00\",\"dateModified\":\"2020-05-25T22:16:55+00:00\",\"breadcrumb\":{\"@id\":\"https:\/\/futbolhoy.co\/index.php\/2020\/05\/25\/ibrahimovic-habria-sufrido-grave-lesion\/#breadcrumb\"},\"inLanguage\":\"es\",\"potentialAction\":[{\"@type\":\"ReadAction\",\"target\":[\"https:\/\/futbolhoy.co\/index.php\/2020\/05\/25\/ibrahimovic-habria-sufrido-grave-lesion\/\"]}]},{\"@type\":\"ImageObject\",\"inLanguage\":\"es\",\"@id\":\"https:\/\/futbolhoy.co\/index.php\/2020\/05\/25\/ibrahimovic-habria-sufrido-grave-lesion\/#primaryimage\",\"url\":\"https:\/\/futbolhoy.co\/wp-content\/uploads\/2020\/05\/EYs9xt5XgAAVgwT.jpg\",\"contentUrl\":\"https:\/\/futbolhoy.co\/wp-content\/uploads\/2020\/05\/EYs9xt5XgAAVgwT.jpg\",\"width\":1600,\"height\":1000},{\"@type\":\"BreadcrumbList\",\"@id\":\"https:\/\/futbolhoy.co\/index.php\/2020\/05\/25\/ibrahimovic-habria-sufrido-grave-lesion\/#breadcrumb\",\"itemListElement\":[{\"@type\":\"ListItem\",\"position\":1,\"name\":\"Portada\",\"item\":\"https:\/\/futbolhoy.co\/\"},{\"@type\":\"ListItem\",\"position\":2,\"name\":\"Ibrahimovic habr\u00eda sufrido grave lesi\u00f3n\"}]},{\"@type\":\"WebSite\",\"@id\":\"https:\/\/futbolhoy.co\/#website\",\"url\":\"https:\/\/futbolhoy.co\/\",\"name\":\"FutbolHoy\",\"description\":\"\",\"publisher\":{\"@id\":\"https:\/\/futbolhoy.co\/#organization\"},\"potentialAction\":[{\"@type\":\"SearchAction\",\"target\":{\"@type\":\"EntryPoint\",\"urlTemplate\":\"https:\/\/futbolhoy.co\/?s={search_term_string}\"},\"query-input\":{\"@type\":\"PropertyValueSpecification\",\"valueRequired\":true,\"valueName\":\"search_term_string\"}}],\"inLanguage\":\"es\"},{\"@type\":\"Organization\",\"@id\":\"https:\/\/futbolhoy.co\/#organization\",\"name\":\"Futbolhoy.co\",\"url\":\"https:\/\/futbolhoy.co\/\",\"logo\":{\"@type\":\"ImageObject\",\"inLanguage\":\"es\",\"@id\":\"https:\/\/futbolhoy.co\/#\/schema\/logo\/image\/\",\"url\":\"https:\/\/futbolhoy.co\/wp-content\/uploads\/2018\/08\/17426380_1906371736249227_6326180412931521141_n.jpg\",\"contentUrl\":\"https:\/\/futbolhoy.co\/wp-content\/uploads\/2018\/08\/17426380_1906371736249227_6326180412931521141_n.jpg\",\"width\":960,\"height\":960,\"caption\":\"Futbolhoy.co\"},\"image\":{\"@id\":\"https:\/\/futbolhoy.co\/#\/schema\/logo\/image\/\"},\"sameAs\":[\"https:\/\/www.facebook.com\/FutbolHoyCol\/\",\"https:\/\/x.com\/FutbolHoyCol\",\"https:\/\/www.instagram.com\/futbolhoycol\/\"]},{\"@type\":\"Person\",\"@id\":\"https:\/\/futbolhoy.co\/#\/schema\/person\/c4a353a512b127643723a34bb1812f7d\",\"name\":\"Laura Hern\u00e1ndez\",\"image\":{\"@type\":\"ImageObject\",\"inLanguage\":\"es\",\"@id\":\"https:\/\/futbolhoy.co\/#\/schema\/person\/image\/\",\"url\":\"https:\/\/secure.gravatar.com\/avatar\/d25959a15b9b293a743f99181c7cfd01?s=96&d=mm&r=g\",\"contentUrl\":\"https:\/\/secure.gravatar.com\/avatar\/d25959a15b9b293a743f99181c7cfd01?s=96&d=mm&r=g\",\"caption\":\"Laura Hern\u00e1ndez\"}}]}<\/script>\n<!-- \/ Yoast SEO plugin. -->","yoast_head_json":{"title":"Ibrahimovic habr\u00eda sufrido grave lesi\u00f3n -","robots":{"index":"index","follow":"follow","max-snippet":"max-snippet:-1","max-image-preview":"max-image-preview:large","max-video-preview":"max-video-preview:-1"},"canonical":"https:\/\/futbolhoy.co\/index.php\/2020\/05\/25\/ibrahimovic-habria-sufrido-grave-lesion\/","og_locale":"es_ES","og_type":"article","og_title":"Ibrahimovic habr\u00eda sufrido grave lesi\u00f3n -","og_description":"El sueco Zlatan Ibrahimovic abandon\u00f3 el entrenamiento del Milan debido a una lesi\u00f3n, que podr\u00eda ser grave, lo que salt\u00f3 las alarmas en el club italiano. El delantero, que regres\u00f3 al Milan en enero desde Los \u00c1ngeles Galaxy, se retir\u00f3 con mucho dolor en la parte baja en un gemelo y algunos medios temen que [&hellip;]","og_url":"https:\/\/futbolhoy.co\/index.php\/2020\/05\/25\/ibrahimovic-habria-sufrido-grave-lesion\/","article_publisher":"https:\/\/www.facebook.com\/FutbolHoyCol\/","article_published_time":"2020-05-25T13:37:23+00:00","article_modified_time":"2020-05-25T22:16:55+00:00","og_image":[{"width":1600,"height":1000,"url":"https:\/\/futbolhoy.co\/wp-content\/uploads\/2020\/05\/EYs9xt5XgAAVgwT.jpg","type":"image\/jpeg"}],"author":"Laura Hern\u00e1ndez","twitter_card":"summary_large_image","twitter_creator":"@FutbolHoyCol","twitter_site":"@FutbolHoyCol","twitter_misc":{"Escrito por":"Laura Hern\u00e1ndez","Tiempo de lectura":"1 minuto"},"schema":{"@context":"https:\/\/schema.org","@graph":[{"@type":"Article","@id":"https:\/\/futbolhoy.co\/index.php\/2020\/05\/25\/ibrahimovic-habria-sufrido-grave-lesion\/#article","isPartOf":{"@id":"https:\/\/futbolhoy.co\/index.php\/2020\/05\/25\/ibrahimovic-habria-sufrido-grave-lesion\/"},"author":{"name":"Laura Hern\u00e1ndez","@id":"https:\/\/futbolhoy.co\/#\/schema\/person\/c4a353a512b127643723a34bb1812f7d"},"headline":"Ibrahimovic habr\u00eda sufrido grave lesi\u00f3n","datePublished":"2020-05-25T13:37:23+00:00","dateModified":"2020-05-25T22:16:55+00:00","mainEntityOfPage":{"@id":"https:\/\/futbolhoy.co\/index.php\/2020\/05\/25\/ibrahimovic-habria-sufrido-grave-lesion\/"},"wordCount":125,"commentCount":0,"publisher":{"@id":"https:\/\/futbolhoy.co\/#organization"},"image":{"@id":"https:\/\/futbolhoy.co\/index.php\/2020\/05\/25\/ibrahimovic-habria-sufrido-grave-lesion\/#primaryimage"},"thumbnailUrl":"https:\/\/futbolhoy.co\/wp-content\/uploads\/2020\/05\/EYs9xt5XgAAVgwT.jpg","keywords":["Zlatan Ibrahimovic"],"articleSection":["Mundo Futbol"],"inLanguage":"es","potentialAction":[{"@type":"CommentAction","name":"Comment","target":["https:\/\/futbolhoy.co\/index.php\/2020\/05\/25\/ibrahimovic-habria-sufrido-grave-lesion\/#respond"]}]},{"@type":"WebPage","@id":"https:\/\/futbolhoy.co\/index.php\/2020\/05\/25\/ibrahimovic-habria-sufrido-grave-lesion\/","url":"https:\/\/futbolhoy.co\/index.php\/2020\/05\/25\/ibrahimovic-habria-sufrido-grave-lesion\/","name":"Ibrahimovic habr\u00eda sufrido grave lesi\u00f3n -","isPartOf":{"@id":"https:\/\/futbolhoy.co\/#website"},"primaryImageOfPage":{"@id":"https:\/\/futbolhoy.co\/index.php\/2020\/05\/25\/ibrahimovic-habria-sufrido-grave-lesion\/#primaryimage"},"image":{"@id":"https:\/\/futbolhoy.co\/index.php\/2020\/05\/25\/ibrahimovic-habria-sufrido-grave-lesion\/#primaryimage"},"thumbnailUrl":"https:\/\/futbolhoy.co\/wp-content\/uploads\/2020\/05\/EYs9xt5XgAAVgwT.jpg","datePublished":"2020-05-25T13:37:23+00:00","dateModified":"2020-05-25T22:16:55+00:00","breadcrumb":{"@id":"https:\/\/futbolhoy.co\/index.php\/2020\/05\/25\/ibrahimovic-habria-sufrido-grave-lesion\/#breadcrumb"},"inLanguage":"es","potentialAction":[{"@type":"ReadAction","target":["https:\/\/futbolhoy.co\/index.php\/2020\/05\/25\/ibrahimovic-habria-sufrido-grave-lesion\/"]}]},{"@type":"ImageObject","inLanguage":"es","@id":"https:\/\/futbolhoy.co\/index.php\/2020\/05\/25\/ibrahimovic-habria-sufrido-grave-lesion\/#primaryimage","url":"https:\/\/futbolhoy.co\/wp-content\/uploads\/2020\/05\/EYs9xt5XgAAVgwT.jpg","contentUrl":"https:\/\/futbolhoy.co\/wp-content\/uploads\/2020\/05\/EYs9xt5XgAAVgwT.jpg","width":1600,"height":1000},{"@type":"BreadcrumbList","@id":"https:\/\/futbolhoy.co\/index.php\/2020\/05\/25\/ibrahimovic-habria-sufrido-grave-lesion\/#breadcrumb","itemListElement":[{"@type":"ListItem","position":1,"name":"Portada","item":"https:\/\/futbolhoy.co\/"},{"@type":"ListItem","position":2,"name":"Ibrahimovic habr\u00eda sufrido grave lesi\u00f3n"}]},{"@type":"WebSite","@id":"https:\/\/futbolhoy.co\/#website","url":"https:\/\/futbolhoy.co\/","name":"FutbolHoy","description":"","publisher":{"@id":"https:\/\/futbolhoy.co\/#organization"},"potentialAction":[{"@type":"SearchAction","target":{"@type":"EntryPoint","urlTemplate":"https:\/\/futbolhoy.co\/?s={search_term_string}"},"query-input":{"@type":"PropertyValueSpecification","valueRequired":true,"valueName":"search_term_string"}}],"inLanguage":"es"},{"@type":"Organization","@id":"https:\/\/futbolhoy.co\/#organization","name":"Futbolhoy.co","url":"https:\/\/futbolhoy.co\/","logo":{"@type":"ImageObject","inLanguage":"es","@id":"https:\/\/futbolhoy.co\/#\/schema\/logo\/image\/","url":"https:\/\/futbolhoy.co\/wp-content\/uploads\/2018\/08\/17426380_1906371736249227_6326180412931521141_n.jpg","contentUrl":"https:\/\/futbolhoy.co\/wp-content\/uploads\/2018\/08\/17426380_1906371736249227_6326180412931521141_n.jpg","width":960,"height":960,"caption":"Futbolhoy.co"},"image":{"@id":"https:\/\/futbolhoy.co\/#\/schema\/logo\/image\/"},"sameAs":["https:\/\/www.facebook.com\/FutbolHoyCol\/","https:\/\/x.com\/FutbolHoyCol","https:\/\/www.instagram.com\/futbolhoycol\/"]},{"@type":"Person","@id":"https:\/\/futbolhoy.co\/#\/schema\/person\/c4a353a512b127643723a34bb1812f7d","name":"Laura Hern\u00e1ndez","image":{"@type":"ImageObject","inLanguage":"es","@id":"https:\/\/futbolhoy.co\/#\/schema\/person\/image\/","url":"https:\/\/secure.gravatar.com\/avatar\/d25959a15b9b293a743f99181c7cfd01?s=96&d=mm&r=g","contentUrl":"https:\/\/secure.gravatar.com\/avatar\/d25959a15b9b293a743f99181c7cfd01?s=96&d=mm&r=g","caption":"Laura Hern\u00e1ndez"}}]}},"publishpress_future_action":{"enabled":false,"date":"2026-05-05 12:41:57","action":"change-status","newStatus":"draft","terms":[],"taxonomy":"category","extraData":[]},"publishpress_future_workflow_manual_trigger":{"enabledWorkflows":[]},"_links":{"self":[{"href":"https:\/\/futbolhoy.co\/index.php\/wp-json\/wp\/v2\/posts\/51602","targetHints":{"allow":["GET"]}}],"collection":[{"href":"https:\/\/futbolhoy.co\/index.php\/wp-json\/wp\/v2\/posts"}],"about":[{"href":"https:\/\/futbolhoy.co\/index.php\/wp-json\/wp\/v2\/types\/post"}],"author":[{"embeddable":true,"href":"https:\/\/futbolhoy.co\/index.php\/wp-json\/wp\/v2\/users\/5"}],"replies":[{"embeddable":true,"href":"https:\/\/futbolhoy.co\/index.php\/wp-json\/wp\/v2\/comments?post=51602"}],"version-history":[{"count":1,"href":"https:\/\/futbolhoy.co\/index.php\/wp-json\/wp\/v2\/posts\/51602\/revisions"}],"predecessor-version":[{"id":51606,"href":"https:\/\/futbolhoy.co\/index.php\/wp-json\/wp\/v2\/posts\/51602\/revisions\/51606"}],"wp:featuredmedia":[{"embeddable":true,"href":"https:\/\/futbolhoy.co\/index.php\/wp-json\/wp\/v2\/media\/51605"}],"wp:attachment":[{"href":"https:\/\/futbolhoy.co\/index.php\/wp-json\/wp\/v2\/media?parent=51602"}],"wp:term":[{"taxonomy":"category","embeddable":true,"href":"https:\/\/futbolhoy.co\/index.php\/wp-json\/wp\/v2\/categories?post=51602"},{"taxonomy":"post_tag","embeddable":true,"href":"https:\/\/futbolhoy.co\/index.php\/wp-json\/wp\/v2\/tags?post=51602"}],"curies":[{"name":"wp","href":"https:\/\/api.w.org\/{rel}","templated":true}]}}