{"id":51615,"date":"2020-05-25T16:51:04","date_gmt":"2020-05-25T21:51:04","guid":{"rendered":"https:\/\/futbolhoy.co\/?p=51615"},"modified":"2020-05-26T11:00:42","modified_gmt":"2020-05-26T16:00:42","slug":"la-bundesliga-en-juego","status":"publish","type":"post","link":"https:\/\/futbolhoy.co\/index.php\/2020\/05\/25\/la-bundesliga-en-juego\/","title":{"rendered":"La Bundesliga en juego"},"content":{"rendered":"<p style=\"text-align: justify;\"><span style=\"font-family: helvetica, arial, sans-serif;\">El t\u00edtulo de la\u00a0<b>Bundesliga<\/b>\u00a0temporada 2019-2020 estar\u00e1 en juego en el cl\u00e1sico que sostendr\u00e1n este martes a las 11.30AM el\u00a0<b>Borussia Dortmund<\/b>\u00a0y el\u00a0<b>Bayern M\u00fanich<\/b>\u00a0abriendo la jornada 28, con el condimento de no contar con aficionados en el\u00a0<b>Signal Iduna Park<\/b>, tradicionalmente colmado en sus tribunas para apoyar al equipo local, debido a las medidas adoptadas para contener la propagaci\u00f3n del coronavirus.<\/span><\/p>\n<p style=\"text-align: justify;\"><span style=\"font-family: helvetica, arial, sans-serif;\">El Dortmund, que escolta a 4 puntos a su rival de turno en el liderato del campeonato, dispondr\u00e1 desde el primer minuto del volante\u00a0<b>Emre Can<\/b>, recuperado de problemas f\u00edsicos, y quien ya actu\u00f3 45 minutos ante el\u00a0<b>Werder Bremen<\/b>; aunque los dirigidos por\u00a0<b>Lucien Favre<\/b>, tendr\u00e1n hasta \u00faltimo momento la duda del experimentado defensa central\u00a0<b>Mats Hummels<\/b>, con dolores en un tend\u00f3n de Aquiles.<\/span><\/p>\n<p style=\"text-align: justify;\"><span style=\"font-family: helvetica, arial, sans-serif;\">El local a\u00fan no tendr\u00e1 en su titular al volante belga\u00a0<b>Axel Witsel<\/b>, quien tiene problemas f\u00edsicos.<\/span><\/p>\n<p style=\"text-align: justify;\"><span style=\"font-family: helvetica, arial, sans-serif;\">Por su parte, el Bayern perdi\u00f3 a \u00faltima hora al volante\u00a0<b>Thiago Alc\u00e1ntara<\/b>, por inconvenientes en los abductores; y seguramente el entrenador\u00a0<b>Hans Dieter Flick<\/b>\u00a0emplear\u00e1 a\u00a0<b>Serge Gnabry<\/b>\u00a0en lugar de\u00a0<b>Iv\u00e1n Perisic<\/b>\u00a0en el medio campo.<\/span><\/p>\n<p style=\"text-align: justify;\"><span style=\"font-family: helvetica, arial, sans-serif;\"><b>Probables formaciones:<\/b><\/span><\/p>\n<p style=\"text-align: justify;\"><span style=\"font-family: helvetica, arial, sans-serif;\"><b>Borussia Dortmund:<\/b>\u00a0Rom\u00e1n Burki; Luckasz Piszczek, Mats Hummels, Manuel Akanji; Achraf Hakimi, Mahmoud Dahoud, Emre Can, Raphael Guerreiro; Thorgan Hazard, Julian Brandt; y Erling Haaland.<\/span><\/p>\n<p style=\"text-align: justify;\"><span style=\"font-family: helvetica, arial, sans-serif;\"><b>Bayern Munich:<\/b>\u00a0Manuel Neuer; Benjamin Pavard, Jerome Boateng, David Alaba, Alphonso Davies; Joshua Kimmich, Le\u00f3n Goretzka; Kingsley Coman, Thomas M\u00fcller, Serge Gnabry; y Robert Lewandowski.<\/span><\/p>\n","protected":false},"excerpt":{"rendered":"<p>El t\u00edtulo de la\u00a0Bundesliga\u00a0temporada 2019-2020 estar\u00e1 en juego en el cl\u00e1sico que sostendr\u00e1n este martes a las 11.30AM el\u00a0Borussia Dortmund\u00a0y el\u00a0Bayern M\u00fanich\u00a0abriendo la jornada 28, con el condimento de no contar con aficionados en el\u00a0Signal Iduna Park, tradicionalmente colmado en sus tribunas para apoyar al equipo local, debido a las medidas adoptadas para contener la [&hellip;]<\/p>\n","protected":false},"author":5,"featured_media":51616,"comment_status":"open","ping_status":"open","sticky":false,"template":"","format":"standard","meta":{"_acf_changed":false,"footnotes":""},"categories":[152],"tags":[],"class_list":{"0":"post-51615","1":"post","2":"type-post","3":"status-publish","4":"format-standard","5":"has-post-thumbnail","7":"category-mundo-futbol"},"acf":[],"yoast_head":"<!-- This site is optimized with the Yoast SEO plugin v26.8 - https:\/\/yoast.com\/product\/yoast-seo-wordpress\/ -->\n<title>La Bundesliga en juego -<\/title>\n<meta name=\"robots\" content=\"index, follow, max-snippet:-1, max-image-preview:large, max-video-preview:-1\" \/>\n<link rel=\"canonical\" href=\"https:\/\/futbolhoy.co\/index.php\/2020\/05\/25\/la-bundesliga-en-juego\/\" \/>\n<meta property=\"og:locale\" content=\"es_ES\" \/>\n<meta property=\"og:type\" content=\"article\" \/>\n<meta property=\"og:title\" content=\"La Bundesliga en juego -\" \/>\n<meta property=\"og:description\" content=\"El t\u00edtulo de la\u00a0Bundesliga\u00a0temporada 2019-2020 estar\u00e1 en juego en el cl\u00e1sico que sostendr\u00e1n este martes a las 11.30AM el\u00a0Borussia Dortmund\u00a0y el\u00a0Bayern M\u00fanich\u00a0abriendo la jornada 28, con el condimento de no contar con aficionados en el\u00a0Signal Iduna Park, tradicionalmente colmado en sus tribunas para apoyar al equipo local, debido a las medidas adoptadas para contener la [&hellip;]\" \/>\n<meta property=\"og:url\" content=\"https:\/\/futbolhoy.co\/index.php\/2020\/05\/25\/la-bundesliga-en-juego\/\" \/>\n<meta property=\"article:publisher\" content=\"https:\/\/www.facebook.com\/FutbolHoyCol\/\" \/>\n<meta property=\"article:published_time\" content=\"2020-05-25T21:51:04+00:00\" \/>\n<meta property=\"article:modified_time\" content=\"2020-05-26T16:00:42+00:00\" \/>\n<meta property=\"og:image\" content=\"https:\/\/futbolhoy.co\/wp-content\/uploads\/2020\/05\/20200525_185222.jpg\" \/>\n\t<meta property=\"og:image:width\" content=\"1486\" \/>\n\t<meta property=\"og:image:height\" content=\"1009\" \/>\n\t<meta property=\"og:image:type\" content=\"image\/jpeg\" \/>\n<meta name=\"author\" content=\"Laura Hern\u00e1ndez\" \/>\n<meta name=\"twitter:card\" content=\"summary_large_image\" \/>\n<meta name=\"twitter:creator\" content=\"@FutbolHoyCol\" \/>\n<meta name=\"twitter:site\" content=\"@FutbolHoyCol\" \/>\n<meta name=\"twitter:label1\" content=\"Escrito por\" \/>\n\t<meta name=\"twitter:data1\" content=\"Laura Hern\u00e1ndez\" \/>\n\t<meta name=\"twitter:label2\" content=\"Tiempo de lectura\" \/>\n\t<meta name=\"twitter:data2\" content=\"1 minuto\" \/>\n<script type=\"application\/ld+json\" class=\"yoast-schema-graph\">{\"@context\":\"https:\/\/schema.org\",\"@graph\":[{\"@type\":\"Article\",\"@id\":\"https:\/\/futbolhoy.co\/index.php\/2020\/05\/25\/la-bundesliga-en-juego\/#article\",\"isPartOf\":{\"@id\":\"https:\/\/futbolhoy.co\/index.php\/2020\/05\/25\/la-bundesliga-en-juego\/\"},\"author\":{\"name\":\"Laura Hern\u00e1ndez\",\"@id\":\"https:\/\/futbolhoy.co\/#\/schema\/person\/c4a353a512b127643723a34bb1812f7d\"},\"headline\":\"La Bundesliga en juego\",\"datePublished\":\"2020-05-25T21:51:04+00:00\",\"dateModified\":\"2020-05-26T16:00:42+00:00\",\"mainEntityOfPage\":{\"@id\":\"https:\/\/futbolhoy.co\/index.php\/2020\/05\/25\/la-bundesliga-en-juego\/\"},\"wordCount\":253,\"commentCount\":0,\"publisher\":{\"@id\":\"https:\/\/futbolhoy.co\/#organization\"},\"image\":{\"@id\":\"https:\/\/futbolhoy.co\/index.php\/2020\/05\/25\/la-bundesliga-en-juego\/#primaryimage\"},\"thumbnailUrl\":\"https:\/\/futbolhoy.co\/wp-content\/uploads\/2020\/05\/20200525_185222.jpg\",\"articleSection\":[\"Mundo Futbol\"],\"inLanguage\":\"es\",\"potentialAction\":[{\"@type\":\"CommentAction\",\"name\":\"Comment\",\"target\":[\"https:\/\/futbolhoy.co\/index.php\/2020\/05\/25\/la-bundesliga-en-juego\/#respond\"]}]},{\"@type\":\"WebPage\",\"@id\":\"https:\/\/futbolhoy.co\/index.php\/2020\/05\/25\/la-bundesliga-en-juego\/\",\"url\":\"https:\/\/futbolhoy.co\/index.php\/2020\/05\/25\/la-bundesliga-en-juego\/\",\"name\":\"La Bundesliga en juego -\",\"isPartOf\":{\"@id\":\"https:\/\/futbolhoy.co\/#website\"},\"primaryImageOfPage\":{\"@id\":\"https:\/\/futbolhoy.co\/index.php\/2020\/05\/25\/la-bundesliga-en-juego\/#primaryimage\"},\"image\":{\"@id\":\"https:\/\/futbolhoy.co\/index.php\/2020\/05\/25\/la-bundesliga-en-juego\/#primaryimage\"},\"thumbnailUrl\":\"https:\/\/futbolhoy.co\/wp-content\/uploads\/2020\/05\/20200525_185222.jpg\",\"datePublished\":\"2020-05-25T21:51:04+00:00\",\"dateModified\":\"2020-05-26T16:00:42+00:00\",\"breadcrumb\":{\"@id\":\"https:\/\/futbolhoy.co\/index.php\/2020\/05\/25\/la-bundesliga-en-juego\/#breadcrumb\"},\"inLanguage\":\"es\",\"potentialAction\":[{\"@type\":\"ReadAction\",\"target\":[\"https:\/\/futbolhoy.co\/index.php\/2020\/05\/25\/la-bundesliga-en-juego\/\"]}]},{\"@type\":\"ImageObject\",\"inLanguage\":\"es\",\"@id\":\"https:\/\/futbolhoy.co\/index.php\/2020\/05\/25\/la-bundesliga-en-juego\/#primaryimage\",\"url\":\"https:\/\/futbolhoy.co\/wp-content\/uploads\/2020\/05\/20200525_185222.jpg\",\"contentUrl\":\"https:\/\/futbolhoy.co\/wp-content\/uploads\/2020\/05\/20200525_185222.jpg\",\"width\":1486,\"height\":1009},{\"@type\":\"BreadcrumbList\",\"@id\":\"https:\/\/futbolhoy.co\/index.php\/2020\/05\/25\/la-bundesliga-en-juego\/#breadcrumb\",\"itemListElement\":[{\"@type\":\"ListItem\",\"position\":1,\"name\":\"Portada\",\"item\":\"https:\/\/futbolhoy.co\/\"},{\"@type\":\"ListItem\",\"position\":2,\"name\":\"La Bundesliga en juego\"}]},{\"@type\":\"WebSite\",\"@id\":\"https:\/\/futbolhoy.co\/#website\",\"url\":\"https:\/\/futbolhoy.co\/\",\"name\":\"FutbolHoy\",\"description\":\"\",\"publisher\":{\"@id\":\"https:\/\/futbolhoy.co\/#organization\"},\"potentialAction\":[{\"@type\":\"SearchAction\",\"target\":{\"@type\":\"EntryPoint\",\"urlTemplate\":\"https:\/\/futbolhoy.co\/?s={search_term_string}\"},\"query-input\":{\"@type\":\"PropertyValueSpecification\",\"valueRequired\":true,\"valueName\":\"search_term_string\"}}],\"inLanguage\":\"es\"},{\"@type\":\"Organization\",\"@id\":\"https:\/\/futbolhoy.co\/#organization\",\"name\":\"Futbolhoy.co\",\"url\":\"https:\/\/futbolhoy.co\/\",\"logo\":{\"@type\":\"ImageObject\",\"inLanguage\":\"es\",\"@id\":\"https:\/\/futbolhoy.co\/#\/schema\/logo\/image\/\",\"url\":\"https:\/\/futbolhoy.co\/wp-content\/uploads\/2018\/08\/17426380_1906371736249227_6326180412931521141_n.jpg\",\"contentUrl\":\"https:\/\/futbolhoy.co\/wp-content\/uploads\/2018\/08\/17426380_1906371736249227_6326180412931521141_n.jpg\",\"width\":960,\"height\":960,\"caption\":\"Futbolhoy.co\"},\"image\":{\"@id\":\"https:\/\/futbolhoy.co\/#\/schema\/logo\/image\/\"},\"sameAs\":[\"https:\/\/www.facebook.com\/FutbolHoyCol\/\",\"https:\/\/x.com\/FutbolHoyCol\",\"https:\/\/www.instagram.com\/futbolhoycol\/\"]},{\"@type\":\"Person\",\"@id\":\"https:\/\/futbolhoy.co\/#\/schema\/person\/c4a353a512b127643723a34bb1812f7d\",\"name\":\"Laura Hern\u00e1ndez\",\"image\":{\"@type\":\"ImageObject\",\"inLanguage\":\"es\",\"@id\":\"https:\/\/futbolhoy.co\/#\/schema\/person\/image\/\",\"url\":\"https:\/\/secure.gravatar.com\/avatar\/d25959a15b9b293a743f99181c7cfd01?s=96&d=mm&r=g\",\"contentUrl\":\"https:\/\/secure.gravatar.com\/avatar\/d25959a15b9b293a743f99181c7cfd01?s=96&d=mm&r=g\",\"caption\":\"Laura Hern\u00e1ndez\"}}]}<\/script>\n<!-- \/ Yoast SEO plugin. -->","yoast_head_json":{"title":"La Bundesliga en juego -","robots":{"index":"index","follow":"follow","max-snippet":"max-snippet:-1","max-image-preview":"max-image-preview:large","max-video-preview":"max-video-preview:-1"},"canonical":"https:\/\/futbolhoy.co\/index.php\/2020\/05\/25\/la-bundesliga-en-juego\/","og_locale":"es_ES","og_type":"article","og_title":"La Bundesliga en juego -","og_description":"El t\u00edtulo de la\u00a0Bundesliga\u00a0temporada 2019-2020 estar\u00e1 en juego en el cl\u00e1sico que sostendr\u00e1n este martes a las 11.30AM el\u00a0Borussia Dortmund\u00a0y el\u00a0Bayern M\u00fanich\u00a0abriendo la jornada 28, con el condimento de no contar con aficionados en el\u00a0Signal Iduna Park, tradicionalmente colmado en sus tribunas para apoyar al equipo local, debido a las medidas adoptadas para contener la [&hellip;]","og_url":"https:\/\/futbolhoy.co\/index.php\/2020\/05\/25\/la-bundesliga-en-juego\/","article_publisher":"https:\/\/www.facebook.com\/FutbolHoyCol\/","article_published_time":"2020-05-25T21:51:04+00:00","article_modified_time":"2020-05-26T16:00:42+00:00","og_image":[{"width":1486,"height":1009,"url":"https:\/\/futbolhoy.co\/wp-content\/uploads\/2020\/05\/20200525_185222.jpg","type":"image\/jpeg"}],"author":"Laura Hern\u00e1ndez","twitter_card":"summary_large_image","twitter_creator":"@FutbolHoyCol","twitter_site":"@FutbolHoyCol","twitter_misc":{"Escrito por":"Laura Hern\u00e1ndez","Tiempo de lectura":"1 minuto"},"schema":{"@context":"https:\/\/schema.org","@graph":[{"@type":"Article","@id":"https:\/\/futbolhoy.co\/index.php\/2020\/05\/25\/la-bundesliga-en-juego\/#article","isPartOf":{"@id":"https:\/\/futbolhoy.co\/index.php\/2020\/05\/25\/la-bundesliga-en-juego\/"},"author":{"name":"Laura Hern\u00e1ndez","@id":"https:\/\/futbolhoy.co\/#\/schema\/person\/c4a353a512b127643723a34bb1812f7d"},"headline":"La Bundesliga en juego","datePublished":"2020-05-25T21:51:04+00:00","dateModified":"2020-05-26T16:00:42+00:00","mainEntityOfPage":{"@id":"https:\/\/futbolhoy.co\/index.php\/2020\/05\/25\/la-bundesliga-en-juego\/"},"wordCount":253,"commentCount":0,"publisher":{"@id":"https:\/\/futbolhoy.co\/#organization"},"image":{"@id":"https:\/\/futbolhoy.co\/index.php\/2020\/05\/25\/la-bundesliga-en-juego\/#primaryimage"},"thumbnailUrl":"https:\/\/futbolhoy.co\/wp-content\/uploads\/2020\/05\/20200525_185222.jpg","articleSection":["Mundo Futbol"],"inLanguage":"es","potentialAction":[{"@type":"CommentAction","name":"Comment","target":["https:\/\/futbolhoy.co\/index.php\/2020\/05\/25\/la-bundesliga-en-juego\/#respond"]}]},{"@type":"WebPage","@id":"https:\/\/futbolhoy.co\/index.php\/2020\/05\/25\/la-bundesliga-en-juego\/","url":"https:\/\/futbolhoy.co\/index.php\/2020\/05\/25\/la-bundesliga-en-juego\/","name":"La Bundesliga en juego -","isPartOf":{"@id":"https:\/\/futbolhoy.co\/#website"},"primaryImageOfPage":{"@id":"https:\/\/futbolhoy.co\/index.php\/2020\/05\/25\/la-bundesliga-en-juego\/#primaryimage"},"image":{"@id":"https:\/\/futbolhoy.co\/index.php\/2020\/05\/25\/la-bundesliga-en-juego\/#primaryimage"},"thumbnailUrl":"https:\/\/futbolhoy.co\/wp-content\/uploads\/2020\/05\/20200525_185222.jpg","datePublished":"2020-05-25T21:51:04+00:00","dateModified":"2020-05-26T16:00:42+00:00","breadcrumb":{"@id":"https:\/\/futbolhoy.co\/index.php\/2020\/05\/25\/la-bundesliga-en-juego\/#breadcrumb"},"inLanguage":"es","potentialAction":[{"@type":"ReadAction","target":["https:\/\/futbolhoy.co\/index.php\/2020\/05\/25\/la-bundesliga-en-juego\/"]}]},{"@type":"ImageObject","inLanguage":"es","@id":"https:\/\/futbolhoy.co\/index.php\/2020\/05\/25\/la-bundesliga-en-juego\/#primaryimage","url":"https:\/\/futbolhoy.co\/wp-content\/uploads\/2020\/05\/20200525_185222.jpg","contentUrl":"https:\/\/futbolhoy.co\/wp-content\/uploads\/2020\/05\/20200525_185222.jpg","width":1486,"height":1009},{"@type":"BreadcrumbList","@id":"https:\/\/futbolhoy.co\/index.php\/2020\/05\/25\/la-bundesliga-en-juego\/#breadcrumb","itemListElement":[{"@type":"ListItem","position":1,"name":"Portada","item":"https:\/\/futbolhoy.co\/"},{"@type":"ListItem","position":2,"name":"La Bundesliga en juego"}]},{"@type":"WebSite","@id":"https:\/\/futbolhoy.co\/#website","url":"https:\/\/futbolhoy.co\/","name":"FutbolHoy","description":"","publisher":{"@id":"https:\/\/futbolhoy.co\/#organization"},"potentialAction":[{"@type":"SearchAction","target":{"@type":"EntryPoint","urlTemplate":"https:\/\/futbolhoy.co\/?s={search_term_string}"},"query-input":{"@type":"PropertyValueSpecification","valueRequired":true,"valueName":"search_term_string"}}],"inLanguage":"es"},{"@type":"Organization","@id":"https:\/\/futbolhoy.co\/#organization","name":"Futbolhoy.co","url":"https:\/\/futbolhoy.co\/","logo":{"@type":"ImageObject","inLanguage":"es","@id":"https:\/\/futbolhoy.co\/#\/schema\/logo\/image\/","url":"https:\/\/futbolhoy.co\/wp-content\/uploads\/2018\/08\/17426380_1906371736249227_6326180412931521141_n.jpg","contentUrl":"https:\/\/futbolhoy.co\/wp-content\/uploads\/2018\/08\/17426380_1906371736249227_6326180412931521141_n.jpg","width":960,"height":960,"caption":"Futbolhoy.co"},"image":{"@id":"https:\/\/futbolhoy.co\/#\/schema\/logo\/image\/"},"sameAs":["https:\/\/www.facebook.com\/FutbolHoyCol\/","https:\/\/x.com\/FutbolHoyCol","https:\/\/www.instagram.com\/futbolhoycol\/"]},{"@type":"Person","@id":"https:\/\/futbolhoy.co\/#\/schema\/person\/c4a353a512b127643723a34bb1812f7d","name":"Laura Hern\u00e1ndez","image":{"@type":"ImageObject","inLanguage":"es","@id":"https:\/\/futbolhoy.co\/#\/schema\/person\/image\/","url":"https:\/\/secure.gravatar.com\/avatar\/d25959a15b9b293a743f99181c7cfd01?s=96&d=mm&r=g","contentUrl":"https:\/\/secure.gravatar.com\/avatar\/d25959a15b9b293a743f99181c7cfd01?s=96&d=mm&r=g","caption":"Laura Hern\u00e1ndez"}}]}},"publishpress_future_action":{"enabled":false,"date":"2026-05-05 15:46:20","action":"change-status","newStatus":"draft","terms":[],"taxonomy":"category","extraData":[]},"publishpress_future_workflow_manual_trigger":{"enabledWorkflows":[]},"_links":{"self":[{"href":"https:\/\/futbolhoy.co\/index.php\/wp-json\/wp\/v2\/posts\/51615","targetHints":{"allow":["GET"]}}],"collection":[{"href":"https:\/\/futbolhoy.co\/index.php\/wp-json\/wp\/v2\/posts"}],"about":[{"href":"https:\/\/futbolhoy.co\/index.php\/wp-json\/wp\/v2\/types\/post"}],"author":[{"embeddable":true,"href":"https:\/\/futbolhoy.co\/index.php\/wp-json\/wp\/v2\/users\/5"}],"replies":[{"embeddable":true,"href":"https:\/\/futbolhoy.co\/index.php\/wp-json\/wp\/v2\/comments?post=51615"}],"version-history":[{"count":1,"href":"https:\/\/futbolhoy.co\/index.php\/wp-json\/wp\/v2\/posts\/51615\/revisions"}],"predecessor-version":[{"id":51617,"href":"https:\/\/futbolhoy.co\/index.php\/wp-json\/wp\/v2\/posts\/51615\/revisions\/51617"}],"wp:featuredmedia":[{"embeddable":true,"href":"https:\/\/futbolhoy.co\/index.php\/wp-json\/wp\/v2\/media\/51616"}],"wp:attachment":[{"href":"https:\/\/futbolhoy.co\/index.php\/wp-json\/wp\/v2\/media?parent=51615"}],"wp:term":[{"taxonomy":"category","embeddable":true,"href":"https:\/\/futbolhoy.co\/index.php\/wp-json\/wp\/v2\/categories?post=51615"},{"taxonomy":"post_tag","embeddable":true,"href":"https:\/\/futbolhoy.co\/index.php\/wp-json\/wp\/v2\/tags?post=51615"}],"curies":[{"name":"wp","href":"https:\/\/api.w.org\/{rel}","templated":true}]}}