{"id":51626,"date":"2020-05-25T16:54:32","date_gmt":"2020-05-25T21:54:32","guid":{"rendered":"https:\/\/futbolhoy.co\/?p=51626"},"modified":"2020-05-26T18:10:42","modified_gmt":"2020-05-26T23:10:42","slug":"un-dia-como-hoy-la-13-del-madrid-y-la-quinta-de-cristiano","status":"publish","type":"post","link":"https:\/\/futbolhoy.co\/index.php\/2020\/05\/25\/un-dia-como-hoy-la-13-del-madrid-y-la-quinta-de-cristiano\/","title":{"rendered":"Un d\u00eda como hoy: la 13 del Madrid y la quinta de Cristiano"},"content":{"rendered":"<p style=\"text-align: justify;\"><span style=\"font-family: helvetica, arial, sans-serif;\">El 26 de mayo del 2018, hace dos a\u00f1os, <strong>Real Madrid<\/strong> venci\u00f3 al <strong>Liverpool<\/strong> en el<strong> Estadio Ol\u00edmpico<\/strong> de <strong>Kiev, Ucrania,<\/strong> y conquist\u00f3 su<strong> Liga de Campeones<\/strong> n\u00famero 13, la quinta, adem\u00e1s, en la cuenta personal para su principal estrella en aquel entonces, <strong>Cristiano Ronaldo.<\/strong><\/span><\/p>\n<p style=\"text-align: justify;\"><span style=\"font-family: helvetica, arial, sans-serif;\">El cuadro 'Merengue' super\u00f3 con contundencia 3-1 al conjunto ingl\u00e9s, en un encuentro que tuvo una actuaci\u00f3n estelar del gal\u00e9s <strong>Gareth Bale<\/strong>, con un claro papel antag\u00f3nico del portero alem\u00e1n <strong>Loris Karius.<\/strong><\/span><\/p>\n<p style=\"text-align: justify;\"><span style=\"font-family: helvetica, arial, sans-serif;\">Los goles se guardaron para el complemento, a los 51 minutos el guardameta quiso salir r\u00e1pido desde el fondo y estrell\u00f3 la pelota en <strong>Karim Benzema<\/strong>, quien puso el 1-0 para los espa\u00f1oles; Liverpool igual\u00f3 las acciones a los 55 minutos a trav\u00e9s de <strong>Sadio Man\u00e9.<\/strong><\/span><\/p>\n<p style=\"text-align: justify;\"><span style=\"font-family: helvetica, arial, sans-serif;\"><strong>Zinedine Zidane<\/strong> envi\u00f3 al campo de juego a Gareth Bale a los 61 minutos, dos m\u00e1s tarde, el gal\u00e9s se invent\u00f3 un gol de otro partido con una espectacular chilena y cerr\u00f3 su jornada brillante a los 83, con un potente remate de media distancia en el que nuevamente el portero alem\u00e1n se vio comprometido.<\/span><\/p>\n<p style=\"text-align: justify;\"><span style=\"font-family: helvetica, arial, sans-serif;\">Con esta 'Orejona' Real Madrid se revalid\u00f3 como el amo y se\u00f1or del certamen, siendo el m\u00e1s ganador y con una amplia ventaja sobre su perseguidor inmediato, <strong>Milan<\/strong> con 6 t\u00edtulos.<\/span><\/p>\n<blockquote class=\"twitter-tweet\">\n<p dir=\"ltr\" lang=\"es\">\ud83d\ude4c\ud83c\udfc6\ud83e\udd29 \u00a1Segundo aniversario de la Decimotercera!<a href=\"https:\/\/twitter.com\/hashtag\/RMHistory?src=hash&amp;ref_src=twsrc%5Etfw\">#RMHistory<\/a> | <a href=\"https:\/\/twitter.com\/hashtag\/RealFootball?src=hash&amp;ref_src=twsrc%5Etfw\">#RealFootball<\/a> <a href=\"https:\/\/t.co\/6iwokTospD\">pic.twitter.com\/6iwokTospD<\/a><\/p>\n<p>\u2014 Real Madrid C.F.\u26bd (@realmadrid) <a href=\"https:\/\/twitter.com\/realmadrid\/status\/1265183388257996800?ref_src=twsrc%5Etfw\">May 26, 2020<\/a><\/p><\/blockquote>\n<p><script async src=\"https:\/\/platform.twitter.com\/widgets.js\" charset=\"utf-8\"><\/script><\/p>\n","protected":false},"excerpt":{"rendered":"<p>El 26 de mayo del 2018, hace dos a\u00f1os, Real Madrid venci\u00f3 al Liverpool en el Estadio Ol\u00edmpico de Kiev, Ucrania, y conquist\u00f3 su Liga de Campeones n\u00famero 13, la quinta, adem\u00e1s, en la cuenta personal para su principal estrella en aquel entonces, Cristiano Ronaldo. El cuadro 'Merengue' super\u00f3 con contundencia 3-1 al conjunto ingl\u00e9s, [&hellip;]<\/p>\n","protected":false},"author":5,"featured_media":51627,"comment_status":"open","ping_status":"open","sticky":false,"template":"","format":"video","meta":{"_acf_changed":false,"footnotes":""},"categories":[152],"tags":[392,390,110],"class_list":{"0":"post-51626","1":"post","2":"type-post","3":"status-publish","4":"format-video","5":"has-post-thumbnail","7":"category-mundo-futbol","8":"tag-cristiano-ronaldo","9":"tag-liga-de-campeones","10":"tag-real-madrid","11":"post_format-post-format-video"},"acf":[],"yoast_head":"<!-- This site is optimized with the Yoast SEO plugin v26.8 - https:\/\/yoast.com\/product\/yoast-seo-wordpress\/ -->\n<title>Un d\u00eda como hoy: la 13 del Madrid y la quinta de Cristiano -<\/title>\n<meta name=\"robots\" content=\"index, follow, max-snippet:-1, max-image-preview:large, max-video-preview:-1\" \/>\n<link rel=\"canonical\" href=\"https:\/\/futbolhoy.co\/index.php\/2020\/05\/25\/un-dia-como-hoy-la-13-del-madrid-y-la-quinta-de-cristiano\/\" \/>\n<meta property=\"og:locale\" content=\"es_ES\" \/>\n<meta property=\"og:type\" content=\"article\" \/>\n<meta property=\"og:title\" content=\"Un d\u00eda como hoy: la 13 del Madrid y la quinta de Cristiano -\" \/>\n<meta property=\"og:description\" content=\"El 26 de mayo del 2018, hace dos a\u00f1os, Real Madrid venci\u00f3 al Liverpool en el Estadio Ol\u00edmpico de Kiev, Ucrania, y conquist\u00f3 su Liga de Campeones n\u00famero 13, la quinta, adem\u00e1s, en la cuenta personal para su principal estrella en aquel entonces, Cristiano Ronaldo. El cuadro &#039;Merengue&#039; super\u00f3 con contundencia 3-1 al conjunto ingl\u00e9s, [&hellip;]\" \/>\n<meta property=\"og:url\" content=\"https:\/\/futbolhoy.co\/index.php\/2020\/05\/25\/un-dia-como-hoy-la-13-del-madrid-y-la-quinta-de-cristiano\/\" \/>\n<meta property=\"article:publisher\" content=\"https:\/\/www.facebook.com\/FutbolHoyCol\/\" \/>\n<meta property=\"article:published_time\" content=\"2020-05-25T21:54:32+00:00\" \/>\n<meta property=\"article:modified_time\" content=\"2020-05-26T23:10:42+00:00\" \/>\n<meta property=\"og:image\" content=\"https:\/\/futbolhoy.co\/wp-content\/uploads\/2020\/05\/EY4mvyqWoAMZwFv.jpg\" \/>\n\t<meta property=\"og:image:width\" content=\"1200\" \/>\n\t<meta property=\"og:image:height\" content=\"675\" \/>\n\t<meta property=\"og:image:type\" content=\"image\/jpeg\" \/>\n<meta name=\"author\" content=\"Laura Hern\u00e1ndez\" \/>\n<meta name=\"twitter:card\" content=\"summary_large_image\" \/>\n<meta name=\"twitter:creator\" content=\"@FutbolHoyCol\" \/>\n<meta name=\"twitter:site\" content=\"@FutbolHoyCol\" \/>\n<meta name=\"twitter:label1\" content=\"Escrito por\" \/>\n\t<meta name=\"twitter:data1\" content=\"Laura Hern\u00e1ndez\" \/>\n\t<meta name=\"twitter:label2\" content=\"Tiempo de lectura\" \/>\n\t<meta name=\"twitter:data2\" content=\"1 minuto\" \/>\n<script type=\"application\/ld+json\" class=\"yoast-schema-graph\">{\"@context\":\"https:\/\/schema.org\",\"@graph\":[{\"@type\":\"Article\",\"@id\":\"https:\/\/futbolhoy.co\/index.php\/2020\/05\/25\/un-dia-como-hoy-la-13-del-madrid-y-la-quinta-de-cristiano\/#article\",\"isPartOf\":{\"@id\":\"https:\/\/futbolhoy.co\/index.php\/2020\/05\/25\/un-dia-como-hoy-la-13-del-madrid-y-la-quinta-de-cristiano\/\"},\"author\":{\"name\":\"Laura Hern\u00e1ndez\",\"@id\":\"https:\/\/futbolhoy.co\/#\/schema\/person\/c4a353a512b127643723a34bb1812f7d\"},\"headline\":\"Un d\u00eda como hoy: la 13 del Madrid y la quinta de Cristiano\",\"datePublished\":\"2020-05-25T21:54:32+00:00\",\"dateModified\":\"2020-05-26T23:10:42+00:00\",\"mainEntityOfPage\":{\"@id\":\"https:\/\/futbolhoy.co\/index.php\/2020\/05\/25\/un-dia-como-hoy-la-13-del-madrid-y-la-quinta-de-cristiano\/\"},\"wordCount\":249,\"commentCount\":0,\"publisher\":{\"@id\":\"https:\/\/futbolhoy.co\/#organization\"},\"image\":{\"@id\":\"https:\/\/futbolhoy.co\/index.php\/2020\/05\/25\/un-dia-como-hoy-la-13-del-madrid-y-la-quinta-de-cristiano\/#primaryimage\"},\"thumbnailUrl\":\"https:\/\/futbolhoy.co\/wp-content\/uploads\/2020\/05\/EY4mvyqWoAMZwFv.jpg\",\"keywords\":[\"Cristiano Ronaldo\",\"Liga de Campeones\",\"Real Madrid\"],\"articleSection\":[\"Mundo Futbol\"],\"inLanguage\":\"es\",\"potentialAction\":[{\"@type\":\"CommentAction\",\"name\":\"Comment\",\"target\":[\"https:\/\/futbolhoy.co\/index.php\/2020\/05\/25\/un-dia-como-hoy-la-13-del-madrid-y-la-quinta-de-cristiano\/#respond\"]}]},{\"@type\":\"WebPage\",\"@id\":\"https:\/\/futbolhoy.co\/index.php\/2020\/05\/25\/un-dia-como-hoy-la-13-del-madrid-y-la-quinta-de-cristiano\/\",\"url\":\"https:\/\/futbolhoy.co\/index.php\/2020\/05\/25\/un-dia-como-hoy-la-13-del-madrid-y-la-quinta-de-cristiano\/\",\"name\":\"Un d\u00eda como hoy: la 13 del Madrid y la quinta de Cristiano -\",\"isPartOf\":{\"@id\":\"https:\/\/futbolhoy.co\/#website\"},\"primaryImageOfPage\":{\"@id\":\"https:\/\/futbolhoy.co\/index.php\/2020\/05\/25\/un-dia-como-hoy-la-13-del-madrid-y-la-quinta-de-cristiano\/#primaryimage\"},\"image\":{\"@id\":\"https:\/\/futbolhoy.co\/index.php\/2020\/05\/25\/un-dia-como-hoy-la-13-del-madrid-y-la-quinta-de-cristiano\/#primaryimage\"},\"thumbnailUrl\":\"https:\/\/futbolhoy.co\/wp-content\/uploads\/2020\/05\/EY4mvyqWoAMZwFv.jpg\",\"datePublished\":\"2020-05-25T21:54:32+00:00\",\"dateModified\":\"2020-05-26T23:10:42+00:00\",\"breadcrumb\":{\"@id\":\"https:\/\/futbolhoy.co\/index.php\/2020\/05\/25\/un-dia-como-hoy-la-13-del-madrid-y-la-quinta-de-cristiano\/#breadcrumb\"},\"inLanguage\":\"es\",\"potentialAction\":[{\"@type\":\"ReadAction\",\"target\":[\"https:\/\/futbolhoy.co\/index.php\/2020\/05\/25\/un-dia-como-hoy-la-13-del-madrid-y-la-quinta-de-cristiano\/\"]}]},{\"@type\":\"ImageObject\",\"inLanguage\":\"es\",\"@id\":\"https:\/\/futbolhoy.co\/index.php\/2020\/05\/25\/un-dia-como-hoy-la-13-del-madrid-y-la-quinta-de-cristiano\/#primaryimage\",\"url\":\"https:\/\/futbolhoy.co\/wp-content\/uploads\/2020\/05\/EY4mvyqWoAMZwFv.jpg\",\"contentUrl\":\"https:\/\/futbolhoy.co\/wp-content\/uploads\/2020\/05\/EY4mvyqWoAMZwFv.jpg\",\"width\":1200,\"height\":675},{\"@type\":\"BreadcrumbList\",\"@id\":\"https:\/\/futbolhoy.co\/index.php\/2020\/05\/25\/un-dia-como-hoy-la-13-del-madrid-y-la-quinta-de-cristiano\/#breadcrumb\",\"itemListElement\":[{\"@type\":\"ListItem\",\"position\":1,\"name\":\"Portada\",\"item\":\"https:\/\/futbolhoy.co\/\"},{\"@type\":\"ListItem\",\"position\":2,\"name\":\"Un d\u00eda como hoy: la 13 del Madrid y la quinta de Cristiano\"}]},{\"@type\":\"WebSite\",\"@id\":\"https:\/\/futbolhoy.co\/#website\",\"url\":\"https:\/\/futbolhoy.co\/\",\"name\":\"FutbolHoy\",\"description\":\"\",\"publisher\":{\"@id\":\"https:\/\/futbolhoy.co\/#organization\"},\"potentialAction\":[{\"@type\":\"SearchAction\",\"target\":{\"@type\":\"EntryPoint\",\"urlTemplate\":\"https:\/\/futbolhoy.co\/?s={search_term_string}\"},\"query-input\":{\"@type\":\"PropertyValueSpecification\",\"valueRequired\":true,\"valueName\":\"search_term_string\"}}],\"inLanguage\":\"es\"},{\"@type\":\"Organization\",\"@id\":\"https:\/\/futbolhoy.co\/#organization\",\"name\":\"Futbolhoy.co\",\"url\":\"https:\/\/futbolhoy.co\/\",\"logo\":{\"@type\":\"ImageObject\",\"inLanguage\":\"es\",\"@id\":\"https:\/\/futbolhoy.co\/#\/schema\/logo\/image\/\",\"url\":\"https:\/\/futbolhoy.co\/wp-content\/uploads\/2018\/08\/17426380_1906371736249227_6326180412931521141_n.jpg\",\"contentUrl\":\"https:\/\/futbolhoy.co\/wp-content\/uploads\/2018\/08\/17426380_1906371736249227_6326180412931521141_n.jpg\",\"width\":960,\"height\":960,\"caption\":\"Futbolhoy.co\"},\"image\":{\"@id\":\"https:\/\/futbolhoy.co\/#\/schema\/logo\/image\/\"},\"sameAs\":[\"https:\/\/www.facebook.com\/FutbolHoyCol\/\",\"https:\/\/x.com\/FutbolHoyCol\",\"https:\/\/www.instagram.com\/futbolhoycol\/\"]},{\"@type\":\"Person\",\"@id\":\"https:\/\/futbolhoy.co\/#\/schema\/person\/c4a353a512b127643723a34bb1812f7d\",\"name\":\"Laura Hern\u00e1ndez\",\"image\":{\"@type\":\"ImageObject\",\"inLanguage\":\"es\",\"@id\":\"https:\/\/futbolhoy.co\/#\/schema\/person\/image\/\",\"url\":\"https:\/\/secure.gravatar.com\/avatar\/d25959a15b9b293a743f99181c7cfd01?s=96&d=mm&r=g\",\"contentUrl\":\"https:\/\/secure.gravatar.com\/avatar\/d25959a15b9b293a743f99181c7cfd01?s=96&d=mm&r=g\",\"caption\":\"Laura Hern\u00e1ndez\"}}]}<\/script>\n<!-- \/ Yoast SEO plugin. -->","yoast_head_json":{"title":"Un d\u00eda como hoy: la 13 del Madrid y la quinta de Cristiano -","robots":{"index":"index","follow":"follow","max-snippet":"max-snippet:-1","max-image-preview":"max-image-preview:large","max-video-preview":"max-video-preview:-1"},"canonical":"https:\/\/futbolhoy.co\/index.php\/2020\/05\/25\/un-dia-como-hoy-la-13-del-madrid-y-la-quinta-de-cristiano\/","og_locale":"es_ES","og_type":"article","og_title":"Un d\u00eda como hoy: la 13 del Madrid y la quinta de Cristiano -","og_description":"El 26 de mayo del 2018, hace dos a\u00f1os, Real Madrid venci\u00f3 al Liverpool en el Estadio Ol\u00edmpico de Kiev, Ucrania, y conquist\u00f3 su Liga de Campeones n\u00famero 13, la quinta, adem\u00e1s, en la cuenta personal para su principal estrella en aquel entonces, Cristiano Ronaldo. El cuadro 'Merengue' super\u00f3 con contundencia 3-1 al conjunto ingl\u00e9s, [&hellip;]","og_url":"https:\/\/futbolhoy.co\/index.php\/2020\/05\/25\/un-dia-como-hoy-la-13-del-madrid-y-la-quinta-de-cristiano\/","article_publisher":"https:\/\/www.facebook.com\/FutbolHoyCol\/","article_published_time":"2020-05-25T21:54:32+00:00","article_modified_time":"2020-05-26T23:10:42+00:00","og_image":[{"width":1200,"height":675,"url":"https:\/\/futbolhoy.co\/wp-content\/uploads\/2020\/05\/EY4mvyqWoAMZwFv.jpg","type":"image\/jpeg"}],"author":"Laura Hern\u00e1ndez","twitter_card":"summary_large_image","twitter_creator":"@FutbolHoyCol","twitter_site":"@FutbolHoyCol","twitter_misc":{"Escrito por":"Laura Hern\u00e1ndez","Tiempo de lectura":"1 minuto"},"schema":{"@context":"https:\/\/schema.org","@graph":[{"@type":"Article","@id":"https:\/\/futbolhoy.co\/index.php\/2020\/05\/25\/un-dia-como-hoy-la-13-del-madrid-y-la-quinta-de-cristiano\/#article","isPartOf":{"@id":"https:\/\/futbolhoy.co\/index.php\/2020\/05\/25\/un-dia-como-hoy-la-13-del-madrid-y-la-quinta-de-cristiano\/"},"author":{"name":"Laura Hern\u00e1ndez","@id":"https:\/\/futbolhoy.co\/#\/schema\/person\/c4a353a512b127643723a34bb1812f7d"},"headline":"Un d\u00eda como hoy: la 13 del Madrid y la quinta de Cristiano","datePublished":"2020-05-25T21:54:32+00:00","dateModified":"2020-05-26T23:10:42+00:00","mainEntityOfPage":{"@id":"https:\/\/futbolhoy.co\/index.php\/2020\/05\/25\/un-dia-como-hoy-la-13-del-madrid-y-la-quinta-de-cristiano\/"},"wordCount":249,"commentCount":0,"publisher":{"@id":"https:\/\/futbolhoy.co\/#organization"},"image":{"@id":"https:\/\/futbolhoy.co\/index.php\/2020\/05\/25\/un-dia-como-hoy-la-13-del-madrid-y-la-quinta-de-cristiano\/#primaryimage"},"thumbnailUrl":"https:\/\/futbolhoy.co\/wp-content\/uploads\/2020\/05\/EY4mvyqWoAMZwFv.jpg","keywords":["Cristiano Ronaldo","Liga de Campeones","Real Madrid"],"articleSection":["Mundo Futbol"],"inLanguage":"es","potentialAction":[{"@type":"CommentAction","name":"Comment","target":["https:\/\/futbolhoy.co\/index.php\/2020\/05\/25\/un-dia-como-hoy-la-13-del-madrid-y-la-quinta-de-cristiano\/#respond"]}]},{"@type":"WebPage","@id":"https:\/\/futbolhoy.co\/index.php\/2020\/05\/25\/un-dia-como-hoy-la-13-del-madrid-y-la-quinta-de-cristiano\/","url":"https:\/\/futbolhoy.co\/index.php\/2020\/05\/25\/un-dia-como-hoy-la-13-del-madrid-y-la-quinta-de-cristiano\/","name":"Un d\u00eda como hoy: la 13 del Madrid y la quinta de Cristiano -","isPartOf":{"@id":"https:\/\/futbolhoy.co\/#website"},"primaryImageOfPage":{"@id":"https:\/\/futbolhoy.co\/index.php\/2020\/05\/25\/un-dia-como-hoy-la-13-del-madrid-y-la-quinta-de-cristiano\/#primaryimage"},"image":{"@id":"https:\/\/futbolhoy.co\/index.php\/2020\/05\/25\/un-dia-como-hoy-la-13-del-madrid-y-la-quinta-de-cristiano\/#primaryimage"},"thumbnailUrl":"https:\/\/futbolhoy.co\/wp-content\/uploads\/2020\/05\/EY4mvyqWoAMZwFv.jpg","datePublished":"2020-05-25T21:54:32+00:00","dateModified":"2020-05-26T23:10:42+00:00","breadcrumb":{"@id":"https:\/\/futbolhoy.co\/index.php\/2020\/05\/25\/un-dia-como-hoy-la-13-del-madrid-y-la-quinta-de-cristiano\/#breadcrumb"},"inLanguage":"es","potentialAction":[{"@type":"ReadAction","target":["https:\/\/futbolhoy.co\/index.php\/2020\/05\/25\/un-dia-como-hoy-la-13-del-madrid-y-la-quinta-de-cristiano\/"]}]},{"@type":"ImageObject","inLanguage":"es","@id":"https:\/\/futbolhoy.co\/index.php\/2020\/05\/25\/un-dia-como-hoy-la-13-del-madrid-y-la-quinta-de-cristiano\/#primaryimage","url":"https:\/\/futbolhoy.co\/wp-content\/uploads\/2020\/05\/EY4mvyqWoAMZwFv.jpg","contentUrl":"https:\/\/futbolhoy.co\/wp-content\/uploads\/2020\/05\/EY4mvyqWoAMZwFv.jpg","width":1200,"height":675},{"@type":"BreadcrumbList","@id":"https:\/\/futbolhoy.co\/index.php\/2020\/05\/25\/un-dia-como-hoy-la-13-del-madrid-y-la-quinta-de-cristiano\/#breadcrumb","itemListElement":[{"@type":"ListItem","position":1,"name":"Portada","item":"https:\/\/futbolhoy.co\/"},{"@type":"ListItem","position":2,"name":"Un d\u00eda como hoy: la 13 del Madrid y la quinta de Cristiano"}]},{"@type":"WebSite","@id":"https:\/\/futbolhoy.co\/#website","url":"https:\/\/futbolhoy.co\/","name":"FutbolHoy","description":"","publisher":{"@id":"https:\/\/futbolhoy.co\/#organization"},"potentialAction":[{"@type":"SearchAction","target":{"@type":"EntryPoint","urlTemplate":"https:\/\/futbolhoy.co\/?s={search_term_string}"},"query-input":{"@type":"PropertyValueSpecification","valueRequired":true,"valueName":"search_term_string"}}],"inLanguage":"es"},{"@type":"Organization","@id":"https:\/\/futbolhoy.co\/#organization","name":"Futbolhoy.co","url":"https:\/\/futbolhoy.co\/","logo":{"@type":"ImageObject","inLanguage":"es","@id":"https:\/\/futbolhoy.co\/#\/schema\/logo\/image\/","url":"https:\/\/futbolhoy.co\/wp-content\/uploads\/2018\/08\/17426380_1906371736249227_6326180412931521141_n.jpg","contentUrl":"https:\/\/futbolhoy.co\/wp-content\/uploads\/2018\/08\/17426380_1906371736249227_6326180412931521141_n.jpg","width":960,"height":960,"caption":"Futbolhoy.co"},"image":{"@id":"https:\/\/futbolhoy.co\/#\/schema\/logo\/image\/"},"sameAs":["https:\/\/www.facebook.com\/FutbolHoyCol\/","https:\/\/x.com\/FutbolHoyCol","https:\/\/www.instagram.com\/futbolhoycol\/"]},{"@type":"Person","@id":"https:\/\/futbolhoy.co\/#\/schema\/person\/c4a353a512b127643723a34bb1812f7d","name":"Laura Hern\u00e1ndez","image":{"@type":"ImageObject","inLanguage":"es","@id":"https:\/\/futbolhoy.co\/#\/schema\/person\/image\/","url":"https:\/\/secure.gravatar.com\/avatar\/d25959a15b9b293a743f99181c7cfd01?s=96&d=mm&r=g","contentUrl":"https:\/\/secure.gravatar.com\/avatar\/d25959a15b9b293a743f99181c7cfd01?s=96&d=mm&r=g","caption":"Laura Hern\u00e1ndez"}}]}},"publishpress_future_action":{"enabled":false,"date":"2026-05-05 11:11:07","action":"change-status","newStatus":"draft","terms":[],"taxonomy":"category","extraData":[]},"publishpress_future_workflow_manual_trigger":{"enabledWorkflows":[]},"_links":{"self":[{"href":"https:\/\/futbolhoy.co\/index.php\/wp-json\/wp\/v2\/posts\/51626","targetHints":{"allow":["GET"]}}],"collection":[{"href":"https:\/\/futbolhoy.co\/index.php\/wp-json\/wp\/v2\/posts"}],"about":[{"href":"https:\/\/futbolhoy.co\/index.php\/wp-json\/wp\/v2\/types\/post"}],"author":[{"embeddable":true,"href":"https:\/\/futbolhoy.co\/index.php\/wp-json\/wp\/v2\/users\/5"}],"replies":[{"embeddable":true,"href":"https:\/\/futbolhoy.co\/index.php\/wp-json\/wp\/v2\/comments?post=51626"}],"version-history":[{"count":3,"href":"https:\/\/futbolhoy.co\/index.php\/wp-json\/wp\/v2\/posts\/51626\/revisions"}],"predecessor-version":[{"id":51635,"href":"https:\/\/futbolhoy.co\/index.php\/wp-json\/wp\/v2\/posts\/51626\/revisions\/51635"}],"wp:featuredmedia":[{"embeddable":true,"href":"https:\/\/futbolhoy.co\/index.php\/wp-json\/wp\/v2\/media\/51627"}],"wp:attachment":[{"href":"https:\/\/futbolhoy.co\/index.php\/wp-json\/wp\/v2\/media?parent=51626"}],"wp:term":[{"taxonomy":"category","embeddable":true,"href":"https:\/\/futbolhoy.co\/index.php\/wp-json\/wp\/v2\/categories?post=51626"},{"taxonomy":"post_tag","embeddable":true,"href":"https:\/\/futbolhoy.co\/index.php\/wp-json\/wp\/v2\/tags?post=51626"}],"curies":[{"name":"wp","href":"https:\/\/api.w.org\/{rel}","templated":true}]}}