{"id":51653,"date":"2020-05-27T07:05:16","date_gmt":"2020-05-27T12:05:16","guid":{"rendered":"https:\/\/futbolhoy.co\/?p=51653"},"modified":"2020-05-28T09:48:26","modified_gmt":"2020-05-28T14:48:26","slug":"el-doblete-de-bacca-que-le-dio-a-sevilla-su-cuarta-europa-league","status":"publish","type":"post","link":"https:\/\/futbolhoy.co\/index.php\/2020\/05\/27\/el-doblete-de-bacca-que-le-dio-a-sevilla-su-cuarta-europa-league\/","title":{"rendered":"El doblete de Bacca que le di\u00f3 a Sevilla su cuarta Europa League"},"content":{"rendered":"<p><span style=\"font-family: helvetica, arial, sans-serif;\">Un d\u00eda como hoy, en el a\u00f1o 2015, el <strong>Sevilla<\/strong> derrotaba 2-3 al <strong>Dnipro<\/strong> ucraniano y se llevaba su cuarto t\u00edtulo en la <strong>Europa League,<\/strong> convirtiendose en el equipo m\u00e1s veces ganador del torneo, actualmente cuenta con cinco.<\/span><\/p>\n<figure id=\"attachment_51654\" aria-describedby=\"caption-attachment-51654\" style=\"width: 676px\" class=\"wp-caption aligncenter\"><a href=\"https:\/\/futbolhoy.co\/wp-content\/uploads\/2020\/05\/ff.jpg\"><img fetchpriority=\"high\" decoding=\"async\" class=\"wp-image-51654 size-full\" src=\"https:\/\/futbolhoy.co\/wp-content\/uploads\/2020\/05\/ff.jpg\" alt=\"Foto: www.sevillafc.es\" width=\"676\" height=\"357\" srcset=\"https:\/\/futbolhoy.co\/wp-content\/uploads\/2020\/05\/ff.jpg 676w, https:\/\/futbolhoy.co\/wp-content\/uploads\/2020\/05\/ff-300x158.jpg 300w, https:\/\/futbolhoy.co\/wp-content\/uploads\/2020\/05\/ff-128x68.jpg 128w, https:\/\/futbolhoy.co\/wp-content\/uploads\/2020\/05\/ff-32x17.jpg 32w\" sizes=\"(max-width: 676px) 100vw, 676px\" \/><\/a><figcaption id=\"caption-attachment-51654\" class=\"wp-caption-text\">Foto: www.sevillafc.es<\/figcaption><\/figure>\n<p><span style=\"font-family: helvetica, arial, sans-serif;\">El protagonista de la noche en <strong>Varsovia<\/strong> fue el colombiano <strong>Carlos Bacca,<\/strong> quien se visti\u00f3 de h\u00e9roe y, con un doblete, sell\u00f3 el t\u00edtulo para el conjunto espa\u00f1ol, en ese entonces dirigido por <strong>Unai Emery.<\/strong><\/span><\/p>\n<p><span style=\"font-family: helvetica, arial, sans-serif;\">El primer gol de Sevilla fue obra del polaco <strong>Grzegorz Krychowiak<\/strong> asistido por Bacca en el minuto 28. El turno del colombiano lleg\u00f3 en el 31 y repiti\u00f3 en el 73. Los goles del Dnipro fueron de <strong>Nikola Kalini\u0107<\/strong> en el minuto 7 y <strong>Ruslan Rotan<\/strong> en el 44.<\/span><\/p>\n<p><iframe src=\"https:\/\/www.youtube.com\/embed\/ISJfXnkZjPc\" width=\"560\" height=\"315\" frameborder=\"0\" allowfullscreen=\"allowfullscreen\"><\/iframe><\/p>\n<p><span style=\"font-family: helvetica, arial, sans-serif;\">Bacca fue sustituido en el minuto 82. Durante el torneo anot\u00f3 siete goles, ocupando el cuarto puesto en la tabla de artilleros de la Europa League.<\/span><\/p>\n<blockquote class=\"twitter-tweet\">\n<p dir=\"ltr\" lang=\"en\">\ud83c\uddea\ud83c\uddf8 Sevilla lifted the <a href=\"https:\/\/twitter.com\/hashtag\/UEL?src=hash&amp;ref_src=twsrc%5Etfw\">#UEL<\/a> for a 4th time <a href=\"https:\/\/twitter.com\/hashtag\/OTD?src=hash&amp;ref_src=twsrc%5Etfw\">#OTD<\/a> in 2015, beating Dnipro 3-2 in Warsaw \ud83c\udfc6<\/p>\n<p>\ud83d\udc4f <a href=\"https:\/\/twitter.com\/SevillaFC?ref_src=twsrc%5Etfw\">@SevillaFC<\/a> <a href=\"https:\/\/t.co\/J3CweHs3tS\">pic.twitter.com\/J3CweHs3tS<\/a><\/p>\n<p>\u2014 UEFA Europa League (@EuropaLeague) <a href=\"https:\/\/twitter.com\/EuropaLeague\/status\/1265568984478466049?ref_src=twsrc%5Etfw\">May 27, 2020<\/a><\/p><\/blockquote>\n<p><script async src=\"https:\/\/platform.twitter.com\/widgets.js\" charset=\"utf-8\"><\/script><\/p>\n","protected":false},"excerpt":{"rendered":"<p>Un d\u00eda como hoy, en el a\u00f1o 2015, el Sevilla derrotaba 2-3 al Dnipro ucraniano y se llevaba su cuarto t\u00edtulo en la Europa League, convirtiendose en el equipo m\u00e1s veces ganador del torneo, actualmente cuenta con cinco. El protagonista de la noche en Varsovia fue el colombiano Carlos Bacca, quien se visti\u00f3 de h\u00e9roe [&hellip;]<\/p>\n","protected":false},"author":5,"featured_media":51655,"comment_status":"open","ping_status":"open","sticky":false,"template":"","format":"video","meta":{"_acf_changed":false,"footnotes":""},"categories":[418],"tags":[],"class_list":{"0":"post-51653","1":"post","2":"type-post","3":"status-publish","4":"format-video","5":"has-post-thumbnail","7":"category-colombia","8":"post_format-post-format-video"},"acf":[],"yoast_head":"<!-- This site is optimized with the Yoast SEO plugin v26.8 - https:\/\/yoast.com\/product\/yoast-seo-wordpress\/ -->\n<title>El doblete de Bacca que le di\u00f3 a Sevilla su cuarta Europa League -<\/title>\n<meta name=\"robots\" content=\"index, follow, max-snippet:-1, max-image-preview:large, max-video-preview:-1\" \/>\n<link rel=\"canonical\" href=\"https:\/\/futbolhoy.co\/index.php\/2020\/05\/27\/el-doblete-de-bacca-que-le-dio-a-sevilla-su-cuarta-europa-league\/\" \/>\n<meta property=\"og:locale\" content=\"es_ES\" \/>\n<meta property=\"og:type\" content=\"article\" \/>\n<meta property=\"og:title\" content=\"El doblete de Bacca que le di\u00f3 a Sevilla su cuarta Europa League -\" \/>\n<meta property=\"og:description\" content=\"Un d\u00eda como hoy, en el a\u00f1o 2015, el Sevilla derrotaba 2-3 al Dnipro ucraniano y se llevaba su cuarto t\u00edtulo en la Europa League, convirtiendose en el equipo m\u00e1s veces ganador del torneo, actualmente cuenta con cinco. El protagonista de la noche en Varsovia fue el colombiano Carlos Bacca, quien se visti\u00f3 de h\u00e9roe [&hellip;]\" \/>\n<meta property=\"og:url\" content=\"https:\/\/futbolhoy.co\/index.php\/2020\/05\/27\/el-doblete-de-bacca-que-le-dio-a-sevilla-su-cuarta-europa-league\/\" \/>\n<meta property=\"article:publisher\" content=\"https:\/\/www.facebook.com\/FutbolHoyCol\/\" \/>\n<meta property=\"article:published_time\" content=\"2020-05-27T12:05:16+00:00\" \/>\n<meta property=\"article:modified_time\" content=\"2020-05-28T14:48:26+00:00\" \/>\n<meta property=\"og:image\" content=\"https:\/\/futbolhoy.co\/wp-content\/uploads\/2020\/05\/ikdikd.jpg\" \/>\n\t<meta property=\"og:image:width\" content=\"616\" \/>\n\t<meta property=\"og:image:height\" content=\"617\" \/>\n\t<meta property=\"og:image:type\" content=\"image\/jpeg\" \/>\n<meta name=\"author\" content=\"Laura Hern\u00e1ndez\" \/>\n<meta name=\"twitter:card\" content=\"summary_large_image\" \/>\n<meta name=\"twitter:creator\" content=\"@FutbolHoyCol\" \/>\n<meta name=\"twitter:site\" content=\"@FutbolHoyCol\" \/>\n<meta name=\"twitter:label1\" content=\"Escrito por\" \/>\n\t<meta name=\"twitter:data1\" content=\"Laura Hern\u00e1ndez\" \/>\n\t<meta name=\"twitter:label2\" content=\"Tiempo de lectura\" \/>\n\t<meta name=\"twitter:data2\" content=\"1 minuto\" \/>\n<script type=\"application\/ld+json\" class=\"yoast-schema-graph\">{\"@context\":\"https:\/\/schema.org\",\"@graph\":[{\"@type\":\"Article\",\"@id\":\"https:\/\/futbolhoy.co\/index.php\/2020\/05\/27\/el-doblete-de-bacca-que-le-dio-a-sevilla-su-cuarta-europa-league\/#article\",\"isPartOf\":{\"@id\":\"https:\/\/futbolhoy.co\/index.php\/2020\/05\/27\/el-doblete-de-bacca-que-le-dio-a-sevilla-su-cuarta-europa-league\/\"},\"author\":{\"name\":\"Laura Hern\u00e1ndez\",\"@id\":\"https:\/\/futbolhoy.co\/#\/schema\/person\/c4a353a512b127643723a34bb1812f7d\"},\"headline\":\"El doblete de Bacca que le di\u00f3 a Sevilla su cuarta Europa League\",\"datePublished\":\"2020-05-27T12:05:16+00:00\",\"dateModified\":\"2020-05-28T14:48:26+00:00\",\"mainEntityOfPage\":{\"@id\":\"https:\/\/futbolhoy.co\/index.php\/2020\/05\/27\/el-doblete-de-bacca-que-le-dio-a-sevilla-su-cuarta-europa-league\/\"},\"wordCount\":199,\"commentCount\":0,\"publisher\":{\"@id\":\"https:\/\/futbolhoy.co\/#organization\"},\"image\":{\"@id\":\"https:\/\/futbolhoy.co\/index.php\/2020\/05\/27\/el-doblete-de-bacca-que-le-dio-a-sevilla-su-cuarta-europa-league\/#primaryimage\"},\"thumbnailUrl\":\"https:\/\/futbolhoy.co\/wp-content\/uploads\/2020\/05\/ikdikd.jpg\",\"articleSection\":[\"Colombia\"],\"inLanguage\":\"es\",\"potentialAction\":[{\"@type\":\"CommentAction\",\"name\":\"Comment\",\"target\":[\"https:\/\/futbolhoy.co\/index.php\/2020\/05\/27\/el-doblete-de-bacca-que-le-dio-a-sevilla-su-cuarta-europa-league\/#respond\"]}]},{\"@type\":\"WebPage\",\"@id\":\"https:\/\/futbolhoy.co\/index.php\/2020\/05\/27\/el-doblete-de-bacca-que-le-dio-a-sevilla-su-cuarta-europa-league\/\",\"url\":\"https:\/\/futbolhoy.co\/index.php\/2020\/05\/27\/el-doblete-de-bacca-que-le-dio-a-sevilla-su-cuarta-europa-league\/\",\"name\":\"El doblete de Bacca que le di\u00f3 a Sevilla su cuarta Europa League -\",\"isPartOf\":{\"@id\":\"https:\/\/futbolhoy.co\/#website\"},\"primaryImageOfPage\":{\"@id\":\"https:\/\/futbolhoy.co\/index.php\/2020\/05\/27\/el-doblete-de-bacca-que-le-dio-a-sevilla-su-cuarta-europa-league\/#primaryimage\"},\"image\":{\"@id\":\"https:\/\/futbolhoy.co\/index.php\/2020\/05\/27\/el-doblete-de-bacca-que-le-dio-a-sevilla-su-cuarta-europa-league\/#primaryimage\"},\"thumbnailUrl\":\"https:\/\/futbolhoy.co\/wp-content\/uploads\/2020\/05\/ikdikd.jpg\",\"datePublished\":\"2020-05-27T12:05:16+00:00\",\"dateModified\":\"2020-05-28T14:48:26+00:00\",\"breadcrumb\":{\"@id\":\"https:\/\/futbolhoy.co\/index.php\/2020\/05\/27\/el-doblete-de-bacca-que-le-dio-a-sevilla-su-cuarta-europa-league\/#breadcrumb\"},\"inLanguage\":\"es\",\"potentialAction\":[{\"@type\":\"ReadAction\",\"target\":[\"https:\/\/futbolhoy.co\/index.php\/2020\/05\/27\/el-doblete-de-bacca-que-le-dio-a-sevilla-su-cuarta-europa-league\/\"]}]},{\"@type\":\"ImageObject\",\"inLanguage\":\"es\",\"@id\":\"https:\/\/futbolhoy.co\/index.php\/2020\/05\/27\/el-doblete-de-bacca-que-le-dio-a-sevilla-su-cuarta-europa-league\/#primaryimage\",\"url\":\"https:\/\/futbolhoy.co\/wp-content\/uploads\/2020\/05\/ikdikd.jpg\",\"contentUrl\":\"https:\/\/futbolhoy.co\/wp-content\/uploads\/2020\/05\/ikdikd.jpg\",\"width\":616,\"height\":617,\"caption\":\"Foto: www.sevillafc.es\"},{\"@type\":\"BreadcrumbList\",\"@id\":\"https:\/\/futbolhoy.co\/index.php\/2020\/05\/27\/el-doblete-de-bacca-que-le-dio-a-sevilla-su-cuarta-europa-league\/#breadcrumb\",\"itemListElement\":[{\"@type\":\"ListItem\",\"position\":1,\"name\":\"Portada\",\"item\":\"https:\/\/futbolhoy.co\/\"},{\"@type\":\"ListItem\",\"position\":2,\"name\":\"El doblete de Bacca que le di\u00f3 a Sevilla su cuarta Europa League\"}]},{\"@type\":\"WebSite\",\"@id\":\"https:\/\/futbolhoy.co\/#website\",\"url\":\"https:\/\/futbolhoy.co\/\",\"name\":\"FutbolHoy\",\"description\":\"\",\"publisher\":{\"@id\":\"https:\/\/futbolhoy.co\/#organization\"},\"potentialAction\":[{\"@type\":\"SearchAction\",\"target\":{\"@type\":\"EntryPoint\",\"urlTemplate\":\"https:\/\/futbolhoy.co\/?s={search_term_string}\"},\"query-input\":{\"@type\":\"PropertyValueSpecification\",\"valueRequired\":true,\"valueName\":\"search_term_string\"}}],\"inLanguage\":\"es\"},{\"@type\":\"Organization\",\"@id\":\"https:\/\/futbolhoy.co\/#organization\",\"name\":\"Futbolhoy.co\",\"url\":\"https:\/\/futbolhoy.co\/\",\"logo\":{\"@type\":\"ImageObject\",\"inLanguage\":\"es\",\"@id\":\"https:\/\/futbolhoy.co\/#\/schema\/logo\/image\/\",\"url\":\"https:\/\/futbolhoy.co\/wp-content\/uploads\/2018\/08\/17426380_1906371736249227_6326180412931521141_n.jpg\",\"contentUrl\":\"https:\/\/futbolhoy.co\/wp-content\/uploads\/2018\/08\/17426380_1906371736249227_6326180412931521141_n.jpg\",\"width\":960,\"height\":960,\"caption\":\"Futbolhoy.co\"},\"image\":{\"@id\":\"https:\/\/futbolhoy.co\/#\/schema\/logo\/image\/\"},\"sameAs\":[\"https:\/\/www.facebook.com\/FutbolHoyCol\/\",\"https:\/\/x.com\/FutbolHoyCol\",\"https:\/\/www.instagram.com\/futbolhoycol\/\"]},{\"@type\":\"Person\",\"@id\":\"https:\/\/futbolhoy.co\/#\/schema\/person\/c4a353a512b127643723a34bb1812f7d\",\"name\":\"Laura Hern\u00e1ndez\",\"image\":{\"@type\":\"ImageObject\",\"inLanguage\":\"es\",\"@id\":\"https:\/\/futbolhoy.co\/#\/schema\/person\/image\/\",\"url\":\"https:\/\/secure.gravatar.com\/avatar\/d25959a15b9b293a743f99181c7cfd01?s=96&d=mm&r=g\",\"contentUrl\":\"https:\/\/secure.gravatar.com\/avatar\/d25959a15b9b293a743f99181c7cfd01?s=96&d=mm&r=g\",\"caption\":\"Laura Hern\u00e1ndez\"}}]}<\/script>\n<!-- \/ Yoast SEO plugin. -->","yoast_head_json":{"title":"El doblete de Bacca que le di\u00f3 a Sevilla su cuarta Europa League -","robots":{"index":"index","follow":"follow","max-snippet":"max-snippet:-1","max-image-preview":"max-image-preview:large","max-video-preview":"max-video-preview:-1"},"canonical":"https:\/\/futbolhoy.co\/index.php\/2020\/05\/27\/el-doblete-de-bacca-que-le-dio-a-sevilla-su-cuarta-europa-league\/","og_locale":"es_ES","og_type":"article","og_title":"El doblete de Bacca que le di\u00f3 a Sevilla su cuarta Europa League -","og_description":"Un d\u00eda como hoy, en el a\u00f1o 2015, el Sevilla derrotaba 2-3 al Dnipro ucraniano y se llevaba su cuarto t\u00edtulo en la Europa League, convirtiendose en el equipo m\u00e1s veces ganador del torneo, actualmente cuenta con cinco. El protagonista de la noche en Varsovia fue el colombiano Carlos Bacca, quien se visti\u00f3 de h\u00e9roe [&hellip;]","og_url":"https:\/\/futbolhoy.co\/index.php\/2020\/05\/27\/el-doblete-de-bacca-que-le-dio-a-sevilla-su-cuarta-europa-league\/","article_publisher":"https:\/\/www.facebook.com\/FutbolHoyCol\/","article_published_time":"2020-05-27T12:05:16+00:00","article_modified_time":"2020-05-28T14:48:26+00:00","og_image":[{"width":616,"height":617,"url":"https:\/\/futbolhoy.co\/wp-content\/uploads\/2020\/05\/ikdikd.jpg","type":"image\/jpeg"}],"author":"Laura Hern\u00e1ndez","twitter_card":"summary_large_image","twitter_creator":"@FutbolHoyCol","twitter_site":"@FutbolHoyCol","twitter_misc":{"Escrito por":"Laura Hern\u00e1ndez","Tiempo de lectura":"1 minuto"},"schema":{"@context":"https:\/\/schema.org","@graph":[{"@type":"Article","@id":"https:\/\/futbolhoy.co\/index.php\/2020\/05\/27\/el-doblete-de-bacca-que-le-dio-a-sevilla-su-cuarta-europa-league\/#article","isPartOf":{"@id":"https:\/\/futbolhoy.co\/index.php\/2020\/05\/27\/el-doblete-de-bacca-que-le-dio-a-sevilla-su-cuarta-europa-league\/"},"author":{"name":"Laura Hern\u00e1ndez","@id":"https:\/\/futbolhoy.co\/#\/schema\/person\/c4a353a512b127643723a34bb1812f7d"},"headline":"El doblete de Bacca que le di\u00f3 a Sevilla su cuarta Europa League","datePublished":"2020-05-27T12:05:16+00:00","dateModified":"2020-05-28T14:48:26+00:00","mainEntityOfPage":{"@id":"https:\/\/futbolhoy.co\/index.php\/2020\/05\/27\/el-doblete-de-bacca-que-le-dio-a-sevilla-su-cuarta-europa-league\/"},"wordCount":199,"commentCount":0,"publisher":{"@id":"https:\/\/futbolhoy.co\/#organization"},"image":{"@id":"https:\/\/futbolhoy.co\/index.php\/2020\/05\/27\/el-doblete-de-bacca-que-le-dio-a-sevilla-su-cuarta-europa-league\/#primaryimage"},"thumbnailUrl":"https:\/\/futbolhoy.co\/wp-content\/uploads\/2020\/05\/ikdikd.jpg","articleSection":["Colombia"],"inLanguage":"es","potentialAction":[{"@type":"CommentAction","name":"Comment","target":["https:\/\/futbolhoy.co\/index.php\/2020\/05\/27\/el-doblete-de-bacca-que-le-dio-a-sevilla-su-cuarta-europa-league\/#respond"]}]},{"@type":"WebPage","@id":"https:\/\/futbolhoy.co\/index.php\/2020\/05\/27\/el-doblete-de-bacca-que-le-dio-a-sevilla-su-cuarta-europa-league\/","url":"https:\/\/futbolhoy.co\/index.php\/2020\/05\/27\/el-doblete-de-bacca-que-le-dio-a-sevilla-su-cuarta-europa-league\/","name":"El doblete de Bacca que le di\u00f3 a Sevilla su cuarta Europa League -","isPartOf":{"@id":"https:\/\/futbolhoy.co\/#website"},"primaryImageOfPage":{"@id":"https:\/\/futbolhoy.co\/index.php\/2020\/05\/27\/el-doblete-de-bacca-que-le-dio-a-sevilla-su-cuarta-europa-league\/#primaryimage"},"image":{"@id":"https:\/\/futbolhoy.co\/index.php\/2020\/05\/27\/el-doblete-de-bacca-que-le-dio-a-sevilla-su-cuarta-europa-league\/#primaryimage"},"thumbnailUrl":"https:\/\/futbolhoy.co\/wp-content\/uploads\/2020\/05\/ikdikd.jpg","datePublished":"2020-05-27T12:05:16+00:00","dateModified":"2020-05-28T14:48:26+00:00","breadcrumb":{"@id":"https:\/\/futbolhoy.co\/index.php\/2020\/05\/27\/el-doblete-de-bacca-que-le-dio-a-sevilla-su-cuarta-europa-league\/#breadcrumb"},"inLanguage":"es","potentialAction":[{"@type":"ReadAction","target":["https:\/\/futbolhoy.co\/index.php\/2020\/05\/27\/el-doblete-de-bacca-que-le-dio-a-sevilla-su-cuarta-europa-league\/"]}]},{"@type":"ImageObject","inLanguage":"es","@id":"https:\/\/futbolhoy.co\/index.php\/2020\/05\/27\/el-doblete-de-bacca-que-le-dio-a-sevilla-su-cuarta-europa-league\/#primaryimage","url":"https:\/\/futbolhoy.co\/wp-content\/uploads\/2020\/05\/ikdikd.jpg","contentUrl":"https:\/\/futbolhoy.co\/wp-content\/uploads\/2020\/05\/ikdikd.jpg","width":616,"height":617,"caption":"Foto: www.sevillafc.es"},{"@type":"BreadcrumbList","@id":"https:\/\/futbolhoy.co\/index.php\/2020\/05\/27\/el-doblete-de-bacca-que-le-dio-a-sevilla-su-cuarta-europa-league\/#breadcrumb","itemListElement":[{"@type":"ListItem","position":1,"name":"Portada","item":"https:\/\/futbolhoy.co\/"},{"@type":"ListItem","position":2,"name":"El doblete de Bacca que le di\u00f3 a Sevilla su cuarta Europa League"}]},{"@type":"WebSite","@id":"https:\/\/futbolhoy.co\/#website","url":"https:\/\/futbolhoy.co\/","name":"FutbolHoy","description":"","publisher":{"@id":"https:\/\/futbolhoy.co\/#organization"},"potentialAction":[{"@type":"SearchAction","target":{"@type":"EntryPoint","urlTemplate":"https:\/\/futbolhoy.co\/?s={search_term_string}"},"query-input":{"@type":"PropertyValueSpecification","valueRequired":true,"valueName":"search_term_string"}}],"inLanguage":"es"},{"@type":"Organization","@id":"https:\/\/futbolhoy.co\/#organization","name":"Futbolhoy.co","url":"https:\/\/futbolhoy.co\/","logo":{"@type":"ImageObject","inLanguage":"es","@id":"https:\/\/futbolhoy.co\/#\/schema\/logo\/image\/","url":"https:\/\/futbolhoy.co\/wp-content\/uploads\/2018\/08\/17426380_1906371736249227_6326180412931521141_n.jpg","contentUrl":"https:\/\/futbolhoy.co\/wp-content\/uploads\/2018\/08\/17426380_1906371736249227_6326180412931521141_n.jpg","width":960,"height":960,"caption":"Futbolhoy.co"},"image":{"@id":"https:\/\/futbolhoy.co\/#\/schema\/logo\/image\/"},"sameAs":["https:\/\/www.facebook.com\/FutbolHoyCol\/","https:\/\/x.com\/FutbolHoyCol","https:\/\/www.instagram.com\/futbolhoycol\/"]},{"@type":"Person","@id":"https:\/\/futbolhoy.co\/#\/schema\/person\/c4a353a512b127643723a34bb1812f7d","name":"Laura Hern\u00e1ndez","image":{"@type":"ImageObject","inLanguage":"es","@id":"https:\/\/futbolhoy.co\/#\/schema\/person\/image\/","url":"https:\/\/secure.gravatar.com\/avatar\/d25959a15b9b293a743f99181c7cfd01?s=96&d=mm&r=g","contentUrl":"https:\/\/secure.gravatar.com\/avatar\/d25959a15b9b293a743f99181c7cfd01?s=96&d=mm&r=g","caption":"Laura Hern\u00e1ndez"}}]}},"publishpress_future_action":{"enabled":false,"date":"2026-05-05 18:53:37","action":"change-status","newStatus":"draft","terms":[],"taxonomy":"category","extraData":[]},"publishpress_future_workflow_manual_trigger":{"enabledWorkflows":[]},"_links":{"self":[{"href":"https:\/\/futbolhoy.co\/index.php\/wp-json\/wp\/v2\/posts\/51653","targetHints":{"allow":["GET"]}}],"collection":[{"href":"https:\/\/futbolhoy.co\/index.php\/wp-json\/wp\/v2\/posts"}],"about":[{"href":"https:\/\/futbolhoy.co\/index.php\/wp-json\/wp\/v2\/types\/post"}],"author":[{"embeddable":true,"href":"https:\/\/futbolhoy.co\/index.php\/wp-json\/wp\/v2\/users\/5"}],"replies":[{"embeddable":true,"href":"https:\/\/futbolhoy.co\/index.php\/wp-json\/wp\/v2\/comments?post=51653"}],"version-history":[{"count":3,"href":"https:\/\/futbolhoy.co\/index.php\/wp-json\/wp\/v2\/posts\/51653\/revisions"}],"predecessor-version":[{"id":51669,"href":"https:\/\/futbolhoy.co\/index.php\/wp-json\/wp\/v2\/posts\/51653\/revisions\/51669"}],"wp:featuredmedia":[{"embeddable":true,"href":"https:\/\/futbolhoy.co\/index.php\/wp-json\/wp\/v2\/media\/51655"}],"wp:attachment":[{"href":"https:\/\/futbolhoy.co\/index.php\/wp-json\/wp\/v2\/media?parent=51653"}],"wp:term":[{"taxonomy":"category","embeddable":true,"href":"https:\/\/futbolhoy.co\/index.php\/wp-json\/wp\/v2\/categories?post=51653"},{"taxonomy":"post_tag","embeddable":true,"href":"https:\/\/futbolhoy.co\/index.php\/wp-json\/wp\/v2\/tags?post=51653"}],"curies":[{"name":"wp","href":"https:\/\/api.w.org\/{rel}","templated":true}]}}