{"id":51665,"date":"2020-05-27T08:00:51","date_gmt":"2020-05-27T13:00:51","guid":{"rendered":"https:\/\/futbolhoy.co\/?p=51665"},"modified":"2020-05-27T15:13:25","modified_gmt":"2020-05-27T20:13:25","slug":"el-futbol-debe-regresar-cuando-se-controle-la-pandemia-corinthians","status":"publish","type":"post","link":"https:\/\/futbolhoy.co\/index.php\/2020\/05\/27\/el-futbol-debe-regresar-cuando-se-controle-la-pandemia-corinthians\/","title":{"rendered":"El f\u00fatbol debe regresar cuando se controle la pandemia: Corinthians"},"content":{"rendered":"<p style=\"text-align: justify;\"><span style=\"font-family: helvetica, arial, sans-serif;\">El <strong>Corinthians,<\/strong> donde juegan los colombianos <strong>V\u00edctor Cantillo<\/strong> y <strong>Yony Gonz\u00e1lez,<\/strong> rechaz\u00f3 el regreso del f\u00fatbol a <strong>Brasil,<\/strong> uno de los pa\u00edses del mundo m\u00e1s afectados por la pandemia, hasta que sea controlada la crisis sanitaria.<\/span><\/p>\n<p style=\"text-align: justify;\"><span style=\"font-family: helvetica, arial, sans-serif;\">\"El f\u00fatbol no puede anticiparse al control de la pandemia\", dijo el presidente del club, <strong>Andr\u00e9s S\u00e1nchez,<\/strong> en carta abierta en la que record\u00f3 la responsabilidad para retomar las actividades deportivas.<\/span><\/p>\n<p style=\"text-align: justify;\"><span style=\"font-family: helvetica, arial, sans-serif;\">El directivo agreg\u00f3 que es leg\u00edtimo que el f\u00fatbol busque alguna salida junto al <strong>Gobierno<\/strong> con el fin de impedir un agravamiento de la crisis del sector, suspendido desde marzo.<\/span><\/p>\n<p style=\"text-align: justify;\"><span style=\"font-family: helvetica, arial, sans-serif;\">La <strong>Confederaci\u00f3n Brasile\u00f1a de F\u00fatbol<\/strong> est\u00e1 elaborando los protocolos para el regreso de las competiciones.<\/span><\/p>\n","protected":false},"excerpt":{"rendered":"<p>El Corinthians, donde juegan los colombianos V\u00edctor Cantillo y Yony Gonz\u00e1lez, rechaz\u00f3 el regreso del f\u00fatbol a Brasil, uno de los pa\u00edses del mundo m\u00e1s afectados por la pandemia, hasta que sea controlada la crisis sanitaria. \"El f\u00fatbol no puede anticiparse al control de la pandemia\", dijo el presidente del club, Andr\u00e9s S\u00e1nchez, en carta [&hellip;]<\/p>\n","protected":false},"author":5,"featured_media":28250,"comment_status":"open","ping_status":"open","sticky":false,"template":"","format":"standard","meta":{"_acf_changed":false,"footnotes":""},"categories":[152],"tags":[654],"class_list":{"0":"post-51665","1":"post","2":"type-post","3":"status-publish","4":"format-standard","5":"has-post-thumbnail","7":"category-mundo-futbol","8":"tag-corinthians"},"acf":[],"yoast_head":"<!-- This site is optimized with the Yoast SEO plugin v26.8 - https:\/\/yoast.com\/product\/yoast-seo-wordpress\/ -->\n<title>El f\u00fatbol debe regresar cuando se controle la pandemia: Corinthians -<\/title>\n<meta name=\"robots\" content=\"index, follow, max-snippet:-1, max-image-preview:large, max-video-preview:-1\" \/>\n<link rel=\"canonical\" href=\"https:\/\/futbolhoy.co\/index.php\/2020\/05\/27\/el-futbol-debe-regresar-cuando-se-controle-la-pandemia-corinthians\/\" \/>\n<meta property=\"og:locale\" content=\"es_ES\" \/>\n<meta property=\"og:type\" content=\"article\" \/>\n<meta property=\"og:title\" content=\"El f\u00fatbol debe regresar cuando se controle la pandemia: Corinthians -\" \/>\n<meta property=\"og:description\" content=\"El Corinthians, donde juegan los colombianos V\u00edctor Cantillo y Yony Gonz\u00e1lez, rechaz\u00f3 el regreso del f\u00fatbol a Brasil, uno de los pa\u00edses del mundo m\u00e1s afectados por la pandemia, hasta que sea controlada la crisis sanitaria. &quot;El f\u00fatbol no puede anticiparse al control de la pandemia&quot;, dijo el presidente del club, Andr\u00e9s S\u00e1nchez, en carta [&hellip;]\" \/>\n<meta property=\"og:url\" content=\"https:\/\/futbolhoy.co\/index.php\/2020\/05\/27\/el-futbol-debe-regresar-cuando-se-controle-la-pandemia-corinthians\/\" \/>\n<meta property=\"article:publisher\" content=\"https:\/\/www.facebook.com\/FutbolHoyCol\/\" \/>\n<meta property=\"article:published_time\" content=\"2020-05-27T13:00:51+00:00\" \/>\n<meta property=\"article:modified_time\" content=\"2020-05-27T20:13:25+00:00\" \/>\n<meta property=\"og:image\" content=\"https:\/\/futbolhoy.co\/wp-content\/uploads\/2018\/11\/Corinthians.jpg\" \/>\n\t<meta property=\"og:image:width\" content=\"1200\" \/>\n\t<meta property=\"og:image:height\" content=\"800\" \/>\n\t<meta property=\"og:image:type\" content=\"image\/jpeg\" \/>\n<meta name=\"author\" content=\"Laura Hern\u00e1ndez\" \/>\n<meta name=\"twitter:card\" content=\"summary_large_image\" \/>\n<meta name=\"twitter:creator\" content=\"@FutbolHoyCol\" \/>\n<meta name=\"twitter:site\" content=\"@FutbolHoyCol\" \/>\n<meta name=\"twitter:label1\" content=\"Escrito por\" \/>\n\t<meta name=\"twitter:data1\" content=\"Laura Hern\u00e1ndez\" \/>\n\t<meta name=\"twitter:label2\" content=\"Tiempo de lectura\" \/>\n\t<meta name=\"twitter:data2\" content=\"1 minuto\" \/>\n<script type=\"application\/ld+json\" class=\"yoast-schema-graph\">{\"@context\":\"https:\/\/schema.org\",\"@graph\":[{\"@type\":\"Article\",\"@id\":\"https:\/\/futbolhoy.co\/index.php\/2020\/05\/27\/el-futbol-debe-regresar-cuando-se-controle-la-pandemia-corinthians\/#article\",\"isPartOf\":{\"@id\":\"https:\/\/futbolhoy.co\/index.php\/2020\/05\/27\/el-futbol-debe-regresar-cuando-se-controle-la-pandemia-corinthians\/\"},\"author\":{\"name\":\"Laura Hern\u00e1ndez\",\"@id\":\"https:\/\/futbolhoy.co\/#\/schema\/person\/c4a353a512b127643723a34bb1812f7d\"},\"headline\":\"El f\u00fatbol debe regresar cuando se controle la pandemia: Corinthians\",\"datePublished\":\"2020-05-27T13:00:51+00:00\",\"dateModified\":\"2020-05-27T20:13:25+00:00\",\"mainEntityOfPage\":{\"@id\":\"https:\/\/futbolhoy.co\/index.php\/2020\/05\/27\/el-futbol-debe-regresar-cuando-se-controle-la-pandemia-corinthians\/\"},\"wordCount\":136,\"commentCount\":0,\"publisher\":{\"@id\":\"https:\/\/futbolhoy.co\/#organization\"},\"image\":{\"@id\":\"https:\/\/futbolhoy.co\/index.php\/2020\/05\/27\/el-futbol-debe-regresar-cuando-se-controle-la-pandemia-corinthians\/#primaryimage\"},\"thumbnailUrl\":\"https:\/\/futbolhoy.co\/wp-content\/uploads\/2018\/11\/Corinthians.jpg\",\"keywords\":[\"corinthians\"],\"articleSection\":[\"Mundo Futbol\"],\"inLanguage\":\"es\",\"potentialAction\":[{\"@type\":\"CommentAction\",\"name\":\"Comment\",\"target\":[\"https:\/\/futbolhoy.co\/index.php\/2020\/05\/27\/el-futbol-debe-regresar-cuando-se-controle-la-pandemia-corinthians\/#respond\"]}]},{\"@type\":\"WebPage\",\"@id\":\"https:\/\/futbolhoy.co\/index.php\/2020\/05\/27\/el-futbol-debe-regresar-cuando-se-controle-la-pandemia-corinthians\/\",\"url\":\"https:\/\/futbolhoy.co\/index.php\/2020\/05\/27\/el-futbol-debe-regresar-cuando-se-controle-la-pandemia-corinthians\/\",\"name\":\"El f\u00fatbol debe regresar cuando se controle la pandemia: Corinthians -\",\"isPartOf\":{\"@id\":\"https:\/\/futbolhoy.co\/#website\"},\"primaryImageOfPage\":{\"@id\":\"https:\/\/futbolhoy.co\/index.php\/2020\/05\/27\/el-futbol-debe-regresar-cuando-se-controle-la-pandemia-corinthians\/#primaryimage\"},\"image\":{\"@id\":\"https:\/\/futbolhoy.co\/index.php\/2020\/05\/27\/el-futbol-debe-regresar-cuando-se-controle-la-pandemia-corinthians\/#primaryimage\"},\"thumbnailUrl\":\"https:\/\/futbolhoy.co\/wp-content\/uploads\/2018\/11\/Corinthians.jpg\",\"datePublished\":\"2020-05-27T13:00:51+00:00\",\"dateModified\":\"2020-05-27T20:13:25+00:00\",\"breadcrumb\":{\"@id\":\"https:\/\/futbolhoy.co\/index.php\/2020\/05\/27\/el-futbol-debe-regresar-cuando-se-controle-la-pandemia-corinthians\/#breadcrumb\"},\"inLanguage\":\"es\",\"potentialAction\":[{\"@type\":\"ReadAction\",\"target\":[\"https:\/\/futbolhoy.co\/index.php\/2020\/05\/27\/el-futbol-debe-regresar-cuando-se-controle-la-pandemia-corinthians\/\"]}]},{\"@type\":\"ImageObject\",\"inLanguage\":\"es\",\"@id\":\"https:\/\/futbolhoy.co\/index.php\/2020\/05\/27\/el-futbol-debe-regresar-cuando-se-controle-la-pandemia-corinthians\/#primaryimage\",\"url\":\"https:\/\/futbolhoy.co\/wp-content\/uploads\/2018\/11\/Corinthians.jpg\",\"contentUrl\":\"https:\/\/futbolhoy.co\/wp-content\/uploads\/2018\/11\/Corinthians.jpg\",\"width\":1200,\"height\":800,\"caption\":\"@Conmebol\"},{\"@type\":\"BreadcrumbList\",\"@id\":\"https:\/\/futbolhoy.co\/index.php\/2020\/05\/27\/el-futbol-debe-regresar-cuando-se-controle-la-pandemia-corinthians\/#breadcrumb\",\"itemListElement\":[{\"@type\":\"ListItem\",\"position\":1,\"name\":\"Portada\",\"item\":\"https:\/\/futbolhoy.co\/\"},{\"@type\":\"ListItem\",\"position\":2,\"name\":\"El f\u00fatbol debe regresar cuando se controle la pandemia: Corinthians\"}]},{\"@type\":\"WebSite\",\"@id\":\"https:\/\/futbolhoy.co\/#website\",\"url\":\"https:\/\/futbolhoy.co\/\",\"name\":\"FutbolHoy\",\"description\":\"\",\"publisher\":{\"@id\":\"https:\/\/futbolhoy.co\/#organization\"},\"potentialAction\":[{\"@type\":\"SearchAction\",\"target\":{\"@type\":\"EntryPoint\",\"urlTemplate\":\"https:\/\/futbolhoy.co\/?s={search_term_string}\"},\"query-input\":{\"@type\":\"PropertyValueSpecification\",\"valueRequired\":true,\"valueName\":\"search_term_string\"}}],\"inLanguage\":\"es\"},{\"@type\":\"Organization\",\"@id\":\"https:\/\/futbolhoy.co\/#organization\",\"name\":\"Futbolhoy.co\",\"url\":\"https:\/\/futbolhoy.co\/\",\"logo\":{\"@type\":\"ImageObject\",\"inLanguage\":\"es\",\"@id\":\"https:\/\/futbolhoy.co\/#\/schema\/logo\/image\/\",\"url\":\"https:\/\/futbolhoy.co\/wp-content\/uploads\/2018\/08\/17426380_1906371736249227_6326180412931521141_n.jpg\",\"contentUrl\":\"https:\/\/futbolhoy.co\/wp-content\/uploads\/2018\/08\/17426380_1906371736249227_6326180412931521141_n.jpg\",\"width\":960,\"height\":960,\"caption\":\"Futbolhoy.co\"},\"image\":{\"@id\":\"https:\/\/futbolhoy.co\/#\/schema\/logo\/image\/\"},\"sameAs\":[\"https:\/\/www.facebook.com\/FutbolHoyCol\/\",\"https:\/\/x.com\/FutbolHoyCol\",\"https:\/\/www.instagram.com\/futbolhoycol\/\"]},{\"@type\":\"Person\",\"@id\":\"https:\/\/futbolhoy.co\/#\/schema\/person\/c4a353a512b127643723a34bb1812f7d\",\"name\":\"Laura Hern\u00e1ndez\",\"image\":{\"@type\":\"ImageObject\",\"inLanguage\":\"es\",\"@id\":\"https:\/\/futbolhoy.co\/#\/schema\/person\/image\/\",\"url\":\"https:\/\/secure.gravatar.com\/avatar\/d25959a15b9b293a743f99181c7cfd01?s=96&d=mm&r=g\",\"contentUrl\":\"https:\/\/secure.gravatar.com\/avatar\/d25959a15b9b293a743f99181c7cfd01?s=96&d=mm&r=g\",\"caption\":\"Laura Hern\u00e1ndez\"}}]}<\/script>\n<!-- \/ Yoast SEO plugin. -->","yoast_head_json":{"title":"El f\u00fatbol debe regresar cuando se controle la pandemia: Corinthians -","robots":{"index":"index","follow":"follow","max-snippet":"max-snippet:-1","max-image-preview":"max-image-preview:large","max-video-preview":"max-video-preview:-1"},"canonical":"https:\/\/futbolhoy.co\/index.php\/2020\/05\/27\/el-futbol-debe-regresar-cuando-se-controle-la-pandemia-corinthians\/","og_locale":"es_ES","og_type":"article","og_title":"El f\u00fatbol debe regresar cuando se controle la pandemia: Corinthians -","og_description":"El Corinthians, donde juegan los colombianos V\u00edctor Cantillo y Yony Gonz\u00e1lez, rechaz\u00f3 el regreso del f\u00fatbol a Brasil, uno de los pa\u00edses del mundo m\u00e1s afectados por la pandemia, hasta que sea controlada la crisis sanitaria. \"El f\u00fatbol no puede anticiparse al control de la pandemia\", dijo el presidente del club, Andr\u00e9s S\u00e1nchez, en carta [&hellip;]","og_url":"https:\/\/futbolhoy.co\/index.php\/2020\/05\/27\/el-futbol-debe-regresar-cuando-se-controle-la-pandemia-corinthians\/","article_publisher":"https:\/\/www.facebook.com\/FutbolHoyCol\/","article_published_time":"2020-05-27T13:00:51+00:00","article_modified_time":"2020-05-27T20:13:25+00:00","og_image":[{"width":1200,"height":800,"url":"https:\/\/futbolhoy.co\/wp-content\/uploads\/2018\/11\/Corinthians.jpg","type":"image\/jpeg"}],"author":"Laura Hern\u00e1ndez","twitter_card":"summary_large_image","twitter_creator":"@FutbolHoyCol","twitter_site":"@FutbolHoyCol","twitter_misc":{"Escrito por":"Laura Hern\u00e1ndez","Tiempo de lectura":"1 minuto"},"schema":{"@context":"https:\/\/schema.org","@graph":[{"@type":"Article","@id":"https:\/\/futbolhoy.co\/index.php\/2020\/05\/27\/el-futbol-debe-regresar-cuando-se-controle-la-pandemia-corinthians\/#article","isPartOf":{"@id":"https:\/\/futbolhoy.co\/index.php\/2020\/05\/27\/el-futbol-debe-regresar-cuando-se-controle-la-pandemia-corinthians\/"},"author":{"name":"Laura Hern\u00e1ndez","@id":"https:\/\/futbolhoy.co\/#\/schema\/person\/c4a353a512b127643723a34bb1812f7d"},"headline":"El f\u00fatbol debe regresar cuando se controle la pandemia: Corinthians","datePublished":"2020-05-27T13:00:51+00:00","dateModified":"2020-05-27T20:13:25+00:00","mainEntityOfPage":{"@id":"https:\/\/futbolhoy.co\/index.php\/2020\/05\/27\/el-futbol-debe-regresar-cuando-se-controle-la-pandemia-corinthians\/"},"wordCount":136,"commentCount":0,"publisher":{"@id":"https:\/\/futbolhoy.co\/#organization"},"image":{"@id":"https:\/\/futbolhoy.co\/index.php\/2020\/05\/27\/el-futbol-debe-regresar-cuando-se-controle-la-pandemia-corinthians\/#primaryimage"},"thumbnailUrl":"https:\/\/futbolhoy.co\/wp-content\/uploads\/2018\/11\/Corinthians.jpg","keywords":["corinthians"],"articleSection":["Mundo Futbol"],"inLanguage":"es","potentialAction":[{"@type":"CommentAction","name":"Comment","target":["https:\/\/futbolhoy.co\/index.php\/2020\/05\/27\/el-futbol-debe-regresar-cuando-se-controle-la-pandemia-corinthians\/#respond"]}]},{"@type":"WebPage","@id":"https:\/\/futbolhoy.co\/index.php\/2020\/05\/27\/el-futbol-debe-regresar-cuando-se-controle-la-pandemia-corinthians\/","url":"https:\/\/futbolhoy.co\/index.php\/2020\/05\/27\/el-futbol-debe-regresar-cuando-se-controle-la-pandemia-corinthians\/","name":"El f\u00fatbol debe regresar cuando se controle la pandemia: Corinthians -","isPartOf":{"@id":"https:\/\/futbolhoy.co\/#website"},"primaryImageOfPage":{"@id":"https:\/\/futbolhoy.co\/index.php\/2020\/05\/27\/el-futbol-debe-regresar-cuando-se-controle-la-pandemia-corinthians\/#primaryimage"},"image":{"@id":"https:\/\/futbolhoy.co\/index.php\/2020\/05\/27\/el-futbol-debe-regresar-cuando-se-controle-la-pandemia-corinthians\/#primaryimage"},"thumbnailUrl":"https:\/\/futbolhoy.co\/wp-content\/uploads\/2018\/11\/Corinthians.jpg","datePublished":"2020-05-27T13:00:51+00:00","dateModified":"2020-05-27T20:13:25+00:00","breadcrumb":{"@id":"https:\/\/futbolhoy.co\/index.php\/2020\/05\/27\/el-futbol-debe-regresar-cuando-se-controle-la-pandemia-corinthians\/#breadcrumb"},"inLanguage":"es","potentialAction":[{"@type":"ReadAction","target":["https:\/\/futbolhoy.co\/index.php\/2020\/05\/27\/el-futbol-debe-regresar-cuando-se-controle-la-pandemia-corinthians\/"]}]},{"@type":"ImageObject","inLanguage":"es","@id":"https:\/\/futbolhoy.co\/index.php\/2020\/05\/27\/el-futbol-debe-regresar-cuando-se-controle-la-pandemia-corinthians\/#primaryimage","url":"https:\/\/futbolhoy.co\/wp-content\/uploads\/2018\/11\/Corinthians.jpg","contentUrl":"https:\/\/futbolhoy.co\/wp-content\/uploads\/2018\/11\/Corinthians.jpg","width":1200,"height":800,"caption":"@Conmebol"},{"@type":"BreadcrumbList","@id":"https:\/\/futbolhoy.co\/index.php\/2020\/05\/27\/el-futbol-debe-regresar-cuando-se-controle-la-pandemia-corinthians\/#breadcrumb","itemListElement":[{"@type":"ListItem","position":1,"name":"Portada","item":"https:\/\/futbolhoy.co\/"},{"@type":"ListItem","position":2,"name":"El f\u00fatbol debe regresar cuando se controle la pandemia: Corinthians"}]},{"@type":"WebSite","@id":"https:\/\/futbolhoy.co\/#website","url":"https:\/\/futbolhoy.co\/","name":"FutbolHoy","description":"","publisher":{"@id":"https:\/\/futbolhoy.co\/#organization"},"potentialAction":[{"@type":"SearchAction","target":{"@type":"EntryPoint","urlTemplate":"https:\/\/futbolhoy.co\/?s={search_term_string}"},"query-input":{"@type":"PropertyValueSpecification","valueRequired":true,"valueName":"search_term_string"}}],"inLanguage":"es"},{"@type":"Organization","@id":"https:\/\/futbolhoy.co\/#organization","name":"Futbolhoy.co","url":"https:\/\/futbolhoy.co\/","logo":{"@type":"ImageObject","inLanguage":"es","@id":"https:\/\/futbolhoy.co\/#\/schema\/logo\/image\/","url":"https:\/\/futbolhoy.co\/wp-content\/uploads\/2018\/08\/17426380_1906371736249227_6326180412931521141_n.jpg","contentUrl":"https:\/\/futbolhoy.co\/wp-content\/uploads\/2018\/08\/17426380_1906371736249227_6326180412931521141_n.jpg","width":960,"height":960,"caption":"Futbolhoy.co"},"image":{"@id":"https:\/\/futbolhoy.co\/#\/schema\/logo\/image\/"},"sameAs":["https:\/\/www.facebook.com\/FutbolHoyCol\/","https:\/\/x.com\/FutbolHoyCol","https:\/\/www.instagram.com\/futbolhoycol\/"]},{"@type":"Person","@id":"https:\/\/futbolhoy.co\/#\/schema\/person\/c4a353a512b127643723a34bb1812f7d","name":"Laura Hern\u00e1ndez","image":{"@type":"ImageObject","inLanguage":"es","@id":"https:\/\/futbolhoy.co\/#\/schema\/person\/image\/","url":"https:\/\/secure.gravatar.com\/avatar\/d25959a15b9b293a743f99181c7cfd01?s=96&d=mm&r=g","contentUrl":"https:\/\/secure.gravatar.com\/avatar\/d25959a15b9b293a743f99181c7cfd01?s=96&d=mm&r=g","caption":"Laura Hern\u00e1ndez"}}]}},"publishpress_future_action":{"enabled":false,"date":"2026-05-05 17:59:52","action":"change-status","newStatus":"draft","terms":[],"taxonomy":"category","extraData":[]},"publishpress_future_workflow_manual_trigger":{"enabledWorkflows":[]},"_links":{"self":[{"href":"https:\/\/futbolhoy.co\/index.php\/wp-json\/wp\/v2\/posts\/51665","targetHints":{"allow":["GET"]}}],"collection":[{"href":"https:\/\/futbolhoy.co\/index.php\/wp-json\/wp\/v2\/posts"}],"about":[{"href":"https:\/\/futbolhoy.co\/index.php\/wp-json\/wp\/v2\/types\/post"}],"author":[{"embeddable":true,"href":"https:\/\/futbolhoy.co\/index.php\/wp-json\/wp\/v2\/users\/5"}],"replies":[{"embeddable":true,"href":"https:\/\/futbolhoy.co\/index.php\/wp-json\/wp\/v2\/comments?post=51665"}],"version-history":[{"count":1,"href":"https:\/\/futbolhoy.co\/index.php\/wp-json\/wp\/v2\/posts\/51665\/revisions"}],"predecessor-version":[{"id":51667,"href":"https:\/\/futbolhoy.co\/index.php\/wp-json\/wp\/v2\/posts\/51665\/revisions\/51667"}],"wp:featuredmedia":[{"embeddable":true,"href":"https:\/\/futbolhoy.co\/index.php\/wp-json\/wp\/v2\/media\/28250"}],"wp:attachment":[{"href":"https:\/\/futbolhoy.co\/index.php\/wp-json\/wp\/v2\/media?parent=51665"}],"wp:term":[{"taxonomy":"category","embeddable":true,"href":"https:\/\/futbolhoy.co\/index.php\/wp-json\/wp\/v2\/categories?post=51665"},{"taxonomy":"post_tag","embeddable":true,"href":"https:\/\/futbolhoy.co\/index.php\/wp-json\/wp\/v2\/tags?post=51665"}],"curies":[{"name":"wp","href":"https:\/\/api.w.org\/{rel}","templated":true}]}}