{"id":51670,"date":"2020-05-27T14:58:22","date_gmt":"2020-05-27T19:58:22","guid":{"rendered":"https:\/\/futbolhoy.co\/?p=51670"},"modified":"2020-05-28T11:17:03","modified_gmt":"2020-05-28T16:17:03","slug":"franky-nuevo-dt-de-xolos-femenino","status":"publish","type":"post","link":"https:\/\/futbolhoy.co\/index.php\/2020\/05\/27\/franky-nuevo-dt-de-xolos-femenino\/","title":{"rendered":"Franky, nuevo DT de Xolos femenino"},"content":{"rendered":"<p style=\"text-align: justify;\"><span style=\"font-family: helvetica, arial, sans-serif;\">El colombiano<strong>\u00a0Franky Oviedo\u00a0<\/strong>fue nombrado como entrenador del equipo femenino de los\u00a0<strong>Xolos<\/strong> de Tijuana, anunci\u00f3 el club mexicano en un comunicado, donde explic\u00f3 que el t\u00e9cnico debutar\u00e1 en el torneo\u00a0Apertura 2020, a\u00fan sin fecha de inicio.<\/span><\/p>\n<p style=\"text-align: justify;\"><span style=\"font-family: helvetica, arial, sans-serif;\"><strong>Xolos<\/strong> record\u00f3 que el ex volante, de 46 a\u00f1os, tiene experiencia como t\u00e9cnico del cuadro masculino del Tijuana, al que dirigi\u00f3 en el cierre del\u00a0<strong>Torneo Apertura 2018<\/strong> por la\u00a0<strong>Liga MX<\/strong>.<\/span><\/p>\n<p style=\"text-align: justify;\"><span style=\"font-family: helvetica, arial, sans-serif;\"><strong>Oviedo<\/strong>, como jugador milit\u00f3 en\u00a0Colombia\u00a0en el\u00a0<strong>Am\u00e9rica de Cali<\/strong>,\u00a0<strong>Quind\u00edo\u00a0<\/strong>y\u00a0<strong>Chic\u00f3<\/strong>; las\u00a0\u00c1guilas del Am\u00e9rica, con el que fue campe\u00f3n en 2002 en\u00a0M\u00e9xico,\u00a0Puebla,\u00a0Necaxa,\u00a0Pachuca\u00a0y\u00a0T\u00e1chira\u00a0venezolano.<\/span><\/p>\n<p style=\"text-align: justify;\"><span style=\"font-family: helvetica, arial, sans-serif;\">Con experiencia como director de fuerzas b\u00e1sicas del equipo de mujeres, la directiva confi\u00f3 en el colombiano para comandar a un conjunto que despu\u00e9s de quedar eliminado en cuartos de final por\u00a0<strong>Tigres,<\/strong> mostr\u00f3 altibajos en el\u00a0<strong>Clausura 2020<\/strong>\u00a0en el que aparec\u00eda en d\u00e9cimo lugar cuando se suspendi\u00f3 el campeonato.<\/span><\/p>\n<p style=\"text-align: justify;\"><span style=\"font-family: helvetica, arial, sans-serif;\"><strong>Oviedo<\/strong> dirigir\u00e1 en el equipo a su hija Valentina, volante de la\u00a0<strong>Selecci\u00f3n Colombia\u00a0sub'20.<\/strong><\/span><\/p>\n","protected":false},"excerpt":{"rendered":"<p>El colombiano\u00a0Franky Oviedo\u00a0fue nombrado como entrenador del equipo femenino de los\u00a0Xolos de Tijuana, anunci\u00f3 el club mexicano en un comunicado, donde explic\u00f3 que el t\u00e9cnico debutar\u00e1 en el torneo\u00a0Apertura 2020, a\u00fan sin fecha de inicio. Xolos record\u00f3 que el ex volante, de 46 a\u00f1os, tiene experiencia como t\u00e9cnico del cuadro masculino del Tijuana, al que [&hellip;]<\/p>\n","protected":false},"author":5,"featured_media":51671,"comment_status":"open","ping_status":"open","sticky":false,"template":"","format":"standard","meta":{"_acf_changed":false,"footnotes":""},"categories":[152],"tags":[],"class_list":{"0":"post-51670","1":"post","2":"type-post","3":"status-publish","4":"format-standard","5":"has-post-thumbnail","7":"category-mundo-futbol"},"acf":[],"yoast_head":"<!-- This site is optimized with the Yoast SEO plugin v26.8 - https:\/\/yoast.com\/product\/yoast-seo-wordpress\/ -->\n<title>Franky, nuevo DT de Xolos femenino -<\/title>\n<meta name=\"robots\" content=\"index, follow, max-snippet:-1, max-image-preview:large, max-video-preview:-1\" \/>\n<link rel=\"canonical\" href=\"https:\/\/futbolhoy.co\/index.php\/2020\/05\/27\/franky-nuevo-dt-de-xolos-femenino\/\" \/>\n<meta property=\"og:locale\" content=\"es_ES\" \/>\n<meta property=\"og:type\" content=\"article\" \/>\n<meta property=\"og:title\" content=\"Franky, nuevo DT de Xolos femenino -\" \/>\n<meta property=\"og:description\" content=\"El colombiano\u00a0Franky Oviedo\u00a0fue nombrado como entrenador del equipo femenino de los\u00a0Xolos de Tijuana, anunci\u00f3 el club mexicano en un comunicado, donde explic\u00f3 que el t\u00e9cnico debutar\u00e1 en el torneo\u00a0Apertura 2020, a\u00fan sin fecha de inicio. Xolos record\u00f3 que el ex volante, de 46 a\u00f1os, tiene experiencia como t\u00e9cnico del cuadro masculino del Tijuana, al que [&hellip;]\" \/>\n<meta property=\"og:url\" content=\"https:\/\/futbolhoy.co\/index.php\/2020\/05\/27\/franky-nuevo-dt-de-xolos-femenino\/\" \/>\n<meta property=\"article:publisher\" content=\"https:\/\/www.facebook.com\/FutbolHoyCol\/\" \/>\n<meta property=\"article:published_time\" content=\"2020-05-27T19:58:22+00:00\" \/>\n<meta property=\"article:modified_time\" content=\"2020-05-28T16:17:03+00:00\" \/>\n<meta property=\"og:image\" content=\"https:\/\/futbolhoy.co\/wp-content\/uploads\/2020\/05\/6506541605ece96a4c7411.jpg\" \/>\n\t<meta property=\"og:image:width\" content=\"1040\" \/>\n\t<meta property=\"og:image:height\" content=\"550\" \/>\n\t<meta property=\"og:image:type\" content=\"image\/jpeg\" \/>\n<meta name=\"author\" content=\"Laura Hern\u00e1ndez\" \/>\n<meta name=\"twitter:card\" content=\"summary_large_image\" \/>\n<meta name=\"twitter:creator\" content=\"@FutbolHoyCol\" \/>\n<meta name=\"twitter:site\" content=\"@FutbolHoyCol\" \/>\n<meta name=\"twitter:label1\" content=\"Escrito por\" \/>\n\t<meta name=\"twitter:data1\" content=\"Laura Hern\u00e1ndez\" \/>\n\t<meta name=\"twitter:label2\" content=\"Tiempo de lectura\" \/>\n\t<meta name=\"twitter:data2\" content=\"1 minuto\" \/>\n<script type=\"application\/ld+json\" class=\"yoast-schema-graph\">{\"@context\":\"https:\/\/schema.org\",\"@graph\":[{\"@type\":\"Article\",\"@id\":\"https:\/\/futbolhoy.co\/index.php\/2020\/05\/27\/franky-nuevo-dt-de-xolos-femenino\/#article\",\"isPartOf\":{\"@id\":\"https:\/\/futbolhoy.co\/index.php\/2020\/05\/27\/franky-nuevo-dt-de-xolos-femenino\/\"},\"author\":{\"name\":\"Laura Hern\u00e1ndez\",\"@id\":\"https:\/\/futbolhoy.co\/#\/schema\/person\/c4a353a512b127643723a34bb1812f7d\"},\"headline\":\"Franky, nuevo DT de Xolos femenino\",\"datePublished\":\"2020-05-27T19:58:22+00:00\",\"dateModified\":\"2020-05-28T16:17:03+00:00\",\"mainEntityOfPage\":{\"@id\":\"https:\/\/futbolhoy.co\/index.php\/2020\/05\/27\/franky-nuevo-dt-de-xolos-femenino\/\"},\"wordCount\":186,\"commentCount\":0,\"publisher\":{\"@id\":\"https:\/\/futbolhoy.co\/#organization\"},\"image\":{\"@id\":\"https:\/\/futbolhoy.co\/index.php\/2020\/05\/27\/franky-nuevo-dt-de-xolos-femenino\/#primaryimage\"},\"thumbnailUrl\":\"https:\/\/futbolhoy.co\/wp-content\/uploads\/2020\/05\/6506541605ece96a4c7411.jpg\",\"articleSection\":[\"Mundo Futbol\"],\"inLanguage\":\"es\",\"potentialAction\":[{\"@type\":\"CommentAction\",\"name\":\"Comment\",\"target\":[\"https:\/\/futbolhoy.co\/index.php\/2020\/05\/27\/franky-nuevo-dt-de-xolos-femenino\/#respond\"]}]},{\"@type\":\"WebPage\",\"@id\":\"https:\/\/futbolhoy.co\/index.php\/2020\/05\/27\/franky-nuevo-dt-de-xolos-femenino\/\",\"url\":\"https:\/\/futbolhoy.co\/index.php\/2020\/05\/27\/franky-nuevo-dt-de-xolos-femenino\/\",\"name\":\"Franky, nuevo DT de Xolos femenino -\",\"isPartOf\":{\"@id\":\"https:\/\/futbolhoy.co\/#website\"},\"primaryImageOfPage\":{\"@id\":\"https:\/\/futbolhoy.co\/index.php\/2020\/05\/27\/franky-nuevo-dt-de-xolos-femenino\/#primaryimage\"},\"image\":{\"@id\":\"https:\/\/futbolhoy.co\/index.php\/2020\/05\/27\/franky-nuevo-dt-de-xolos-femenino\/#primaryimage\"},\"thumbnailUrl\":\"https:\/\/futbolhoy.co\/wp-content\/uploads\/2020\/05\/6506541605ece96a4c7411.jpg\",\"datePublished\":\"2020-05-27T19:58:22+00:00\",\"dateModified\":\"2020-05-28T16:17:03+00:00\",\"breadcrumb\":{\"@id\":\"https:\/\/futbolhoy.co\/index.php\/2020\/05\/27\/franky-nuevo-dt-de-xolos-femenino\/#breadcrumb\"},\"inLanguage\":\"es\",\"potentialAction\":[{\"@type\":\"ReadAction\",\"target\":[\"https:\/\/futbolhoy.co\/index.php\/2020\/05\/27\/franky-nuevo-dt-de-xolos-femenino\/\"]}]},{\"@type\":\"ImageObject\",\"inLanguage\":\"es\",\"@id\":\"https:\/\/futbolhoy.co\/index.php\/2020\/05\/27\/franky-nuevo-dt-de-xolos-femenino\/#primaryimage\",\"url\":\"https:\/\/futbolhoy.co\/wp-content\/uploads\/2020\/05\/6506541605ece96a4c7411.jpg\",\"contentUrl\":\"https:\/\/futbolhoy.co\/wp-content\/uploads\/2020\/05\/6506541605ece96a4c7411.jpg\",\"width\":1040,\"height\":550},{\"@type\":\"BreadcrumbList\",\"@id\":\"https:\/\/futbolhoy.co\/index.php\/2020\/05\/27\/franky-nuevo-dt-de-xolos-femenino\/#breadcrumb\",\"itemListElement\":[{\"@type\":\"ListItem\",\"position\":1,\"name\":\"Portada\",\"item\":\"https:\/\/futbolhoy.co\/\"},{\"@type\":\"ListItem\",\"position\":2,\"name\":\"Franky, nuevo DT de Xolos femenino\"}]},{\"@type\":\"WebSite\",\"@id\":\"https:\/\/futbolhoy.co\/#website\",\"url\":\"https:\/\/futbolhoy.co\/\",\"name\":\"FutbolHoy\",\"description\":\"\",\"publisher\":{\"@id\":\"https:\/\/futbolhoy.co\/#organization\"},\"potentialAction\":[{\"@type\":\"SearchAction\",\"target\":{\"@type\":\"EntryPoint\",\"urlTemplate\":\"https:\/\/futbolhoy.co\/?s={search_term_string}\"},\"query-input\":{\"@type\":\"PropertyValueSpecification\",\"valueRequired\":true,\"valueName\":\"search_term_string\"}}],\"inLanguage\":\"es\"},{\"@type\":\"Organization\",\"@id\":\"https:\/\/futbolhoy.co\/#organization\",\"name\":\"Futbolhoy.co\",\"url\":\"https:\/\/futbolhoy.co\/\",\"logo\":{\"@type\":\"ImageObject\",\"inLanguage\":\"es\",\"@id\":\"https:\/\/futbolhoy.co\/#\/schema\/logo\/image\/\",\"url\":\"https:\/\/futbolhoy.co\/wp-content\/uploads\/2018\/08\/17426380_1906371736249227_6326180412931521141_n.jpg\",\"contentUrl\":\"https:\/\/futbolhoy.co\/wp-content\/uploads\/2018\/08\/17426380_1906371736249227_6326180412931521141_n.jpg\",\"width\":960,\"height\":960,\"caption\":\"Futbolhoy.co\"},\"image\":{\"@id\":\"https:\/\/futbolhoy.co\/#\/schema\/logo\/image\/\"},\"sameAs\":[\"https:\/\/www.facebook.com\/FutbolHoyCol\/\",\"https:\/\/x.com\/FutbolHoyCol\",\"https:\/\/www.instagram.com\/futbolhoycol\/\"]},{\"@type\":\"Person\",\"@id\":\"https:\/\/futbolhoy.co\/#\/schema\/person\/c4a353a512b127643723a34bb1812f7d\",\"name\":\"Laura Hern\u00e1ndez\",\"image\":{\"@type\":\"ImageObject\",\"inLanguage\":\"es\",\"@id\":\"https:\/\/futbolhoy.co\/#\/schema\/person\/image\/\",\"url\":\"https:\/\/secure.gravatar.com\/avatar\/d25959a15b9b293a743f99181c7cfd01?s=96&d=mm&r=g\",\"contentUrl\":\"https:\/\/secure.gravatar.com\/avatar\/d25959a15b9b293a743f99181c7cfd01?s=96&d=mm&r=g\",\"caption\":\"Laura Hern\u00e1ndez\"}}]}<\/script>\n<!-- \/ Yoast SEO plugin. -->","yoast_head_json":{"title":"Franky, nuevo DT de Xolos femenino -","robots":{"index":"index","follow":"follow","max-snippet":"max-snippet:-1","max-image-preview":"max-image-preview:large","max-video-preview":"max-video-preview:-1"},"canonical":"https:\/\/futbolhoy.co\/index.php\/2020\/05\/27\/franky-nuevo-dt-de-xolos-femenino\/","og_locale":"es_ES","og_type":"article","og_title":"Franky, nuevo DT de Xolos femenino -","og_description":"El colombiano\u00a0Franky Oviedo\u00a0fue nombrado como entrenador del equipo femenino de los\u00a0Xolos de Tijuana, anunci\u00f3 el club mexicano en un comunicado, donde explic\u00f3 que el t\u00e9cnico debutar\u00e1 en el torneo\u00a0Apertura 2020, a\u00fan sin fecha de inicio. Xolos record\u00f3 que el ex volante, de 46 a\u00f1os, tiene experiencia como t\u00e9cnico del cuadro masculino del Tijuana, al que [&hellip;]","og_url":"https:\/\/futbolhoy.co\/index.php\/2020\/05\/27\/franky-nuevo-dt-de-xolos-femenino\/","article_publisher":"https:\/\/www.facebook.com\/FutbolHoyCol\/","article_published_time":"2020-05-27T19:58:22+00:00","article_modified_time":"2020-05-28T16:17:03+00:00","og_image":[{"width":1040,"height":550,"url":"https:\/\/futbolhoy.co\/wp-content\/uploads\/2020\/05\/6506541605ece96a4c7411.jpg","type":"image\/jpeg"}],"author":"Laura Hern\u00e1ndez","twitter_card":"summary_large_image","twitter_creator":"@FutbolHoyCol","twitter_site":"@FutbolHoyCol","twitter_misc":{"Escrito por":"Laura Hern\u00e1ndez","Tiempo de lectura":"1 minuto"},"schema":{"@context":"https:\/\/schema.org","@graph":[{"@type":"Article","@id":"https:\/\/futbolhoy.co\/index.php\/2020\/05\/27\/franky-nuevo-dt-de-xolos-femenino\/#article","isPartOf":{"@id":"https:\/\/futbolhoy.co\/index.php\/2020\/05\/27\/franky-nuevo-dt-de-xolos-femenino\/"},"author":{"name":"Laura Hern\u00e1ndez","@id":"https:\/\/futbolhoy.co\/#\/schema\/person\/c4a353a512b127643723a34bb1812f7d"},"headline":"Franky, nuevo DT de Xolos femenino","datePublished":"2020-05-27T19:58:22+00:00","dateModified":"2020-05-28T16:17:03+00:00","mainEntityOfPage":{"@id":"https:\/\/futbolhoy.co\/index.php\/2020\/05\/27\/franky-nuevo-dt-de-xolos-femenino\/"},"wordCount":186,"commentCount":0,"publisher":{"@id":"https:\/\/futbolhoy.co\/#organization"},"image":{"@id":"https:\/\/futbolhoy.co\/index.php\/2020\/05\/27\/franky-nuevo-dt-de-xolos-femenino\/#primaryimage"},"thumbnailUrl":"https:\/\/futbolhoy.co\/wp-content\/uploads\/2020\/05\/6506541605ece96a4c7411.jpg","articleSection":["Mundo Futbol"],"inLanguage":"es","potentialAction":[{"@type":"CommentAction","name":"Comment","target":["https:\/\/futbolhoy.co\/index.php\/2020\/05\/27\/franky-nuevo-dt-de-xolos-femenino\/#respond"]}]},{"@type":"WebPage","@id":"https:\/\/futbolhoy.co\/index.php\/2020\/05\/27\/franky-nuevo-dt-de-xolos-femenino\/","url":"https:\/\/futbolhoy.co\/index.php\/2020\/05\/27\/franky-nuevo-dt-de-xolos-femenino\/","name":"Franky, nuevo DT de Xolos femenino -","isPartOf":{"@id":"https:\/\/futbolhoy.co\/#website"},"primaryImageOfPage":{"@id":"https:\/\/futbolhoy.co\/index.php\/2020\/05\/27\/franky-nuevo-dt-de-xolos-femenino\/#primaryimage"},"image":{"@id":"https:\/\/futbolhoy.co\/index.php\/2020\/05\/27\/franky-nuevo-dt-de-xolos-femenino\/#primaryimage"},"thumbnailUrl":"https:\/\/futbolhoy.co\/wp-content\/uploads\/2020\/05\/6506541605ece96a4c7411.jpg","datePublished":"2020-05-27T19:58:22+00:00","dateModified":"2020-05-28T16:17:03+00:00","breadcrumb":{"@id":"https:\/\/futbolhoy.co\/index.php\/2020\/05\/27\/franky-nuevo-dt-de-xolos-femenino\/#breadcrumb"},"inLanguage":"es","potentialAction":[{"@type":"ReadAction","target":["https:\/\/futbolhoy.co\/index.php\/2020\/05\/27\/franky-nuevo-dt-de-xolos-femenino\/"]}]},{"@type":"ImageObject","inLanguage":"es","@id":"https:\/\/futbolhoy.co\/index.php\/2020\/05\/27\/franky-nuevo-dt-de-xolos-femenino\/#primaryimage","url":"https:\/\/futbolhoy.co\/wp-content\/uploads\/2020\/05\/6506541605ece96a4c7411.jpg","contentUrl":"https:\/\/futbolhoy.co\/wp-content\/uploads\/2020\/05\/6506541605ece96a4c7411.jpg","width":1040,"height":550},{"@type":"BreadcrumbList","@id":"https:\/\/futbolhoy.co\/index.php\/2020\/05\/27\/franky-nuevo-dt-de-xolos-femenino\/#breadcrumb","itemListElement":[{"@type":"ListItem","position":1,"name":"Portada","item":"https:\/\/futbolhoy.co\/"},{"@type":"ListItem","position":2,"name":"Franky, nuevo DT de Xolos femenino"}]},{"@type":"WebSite","@id":"https:\/\/futbolhoy.co\/#website","url":"https:\/\/futbolhoy.co\/","name":"FutbolHoy","description":"","publisher":{"@id":"https:\/\/futbolhoy.co\/#organization"},"potentialAction":[{"@type":"SearchAction","target":{"@type":"EntryPoint","urlTemplate":"https:\/\/futbolhoy.co\/?s={search_term_string}"},"query-input":{"@type":"PropertyValueSpecification","valueRequired":true,"valueName":"search_term_string"}}],"inLanguage":"es"},{"@type":"Organization","@id":"https:\/\/futbolhoy.co\/#organization","name":"Futbolhoy.co","url":"https:\/\/futbolhoy.co\/","logo":{"@type":"ImageObject","inLanguage":"es","@id":"https:\/\/futbolhoy.co\/#\/schema\/logo\/image\/","url":"https:\/\/futbolhoy.co\/wp-content\/uploads\/2018\/08\/17426380_1906371736249227_6326180412931521141_n.jpg","contentUrl":"https:\/\/futbolhoy.co\/wp-content\/uploads\/2018\/08\/17426380_1906371736249227_6326180412931521141_n.jpg","width":960,"height":960,"caption":"Futbolhoy.co"},"image":{"@id":"https:\/\/futbolhoy.co\/#\/schema\/logo\/image\/"},"sameAs":["https:\/\/www.facebook.com\/FutbolHoyCol\/","https:\/\/x.com\/FutbolHoyCol","https:\/\/www.instagram.com\/futbolhoycol\/"]},{"@type":"Person","@id":"https:\/\/futbolhoy.co\/#\/schema\/person\/c4a353a512b127643723a34bb1812f7d","name":"Laura Hern\u00e1ndez","image":{"@type":"ImageObject","inLanguage":"es","@id":"https:\/\/futbolhoy.co\/#\/schema\/person\/image\/","url":"https:\/\/secure.gravatar.com\/avatar\/d25959a15b9b293a743f99181c7cfd01?s=96&d=mm&r=g","contentUrl":"https:\/\/secure.gravatar.com\/avatar\/d25959a15b9b293a743f99181c7cfd01?s=96&d=mm&r=g","caption":"Laura Hern\u00e1ndez"}}]}},"publishpress_future_action":{"enabled":false,"date":"2026-05-05 14:10:08","action":"change-status","newStatus":"draft","terms":[],"taxonomy":"category","extraData":[]},"publishpress_future_workflow_manual_trigger":{"enabledWorkflows":[]},"_links":{"self":[{"href":"https:\/\/futbolhoy.co\/index.php\/wp-json\/wp\/v2\/posts\/51670","targetHints":{"allow":["GET"]}}],"collection":[{"href":"https:\/\/futbolhoy.co\/index.php\/wp-json\/wp\/v2\/posts"}],"about":[{"href":"https:\/\/futbolhoy.co\/index.php\/wp-json\/wp\/v2\/types\/post"}],"author":[{"embeddable":true,"href":"https:\/\/futbolhoy.co\/index.php\/wp-json\/wp\/v2\/users\/5"}],"replies":[{"embeddable":true,"href":"https:\/\/futbolhoy.co\/index.php\/wp-json\/wp\/v2\/comments?post=51670"}],"version-history":[{"count":1,"href":"https:\/\/futbolhoy.co\/index.php\/wp-json\/wp\/v2\/posts\/51670\/revisions"}],"predecessor-version":[{"id":51672,"href":"https:\/\/futbolhoy.co\/index.php\/wp-json\/wp\/v2\/posts\/51670\/revisions\/51672"}],"wp:featuredmedia":[{"embeddable":true,"href":"https:\/\/futbolhoy.co\/index.php\/wp-json\/wp\/v2\/media\/51671"}],"wp:attachment":[{"href":"https:\/\/futbolhoy.co\/index.php\/wp-json\/wp\/v2\/media?parent=51670"}],"wp:term":[{"taxonomy":"category","embeddable":true,"href":"https:\/\/futbolhoy.co\/index.php\/wp-json\/wp\/v2\/categories?post=51670"},{"taxonomy":"post_tag","embeddable":true,"href":"https:\/\/futbolhoy.co\/index.php\/wp-json\/wp\/v2\/tags?post=51670"}],"curies":[{"name":"wp","href":"https:\/\/api.w.org\/{rel}","templated":true}]}}