{"id":51695,"date":"2020-05-28T14:58:19","date_gmt":"2020-05-28T19:58:19","guid":{"rendered":"https:\/\/futbolhoy.co\/?p=51695"},"modified":"2020-05-28T20:25:17","modified_gmt":"2020-05-29T01:25:17","slug":"la-serie-a-volvera-el-20-de-junio","status":"publish","type":"post","link":"https:\/\/futbolhoy.co\/index.php\/2020\/05\/28\/la-serie-a-volvera-el-20-de-junio\/","title":{"rendered":"La Serie A volver\u00e1 el 20 de junio"},"content":{"rendered":"<p style=\"text-align: justify;\"><span style=\"font-family: helvetica, arial, sans-serif;\">El\u00a0<b>Calcio<\/b>\u00a0se reanudar\u00e1 el 20 de junio, y\u00a0existe\u00a0la posibilidad de que el 13 del mismo mes se disputen las semifinales de la\u00a0<b>Copa Italia<\/b>, seg\u00fan anunci\u00f3 el ministro de Deportes,\u00a0<b>Vincenzo Spadafora<\/b>.<\/span><\/p>\n<p style=\"text-align: justify;\"><span style=\"font-family: helvetica, arial, sans-serif;\">\"El Comit\u00e9 T\u00e9cnico y Cient\u00edfico dio su visto bueno al protocolo y la\u00a0<b>Federaci\u00f3n<\/b>\u00a0me asegur\u00f3 que ten\u00eda un plan B y un plan C. En vista de esas consideraciones, el campeonato puede reanudarse el 20 de junio\", declar\u00f3 Spadafora al t\u00e9rmino de una reuni\u00f3n con las instancias dirigentes de la\u00a0<b>Serie A<\/b>.<\/span><\/p>\n<p style=\"text-align: justify;\"><span style=\"font-family: helvetica, arial, sans-serif;\"><b>Italia<\/b>\u00a0es la \u00faltima gran liga europea en anunciar sus planes de reactivaci\u00f3n luego que la\u00a0<b>Liga Premier<\/b>\u00a0inglesa tambi\u00e9n se\u00f1alara que volver\u00e1 a las acciones el 17 de junio.<\/span><\/p>\n<p style=\"text-align: justify;\"><span style=\"font-family: helvetica, arial, sans-serif;\"><b>Alemania<\/b>\u00a0fue la pionera entre las principales ligas del 'Viejo Continente' en reanudarse, desde el pasado 16 de mayo.<\/span><\/p>\n<p style=\"text-align: justify;\"><span style=\"font-family: helvetica, arial, sans-serif;\"><b>Espa\u00f1a<\/b>, por su parte reanudar\u00e1\u00a0<b>LaLiga<\/b>\u00a0el 11 de junio con el cl\u00e1sico de la ciudad entre\u00a0<b>Sevilla<\/b>\u00a0y\u00a0<b>Betis<\/b>.<\/span><\/p>\n<p style=\"text-align: justify;\"><span style=\"font-family: helvetica, arial, sans-serif;\">La \u00fanica entre las grandes ligas europeas en haber decretado su suspensi\u00f3n definitiva es\u00a0<b>Francia<\/b>, que declar\u00f3 campe\u00f3n al\u00a0<b>Par\u00eds Saint-Germain<\/b>.<\/span><\/p>\n<p style=\"text-align: justify;\"><span style=\"font-family: helvetica, arial, sans-serif;\">El Calcio italiano est\u00e1 suspendido desde el 9 de marzo y tiene a la\u00a0<b>Juventus<\/b>\u00a0como l\u00edder, con un punto de ventaja sobre la\u00a0<b>Lazio<\/b>, cuando faltan doce jornadas para el final del campeonato.<\/span><\/p>\n","protected":false},"excerpt":{"rendered":"<p>El\u00a0Calcio\u00a0se reanudar\u00e1 el 20 de junio, y\u00a0existe\u00a0la posibilidad de que el 13 del mismo mes se disputen las semifinales de la\u00a0Copa Italia, seg\u00fan anunci\u00f3 el ministro de Deportes,\u00a0Vincenzo Spadafora. \"El Comit\u00e9 T\u00e9cnico y Cient\u00edfico dio su visto bueno al protocolo y la\u00a0Federaci\u00f3n\u00a0me asegur\u00f3 que ten\u00eda un plan B y un plan C. En vista de [&hellip;]<\/p>\n","protected":false},"author":5,"featured_media":51696,"comment_status":"open","ping_status":"open","sticky":false,"template":"","format":"standard","meta":{"_acf_changed":false,"footnotes":""},"categories":[152],"tags":[],"class_list":{"0":"post-51695","1":"post","2":"type-post","3":"status-publish","4":"format-standard","5":"has-post-thumbnail","7":"category-mundo-futbol"},"acf":[],"yoast_head":"<!-- This site is optimized with the Yoast SEO plugin v26.8 - https:\/\/yoast.com\/product\/yoast-seo-wordpress\/ -->\n<title>La Serie A volver\u00e1 el 20 de junio -<\/title>\n<meta name=\"robots\" content=\"index, follow, max-snippet:-1, max-image-preview:large, max-video-preview:-1\" \/>\n<link rel=\"canonical\" href=\"https:\/\/futbolhoy.co\/index.php\/2020\/05\/28\/la-serie-a-volvera-el-20-de-junio\/\" \/>\n<meta property=\"og:locale\" content=\"es_ES\" \/>\n<meta property=\"og:type\" content=\"article\" \/>\n<meta property=\"og:title\" content=\"La Serie A volver\u00e1 el 20 de junio -\" \/>\n<meta property=\"og:description\" content=\"El\u00a0Calcio\u00a0se reanudar\u00e1 el 20 de junio, y\u00a0existe\u00a0la posibilidad de que el 13 del mismo mes se disputen las semifinales de la\u00a0Copa Italia, seg\u00fan anunci\u00f3 el ministro de Deportes,\u00a0Vincenzo Spadafora. &quot;El Comit\u00e9 T\u00e9cnico y Cient\u00edfico dio su visto bueno al protocolo y la\u00a0Federaci\u00f3n\u00a0me asegur\u00f3 que ten\u00eda un plan B y un plan C. En vista de [&hellip;]\" \/>\n<meta property=\"og:url\" content=\"https:\/\/futbolhoy.co\/index.php\/2020\/05\/28\/la-serie-a-volvera-el-20-de-junio\/\" \/>\n<meta property=\"article:publisher\" content=\"https:\/\/www.facebook.com\/FutbolHoyCol\/\" \/>\n<meta property=\"article:published_time\" content=\"2020-05-28T19:58:19+00:00\" \/>\n<meta property=\"article:modified_time\" content=\"2020-05-29T01:25:17+00:00\" \/>\n<meta property=\"og:image\" content=\"https:\/\/futbolhoy.co\/wp-content\/uploads\/2020\/05\/20200528_145702.jpg\" \/>\n\t<meta property=\"og:image:width\" content=\"2048\" \/>\n\t<meta property=\"og:image:height\" content=\"1363\" \/>\n\t<meta property=\"og:image:type\" content=\"image\/jpeg\" \/>\n<meta name=\"author\" content=\"Laura Hern\u00e1ndez\" \/>\n<meta name=\"twitter:card\" content=\"summary_large_image\" \/>\n<meta name=\"twitter:creator\" content=\"@FutbolHoyCol\" \/>\n<meta name=\"twitter:site\" content=\"@FutbolHoyCol\" \/>\n<meta name=\"twitter:label1\" content=\"Escrito por\" \/>\n\t<meta name=\"twitter:data1\" content=\"Laura Hern\u00e1ndez\" \/>\n\t<meta name=\"twitter:label2\" content=\"Tiempo de lectura\" \/>\n\t<meta name=\"twitter:data2\" content=\"1 minuto\" \/>\n<script type=\"application\/ld+json\" class=\"yoast-schema-graph\">{\"@context\":\"https:\/\/schema.org\",\"@graph\":[{\"@type\":\"Article\",\"@id\":\"https:\/\/futbolhoy.co\/index.php\/2020\/05\/28\/la-serie-a-volvera-el-20-de-junio\/#article\",\"isPartOf\":{\"@id\":\"https:\/\/futbolhoy.co\/index.php\/2020\/05\/28\/la-serie-a-volvera-el-20-de-junio\/\"},\"author\":{\"name\":\"Laura Hern\u00e1ndez\",\"@id\":\"https:\/\/futbolhoy.co\/#\/schema\/person\/c4a353a512b127643723a34bb1812f7d\"},\"headline\":\"La Serie A volver\u00e1 el 20 de junio\",\"datePublished\":\"2020-05-28T19:58:19+00:00\",\"dateModified\":\"2020-05-29T01:25:17+00:00\",\"mainEntityOfPage\":{\"@id\":\"https:\/\/futbolhoy.co\/index.php\/2020\/05\/28\/la-serie-a-volvera-el-20-de-junio\/\"},\"wordCount\":228,\"commentCount\":0,\"publisher\":{\"@id\":\"https:\/\/futbolhoy.co\/#organization\"},\"image\":{\"@id\":\"https:\/\/futbolhoy.co\/index.php\/2020\/05\/28\/la-serie-a-volvera-el-20-de-junio\/#primaryimage\"},\"thumbnailUrl\":\"https:\/\/futbolhoy.co\/wp-content\/uploads\/2020\/05\/20200528_145702.jpg\",\"articleSection\":[\"Mundo Futbol\"],\"inLanguage\":\"es\",\"potentialAction\":[{\"@type\":\"CommentAction\",\"name\":\"Comment\",\"target\":[\"https:\/\/futbolhoy.co\/index.php\/2020\/05\/28\/la-serie-a-volvera-el-20-de-junio\/#respond\"]}]},{\"@type\":\"WebPage\",\"@id\":\"https:\/\/futbolhoy.co\/index.php\/2020\/05\/28\/la-serie-a-volvera-el-20-de-junio\/\",\"url\":\"https:\/\/futbolhoy.co\/index.php\/2020\/05\/28\/la-serie-a-volvera-el-20-de-junio\/\",\"name\":\"La Serie A volver\u00e1 el 20 de junio -\",\"isPartOf\":{\"@id\":\"https:\/\/futbolhoy.co\/#website\"},\"primaryImageOfPage\":{\"@id\":\"https:\/\/futbolhoy.co\/index.php\/2020\/05\/28\/la-serie-a-volvera-el-20-de-junio\/#primaryimage\"},\"image\":{\"@id\":\"https:\/\/futbolhoy.co\/index.php\/2020\/05\/28\/la-serie-a-volvera-el-20-de-junio\/#primaryimage\"},\"thumbnailUrl\":\"https:\/\/futbolhoy.co\/wp-content\/uploads\/2020\/05\/20200528_145702.jpg\",\"datePublished\":\"2020-05-28T19:58:19+00:00\",\"dateModified\":\"2020-05-29T01:25:17+00:00\",\"breadcrumb\":{\"@id\":\"https:\/\/futbolhoy.co\/index.php\/2020\/05\/28\/la-serie-a-volvera-el-20-de-junio\/#breadcrumb\"},\"inLanguage\":\"es\",\"potentialAction\":[{\"@type\":\"ReadAction\",\"target\":[\"https:\/\/futbolhoy.co\/index.php\/2020\/05\/28\/la-serie-a-volvera-el-20-de-junio\/\"]}]},{\"@type\":\"ImageObject\",\"inLanguage\":\"es\",\"@id\":\"https:\/\/futbolhoy.co\/index.php\/2020\/05\/28\/la-serie-a-volvera-el-20-de-junio\/#primaryimage\",\"url\":\"https:\/\/futbolhoy.co\/wp-content\/uploads\/2020\/05\/20200528_145702.jpg\",\"contentUrl\":\"https:\/\/futbolhoy.co\/wp-content\/uploads\/2020\/05\/20200528_145702.jpg\",\"width\":2048,\"height\":1363},{\"@type\":\"BreadcrumbList\",\"@id\":\"https:\/\/futbolhoy.co\/index.php\/2020\/05\/28\/la-serie-a-volvera-el-20-de-junio\/#breadcrumb\",\"itemListElement\":[{\"@type\":\"ListItem\",\"position\":1,\"name\":\"Portada\",\"item\":\"https:\/\/futbolhoy.co\/\"},{\"@type\":\"ListItem\",\"position\":2,\"name\":\"La Serie A volver\u00e1 el 20 de junio\"}]},{\"@type\":\"WebSite\",\"@id\":\"https:\/\/futbolhoy.co\/#website\",\"url\":\"https:\/\/futbolhoy.co\/\",\"name\":\"FutbolHoy\",\"description\":\"\",\"publisher\":{\"@id\":\"https:\/\/futbolhoy.co\/#organization\"},\"potentialAction\":[{\"@type\":\"SearchAction\",\"target\":{\"@type\":\"EntryPoint\",\"urlTemplate\":\"https:\/\/futbolhoy.co\/?s={search_term_string}\"},\"query-input\":{\"@type\":\"PropertyValueSpecification\",\"valueRequired\":true,\"valueName\":\"search_term_string\"}}],\"inLanguage\":\"es\"},{\"@type\":\"Organization\",\"@id\":\"https:\/\/futbolhoy.co\/#organization\",\"name\":\"Futbolhoy.co\",\"url\":\"https:\/\/futbolhoy.co\/\",\"logo\":{\"@type\":\"ImageObject\",\"inLanguage\":\"es\",\"@id\":\"https:\/\/futbolhoy.co\/#\/schema\/logo\/image\/\",\"url\":\"https:\/\/futbolhoy.co\/wp-content\/uploads\/2018\/08\/17426380_1906371736249227_6326180412931521141_n.jpg\",\"contentUrl\":\"https:\/\/futbolhoy.co\/wp-content\/uploads\/2018\/08\/17426380_1906371736249227_6326180412931521141_n.jpg\",\"width\":960,\"height\":960,\"caption\":\"Futbolhoy.co\"},\"image\":{\"@id\":\"https:\/\/futbolhoy.co\/#\/schema\/logo\/image\/\"},\"sameAs\":[\"https:\/\/www.facebook.com\/FutbolHoyCol\/\",\"https:\/\/x.com\/FutbolHoyCol\",\"https:\/\/www.instagram.com\/futbolhoycol\/\"]},{\"@type\":\"Person\",\"@id\":\"https:\/\/futbolhoy.co\/#\/schema\/person\/c4a353a512b127643723a34bb1812f7d\",\"name\":\"Laura Hern\u00e1ndez\",\"image\":{\"@type\":\"ImageObject\",\"inLanguage\":\"es\",\"@id\":\"https:\/\/futbolhoy.co\/#\/schema\/person\/image\/\",\"url\":\"https:\/\/secure.gravatar.com\/avatar\/d25959a15b9b293a743f99181c7cfd01?s=96&d=mm&r=g\",\"contentUrl\":\"https:\/\/secure.gravatar.com\/avatar\/d25959a15b9b293a743f99181c7cfd01?s=96&d=mm&r=g\",\"caption\":\"Laura Hern\u00e1ndez\"}}]}<\/script>\n<!-- \/ Yoast SEO plugin. -->","yoast_head_json":{"title":"La Serie A volver\u00e1 el 20 de junio -","robots":{"index":"index","follow":"follow","max-snippet":"max-snippet:-1","max-image-preview":"max-image-preview:large","max-video-preview":"max-video-preview:-1"},"canonical":"https:\/\/futbolhoy.co\/index.php\/2020\/05\/28\/la-serie-a-volvera-el-20-de-junio\/","og_locale":"es_ES","og_type":"article","og_title":"La Serie A volver\u00e1 el 20 de junio -","og_description":"El\u00a0Calcio\u00a0se reanudar\u00e1 el 20 de junio, y\u00a0existe\u00a0la posibilidad de que el 13 del mismo mes se disputen las semifinales de la\u00a0Copa Italia, seg\u00fan anunci\u00f3 el ministro de Deportes,\u00a0Vincenzo Spadafora. \"El Comit\u00e9 T\u00e9cnico y Cient\u00edfico dio su visto bueno al protocolo y la\u00a0Federaci\u00f3n\u00a0me asegur\u00f3 que ten\u00eda un plan B y un plan C. En vista de [&hellip;]","og_url":"https:\/\/futbolhoy.co\/index.php\/2020\/05\/28\/la-serie-a-volvera-el-20-de-junio\/","article_publisher":"https:\/\/www.facebook.com\/FutbolHoyCol\/","article_published_time":"2020-05-28T19:58:19+00:00","article_modified_time":"2020-05-29T01:25:17+00:00","og_image":[{"width":2048,"height":1363,"url":"https:\/\/futbolhoy.co\/wp-content\/uploads\/2020\/05\/20200528_145702.jpg","type":"image\/jpeg"}],"author":"Laura Hern\u00e1ndez","twitter_card":"summary_large_image","twitter_creator":"@FutbolHoyCol","twitter_site":"@FutbolHoyCol","twitter_misc":{"Escrito por":"Laura Hern\u00e1ndez","Tiempo de lectura":"1 minuto"},"schema":{"@context":"https:\/\/schema.org","@graph":[{"@type":"Article","@id":"https:\/\/futbolhoy.co\/index.php\/2020\/05\/28\/la-serie-a-volvera-el-20-de-junio\/#article","isPartOf":{"@id":"https:\/\/futbolhoy.co\/index.php\/2020\/05\/28\/la-serie-a-volvera-el-20-de-junio\/"},"author":{"name":"Laura Hern\u00e1ndez","@id":"https:\/\/futbolhoy.co\/#\/schema\/person\/c4a353a512b127643723a34bb1812f7d"},"headline":"La Serie A volver\u00e1 el 20 de junio","datePublished":"2020-05-28T19:58:19+00:00","dateModified":"2020-05-29T01:25:17+00:00","mainEntityOfPage":{"@id":"https:\/\/futbolhoy.co\/index.php\/2020\/05\/28\/la-serie-a-volvera-el-20-de-junio\/"},"wordCount":228,"commentCount":0,"publisher":{"@id":"https:\/\/futbolhoy.co\/#organization"},"image":{"@id":"https:\/\/futbolhoy.co\/index.php\/2020\/05\/28\/la-serie-a-volvera-el-20-de-junio\/#primaryimage"},"thumbnailUrl":"https:\/\/futbolhoy.co\/wp-content\/uploads\/2020\/05\/20200528_145702.jpg","articleSection":["Mundo Futbol"],"inLanguage":"es","potentialAction":[{"@type":"CommentAction","name":"Comment","target":["https:\/\/futbolhoy.co\/index.php\/2020\/05\/28\/la-serie-a-volvera-el-20-de-junio\/#respond"]}]},{"@type":"WebPage","@id":"https:\/\/futbolhoy.co\/index.php\/2020\/05\/28\/la-serie-a-volvera-el-20-de-junio\/","url":"https:\/\/futbolhoy.co\/index.php\/2020\/05\/28\/la-serie-a-volvera-el-20-de-junio\/","name":"La Serie A volver\u00e1 el 20 de junio -","isPartOf":{"@id":"https:\/\/futbolhoy.co\/#website"},"primaryImageOfPage":{"@id":"https:\/\/futbolhoy.co\/index.php\/2020\/05\/28\/la-serie-a-volvera-el-20-de-junio\/#primaryimage"},"image":{"@id":"https:\/\/futbolhoy.co\/index.php\/2020\/05\/28\/la-serie-a-volvera-el-20-de-junio\/#primaryimage"},"thumbnailUrl":"https:\/\/futbolhoy.co\/wp-content\/uploads\/2020\/05\/20200528_145702.jpg","datePublished":"2020-05-28T19:58:19+00:00","dateModified":"2020-05-29T01:25:17+00:00","breadcrumb":{"@id":"https:\/\/futbolhoy.co\/index.php\/2020\/05\/28\/la-serie-a-volvera-el-20-de-junio\/#breadcrumb"},"inLanguage":"es","potentialAction":[{"@type":"ReadAction","target":["https:\/\/futbolhoy.co\/index.php\/2020\/05\/28\/la-serie-a-volvera-el-20-de-junio\/"]}]},{"@type":"ImageObject","inLanguage":"es","@id":"https:\/\/futbolhoy.co\/index.php\/2020\/05\/28\/la-serie-a-volvera-el-20-de-junio\/#primaryimage","url":"https:\/\/futbolhoy.co\/wp-content\/uploads\/2020\/05\/20200528_145702.jpg","contentUrl":"https:\/\/futbolhoy.co\/wp-content\/uploads\/2020\/05\/20200528_145702.jpg","width":2048,"height":1363},{"@type":"BreadcrumbList","@id":"https:\/\/futbolhoy.co\/index.php\/2020\/05\/28\/la-serie-a-volvera-el-20-de-junio\/#breadcrumb","itemListElement":[{"@type":"ListItem","position":1,"name":"Portada","item":"https:\/\/futbolhoy.co\/"},{"@type":"ListItem","position":2,"name":"La Serie A volver\u00e1 el 20 de junio"}]},{"@type":"WebSite","@id":"https:\/\/futbolhoy.co\/#website","url":"https:\/\/futbolhoy.co\/","name":"FutbolHoy","description":"","publisher":{"@id":"https:\/\/futbolhoy.co\/#organization"},"potentialAction":[{"@type":"SearchAction","target":{"@type":"EntryPoint","urlTemplate":"https:\/\/futbolhoy.co\/?s={search_term_string}"},"query-input":{"@type":"PropertyValueSpecification","valueRequired":true,"valueName":"search_term_string"}}],"inLanguage":"es"},{"@type":"Organization","@id":"https:\/\/futbolhoy.co\/#organization","name":"Futbolhoy.co","url":"https:\/\/futbolhoy.co\/","logo":{"@type":"ImageObject","inLanguage":"es","@id":"https:\/\/futbolhoy.co\/#\/schema\/logo\/image\/","url":"https:\/\/futbolhoy.co\/wp-content\/uploads\/2018\/08\/17426380_1906371736249227_6326180412931521141_n.jpg","contentUrl":"https:\/\/futbolhoy.co\/wp-content\/uploads\/2018\/08\/17426380_1906371736249227_6326180412931521141_n.jpg","width":960,"height":960,"caption":"Futbolhoy.co"},"image":{"@id":"https:\/\/futbolhoy.co\/#\/schema\/logo\/image\/"},"sameAs":["https:\/\/www.facebook.com\/FutbolHoyCol\/","https:\/\/x.com\/FutbolHoyCol","https:\/\/www.instagram.com\/futbolhoycol\/"]},{"@type":"Person","@id":"https:\/\/futbolhoy.co\/#\/schema\/person\/c4a353a512b127643723a34bb1812f7d","name":"Laura Hern\u00e1ndez","image":{"@type":"ImageObject","inLanguage":"es","@id":"https:\/\/futbolhoy.co\/#\/schema\/person\/image\/","url":"https:\/\/secure.gravatar.com\/avatar\/d25959a15b9b293a743f99181c7cfd01?s=96&d=mm&r=g","contentUrl":"https:\/\/secure.gravatar.com\/avatar\/d25959a15b9b293a743f99181c7cfd01?s=96&d=mm&r=g","caption":"Laura Hern\u00e1ndez"}}]}},"publishpress_future_action":{"enabled":false,"date":"2026-05-05 14:09:22","action":"change-status","newStatus":"draft","terms":[],"taxonomy":"category","extraData":[]},"publishpress_future_workflow_manual_trigger":{"enabledWorkflows":[]},"_links":{"self":[{"href":"https:\/\/futbolhoy.co\/index.php\/wp-json\/wp\/v2\/posts\/51695","targetHints":{"allow":["GET"]}}],"collection":[{"href":"https:\/\/futbolhoy.co\/index.php\/wp-json\/wp\/v2\/posts"}],"about":[{"href":"https:\/\/futbolhoy.co\/index.php\/wp-json\/wp\/v2\/types\/post"}],"author":[{"embeddable":true,"href":"https:\/\/futbolhoy.co\/index.php\/wp-json\/wp\/v2\/users\/5"}],"replies":[{"embeddable":true,"href":"https:\/\/futbolhoy.co\/index.php\/wp-json\/wp\/v2\/comments?post=51695"}],"version-history":[{"count":1,"href":"https:\/\/futbolhoy.co\/index.php\/wp-json\/wp\/v2\/posts\/51695\/revisions"}],"predecessor-version":[{"id":51697,"href":"https:\/\/futbolhoy.co\/index.php\/wp-json\/wp\/v2\/posts\/51695\/revisions\/51697"}],"wp:featuredmedia":[{"embeddable":true,"href":"https:\/\/futbolhoy.co\/index.php\/wp-json\/wp\/v2\/media\/51696"}],"wp:attachment":[{"href":"https:\/\/futbolhoy.co\/index.php\/wp-json\/wp\/v2\/media?parent=51695"}],"wp:term":[{"taxonomy":"category","embeddable":true,"href":"https:\/\/futbolhoy.co\/index.php\/wp-json\/wp\/v2\/categories?post=51695"},{"taxonomy":"post_tag","embeddable":true,"href":"https:\/\/futbolhoy.co\/index.php\/wp-json\/wp\/v2\/tags?post=51695"}],"curies":[{"name":"wp","href":"https:\/\/api.w.org\/{rel}","templated":true}]}}