{"id":51735,"date":"2020-05-29T06:07:20","date_gmt":"2020-05-29T11:07:20","guid":{"rendered":"https:\/\/futbolhoy.co\/?p=51735"},"modified":"2020-05-29T17:30:11","modified_gmt":"2020-05-29T22:30:11","slug":"un-dia-como-hoy-82-anos-desde-el-primer-partido-oficial-en-el-monumental","status":"publish","type":"post","link":"https:\/\/futbolhoy.co\/index.php\/2020\/05\/29\/un-dia-como-hoy-82-anos-desde-el-primer-partido-oficial-en-el-monumental\/","title":{"rendered":"Un d\u00eda como hoy: 82 a\u00f1os del primer partido oficial en el Monumental"},"content":{"rendered":"<p>Un d\u00eda como hoy, en 1938, el <strong>Estadio Monumental<\/strong> de la ciudad de <strong>Buenos Aires<\/strong> abri\u00f3 sus puertas para presenciar el primer partido oficial de <strong>River Plate<\/strong> en su cancha.<\/p>\n<p>Tres d\u00edas antes, se hab\u00eda inaugurado con el amistoso entre <strong>River<\/strong> - <strong>Pe\u00f1arol,<\/strong> que gan\u00f3 el cuadro \"Millonario\" 3-1.<\/p>\n<p>Con 80.000 espectadores, River se enfrent\u00f3 a Independiente, cayendo 2-4. <strong>Vicente de la Mata,<\/strong> del \u201cRojo\u201d, anot\u00f3 el primer gol en esa cancha. <strong>Pedernera<\/strong> y <strong>Moreno,<\/strong> marcaron para River. En tanto, <strong>Reuben<\/strong> -2- y <strong>Arsenio Erico,<\/strong> hicieron los goles restantes del cuadro de <strong>Avellaneda.<\/strong><\/p>\n<p><a href=\"https:\/\/futbolhoy.co\/wp-content\/uploads\/2020\/05\/20200529_045845.jpg\"><img fetchpriority=\"high\" decoding=\"async\" class=\"aligncenter size-full wp-image-51736\" src=\"https:\/\/futbolhoy.co\/wp-content\/uploads\/2020\/05\/20200529_045845.jpg\" alt=\"\" width=\"640\" height=\"407\" srcset=\"https:\/\/futbolhoy.co\/wp-content\/uploads\/2020\/05\/20200529_045845.jpg 640w, https:\/\/futbolhoy.co\/wp-content\/uploads\/2020\/05\/20200529_045845-300x191.jpg 300w, https:\/\/futbolhoy.co\/wp-content\/uploads\/2020\/05\/20200529_045845-128x81.jpg 128w, https:\/\/futbolhoy.co\/wp-content\/uploads\/2020\/05\/20200529_045845-32x20.jpg 32w\" sizes=\"(max-width: 640px) 100vw, 640px\" \/><\/a><\/p>\n<p><a href=\"https:\/\/futbolhoy.co\/wp-content\/uploads\/2020\/05\/20200529_050052.jpg\"><img decoding=\"async\" class=\"aligncenter size-full wp-image-51739\" src=\"https:\/\/futbolhoy.co\/wp-content\/uploads\/2020\/05\/20200529_050052.jpg\" alt=\"\" width=\"750\" height=\"533\" srcset=\"https:\/\/futbolhoy.co\/wp-content\/uploads\/2020\/05\/20200529_050052.jpg 750w, https:\/\/futbolhoy.co\/wp-content\/uploads\/2020\/05\/20200529_050052-300x213.jpg 300w, https:\/\/futbolhoy.co\/wp-content\/uploads\/2020\/05\/20200529_050052-100x70.jpg 100w, https:\/\/futbolhoy.co\/wp-content\/uploads\/2020\/05\/20200529_050052-696x495.jpg 696w, https:\/\/futbolhoy.co\/wp-content\/uploads\/2020\/05\/20200529_050052-591x420.jpg 591w, https:\/\/futbolhoy.co\/wp-content\/uploads\/2020\/05\/20200529_050052-128x91.jpg 128w, https:\/\/futbolhoy.co\/wp-content\/uploads\/2020\/05\/20200529_050052-32x23.jpg 32w\" sizes=\"(max-width: 750px) 100vw, 750px\" \/><\/a><\/p>\n","protected":false},"excerpt":{"rendered":"<p>Un d\u00eda como hoy, en 1938, el Estadio Monumental de la ciudad de Buenos Aires abri\u00f3 sus puertas para presenciar el primer partido oficial de River Plate en su cancha. Tres d\u00edas antes, se hab\u00eda inaugurado con el amistoso entre River - Pe\u00f1arol, que gan\u00f3 el cuadro \"Millonario\" 3-1. Con 80.000 espectadores, River se enfrent\u00f3 [&hellip;]<\/p>\n","protected":false},"author":5,"featured_media":51738,"comment_status":"open","ping_status":"open","sticky":false,"template":"","format":"standard","meta":{"_acf_changed":false,"footnotes":""},"categories":[152],"tags":[],"class_list":{"0":"post-51735","1":"post","2":"type-post","3":"status-publish","4":"format-standard","5":"has-post-thumbnail","7":"category-mundo-futbol"},"acf":[],"yoast_head":"<!-- This site is optimized with the Yoast SEO plugin v26.8 - https:\/\/yoast.com\/product\/yoast-seo-wordpress\/ -->\n<title>Un d\u00eda como hoy: 82 a\u00f1os del primer partido oficial en el Monumental -<\/title>\n<meta name=\"robots\" content=\"index, follow, max-snippet:-1, max-image-preview:large, max-video-preview:-1\" \/>\n<link rel=\"canonical\" href=\"https:\/\/futbolhoy.co\/index.php\/2020\/05\/29\/un-dia-como-hoy-82-anos-desde-el-primer-partido-oficial-en-el-monumental\/\" \/>\n<meta property=\"og:locale\" content=\"es_ES\" \/>\n<meta property=\"og:type\" content=\"article\" \/>\n<meta property=\"og:title\" content=\"Un d\u00eda como hoy: 82 a\u00f1os del primer partido oficial en el Monumental -\" \/>\n<meta property=\"og:description\" content=\"Un d\u00eda como hoy, en 1938, el Estadio Monumental de la ciudad de Buenos Aires abri\u00f3 sus puertas para presenciar el primer partido oficial de River Plate en su cancha. Tres d\u00edas antes, se hab\u00eda inaugurado con el amistoso entre River - Pe\u00f1arol, que gan\u00f3 el cuadro &quot;Millonario&quot; 3-1. Con 80.000 espectadores, River se enfrent\u00f3 [&hellip;]\" \/>\n<meta property=\"og:url\" content=\"https:\/\/futbolhoy.co\/index.php\/2020\/05\/29\/un-dia-como-hoy-82-anos-desde-el-primer-partido-oficial-en-el-monumental\/\" \/>\n<meta property=\"article:publisher\" content=\"https:\/\/www.facebook.com\/FutbolHoyCol\/\" \/>\n<meta property=\"article:published_time\" content=\"2020-05-29T11:07:20+00:00\" \/>\n<meta property=\"article:modified_time\" content=\"2020-05-29T22:30:11+00:00\" \/>\n<meta property=\"og:image\" content=\"https:\/\/futbolhoy.co\/wp-content\/uploads\/2020\/05\/20200529_044209.jpg\" \/>\n\t<meta property=\"og:image:width\" content=\"550\" \/>\n\t<meta property=\"og:image:height\" content=\"400\" \/>\n\t<meta property=\"og:image:type\" content=\"image\/jpeg\" \/>\n<meta name=\"author\" content=\"Laura Hern\u00e1ndez\" \/>\n<meta name=\"twitter:card\" content=\"summary_large_image\" \/>\n<meta name=\"twitter:creator\" content=\"@FutbolHoyCol\" \/>\n<meta name=\"twitter:site\" content=\"@FutbolHoyCol\" \/>\n<meta name=\"twitter:label1\" content=\"Escrito por\" \/>\n\t<meta name=\"twitter:data1\" content=\"Laura Hern\u00e1ndez\" \/>\n<script type=\"application\/ld+json\" class=\"yoast-schema-graph\">{\"@context\":\"https:\/\/schema.org\",\"@graph\":[{\"@type\":\"Article\",\"@id\":\"https:\/\/futbolhoy.co\/index.php\/2020\/05\/29\/un-dia-como-hoy-82-anos-desde-el-primer-partido-oficial-en-el-monumental\/#article\",\"isPartOf\":{\"@id\":\"https:\/\/futbolhoy.co\/index.php\/2020\/05\/29\/un-dia-como-hoy-82-anos-desde-el-primer-partido-oficial-en-el-monumental\/\"},\"author\":{\"name\":\"Laura Hern\u00e1ndez\",\"@id\":\"https:\/\/futbolhoy.co\/#\/schema\/person\/c4a353a512b127643723a34bb1812f7d\"},\"headline\":\"Un d\u00eda como hoy: 82 a\u00f1os del primer partido oficial en el Monumental\",\"datePublished\":\"2020-05-29T11:07:20+00:00\",\"dateModified\":\"2020-05-29T22:30:11+00:00\",\"mainEntityOfPage\":{\"@id\":\"https:\/\/futbolhoy.co\/index.php\/2020\/05\/29\/un-dia-como-hoy-82-anos-desde-el-primer-partido-oficial-en-el-monumental\/\"},\"wordCount\":110,\"commentCount\":0,\"publisher\":{\"@id\":\"https:\/\/futbolhoy.co\/#organization\"},\"image\":{\"@id\":\"https:\/\/futbolhoy.co\/index.php\/2020\/05\/29\/un-dia-como-hoy-82-anos-desde-el-primer-partido-oficial-en-el-monumental\/#primaryimage\"},\"thumbnailUrl\":\"https:\/\/futbolhoy.co\/wp-content\/uploads\/2020\/05\/20200529_044209.jpg\",\"articleSection\":[\"Mundo Futbol\"],\"inLanguage\":\"es\",\"potentialAction\":[{\"@type\":\"CommentAction\",\"name\":\"Comment\",\"target\":[\"https:\/\/futbolhoy.co\/index.php\/2020\/05\/29\/un-dia-como-hoy-82-anos-desde-el-primer-partido-oficial-en-el-monumental\/#respond\"]}]},{\"@type\":\"WebPage\",\"@id\":\"https:\/\/futbolhoy.co\/index.php\/2020\/05\/29\/un-dia-como-hoy-82-anos-desde-el-primer-partido-oficial-en-el-monumental\/\",\"url\":\"https:\/\/futbolhoy.co\/index.php\/2020\/05\/29\/un-dia-como-hoy-82-anos-desde-el-primer-partido-oficial-en-el-monumental\/\",\"name\":\"Un d\u00eda como hoy: 82 a\u00f1os del primer partido oficial en el Monumental -\",\"isPartOf\":{\"@id\":\"https:\/\/futbolhoy.co\/#website\"},\"primaryImageOfPage\":{\"@id\":\"https:\/\/futbolhoy.co\/index.php\/2020\/05\/29\/un-dia-como-hoy-82-anos-desde-el-primer-partido-oficial-en-el-monumental\/#primaryimage\"},\"image\":{\"@id\":\"https:\/\/futbolhoy.co\/index.php\/2020\/05\/29\/un-dia-como-hoy-82-anos-desde-el-primer-partido-oficial-en-el-monumental\/#primaryimage\"},\"thumbnailUrl\":\"https:\/\/futbolhoy.co\/wp-content\/uploads\/2020\/05\/20200529_044209.jpg\",\"datePublished\":\"2020-05-29T11:07:20+00:00\",\"dateModified\":\"2020-05-29T22:30:11+00:00\",\"breadcrumb\":{\"@id\":\"https:\/\/futbolhoy.co\/index.php\/2020\/05\/29\/un-dia-como-hoy-82-anos-desde-el-primer-partido-oficial-en-el-monumental\/#breadcrumb\"},\"inLanguage\":\"es\",\"potentialAction\":[{\"@type\":\"ReadAction\",\"target\":[\"https:\/\/futbolhoy.co\/index.php\/2020\/05\/29\/un-dia-como-hoy-82-anos-desde-el-primer-partido-oficial-en-el-monumental\/\"]}]},{\"@type\":\"ImageObject\",\"inLanguage\":\"es\",\"@id\":\"https:\/\/futbolhoy.co\/index.php\/2020\/05\/29\/un-dia-como-hoy-82-anos-desde-el-primer-partido-oficial-en-el-monumental\/#primaryimage\",\"url\":\"https:\/\/futbolhoy.co\/wp-content\/uploads\/2020\/05\/20200529_044209.jpg\",\"contentUrl\":\"https:\/\/futbolhoy.co\/wp-content\/uploads\/2020\/05\/20200529_044209.jpg\",\"width\":550,\"height\":400},{\"@type\":\"BreadcrumbList\",\"@id\":\"https:\/\/futbolhoy.co\/index.php\/2020\/05\/29\/un-dia-como-hoy-82-anos-desde-el-primer-partido-oficial-en-el-monumental\/#breadcrumb\",\"itemListElement\":[{\"@type\":\"ListItem\",\"position\":1,\"name\":\"Portada\",\"item\":\"https:\/\/futbolhoy.co\/\"},{\"@type\":\"ListItem\",\"position\":2,\"name\":\"Un d\u00eda como hoy: 82 a\u00f1os del primer partido oficial en el Monumental\"}]},{\"@type\":\"WebSite\",\"@id\":\"https:\/\/futbolhoy.co\/#website\",\"url\":\"https:\/\/futbolhoy.co\/\",\"name\":\"FutbolHoy\",\"description\":\"\",\"publisher\":{\"@id\":\"https:\/\/futbolhoy.co\/#organization\"},\"potentialAction\":[{\"@type\":\"SearchAction\",\"target\":{\"@type\":\"EntryPoint\",\"urlTemplate\":\"https:\/\/futbolhoy.co\/?s={search_term_string}\"},\"query-input\":{\"@type\":\"PropertyValueSpecification\",\"valueRequired\":true,\"valueName\":\"search_term_string\"}}],\"inLanguage\":\"es\"},{\"@type\":\"Organization\",\"@id\":\"https:\/\/futbolhoy.co\/#organization\",\"name\":\"Futbolhoy.co\",\"url\":\"https:\/\/futbolhoy.co\/\",\"logo\":{\"@type\":\"ImageObject\",\"inLanguage\":\"es\",\"@id\":\"https:\/\/futbolhoy.co\/#\/schema\/logo\/image\/\",\"url\":\"https:\/\/futbolhoy.co\/wp-content\/uploads\/2018\/08\/17426380_1906371736249227_6326180412931521141_n.jpg\",\"contentUrl\":\"https:\/\/futbolhoy.co\/wp-content\/uploads\/2018\/08\/17426380_1906371736249227_6326180412931521141_n.jpg\",\"width\":960,\"height\":960,\"caption\":\"Futbolhoy.co\"},\"image\":{\"@id\":\"https:\/\/futbolhoy.co\/#\/schema\/logo\/image\/\"},\"sameAs\":[\"https:\/\/www.facebook.com\/FutbolHoyCol\/\",\"https:\/\/x.com\/FutbolHoyCol\",\"https:\/\/www.instagram.com\/futbolhoycol\/\"]},{\"@type\":\"Person\",\"@id\":\"https:\/\/futbolhoy.co\/#\/schema\/person\/c4a353a512b127643723a34bb1812f7d\",\"name\":\"Laura Hern\u00e1ndez\",\"image\":{\"@type\":\"ImageObject\",\"inLanguage\":\"es\",\"@id\":\"https:\/\/futbolhoy.co\/#\/schema\/person\/image\/\",\"url\":\"https:\/\/secure.gravatar.com\/avatar\/d25959a15b9b293a743f99181c7cfd01?s=96&d=mm&r=g\",\"contentUrl\":\"https:\/\/secure.gravatar.com\/avatar\/d25959a15b9b293a743f99181c7cfd01?s=96&d=mm&r=g\",\"caption\":\"Laura Hern\u00e1ndez\"}}]}<\/script>\n<!-- \/ Yoast SEO plugin. -->","yoast_head_json":{"title":"Un d\u00eda como hoy: 82 a\u00f1os del primer partido oficial en el Monumental -","robots":{"index":"index","follow":"follow","max-snippet":"max-snippet:-1","max-image-preview":"max-image-preview:large","max-video-preview":"max-video-preview:-1"},"canonical":"https:\/\/futbolhoy.co\/index.php\/2020\/05\/29\/un-dia-como-hoy-82-anos-desde-el-primer-partido-oficial-en-el-monumental\/","og_locale":"es_ES","og_type":"article","og_title":"Un d\u00eda como hoy: 82 a\u00f1os del primer partido oficial en el Monumental -","og_description":"Un d\u00eda como hoy, en 1938, el Estadio Monumental de la ciudad de Buenos Aires abri\u00f3 sus puertas para presenciar el primer partido oficial de River Plate en su cancha. Tres d\u00edas antes, se hab\u00eda inaugurado con el amistoso entre River - Pe\u00f1arol, que gan\u00f3 el cuadro \"Millonario\" 3-1. Con 80.000 espectadores, River se enfrent\u00f3 [&hellip;]","og_url":"https:\/\/futbolhoy.co\/index.php\/2020\/05\/29\/un-dia-como-hoy-82-anos-desde-el-primer-partido-oficial-en-el-monumental\/","article_publisher":"https:\/\/www.facebook.com\/FutbolHoyCol\/","article_published_time":"2020-05-29T11:07:20+00:00","article_modified_time":"2020-05-29T22:30:11+00:00","og_image":[{"width":550,"height":400,"url":"https:\/\/futbolhoy.co\/wp-content\/uploads\/2020\/05\/20200529_044209.jpg","type":"image\/jpeg"}],"author":"Laura Hern\u00e1ndez","twitter_card":"summary_large_image","twitter_creator":"@FutbolHoyCol","twitter_site":"@FutbolHoyCol","twitter_misc":{"Escrito por":"Laura Hern\u00e1ndez"},"schema":{"@context":"https:\/\/schema.org","@graph":[{"@type":"Article","@id":"https:\/\/futbolhoy.co\/index.php\/2020\/05\/29\/un-dia-como-hoy-82-anos-desde-el-primer-partido-oficial-en-el-monumental\/#article","isPartOf":{"@id":"https:\/\/futbolhoy.co\/index.php\/2020\/05\/29\/un-dia-como-hoy-82-anos-desde-el-primer-partido-oficial-en-el-monumental\/"},"author":{"name":"Laura Hern\u00e1ndez","@id":"https:\/\/futbolhoy.co\/#\/schema\/person\/c4a353a512b127643723a34bb1812f7d"},"headline":"Un d\u00eda como hoy: 82 a\u00f1os del primer partido oficial en el Monumental","datePublished":"2020-05-29T11:07:20+00:00","dateModified":"2020-05-29T22:30:11+00:00","mainEntityOfPage":{"@id":"https:\/\/futbolhoy.co\/index.php\/2020\/05\/29\/un-dia-como-hoy-82-anos-desde-el-primer-partido-oficial-en-el-monumental\/"},"wordCount":110,"commentCount":0,"publisher":{"@id":"https:\/\/futbolhoy.co\/#organization"},"image":{"@id":"https:\/\/futbolhoy.co\/index.php\/2020\/05\/29\/un-dia-como-hoy-82-anos-desde-el-primer-partido-oficial-en-el-monumental\/#primaryimage"},"thumbnailUrl":"https:\/\/futbolhoy.co\/wp-content\/uploads\/2020\/05\/20200529_044209.jpg","articleSection":["Mundo Futbol"],"inLanguage":"es","potentialAction":[{"@type":"CommentAction","name":"Comment","target":["https:\/\/futbolhoy.co\/index.php\/2020\/05\/29\/un-dia-como-hoy-82-anos-desde-el-primer-partido-oficial-en-el-monumental\/#respond"]}]},{"@type":"WebPage","@id":"https:\/\/futbolhoy.co\/index.php\/2020\/05\/29\/un-dia-como-hoy-82-anos-desde-el-primer-partido-oficial-en-el-monumental\/","url":"https:\/\/futbolhoy.co\/index.php\/2020\/05\/29\/un-dia-como-hoy-82-anos-desde-el-primer-partido-oficial-en-el-monumental\/","name":"Un d\u00eda como hoy: 82 a\u00f1os del primer partido oficial en el Monumental -","isPartOf":{"@id":"https:\/\/futbolhoy.co\/#website"},"primaryImageOfPage":{"@id":"https:\/\/futbolhoy.co\/index.php\/2020\/05\/29\/un-dia-como-hoy-82-anos-desde-el-primer-partido-oficial-en-el-monumental\/#primaryimage"},"image":{"@id":"https:\/\/futbolhoy.co\/index.php\/2020\/05\/29\/un-dia-como-hoy-82-anos-desde-el-primer-partido-oficial-en-el-monumental\/#primaryimage"},"thumbnailUrl":"https:\/\/futbolhoy.co\/wp-content\/uploads\/2020\/05\/20200529_044209.jpg","datePublished":"2020-05-29T11:07:20+00:00","dateModified":"2020-05-29T22:30:11+00:00","breadcrumb":{"@id":"https:\/\/futbolhoy.co\/index.php\/2020\/05\/29\/un-dia-como-hoy-82-anos-desde-el-primer-partido-oficial-en-el-monumental\/#breadcrumb"},"inLanguage":"es","potentialAction":[{"@type":"ReadAction","target":["https:\/\/futbolhoy.co\/index.php\/2020\/05\/29\/un-dia-como-hoy-82-anos-desde-el-primer-partido-oficial-en-el-monumental\/"]}]},{"@type":"ImageObject","inLanguage":"es","@id":"https:\/\/futbolhoy.co\/index.php\/2020\/05\/29\/un-dia-como-hoy-82-anos-desde-el-primer-partido-oficial-en-el-monumental\/#primaryimage","url":"https:\/\/futbolhoy.co\/wp-content\/uploads\/2020\/05\/20200529_044209.jpg","contentUrl":"https:\/\/futbolhoy.co\/wp-content\/uploads\/2020\/05\/20200529_044209.jpg","width":550,"height":400},{"@type":"BreadcrumbList","@id":"https:\/\/futbolhoy.co\/index.php\/2020\/05\/29\/un-dia-como-hoy-82-anos-desde-el-primer-partido-oficial-en-el-monumental\/#breadcrumb","itemListElement":[{"@type":"ListItem","position":1,"name":"Portada","item":"https:\/\/futbolhoy.co\/"},{"@type":"ListItem","position":2,"name":"Un d\u00eda como hoy: 82 a\u00f1os del primer partido oficial en el Monumental"}]},{"@type":"WebSite","@id":"https:\/\/futbolhoy.co\/#website","url":"https:\/\/futbolhoy.co\/","name":"FutbolHoy","description":"","publisher":{"@id":"https:\/\/futbolhoy.co\/#organization"},"potentialAction":[{"@type":"SearchAction","target":{"@type":"EntryPoint","urlTemplate":"https:\/\/futbolhoy.co\/?s={search_term_string}"},"query-input":{"@type":"PropertyValueSpecification","valueRequired":true,"valueName":"search_term_string"}}],"inLanguage":"es"},{"@type":"Organization","@id":"https:\/\/futbolhoy.co\/#organization","name":"Futbolhoy.co","url":"https:\/\/futbolhoy.co\/","logo":{"@type":"ImageObject","inLanguage":"es","@id":"https:\/\/futbolhoy.co\/#\/schema\/logo\/image\/","url":"https:\/\/futbolhoy.co\/wp-content\/uploads\/2018\/08\/17426380_1906371736249227_6326180412931521141_n.jpg","contentUrl":"https:\/\/futbolhoy.co\/wp-content\/uploads\/2018\/08\/17426380_1906371736249227_6326180412931521141_n.jpg","width":960,"height":960,"caption":"Futbolhoy.co"},"image":{"@id":"https:\/\/futbolhoy.co\/#\/schema\/logo\/image\/"},"sameAs":["https:\/\/www.facebook.com\/FutbolHoyCol\/","https:\/\/x.com\/FutbolHoyCol","https:\/\/www.instagram.com\/futbolhoycol\/"]},{"@type":"Person","@id":"https:\/\/futbolhoy.co\/#\/schema\/person\/c4a353a512b127643723a34bb1812f7d","name":"Laura Hern\u00e1ndez","image":{"@type":"ImageObject","inLanguage":"es","@id":"https:\/\/futbolhoy.co\/#\/schema\/person\/image\/","url":"https:\/\/secure.gravatar.com\/avatar\/d25959a15b9b293a743f99181c7cfd01?s=96&d=mm&r=g","contentUrl":"https:\/\/secure.gravatar.com\/avatar\/d25959a15b9b293a743f99181c7cfd01?s=96&d=mm&r=g","caption":"Laura Hern\u00e1ndez"}}]}},"publishpress_future_action":{"enabled":false,"date":"2026-05-05 21:26:18","action":"change-status","newStatus":"draft","terms":[],"taxonomy":"category","extraData":[]},"publishpress_future_workflow_manual_trigger":{"enabledWorkflows":[]},"_links":{"self":[{"href":"https:\/\/futbolhoy.co\/index.php\/wp-json\/wp\/v2\/posts\/51735","targetHints":{"allow":["GET"]}}],"collection":[{"href":"https:\/\/futbolhoy.co\/index.php\/wp-json\/wp\/v2\/posts"}],"about":[{"href":"https:\/\/futbolhoy.co\/index.php\/wp-json\/wp\/v2\/types\/post"}],"author":[{"embeddable":true,"href":"https:\/\/futbolhoy.co\/index.php\/wp-json\/wp\/v2\/users\/5"}],"replies":[{"embeddable":true,"href":"https:\/\/futbolhoy.co\/index.php\/wp-json\/wp\/v2\/comments?post=51735"}],"version-history":[{"count":3,"href":"https:\/\/futbolhoy.co\/index.php\/wp-json\/wp\/v2\/posts\/51735\/revisions"}],"predecessor-version":[{"id":51747,"href":"https:\/\/futbolhoy.co\/index.php\/wp-json\/wp\/v2\/posts\/51735\/revisions\/51747"}],"wp:featuredmedia":[{"embeddable":true,"href":"https:\/\/futbolhoy.co\/index.php\/wp-json\/wp\/v2\/media\/51738"}],"wp:attachment":[{"href":"https:\/\/futbolhoy.co\/index.php\/wp-json\/wp\/v2\/media?parent=51735"}],"wp:term":[{"taxonomy":"category","embeddable":true,"href":"https:\/\/futbolhoy.co\/index.php\/wp-json\/wp\/v2\/categories?post=51735"},{"taxonomy":"post_tag","embeddable":true,"href":"https:\/\/futbolhoy.co\/index.php\/wp-json\/wp\/v2\/tags?post=51735"}],"curies":[{"name":"wp","href":"https:\/\/api.w.org\/{rel}","templated":true}]}}