{"id":51741,"date":"2020-05-29T08:56:37","date_gmt":"2020-05-29T13:56:37","guid":{"rendered":"https:\/\/futbolhoy.co\/?p=51741"},"modified":"2020-05-29T19:05:04","modified_gmt":"2020-05-30T00:05:04","slug":"scaloni-quiere-jugar-en-la-bombonera","status":"publish","type":"post","link":"https:\/\/futbolhoy.co\/index.php\/2020\/05\/29\/scaloni-quiere-jugar-en-la-bombonera\/","title":{"rendered":"Scaloni quiere jugar en La Bombonera"},"content":{"rendered":"<!--[if lt IE 9]><script>document.createElement('audio');<\/script><![endif]-->\n<audio class=\"wp-audio-shortcode\" id=\"audio-51741-1\" preload=\"none\" style=\"width: 100%;\" controls=\"controls\"><source type=\"audio\/mpeg\" src=\"https:\/\/futbolhoy.co\/wp-content\/uploads\/2020\/05\/Lionel-Scaloni-seleccionador-de-Argentina-en-Radio-La-Red..mp3?_=1\" \/><a href=\"https:\/\/futbolhoy.co\/wp-content\/uploads\/2020\/05\/Lionel-Scaloni-seleccionador-de-Argentina-en-Radio-La-Red..mp3\">https:\/\/futbolhoy.co\/wp-content\/uploads\/2020\/05\/Lionel-Scaloni-seleccionador-de-Argentina-en-Radio-La-Red..mp3<\/a><\/audio>\n<p>(Lionel Scaloni, seleccionador de Argentina en Radio La Red)<\/p>\n<p style=\"text-align: justify;\"><span style=\"font-family: helvetica, arial, sans-serif;\"><strong>Lionel Scaloni<\/strong>, seleccionador de <strong>Argentina,<\/strong> escogi\u00f3 <strong>La Bombonera<\/strong> como el estadio en el que le gustar\u00eda disputar, en condici\u00f3n de local, los partidos de las <strong>Eliminatorias<\/strong> sudamericanas al<strong> Mundial Qatar 2022.<\/strong><\/span><\/p>\n<p style=\"text-align: justify;\"><span style=\"font-family: helvetica, arial, sans-serif;\">Scaloni tambi\u00e9n se mostr\u00f3 partidario de llevar la Selecci\u00f3n al interior del pa\u00eds; y propuso <strong>Rosario<\/strong> como ciudad candidata, ya sea en el estadio de <strong>Newell\u2019s Old Boys<\/strong> o <strong>Central.<\/strong><\/span><\/p>\n<p style=\"text-align: justify;\"><span style=\"font-family: helvetica, arial, sans-serif;\">\u201cNo digo que tengo poder de decisi\u00f3n cien por cien, porque a veces una cancha no se puede o tiene problemas. A m\u00ed me gusta jugar en La Bombonera, como tambi\u00e9n me gustar\u00eda jugar en la cancha de Newell\u2019s o de Central en Rosario; son estadios que llaman, que presionan. Tampoco creo que se gane o se pierda por jugar en una o en otra cancha, pero si es verdad que el ambiente ayuda\u201d, declar\u00f3 Scaloni a <em>Radio La Red<\/em> en <strong>Buenos Aires.<\/strong><\/span><\/p>\n<p style=\"text-align: justify;\"><span style=\"font-family: helvetica, arial, sans-serif;\">Las Eliminatorias en Sudam\u00e9rica est\u00e1n programadas para iniciarse, desde la tercera fecha, en el mes de septiembre, siempre y cuando las condiciones de salubridad en el continente lo permitan, debido a la pandemia del <strong>coronavirus,<\/strong> que ya afect\u00f3 su normal desarrollo, programado para haber comenzado en marzo pasado.<\/span><\/p>\n","protected":false},"excerpt":{"rendered":"<p>(Lionel Scaloni, seleccionador de Argentina en Radio La Red) Lionel Scaloni, seleccionador de Argentina, escogi\u00f3 La Bombonera como el estadio en el que le gustar\u00eda disputar, en condici\u00f3n de local, los partidos de las Eliminatorias sudamericanas al Mundial Qatar 2022. Scaloni tambi\u00e9n se mostr\u00f3 partidario de llevar la Selecci\u00f3n al interior del pa\u00eds; y propuso [&hellip;]<\/p>\n","protected":false},"author":5,"featured_media":37063,"comment_status":"open","ping_status":"open","sticky":false,"template":"","format":"video","meta":{"_acf_changed":false,"footnotes":""},"categories":[152],"tags":[1867,1099],"class_list":{"0":"post-51741","1":"post","2":"type-post","3":"status-publish","4":"format-video","5":"has-post-thumbnail","7":"category-mundo-futbol","8":"tag-la-bombonera","9":"tag-lionel-scaloni","10":"post_format-post-format-video"},"acf":[],"yoast_head":"<!-- This site is optimized with the Yoast SEO plugin v26.8 - https:\/\/yoast.com\/product\/yoast-seo-wordpress\/ -->\n<title>Scaloni quiere jugar en La Bombonera -<\/title>\n<meta name=\"robots\" content=\"index, follow, max-snippet:-1, max-image-preview:large, max-video-preview:-1\" \/>\n<link rel=\"canonical\" href=\"https:\/\/futbolhoy.co\/index.php\/2020\/05\/29\/scaloni-quiere-jugar-en-la-bombonera\/\" \/>\n<meta property=\"og:locale\" content=\"es_ES\" \/>\n<meta property=\"og:type\" content=\"article\" \/>\n<meta property=\"og:title\" content=\"Scaloni quiere jugar en La Bombonera -\" \/>\n<meta property=\"og:description\" content=\"(Lionel Scaloni, seleccionador de Argentina en Radio La Red) Lionel Scaloni, seleccionador de Argentina, escogi\u00f3 La Bombonera como el estadio en el que le gustar\u00eda disputar, en condici\u00f3n de local, los partidos de las Eliminatorias sudamericanas al Mundial Qatar 2022. Scaloni tambi\u00e9n se mostr\u00f3 partidario de llevar la Selecci\u00f3n al interior del pa\u00eds; y propuso [&hellip;]\" \/>\n<meta property=\"og:url\" content=\"https:\/\/futbolhoy.co\/index.php\/2020\/05\/29\/scaloni-quiere-jugar-en-la-bombonera\/\" \/>\n<meta property=\"article:publisher\" content=\"https:\/\/www.facebook.com\/FutbolHoyCol\/\" \/>\n<meta property=\"article:published_time\" content=\"2020-05-29T13:56:37+00:00\" \/>\n<meta property=\"article:modified_time\" content=\"2020-05-30T00:05:04+00:00\" \/>\n<meta property=\"og:image\" content=\"https:\/\/futbolhoy.co\/wp-content\/uploads\/2019\/06\/scaloni-23.jpg\" \/>\n\t<meta property=\"og:image:width\" content=\"900\" \/>\n\t<meta property=\"og:image:height\" content=\"515\" \/>\n\t<meta property=\"og:image:type\" content=\"image\/jpeg\" \/>\n<meta name=\"author\" content=\"Laura Hern\u00e1ndez\" \/>\n<meta name=\"twitter:card\" content=\"summary_large_image\" \/>\n<meta name=\"twitter:creator\" content=\"@FutbolHoyCol\" \/>\n<meta name=\"twitter:site\" content=\"@FutbolHoyCol\" \/>\n<meta name=\"twitter:label1\" content=\"Escrito por\" \/>\n\t<meta name=\"twitter:data1\" content=\"Laura Hern\u00e1ndez\" \/>\n\t<meta name=\"twitter:label2\" content=\"Tiempo de lectura\" \/>\n\t<meta name=\"twitter:data2\" content=\"1 minuto\" \/>\n<script type=\"application\/ld+json\" class=\"yoast-schema-graph\">{\"@context\":\"https:\/\/schema.org\",\"@graph\":[{\"@type\":\"Article\",\"@id\":\"https:\/\/futbolhoy.co\/index.php\/2020\/05\/29\/scaloni-quiere-jugar-en-la-bombonera\/#article\",\"isPartOf\":{\"@id\":\"https:\/\/futbolhoy.co\/index.php\/2020\/05\/29\/scaloni-quiere-jugar-en-la-bombonera\/\"},\"author\":{\"name\":\"Laura Hern\u00e1ndez\",\"@id\":\"https:\/\/futbolhoy.co\/#\/schema\/person\/c4a353a512b127643723a34bb1812f7d\"},\"headline\":\"Scaloni quiere jugar en La Bombonera\",\"datePublished\":\"2020-05-29T13:56:37+00:00\",\"dateModified\":\"2020-05-30T00:05:04+00:00\",\"mainEntityOfPage\":{\"@id\":\"https:\/\/futbolhoy.co\/index.php\/2020\/05\/29\/scaloni-quiere-jugar-en-la-bombonera\/\"},\"wordCount\":228,\"commentCount\":0,\"publisher\":{\"@id\":\"https:\/\/futbolhoy.co\/#organization\"},\"image\":{\"@id\":\"https:\/\/futbolhoy.co\/index.php\/2020\/05\/29\/scaloni-quiere-jugar-en-la-bombonera\/#primaryimage\"},\"thumbnailUrl\":\"https:\/\/futbolhoy.co\/wp-content\/uploads\/2019\/06\/scaloni-23.jpg\",\"keywords\":[\"La Bombonera\",\"Lionel Scaloni\"],\"articleSection\":[\"Mundo Futbol\"],\"inLanguage\":\"es\",\"potentialAction\":[{\"@type\":\"CommentAction\",\"name\":\"Comment\",\"target\":[\"https:\/\/futbolhoy.co\/index.php\/2020\/05\/29\/scaloni-quiere-jugar-en-la-bombonera\/#respond\"]}]},{\"@type\":\"WebPage\",\"@id\":\"https:\/\/futbolhoy.co\/index.php\/2020\/05\/29\/scaloni-quiere-jugar-en-la-bombonera\/\",\"url\":\"https:\/\/futbolhoy.co\/index.php\/2020\/05\/29\/scaloni-quiere-jugar-en-la-bombonera\/\",\"name\":\"Scaloni quiere jugar en La Bombonera -\",\"isPartOf\":{\"@id\":\"https:\/\/futbolhoy.co\/#website\"},\"primaryImageOfPage\":{\"@id\":\"https:\/\/futbolhoy.co\/index.php\/2020\/05\/29\/scaloni-quiere-jugar-en-la-bombonera\/#primaryimage\"},\"image\":{\"@id\":\"https:\/\/futbolhoy.co\/index.php\/2020\/05\/29\/scaloni-quiere-jugar-en-la-bombonera\/#primaryimage\"},\"thumbnailUrl\":\"https:\/\/futbolhoy.co\/wp-content\/uploads\/2019\/06\/scaloni-23.jpg\",\"datePublished\":\"2020-05-29T13:56:37+00:00\",\"dateModified\":\"2020-05-30T00:05:04+00:00\",\"breadcrumb\":{\"@id\":\"https:\/\/futbolhoy.co\/index.php\/2020\/05\/29\/scaloni-quiere-jugar-en-la-bombonera\/#breadcrumb\"},\"inLanguage\":\"es\",\"potentialAction\":[{\"@type\":\"ReadAction\",\"target\":[\"https:\/\/futbolhoy.co\/index.php\/2020\/05\/29\/scaloni-quiere-jugar-en-la-bombonera\/\"]}]},{\"@type\":\"ImageObject\",\"inLanguage\":\"es\",\"@id\":\"https:\/\/futbolhoy.co\/index.php\/2020\/05\/29\/scaloni-quiere-jugar-en-la-bombonera\/#primaryimage\",\"url\":\"https:\/\/futbolhoy.co\/wp-content\/uploads\/2019\/06\/scaloni-23.jpg\",\"contentUrl\":\"https:\/\/futbolhoy.co\/wp-content\/uploads\/2019\/06\/scaloni-23.jpg\",\"width\":900,\"height\":515,\"caption\":\"@argentina\"},{\"@type\":\"BreadcrumbList\",\"@id\":\"https:\/\/futbolhoy.co\/index.php\/2020\/05\/29\/scaloni-quiere-jugar-en-la-bombonera\/#breadcrumb\",\"itemListElement\":[{\"@type\":\"ListItem\",\"position\":1,\"name\":\"Portada\",\"item\":\"https:\/\/futbolhoy.co\/\"},{\"@type\":\"ListItem\",\"position\":2,\"name\":\"Scaloni quiere jugar en La Bombonera\"}]},{\"@type\":\"WebSite\",\"@id\":\"https:\/\/futbolhoy.co\/#website\",\"url\":\"https:\/\/futbolhoy.co\/\",\"name\":\"FutbolHoy\",\"description\":\"\",\"publisher\":{\"@id\":\"https:\/\/futbolhoy.co\/#organization\"},\"potentialAction\":[{\"@type\":\"SearchAction\",\"target\":{\"@type\":\"EntryPoint\",\"urlTemplate\":\"https:\/\/futbolhoy.co\/?s={search_term_string}\"},\"query-input\":{\"@type\":\"PropertyValueSpecification\",\"valueRequired\":true,\"valueName\":\"search_term_string\"}}],\"inLanguage\":\"es\"},{\"@type\":\"Organization\",\"@id\":\"https:\/\/futbolhoy.co\/#organization\",\"name\":\"Futbolhoy.co\",\"url\":\"https:\/\/futbolhoy.co\/\",\"logo\":{\"@type\":\"ImageObject\",\"inLanguage\":\"es\",\"@id\":\"https:\/\/futbolhoy.co\/#\/schema\/logo\/image\/\",\"url\":\"https:\/\/futbolhoy.co\/wp-content\/uploads\/2018\/08\/17426380_1906371736249227_6326180412931521141_n.jpg\",\"contentUrl\":\"https:\/\/futbolhoy.co\/wp-content\/uploads\/2018\/08\/17426380_1906371736249227_6326180412931521141_n.jpg\",\"width\":960,\"height\":960,\"caption\":\"Futbolhoy.co\"},\"image\":{\"@id\":\"https:\/\/futbolhoy.co\/#\/schema\/logo\/image\/\"},\"sameAs\":[\"https:\/\/www.facebook.com\/FutbolHoyCol\/\",\"https:\/\/x.com\/FutbolHoyCol\",\"https:\/\/www.instagram.com\/futbolhoycol\/\"]},{\"@type\":\"Person\",\"@id\":\"https:\/\/futbolhoy.co\/#\/schema\/person\/c4a353a512b127643723a34bb1812f7d\",\"name\":\"Laura Hern\u00e1ndez\",\"image\":{\"@type\":\"ImageObject\",\"inLanguage\":\"es\",\"@id\":\"https:\/\/futbolhoy.co\/#\/schema\/person\/image\/\",\"url\":\"https:\/\/secure.gravatar.com\/avatar\/d25959a15b9b293a743f99181c7cfd01?s=96&d=mm&r=g\",\"contentUrl\":\"https:\/\/secure.gravatar.com\/avatar\/d25959a15b9b293a743f99181c7cfd01?s=96&d=mm&r=g\",\"caption\":\"Laura Hern\u00e1ndez\"}}]}<\/script>\n<!-- \/ Yoast SEO plugin. -->","yoast_head_json":{"title":"Scaloni quiere jugar en La Bombonera -","robots":{"index":"index","follow":"follow","max-snippet":"max-snippet:-1","max-image-preview":"max-image-preview:large","max-video-preview":"max-video-preview:-1"},"canonical":"https:\/\/futbolhoy.co\/index.php\/2020\/05\/29\/scaloni-quiere-jugar-en-la-bombonera\/","og_locale":"es_ES","og_type":"article","og_title":"Scaloni quiere jugar en La Bombonera -","og_description":"(Lionel Scaloni, seleccionador de Argentina en Radio La Red) Lionel Scaloni, seleccionador de Argentina, escogi\u00f3 La Bombonera como el estadio en el que le gustar\u00eda disputar, en condici\u00f3n de local, los partidos de las Eliminatorias sudamericanas al Mundial Qatar 2022. Scaloni tambi\u00e9n se mostr\u00f3 partidario de llevar la Selecci\u00f3n al interior del pa\u00eds; y propuso [&hellip;]","og_url":"https:\/\/futbolhoy.co\/index.php\/2020\/05\/29\/scaloni-quiere-jugar-en-la-bombonera\/","article_publisher":"https:\/\/www.facebook.com\/FutbolHoyCol\/","article_published_time":"2020-05-29T13:56:37+00:00","article_modified_time":"2020-05-30T00:05:04+00:00","og_image":[{"width":900,"height":515,"url":"https:\/\/futbolhoy.co\/wp-content\/uploads\/2019\/06\/scaloni-23.jpg","type":"image\/jpeg"}],"author":"Laura Hern\u00e1ndez","twitter_card":"summary_large_image","twitter_creator":"@FutbolHoyCol","twitter_site":"@FutbolHoyCol","twitter_misc":{"Escrito por":"Laura Hern\u00e1ndez","Tiempo de lectura":"1 minuto"},"schema":{"@context":"https:\/\/schema.org","@graph":[{"@type":"Article","@id":"https:\/\/futbolhoy.co\/index.php\/2020\/05\/29\/scaloni-quiere-jugar-en-la-bombonera\/#article","isPartOf":{"@id":"https:\/\/futbolhoy.co\/index.php\/2020\/05\/29\/scaloni-quiere-jugar-en-la-bombonera\/"},"author":{"name":"Laura Hern\u00e1ndez","@id":"https:\/\/futbolhoy.co\/#\/schema\/person\/c4a353a512b127643723a34bb1812f7d"},"headline":"Scaloni quiere jugar en La Bombonera","datePublished":"2020-05-29T13:56:37+00:00","dateModified":"2020-05-30T00:05:04+00:00","mainEntityOfPage":{"@id":"https:\/\/futbolhoy.co\/index.php\/2020\/05\/29\/scaloni-quiere-jugar-en-la-bombonera\/"},"wordCount":228,"commentCount":0,"publisher":{"@id":"https:\/\/futbolhoy.co\/#organization"},"image":{"@id":"https:\/\/futbolhoy.co\/index.php\/2020\/05\/29\/scaloni-quiere-jugar-en-la-bombonera\/#primaryimage"},"thumbnailUrl":"https:\/\/futbolhoy.co\/wp-content\/uploads\/2019\/06\/scaloni-23.jpg","keywords":["La Bombonera","Lionel Scaloni"],"articleSection":["Mundo Futbol"],"inLanguage":"es","potentialAction":[{"@type":"CommentAction","name":"Comment","target":["https:\/\/futbolhoy.co\/index.php\/2020\/05\/29\/scaloni-quiere-jugar-en-la-bombonera\/#respond"]}]},{"@type":"WebPage","@id":"https:\/\/futbolhoy.co\/index.php\/2020\/05\/29\/scaloni-quiere-jugar-en-la-bombonera\/","url":"https:\/\/futbolhoy.co\/index.php\/2020\/05\/29\/scaloni-quiere-jugar-en-la-bombonera\/","name":"Scaloni quiere jugar en La Bombonera -","isPartOf":{"@id":"https:\/\/futbolhoy.co\/#website"},"primaryImageOfPage":{"@id":"https:\/\/futbolhoy.co\/index.php\/2020\/05\/29\/scaloni-quiere-jugar-en-la-bombonera\/#primaryimage"},"image":{"@id":"https:\/\/futbolhoy.co\/index.php\/2020\/05\/29\/scaloni-quiere-jugar-en-la-bombonera\/#primaryimage"},"thumbnailUrl":"https:\/\/futbolhoy.co\/wp-content\/uploads\/2019\/06\/scaloni-23.jpg","datePublished":"2020-05-29T13:56:37+00:00","dateModified":"2020-05-30T00:05:04+00:00","breadcrumb":{"@id":"https:\/\/futbolhoy.co\/index.php\/2020\/05\/29\/scaloni-quiere-jugar-en-la-bombonera\/#breadcrumb"},"inLanguage":"es","potentialAction":[{"@type":"ReadAction","target":["https:\/\/futbolhoy.co\/index.php\/2020\/05\/29\/scaloni-quiere-jugar-en-la-bombonera\/"]}]},{"@type":"ImageObject","inLanguage":"es","@id":"https:\/\/futbolhoy.co\/index.php\/2020\/05\/29\/scaloni-quiere-jugar-en-la-bombonera\/#primaryimage","url":"https:\/\/futbolhoy.co\/wp-content\/uploads\/2019\/06\/scaloni-23.jpg","contentUrl":"https:\/\/futbolhoy.co\/wp-content\/uploads\/2019\/06\/scaloni-23.jpg","width":900,"height":515,"caption":"@argentina"},{"@type":"BreadcrumbList","@id":"https:\/\/futbolhoy.co\/index.php\/2020\/05\/29\/scaloni-quiere-jugar-en-la-bombonera\/#breadcrumb","itemListElement":[{"@type":"ListItem","position":1,"name":"Portada","item":"https:\/\/futbolhoy.co\/"},{"@type":"ListItem","position":2,"name":"Scaloni quiere jugar en La Bombonera"}]},{"@type":"WebSite","@id":"https:\/\/futbolhoy.co\/#website","url":"https:\/\/futbolhoy.co\/","name":"FutbolHoy","description":"","publisher":{"@id":"https:\/\/futbolhoy.co\/#organization"},"potentialAction":[{"@type":"SearchAction","target":{"@type":"EntryPoint","urlTemplate":"https:\/\/futbolhoy.co\/?s={search_term_string}"},"query-input":{"@type":"PropertyValueSpecification","valueRequired":true,"valueName":"search_term_string"}}],"inLanguage":"es"},{"@type":"Organization","@id":"https:\/\/futbolhoy.co\/#organization","name":"Futbolhoy.co","url":"https:\/\/futbolhoy.co\/","logo":{"@type":"ImageObject","inLanguage":"es","@id":"https:\/\/futbolhoy.co\/#\/schema\/logo\/image\/","url":"https:\/\/futbolhoy.co\/wp-content\/uploads\/2018\/08\/17426380_1906371736249227_6326180412931521141_n.jpg","contentUrl":"https:\/\/futbolhoy.co\/wp-content\/uploads\/2018\/08\/17426380_1906371736249227_6326180412931521141_n.jpg","width":960,"height":960,"caption":"Futbolhoy.co"},"image":{"@id":"https:\/\/futbolhoy.co\/#\/schema\/logo\/image\/"},"sameAs":["https:\/\/www.facebook.com\/FutbolHoyCol\/","https:\/\/x.com\/FutbolHoyCol","https:\/\/www.instagram.com\/futbolhoycol\/"]},{"@type":"Person","@id":"https:\/\/futbolhoy.co\/#\/schema\/person\/c4a353a512b127643723a34bb1812f7d","name":"Laura Hern\u00e1ndez","image":{"@type":"ImageObject","inLanguage":"es","@id":"https:\/\/futbolhoy.co\/#\/schema\/person\/image\/","url":"https:\/\/secure.gravatar.com\/avatar\/d25959a15b9b293a743f99181c7cfd01?s=96&d=mm&r=g","contentUrl":"https:\/\/secure.gravatar.com\/avatar\/d25959a15b9b293a743f99181c7cfd01?s=96&d=mm&r=g","caption":"Laura Hern\u00e1ndez"}}]}},"publishpress_future_action":{"enabled":false,"date":"2026-05-05 15:46:00","action":"change-status","newStatus":"draft","terms":[],"taxonomy":"category","extraData":[]},"publishpress_future_workflow_manual_trigger":{"enabledWorkflows":[]},"_links":{"self":[{"href":"https:\/\/futbolhoy.co\/index.php\/wp-json\/wp\/v2\/posts\/51741","targetHints":{"allow":["GET"]}}],"collection":[{"href":"https:\/\/futbolhoy.co\/index.php\/wp-json\/wp\/v2\/posts"}],"about":[{"href":"https:\/\/futbolhoy.co\/index.php\/wp-json\/wp\/v2\/types\/post"}],"author":[{"embeddable":true,"href":"https:\/\/futbolhoy.co\/index.php\/wp-json\/wp\/v2\/users\/5"}],"replies":[{"embeddable":true,"href":"https:\/\/futbolhoy.co\/index.php\/wp-json\/wp\/v2\/comments?post=51741"}],"version-history":[{"count":1,"href":"https:\/\/futbolhoy.co\/index.php\/wp-json\/wp\/v2\/posts\/51741\/revisions"}],"predecessor-version":[{"id":51743,"href":"https:\/\/futbolhoy.co\/index.php\/wp-json\/wp\/v2\/posts\/51741\/revisions\/51743"}],"wp:featuredmedia":[{"embeddable":true,"href":"https:\/\/futbolhoy.co\/index.php\/wp-json\/wp\/v2\/media\/37063"}],"wp:attachment":[{"href":"https:\/\/futbolhoy.co\/index.php\/wp-json\/wp\/v2\/media?parent=51741"}],"wp:term":[{"taxonomy":"category","embeddable":true,"href":"https:\/\/futbolhoy.co\/index.php\/wp-json\/wp\/v2\/categories?post=51741"},{"taxonomy":"post_tag","embeddable":true,"href":"https:\/\/futbolhoy.co\/index.php\/wp-json\/wp\/v2\/tags?post=51741"}],"curies":[{"name":"wp","href":"https:\/\/api.w.org\/{rel}","templated":true}]}}