{"id":51889,"date":"2020-06-01T15:34:49","date_gmt":"2020-06-01T20:34:49","guid":{"rendered":"https:\/\/futbolhoy.co\/?p=51889"},"modified":"2020-06-02T09:38:33","modified_gmt":"2020-06-02T14:38:33","slug":"cordoba-gol-lesion-y-derrota","status":"publish","type":"post","link":"https:\/\/futbolhoy.co\/index.php\/2020\/06\/01\/cordoba-gol-lesion-y-derrota\/","title":{"rendered":"C\u00f3rdoba, gol, lesi\u00f3n y derrota"},"content":{"rendered":"<p style=\"text-align: justify;\"><span lang=\"ES\" style=\"font-family: helvetica, arial, sans-serif;\">El delantero chocoano\u00a0<b>John Andr\u00e9s C\u00f3rdoba<\/b>\u00a0fue protagonista en el cierre de la jornada 29 de la\u00a0<b>Bundesliga<\/b>, ya que marc\u00f3 el primer gol de su equipo el Colonia, en la derrota sufrida como local 2-4 ante el Leipzig.<\/span><\/p>\n<p style=\"text-align: justify;\"><span lang=\"ES\" style=\"font-family: helvetica, arial, sans-serif;\">C\u00f3rdoba, de 28 a\u00f1os, marc\u00f3 de fuerte remate de pierna izquierda a los 7 minutos, pero sobre los 24 abandon\u00f3 el terreno de juego por un golpe en la rodilla derecha, d\u00e1ndole paso al franc\u00e9s\u00a0<b>Anthony Modeste<\/b>, quien a los 55 minutos convirti\u00f3 el segundo gol del\u00a0<b>Colonia<\/b>.<\/span><\/p>\n<p style=\"text-align: justify;\"><span lang=\"ES\" style=\"font-family: helvetica, arial, sans-serif;\">Las anotaciones del visitante fueron obra del checo\u00a0<b>Patrick Schick<\/b>\u00a0a los 20 minutos, el franc\u00e9s\u00a0<b>Christopher Nkunu<\/b>\u00a0a los 38, el alem\u00e1n\u00a0<b>Timo Werner<\/b>\u00a0a los 50 y el espa\u00f1ol\u00a0<b>Daniel Olmo<\/b>\u00a0a los 57.<\/span><\/p>\n<p style=\"text-align: justify;\"><span lang=\"ES\" style=\"font-family: helvetica, arial, sans-serif;\">El colombiano complet\u00f3 12 goles esta temporada, siendo el m\u00e1ximo artillero de su club y el cuarto de la Liga, detr\u00e1s de\u00a0<b>Robert Lewandowski<\/b>\u00a0del\u00a0<b>Bayern M\u00fanich<\/b>, que suma 29, Werner, quien complet\u00f3 25 y\u00a0<b>Jadon Sancho<\/b>\u00a0del\u00a0<b>Borussia Dortmund<\/b>\u00a0con 17.<\/span><\/p>\n<p style=\"text-align: justify;\"><span lang=\"ES\" style=\"font-family: helvetica, arial, sans-serif;\">Colonia ocupa la casilla 11 de la tabla de posiciones con 34 puntos; mientras que el\u00a0<b>Leipzig<\/b>\u00a0recuper\u00f3 el tercer lugar con 58 unidades, a 9 del l\u00edder Bayern.<\/span><\/p>\n<p style=\"text-align: justify;\"><span lang=\"ES\" style=\"font-family: helvetica, arial, sans-serif;\">El Colonia volver\u00e1 jugar el domingo a las 11AM visitando al\u00a0<b>Ausburgo<\/b>.<\/span><\/p>\n","protected":false},"excerpt":{"rendered":"<p>El delantero chocoano\u00a0John Andr\u00e9s C\u00f3rdoba\u00a0fue protagonista en el cierre de la jornada 29 de la\u00a0Bundesliga, ya que marc\u00f3 el primer gol de su equipo el Colonia, en la derrota sufrida como local 2-4 ante el Leipzig. C\u00f3rdoba, de 28 a\u00f1os, marc\u00f3 de fuerte remate de pierna izquierda a los 7 minutos, pero sobre los 24 [&hellip;]<\/p>\n","protected":false},"author":5,"featured_media":51890,"comment_status":"open","ping_status":"open","sticky":false,"template":"","format":"standard","meta":{"_acf_changed":false,"footnotes":""},"categories":[152],"tags":[],"class_list":{"0":"post-51889","1":"post","2":"type-post","3":"status-publish","4":"format-standard","5":"has-post-thumbnail","7":"category-mundo-futbol"},"acf":[],"yoast_head":"<!-- This site is optimized with the Yoast SEO plugin v26.8 - https:\/\/yoast.com\/product\/yoast-seo-wordpress\/ -->\n<title>C\u00f3rdoba, gol, lesi\u00f3n y derrota -<\/title>\n<meta name=\"robots\" content=\"index, follow, max-snippet:-1, max-image-preview:large, max-video-preview:-1\" \/>\n<link rel=\"canonical\" href=\"https:\/\/futbolhoy.co\/index.php\/2020\/06\/01\/cordoba-gol-lesion-y-derrota\/\" \/>\n<meta property=\"og:locale\" content=\"es_ES\" \/>\n<meta property=\"og:type\" content=\"article\" \/>\n<meta property=\"og:title\" content=\"C\u00f3rdoba, gol, lesi\u00f3n y derrota -\" \/>\n<meta property=\"og:description\" content=\"El delantero chocoano\u00a0John Andr\u00e9s C\u00f3rdoba\u00a0fue protagonista en el cierre de la jornada 29 de la\u00a0Bundesliga, ya que marc\u00f3 el primer gol de su equipo el Colonia, en la derrota sufrida como local 2-4 ante el Leipzig. C\u00f3rdoba, de 28 a\u00f1os, marc\u00f3 de fuerte remate de pierna izquierda a los 7 minutos, pero sobre los 24 [&hellip;]\" \/>\n<meta property=\"og:url\" content=\"https:\/\/futbolhoy.co\/index.php\/2020\/06\/01\/cordoba-gol-lesion-y-derrota\/\" \/>\n<meta property=\"article:publisher\" content=\"https:\/\/www.facebook.com\/FutbolHoyCol\/\" \/>\n<meta property=\"article:published_time\" content=\"2020-06-01T20:34:49+00:00\" \/>\n<meta property=\"article:modified_time\" content=\"2020-06-02T14:38:33+00:00\" \/>\n<meta property=\"og:image\" content=\"https:\/\/futbolhoy.co\/wp-content\/uploads\/2020\/06\/20200601_153350-scaled.jpg\" \/>\n\t<meta property=\"og:image:width\" content=\"2560\" \/>\n\t<meta property=\"og:image:height\" content=\"1707\" \/>\n\t<meta property=\"og:image:type\" content=\"image\/jpeg\" \/>\n<meta name=\"author\" content=\"Laura Hern\u00e1ndez\" \/>\n<meta name=\"twitter:card\" content=\"summary_large_image\" \/>\n<meta name=\"twitter:creator\" content=\"@FutbolHoyCol\" \/>\n<meta name=\"twitter:site\" content=\"@FutbolHoyCol\" \/>\n<meta name=\"twitter:label1\" content=\"Escrito por\" \/>\n\t<meta name=\"twitter:data1\" content=\"Laura Hern\u00e1ndez\" \/>\n\t<meta name=\"twitter:label2\" content=\"Tiempo de lectura\" \/>\n\t<meta name=\"twitter:data2\" content=\"1 minuto\" \/>\n<script type=\"application\/ld+json\" class=\"yoast-schema-graph\">{\"@context\":\"https:\/\/schema.org\",\"@graph\":[{\"@type\":\"Article\",\"@id\":\"https:\/\/futbolhoy.co\/index.php\/2020\/06\/01\/cordoba-gol-lesion-y-derrota\/#article\",\"isPartOf\":{\"@id\":\"https:\/\/futbolhoy.co\/index.php\/2020\/06\/01\/cordoba-gol-lesion-y-derrota\/\"},\"author\":{\"name\":\"Laura Hern\u00e1ndez\",\"@id\":\"https:\/\/futbolhoy.co\/#\/schema\/person\/c4a353a512b127643723a34bb1812f7d\"},\"headline\":\"C\u00f3rdoba, gol, lesi\u00f3n y derrota\",\"datePublished\":\"2020-06-01T20:34:49+00:00\",\"dateModified\":\"2020-06-02T14:38:33+00:00\",\"mainEntityOfPage\":{\"@id\":\"https:\/\/futbolhoy.co\/index.php\/2020\/06\/01\/cordoba-gol-lesion-y-derrota\/\"},\"wordCount\":209,\"commentCount\":0,\"publisher\":{\"@id\":\"https:\/\/futbolhoy.co\/#organization\"},\"image\":{\"@id\":\"https:\/\/futbolhoy.co\/index.php\/2020\/06\/01\/cordoba-gol-lesion-y-derrota\/#primaryimage\"},\"thumbnailUrl\":\"https:\/\/futbolhoy.co\/wp-content\/uploads\/2020\/06\/20200601_153350-scaled.jpg\",\"articleSection\":[\"Mundo Futbol\"],\"inLanguage\":\"es\",\"potentialAction\":[{\"@type\":\"CommentAction\",\"name\":\"Comment\",\"target\":[\"https:\/\/futbolhoy.co\/index.php\/2020\/06\/01\/cordoba-gol-lesion-y-derrota\/#respond\"]}]},{\"@type\":\"WebPage\",\"@id\":\"https:\/\/futbolhoy.co\/index.php\/2020\/06\/01\/cordoba-gol-lesion-y-derrota\/\",\"url\":\"https:\/\/futbolhoy.co\/index.php\/2020\/06\/01\/cordoba-gol-lesion-y-derrota\/\",\"name\":\"C\u00f3rdoba, gol, lesi\u00f3n y derrota -\",\"isPartOf\":{\"@id\":\"https:\/\/futbolhoy.co\/#website\"},\"primaryImageOfPage\":{\"@id\":\"https:\/\/futbolhoy.co\/index.php\/2020\/06\/01\/cordoba-gol-lesion-y-derrota\/#primaryimage\"},\"image\":{\"@id\":\"https:\/\/futbolhoy.co\/index.php\/2020\/06\/01\/cordoba-gol-lesion-y-derrota\/#primaryimage\"},\"thumbnailUrl\":\"https:\/\/futbolhoy.co\/wp-content\/uploads\/2020\/06\/20200601_153350-scaled.jpg\",\"datePublished\":\"2020-06-01T20:34:49+00:00\",\"dateModified\":\"2020-06-02T14:38:33+00:00\",\"breadcrumb\":{\"@id\":\"https:\/\/futbolhoy.co\/index.php\/2020\/06\/01\/cordoba-gol-lesion-y-derrota\/#breadcrumb\"},\"inLanguage\":\"es\",\"potentialAction\":[{\"@type\":\"ReadAction\",\"target\":[\"https:\/\/futbolhoy.co\/index.php\/2020\/06\/01\/cordoba-gol-lesion-y-derrota\/\"]}]},{\"@type\":\"ImageObject\",\"inLanguage\":\"es\",\"@id\":\"https:\/\/futbolhoy.co\/index.php\/2020\/06\/01\/cordoba-gol-lesion-y-derrota\/#primaryimage\",\"url\":\"https:\/\/futbolhoy.co\/wp-content\/uploads\/2020\/06\/20200601_153350-scaled.jpg\",\"contentUrl\":\"https:\/\/futbolhoy.co\/wp-content\/uploads\/2020\/06\/20200601_153350-scaled.jpg\",\"width\":2560,\"height\":1707},{\"@type\":\"BreadcrumbList\",\"@id\":\"https:\/\/futbolhoy.co\/index.php\/2020\/06\/01\/cordoba-gol-lesion-y-derrota\/#breadcrumb\",\"itemListElement\":[{\"@type\":\"ListItem\",\"position\":1,\"name\":\"Portada\",\"item\":\"https:\/\/futbolhoy.co\/\"},{\"@type\":\"ListItem\",\"position\":2,\"name\":\"C\u00f3rdoba, gol, lesi\u00f3n y derrota\"}]},{\"@type\":\"WebSite\",\"@id\":\"https:\/\/futbolhoy.co\/#website\",\"url\":\"https:\/\/futbolhoy.co\/\",\"name\":\"FutbolHoy\",\"description\":\"\",\"publisher\":{\"@id\":\"https:\/\/futbolhoy.co\/#organization\"},\"potentialAction\":[{\"@type\":\"SearchAction\",\"target\":{\"@type\":\"EntryPoint\",\"urlTemplate\":\"https:\/\/futbolhoy.co\/?s={search_term_string}\"},\"query-input\":{\"@type\":\"PropertyValueSpecification\",\"valueRequired\":true,\"valueName\":\"search_term_string\"}}],\"inLanguage\":\"es\"},{\"@type\":\"Organization\",\"@id\":\"https:\/\/futbolhoy.co\/#organization\",\"name\":\"Futbolhoy.co\",\"url\":\"https:\/\/futbolhoy.co\/\",\"logo\":{\"@type\":\"ImageObject\",\"inLanguage\":\"es\",\"@id\":\"https:\/\/futbolhoy.co\/#\/schema\/logo\/image\/\",\"url\":\"https:\/\/futbolhoy.co\/wp-content\/uploads\/2018\/08\/17426380_1906371736249227_6326180412931521141_n.jpg\",\"contentUrl\":\"https:\/\/futbolhoy.co\/wp-content\/uploads\/2018\/08\/17426380_1906371736249227_6326180412931521141_n.jpg\",\"width\":960,\"height\":960,\"caption\":\"Futbolhoy.co\"},\"image\":{\"@id\":\"https:\/\/futbolhoy.co\/#\/schema\/logo\/image\/\"},\"sameAs\":[\"https:\/\/www.facebook.com\/FutbolHoyCol\/\",\"https:\/\/x.com\/FutbolHoyCol\",\"https:\/\/www.instagram.com\/futbolhoycol\/\"]},{\"@type\":\"Person\",\"@id\":\"https:\/\/futbolhoy.co\/#\/schema\/person\/c4a353a512b127643723a34bb1812f7d\",\"name\":\"Laura Hern\u00e1ndez\",\"image\":{\"@type\":\"ImageObject\",\"inLanguage\":\"es\",\"@id\":\"https:\/\/futbolhoy.co\/#\/schema\/person\/image\/\",\"url\":\"https:\/\/secure.gravatar.com\/avatar\/d25959a15b9b293a743f99181c7cfd01?s=96&d=mm&r=g\",\"contentUrl\":\"https:\/\/secure.gravatar.com\/avatar\/d25959a15b9b293a743f99181c7cfd01?s=96&d=mm&r=g\",\"caption\":\"Laura Hern\u00e1ndez\"}}]}<\/script>\n<!-- \/ Yoast SEO plugin. -->","yoast_head_json":{"title":"C\u00f3rdoba, gol, lesi\u00f3n y derrota -","robots":{"index":"index","follow":"follow","max-snippet":"max-snippet:-1","max-image-preview":"max-image-preview:large","max-video-preview":"max-video-preview:-1"},"canonical":"https:\/\/futbolhoy.co\/index.php\/2020\/06\/01\/cordoba-gol-lesion-y-derrota\/","og_locale":"es_ES","og_type":"article","og_title":"C\u00f3rdoba, gol, lesi\u00f3n y derrota -","og_description":"El delantero chocoano\u00a0John Andr\u00e9s C\u00f3rdoba\u00a0fue protagonista en el cierre de la jornada 29 de la\u00a0Bundesliga, ya que marc\u00f3 el primer gol de su equipo el Colonia, en la derrota sufrida como local 2-4 ante el Leipzig. C\u00f3rdoba, de 28 a\u00f1os, marc\u00f3 de fuerte remate de pierna izquierda a los 7 minutos, pero sobre los 24 [&hellip;]","og_url":"https:\/\/futbolhoy.co\/index.php\/2020\/06\/01\/cordoba-gol-lesion-y-derrota\/","article_publisher":"https:\/\/www.facebook.com\/FutbolHoyCol\/","article_published_time":"2020-06-01T20:34:49+00:00","article_modified_time":"2020-06-02T14:38:33+00:00","og_image":[{"width":2560,"height":1707,"url":"https:\/\/futbolhoy.co\/wp-content\/uploads\/2020\/06\/20200601_153350-scaled.jpg","type":"image\/jpeg"}],"author":"Laura Hern\u00e1ndez","twitter_card":"summary_large_image","twitter_creator":"@FutbolHoyCol","twitter_site":"@FutbolHoyCol","twitter_misc":{"Escrito por":"Laura Hern\u00e1ndez","Tiempo de lectura":"1 minuto"},"schema":{"@context":"https:\/\/schema.org","@graph":[{"@type":"Article","@id":"https:\/\/futbolhoy.co\/index.php\/2020\/06\/01\/cordoba-gol-lesion-y-derrota\/#article","isPartOf":{"@id":"https:\/\/futbolhoy.co\/index.php\/2020\/06\/01\/cordoba-gol-lesion-y-derrota\/"},"author":{"name":"Laura Hern\u00e1ndez","@id":"https:\/\/futbolhoy.co\/#\/schema\/person\/c4a353a512b127643723a34bb1812f7d"},"headline":"C\u00f3rdoba, gol, lesi\u00f3n y derrota","datePublished":"2020-06-01T20:34:49+00:00","dateModified":"2020-06-02T14:38:33+00:00","mainEntityOfPage":{"@id":"https:\/\/futbolhoy.co\/index.php\/2020\/06\/01\/cordoba-gol-lesion-y-derrota\/"},"wordCount":209,"commentCount":0,"publisher":{"@id":"https:\/\/futbolhoy.co\/#organization"},"image":{"@id":"https:\/\/futbolhoy.co\/index.php\/2020\/06\/01\/cordoba-gol-lesion-y-derrota\/#primaryimage"},"thumbnailUrl":"https:\/\/futbolhoy.co\/wp-content\/uploads\/2020\/06\/20200601_153350-scaled.jpg","articleSection":["Mundo Futbol"],"inLanguage":"es","potentialAction":[{"@type":"CommentAction","name":"Comment","target":["https:\/\/futbolhoy.co\/index.php\/2020\/06\/01\/cordoba-gol-lesion-y-derrota\/#respond"]}]},{"@type":"WebPage","@id":"https:\/\/futbolhoy.co\/index.php\/2020\/06\/01\/cordoba-gol-lesion-y-derrota\/","url":"https:\/\/futbolhoy.co\/index.php\/2020\/06\/01\/cordoba-gol-lesion-y-derrota\/","name":"C\u00f3rdoba, gol, lesi\u00f3n y derrota -","isPartOf":{"@id":"https:\/\/futbolhoy.co\/#website"},"primaryImageOfPage":{"@id":"https:\/\/futbolhoy.co\/index.php\/2020\/06\/01\/cordoba-gol-lesion-y-derrota\/#primaryimage"},"image":{"@id":"https:\/\/futbolhoy.co\/index.php\/2020\/06\/01\/cordoba-gol-lesion-y-derrota\/#primaryimage"},"thumbnailUrl":"https:\/\/futbolhoy.co\/wp-content\/uploads\/2020\/06\/20200601_153350-scaled.jpg","datePublished":"2020-06-01T20:34:49+00:00","dateModified":"2020-06-02T14:38:33+00:00","breadcrumb":{"@id":"https:\/\/futbolhoy.co\/index.php\/2020\/06\/01\/cordoba-gol-lesion-y-derrota\/#breadcrumb"},"inLanguage":"es","potentialAction":[{"@type":"ReadAction","target":["https:\/\/futbolhoy.co\/index.php\/2020\/06\/01\/cordoba-gol-lesion-y-derrota\/"]}]},{"@type":"ImageObject","inLanguage":"es","@id":"https:\/\/futbolhoy.co\/index.php\/2020\/06\/01\/cordoba-gol-lesion-y-derrota\/#primaryimage","url":"https:\/\/futbolhoy.co\/wp-content\/uploads\/2020\/06\/20200601_153350-scaled.jpg","contentUrl":"https:\/\/futbolhoy.co\/wp-content\/uploads\/2020\/06\/20200601_153350-scaled.jpg","width":2560,"height":1707},{"@type":"BreadcrumbList","@id":"https:\/\/futbolhoy.co\/index.php\/2020\/06\/01\/cordoba-gol-lesion-y-derrota\/#breadcrumb","itemListElement":[{"@type":"ListItem","position":1,"name":"Portada","item":"https:\/\/futbolhoy.co\/"},{"@type":"ListItem","position":2,"name":"C\u00f3rdoba, gol, lesi\u00f3n y derrota"}]},{"@type":"WebSite","@id":"https:\/\/futbolhoy.co\/#website","url":"https:\/\/futbolhoy.co\/","name":"FutbolHoy","description":"","publisher":{"@id":"https:\/\/futbolhoy.co\/#organization"},"potentialAction":[{"@type":"SearchAction","target":{"@type":"EntryPoint","urlTemplate":"https:\/\/futbolhoy.co\/?s={search_term_string}"},"query-input":{"@type":"PropertyValueSpecification","valueRequired":true,"valueName":"search_term_string"}}],"inLanguage":"es"},{"@type":"Organization","@id":"https:\/\/futbolhoy.co\/#organization","name":"Futbolhoy.co","url":"https:\/\/futbolhoy.co\/","logo":{"@type":"ImageObject","inLanguage":"es","@id":"https:\/\/futbolhoy.co\/#\/schema\/logo\/image\/","url":"https:\/\/futbolhoy.co\/wp-content\/uploads\/2018\/08\/17426380_1906371736249227_6326180412931521141_n.jpg","contentUrl":"https:\/\/futbolhoy.co\/wp-content\/uploads\/2018\/08\/17426380_1906371736249227_6326180412931521141_n.jpg","width":960,"height":960,"caption":"Futbolhoy.co"},"image":{"@id":"https:\/\/futbolhoy.co\/#\/schema\/logo\/image\/"},"sameAs":["https:\/\/www.facebook.com\/FutbolHoyCol\/","https:\/\/x.com\/FutbolHoyCol","https:\/\/www.instagram.com\/futbolhoycol\/"]},{"@type":"Person","@id":"https:\/\/futbolhoy.co\/#\/schema\/person\/c4a353a512b127643723a34bb1812f7d","name":"Laura Hern\u00e1ndez","image":{"@type":"ImageObject","inLanguage":"es","@id":"https:\/\/futbolhoy.co\/#\/schema\/person\/image\/","url":"https:\/\/secure.gravatar.com\/avatar\/d25959a15b9b293a743f99181c7cfd01?s=96&d=mm&r=g","contentUrl":"https:\/\/secure.gravatar.com\/avatar\/d25959a15b9b293a743f99181c7cfd01?s=96&d=mm&r=g","caption":"Laura Hern\u00e1ndez"}}]}},"publishpress_future_action":{"enabled":false,"date":"2026-05-05 17:05:01","action":"change-status","newStatus":"draft","terms":[],"taxonomy":"category","extraData":[]},"publishpress_future_workflow_manual_trigger":{"enabledWorkflows":[]},"_links":{"self":[{"href":"https:\/\/futbolhoy.co\/index.php\/wp-json\/wp\/v2\/posts\/51889","targetHints":{"allow":["GET"]}}],"collection":[{"href":"https:\/\/futbolhoy.co\/index.php\/wp-json\/wp\/v2\/posts"}],"about":[{"href":"https:\/\/futbolhoy.co\/index.php\/wp-json\/wp\/v2\/types\/post"}],"author":[{"embeddable":true,"href":"https:\/\/futbolhoy.co\/index.php\/wp-json\/wp\/v2\/users\/5"}],"replies":[{"embeddable":true,"href":"https:\/\/futbolhoy.co\/index.php\/wp-json\/wp\/v2\/comments?post=51889"}],"version-history":[{"count":1,"href":"https:\/\/futbolhoy.co\/index.php\/wp-json\/wp\/v2\/posts\/51889\/revisions"}],"predecessor-version":[{"id":51891,"href":"https:\/\/futbolhoy.co\/index.php\/wp-json\/wp\/v2\/posts\/51889\/revisions\/51891"}],"wp:featuredmedia":[{"embeddable":true,"href":"https:\/\/futbolhoy.co\/index.php\/wp-json\/wp\/v2\/media\/51890"}],"wp:attachment":[{"href":"https:\/\/futbolhoy.co\/index.php\/wp-json\/wp\/v2\/media?parent=51889"}],"wp:term":[{"taxonomy":"category","embeddable":true,"href":"https:\/\/futbolhoy.co\/index.php\/wp-json\/wp\/v2\/categories?post=51889"},{"taxonomy":"post_tag","embeddable":true,"href":"https:\/\/futbolhoy.co\/index.php\/wp-json\/wp\/v2\/tags?post=51889"}],"curies":[{"name":"wp","href":"https:\/\/api.w.org\/{rel}","templated":true}]}}