{"id":51928,"date":"2020-06-02T19:04:24","date_gmt":"2020-06-03T00:04:24","guid":{"rendered":"https:\/\/futbolhoy.co\/?p=51928"},"modified":"2020-06-03T08:27:00","modified_gmt":"2020-06-03T13:27:00","slug":"arias-sigue-sin-opciones","status":"publish","type":"post","link":"https:\/\/futbolhoy.co\/index.php\/2020\/06\/02\/arias-sigue-sin-opciones\/","title":{"rendered":"Arias sigue sin opciones"},"content":{"rendered":"<p style=\"text-align: justify;\"><span style=\"font-family: helvetica, arial, sans-serif;\">El lateral antioque\u00f1o <strong>Santiago Arias<\/strong> ve muy lejana su opci\u00f3n de aparecer en la formaci\u00f3n titular del <strong>Atl\u00e9tico de Madrid<\/strong> para el regreso de <strong>LaLiga<\/strong>, previsto para el 11 de junio.<\/span><\/p>\n<p style=\"text-align: justify;\"><span style=\"font-family: helvetica, arial, sans-serif;\">El ingl\u00e9s <strong>Kieran Tripier<\/strong> ha sido el habitual titular en las pr\u00e1cticas del equipo, que dirige <strong>Diego Simeone<\/strong>.<\/span><\/p>\n<p style=\"text-align: justify;\"><span style=\"font-family: helvetica, arial, sans-serif;\"><strong>Arias,<\/strong> que sigue sin tener muchas opciones en la l\u00ednea titular, se le ha relacionado en las \u00faltimas semanas con Inter, Roma y Napoli en Italia, al igual que Everton de Inglaterra.<\/span><\/p>\n<p style=\"text-align: justify;\"><span style=\"font-family: helvetica, arial, sans-serif;\">El equipo \u2018colchonero\u2019, que se prepara para visitar al Athletic Bilbao el domingo 14 de junio, ha formado con Jan Oblak; Trippier, Jos\u00e9 Mar\u00eda Gim\u00e9nez, Stefan Savic y Renan Lodi; Marcos Llorente, Thomas Partey, Sa\u00fal \u00d1\u00edguez y Koke Resurrecci\u00f3n; Thomas Lemar, Diego Costa.<\/span><\/p>\n","protected":false},"excerpt":{"rendered":"<p>El lateral antioque\u00f1o Santiago Arias ve muy lejana su opci\u00f3n de aparecer en la formaci\u00f3n titular del Atl\u00e9tico de Madrid para el regreso de LaLiga, previsto para el 11 de junio. El ingl\u00e9s Kieran Tripier ha sido el habitual titular en las pr\u00e1cticas del equipo, que dirige Diego Simeone. Arias, que sigue sin tener muchas [&hellip;]<\/p>\n","protected":false},"author":5,"featured_media":51929,"comment_status":"open","ping_status":"open","sticky":false,"template":"","format":"standard","meta":{"_acf_changed":false,"footnotes":""},"categories":[418],"tags":[905,1218,413],"class_list":{"0":"post-51928","1":"post","2":"type-post","3":"status-publish","4":"format-standard","5":"has-post-thumbnail","7":"category-colombia","8":"tag-atletico-madrid","9":"tag-laliga","10":"tag-santiago-arias"},"acf":[],"yoast_head":"<!-- This site is optimized with the Yoast SEO plugin v26.8 - https:\/\/yoast.com\/product\/yoast-seo-wordpress\/ -->\n<title>Arias sigue sin opciones -<\/title>\n<meta name=\"robots\" content=\"index, follow, max-snippet:-1, max-image-preview:large, max-video-preview:-1\" \/>\n<link rel=\"canonical\" href=\"https:\/\/futbolhoy.co\/index.php\/2020\/06\/02\/arias-sigue-sin-opciones\/\" \/>\n<meta property=\"og:locale\" content=\"es_ES\" \/>\n<meta property=\"og:type\" content=\"article\" \/>\n<meta property=\"og:title\" content=\"Arias sigue sin opciones -\" \/>\n<meta property=\"og:description\" content=\"El lateral antioque\u00f1o Santiago Arias ve muy lejana su opci\u00f3n de aparecer en la formaci\u00f3n titular del Atl\u00e9tico de Madrid para el regreso de LaLiga, previsto para el 11 de junio. El ingl\u00e9s Kieran Tripier ha sido el habitual titular en las pr\u00e1cticas del equipo, que dirige Diego Simeone. Arias, que sigue sin tener muchas [&hellip;]\" \/>\n<meta property=\"og:url\" content=\"https:\/\/futbolhoy.co\/index.php\/2020\/06\/02\/arias-sigue-sin-opciones\/\" \/>\n<meta property=\"article:publisher\" content=\"https:\/\/www.facebook.com\/FutbolHoyCol\/\" \/>\n<meta property=\"article:published_time\" content=\"2020-06-03T00:04:24+00:00\" \/>\n<meta property=\"article:modified_time\" content=\"2020-06-03T13:27:00+00:00\" \/>\n<meta property=\"og:image\" content=\"https:\/\/futbolhoy.co\/wp-content\/uploads\/2020\/06\/20200602_190151.jpg\" \/>\n\t<meta property=\"og:image:width\" content=\"1417\" \/>\n\t<meta property=\"og:image:height\" content=\"999\" \/>\n\t<meta property=\"og:image:type\" content=\"image\/jpeg\" \/>\n<meta name=\"author\" content=\"Laura Hern\u00e1ndez\" \/>\n<meta name=\"twitter:card\" content=\"summary_large_image\" \/>\n<meta name=\"twitter:creator\" content=\"@FutbolHoyCol\" \/>\n<meta name=\"twitter:site\" content=\"@FutbolHoyCol\" \/>\n<meta name=\"twitter:label1\" content=\"Escrito por\" \/>\n\t<meta name=\"twitter:data1\" content=\"Laura Hern\u00e1ndez\" \/>\n\t<meta name=\"twitter:label2\" content=\"Tiempo de lectura\" \/>\n\t<meta name=\"twitter:data2\" content=\"1 minuto\" \/>\n<script type=\"application\/ld+json\" class=\"yoast-schema-graph\">{\"@context\":\"https:\/\/schema.org\",\"@graph\":[{\"@type\":\"Article\",\"@id\":\"https:\/\/futbolhoy.co\/index.php\/2020\/06\/02\/arias-sigue-sin-opciones\/#article\",\"isPartOf\":{\"@id\":\"https:\/\/futbolhoy.co\/index.php\/2020\/06\/02\/arias-sigue-sin-opciones\/\"},\"author\":{\"name\":\"Laura Hern\u00e1ndez\",\"@id\":\"https:\/\/futbolhoy.co\/#\/schema\/person\/c4a353a512b127643723a34bb1812f7d\"},\"headline\":\"Arias sigue sin opciones\",\"datePublished\":\"2020-06-03T00:04:24+00:00\",\"dateModified\":\"2020-06-03T13:27:00+00:00\",\"mainEntityOfPage\":{\"@id\":\"https:\/\/futbolhoy.co\/index.php\/2020\/06\/02\/arias-sigue-sin-opciones\/\"},\"wordCount\":137,\"commentCount\":0,\"publisher\":{\"@id\":\"https:\/\/futbolhoy.co\/#organization\"},\"image\":{\"@id\":\"https:\/\/futbolhoy.co\/index.php\/2020\/06\/02\/arias-sigue-sin-opciones\/#primaryimage\"},\"thumbnailUrl\":\"https:\/\/futbolhoy.co\/wp-content\/uploads\/2020\/06\/20200602_190151.jpg\",\"keywords\":[\"Atl\u00e9tico Madrid\",\"LaLiga\",\"santiago arias\"],\"articleSection\":[\"Colombia\"],\"inLanguage\":\"es\",\"potentialAction\":[{\"@type\":\"CommentAction\",\"name\":\"Comment\",\"target\":[\"https:\/\/futbolhoy.co\/index.php\/2020\/06\/02\/arias-sigue-sin-opciones\/#respond\"]}]},{\"@type\":\"WebPage\",\"@id\":\"https:\/\/futbolhoy.co\/index.php\/2020\/06\/02\/arias-sigue-sin-opciones\/\",\"url\":\"https:\/\/futbolhoy.co\/index.php\/2020\/06\/02\/arias-sigue-sin-opciones\/\",\"name\":\"Arias sigue sin opciones -\",\"isPartOf\":{\"@id\":\"https:\/\/futbolhoy.co\/#website\"},\"primaryImageOfPage\":{\"@id\":\"https:\/\/futbolhoy.co\/index.php\/2020\/06\/02\/arias-sigue-sin-opciones\/#primaryimage\"},\"image\":{\"@id\":\"https:\/\/futbolhoy.co\/index.php\/2020\/06\/02\/arias-sigue-sin-opciones\/#primaryimage\"},\"thumbnailUrl\":\"https:\/\/futbolhoy.co\/wp-content\/uploads\/2020\/06\/20200602_190151.jpg\",\"datePublished\":\"2020-06-03T00:04:24+00:00\",\"dateModified\":\"2020-06-03T13:27:00+00:00\",\"breadcrumb\":{\"@id\":\"https:\/\/futbolhoy.co\/index.php\/2020\/06\/02\/arias-sigue-sin-opciones\/#breadcrumb\"},\"inLanguage\":\"es\",\"potentialAction\":[{\"@type\":\"ReadAction\",\"target\":[\"https:\/\/futbolhoy.co\/index.php\/2020\/06\/02\/arias-sigue-sin-opciones\/\"]}]},{\"@type\":\"ImageObject\",\"inLanguage\":\"es\",\"@id\":\"https:\/\/futbolhoy.co\/index.php\/2020\/06\/02\/arias-sigue-sin-opciones\/#primaryimage\",\"url\":\"https:\/\/futbolhoy.co\/wp-content\/uploads\/2020\/06\/20200602_190151.jpg\",\"contentUrl\":\"https:\/\/futbolhoy.co\/wp-content\/uploads\/2020\/06\/20200602_190151.jpg\",\"width\":1417,\"height\":999},{\"@type\":\"BreadcrumbList\",\"@id\":\"https:\/\/futbolhoy.co\/index.php\/2020\/06\/02\/arias-sigue-sin-opciones\/#breadcrumb\",\"itemListElement\":[{\"@type\":\"ListItem\",\"position\":1,\"name\":\"Portada\",\"item\":\"https:\/\/futbolhoy.co\/\"},{\"@type\":\"ListItem\",\"position\":2,\"name\":\"Arias sigue sin opciones\"}]},{\"@type\":\"WebSite\",\"@id\":\"https:\/\/futbolhoy.co\/#website\",\"url\":\"https:\/\/futbolhoy.co\/\",\"name\":\"FutbolHoy\",\"description\":\"\",\"publisher\":{\"@id\":\"https:\/\/futbolhoy.co\/#organization\"},\"potentialAction\":[{\"@type\":\"SearchAction\",\"target\":{\"@type\":\"EntryPoint\",\"urlTemplate\":\"https:\/\/futbolhoy.co\/?s={search_term_string}\"},\"query-input\":{\"@type\":\"PropertyValueSpecification\",\"valueRequired\":true,\"valueName\":\"search_term_string\"}}],\"inLanguage\":\"es\"},{\"@type\":\"Organization\",\"@id\":\"https:\/\/futbolhoy.co\/#organization\",\"name\":\"Futbolhoy.co\",\"url\":\"https:\/\/futbolhoy.co\/\",\"logo\":{\"@type\":\"ImageObject\",\"inLanguage\":\"es\",\"@id\":\"https:\/\/futbolhoy.co\/#\/schema\/logo\/image\/\",\"url\":\"https:\/\/futbolhoy.co\/wp-content\/uploads\/2018\/08\/17426380_1906371736249227_6326180412931521141_n.jpg\",\"contentUrl\":\"https:\/\/futbolhoy.co\/wp-content\/uploads\/2018\/08\/17426380_1906371736249227_6326180412931521141_n.jpg\",\"width\":960,\"height\":960,\"caption\":\"Futbolhoy.co\"},\"image\":{\"@id\":\"https:\/\/futbolhoy.co\/#\/schema\/logo\/image\/\"},\"sameAs\":[\"https:\/\/www.facebook.com\/FutbolHoyCol\/\",\"https:\/\/x.com\/FutbolHoyCol\",\"https:\/\/www.instagram.com\/futbolhoycol\/\"]},{\"@type\":\"Person\",\"@id\":\"https:\/\/futbolhoy.co\/#\/schema\/person\/c4a353a512b127643723a34bb1812f7d\",\"name\":\"Laura Hern\u00e1ndez\",\"image\":{\"@type\":\"ImageObject\",\"inLanguage\":\"es\",\"@id\":\"https:\/\/futbolhoy.co\/#\/schema\/person\/image\/\",\"url\":\"https:\/\/secure.gravatar.com\/avatar\/d25959a15b9b293a743f99181c7cfd01?s=96&d=mm&r=g\",\"contentUrl\":\"https:\/\/secure.gravatar.com\/avatar\/d25959a15b9b293a743f99181c7cfd01?s=96&d=mm&r=g\",\"caption\":\"Laura Hern\u00e1ndez\"}}]}<\/script>\n<!-- \/ Yoast SEO plugin. -->","yoast_head_json":{"title":"Arias sigue sin opciones -","robots":{"index":"index","follow":"follow","max-snippet":"max-snippet:-1","max-image-preview":"max-image-preview:large","max-video-preview":"max-video-preview:-1"},"canonical":"https:\/\/futbolhoy.co\/index.php\/2020\/06\/02\/arias-sigue-sin-opciones\/","og_locale":"es_ES","og_type":"article","og_title":"Arias sigue sin opciones -","og_description":"El lateral antioque\u00f1o Santiago Arias ve muy lejana su opci\u00f3n de aparecer en la formaci\u00f3n titular del Atl\u00e9tico de Madrid para el regreso de LaLiga, previsto para el 11 de junio. El ingl\u00e9s Kieran Tripier ha sido el habitual titular en las pr\u00e1cticas del equipo, que dirige Diego Simeone. Arias, que sigue sin tener muchas [&hellip;]","og_url":"https:\/\/futbolhoy.co\/index.php\/2020\/06\/02\/arias-sigue-sin-opciones\/","article_publisher":"https:\/\/www.facebook.com\/FutbolHoyCol\/","article_published_time":"2020-06-03T00:04:24+00:00","article_modified_time":"2020-06-03T13:27:00+00:00","og_image":[{"width":1417,"height":999,"url":"https:\/\/futbolhoy.co\/wp-content\/uploads\/2020\/06\/20200602_190151.jpg","type":"image\/jpeg"}],"author":"Laura Hern\u00e1ndez","twitter_card":"summary_large_image","twitter_creator":"@FutbolHoyCol","twitter_site":"@FutbolHoyCol","twitter_misc":{"Escrito por":"Laura Hern\u00e1ndez","Tiempo de lectura":"1 minuto"},"schema":{"@context":"https:\/\/schema.org","@graph":[{"@type":"Article","@id":"https:\/\/futbolhoy.co\/index.php\/2020\/06\/02\/arias-sigue-sin-opciones\/#article","isPartOf":{"@id":"https:\/\/futbolhoy.co\/index.php\/2020\/06\/02\/arias-sigue-sin-opciones\/"},"author":{"name":"Laura Hern\u00e1ndez","@id":"https:\/\/futbolhoy.co\/#\/schema\/person\/c4a353a512b127643723a34bb1812f7d"},"headline":"Arias sigue sin opciones","datePublished":"2020-06-03T00:04:24+00:00","dateModified":"2020-06-03T13:27:00+00:00","mainEntityOfPage":{"@id":"https:\/\/futbolhoy.co\/index.php\/2020\/06\/02\/arias-sigue-sin-opciones\/"},"wordCount":137,"commentCount":0,"publisher":{"@id":"https:\/\/futbolhoy.co\/#organization"},"image":{"@id":"https:\/\/futbolhoy.co\/index.php\/2020\/06\/02\/arias-sigue-sin-opciones\/#primaryimage"},"thumbnailUrl":"https:\/\/futbolhoy.co\/wp-content\/uploads\/2020\/06\/20200602_190151.jpg","keywords":["Atl\u00e9tico Madrid","LaLiga","santiago arias"],"articleSection":["Colombia"],"inLanguage":"es","potentialAction":[{"@type":"CommentAction","name":"Comment","target":["https:\/\/futbolhoy.co\/index.php\/2020\/06\/02\/arias-sigue-sin-opciones\/#respond"]}]},{"@type":"WebPage","@id":"https:\/\/futbolhoy.co\/index.php\/2020\/06\/02\/arias-sigue-sin-opciones\/","url":"https:\/\/futbolhoy.co\/index.php\/2020\/06\/02\/arias-sigue-sin-opciones\/","name":"Arias sigue sin opciones -","isPartOf":{"@id":"https:\/\/futbolhoy.co\/#website"},"primaryImageOfPage":{"@id":"https:\/\/futbolhoy.co\/index.php\/2020\/06\/02\/arias-sigue-sin-opciones\/#primaryimage"},"image":{"@id":"https:\/\/futbolhoy.co\/index.php\/2020\/06\/02\/arias-sigue-sin-opciones\/#primaryimage"},"thumbnailUrl":"https:\/\/futbolhoy.co\/wp-content\/uploads\/2020\/06\/20200602_190151.jpg","datePublished":"2020-06-03T00:04:24+00:00","dateModified":"2020-06-03T13:27:00+00:00","breadcrumb":{"@id":"https:\/\/futbolhoy.co\/index.php\/2020\/06\/02\/arias-sigue-sin-opciones\/#breadcrumb"},"inLanguage":"es","potentialAction":[{"@type":"ReadAction","target":["https:\/\/futbolhoy.co\/index.php\/2020\/06\/02\/arias-sigue-sin-opciones\/"]}]},{"@type":"ImageObject","inLanguage":"es","@id":"https:\/\/futbolhoy.co\/index.php\/2020\/06\/02\/arias-sigue-sin-opciones\/#primaryimage","url":"https:\/\/futbolhoy.co\/wp-content\/uploads\/2020\/06\/20200602_190151.jpg","contentUrl":"https:\/\/futbolhoy.co\/wp-content\/uploads\/2020\/06\/20200602_190151.jpg","width":1417,"height":999},{"@type":"BreadcrumbList","@id":"https:\/\/futbolhoy.co\/index.php\/2020\/06\/02\/arias-sigue-sin-opciones\/#breadcrumb","itemListElement":[{"@type":"ListItem","position":1,"name":"Portada","item":"https:\/\/futbolhoy.co\/"},{"@type":"ListItem","position":2,"name":"Arias sigue sin opciones"}]},{"@type":"WebSite","@id":"https:\/\/futbolhoy.co\/#website","url":"https:\/\/futbolhoy.co\/","name":"FutbolHoy","description":"","publisher":{"@id":"https:\/\/futbolhoy.co\/#organization"},"potentialAction":[{"@type":"SearchAction","target":{"@type":"EntryPoint","urlTemplate":"https:\/\/futbolhoy.co\/?s={search_term_string}"},"query-input":{"@type":"PropertyValueSpecification","valueRequired":true,"valueName":"search_term_string"}}],"inLanguage":"es"},{"@type":"Organization","@id":"https:\/\/futbolhoy.co\/#organization","name":"Futbolhoy.co","url":"https:\/\/futbolhoy.co\/","logo":{"@type":"ImageObject","inLanguage":"es","@id":"https:\/\/futbolhoy.co\/#\/schema\/logo\/image\/","url":"https:\/\/futbolhoy.co\/wp-content\/uploads\/2018\/08\/17426380_1906371736249227_6326180412931521141_n.jpg","contentUrl":"https:\/\/futbolhoy.co\/wp-content\/uploads\/2018\/08\/17426380_1906371736249227_6326180412931521141_n.jpg","width":960,"height":960,"caption":"Futbolhoy.co"},"image":{"@id":"https:\/\/futbolhoy.co\/#\/schema\/logo\/image\/"},"sameAs":["https:\/\/www.facebook.com\/FutbolHoyCol\/","https:\/\/x.com\/FutbolHoyCol","https:\/\/www.instagram.com\/futbolhoycol\/"]},{"@type":"Person","@id":"https:\/\/futbolhoy.co\/#\/schema\/person\/c4a353a512b127643723a34bb1812f7d","name":"Laura Hern\u00e1ndez","image":{"@type":"ImageObject","inLanguage":"es","@id":"https:\/\/futbolhoy.co\/#\/schema\/person\/image\/","url":"https:\/\/secure.gravatar.com\/avatar\/d25959a15b9b293a743f99181c7cfd01?s=96&d=mm&r=g","contentUrl":"https:\/\/secure.gravatar.com\/avatar\/d25959a15b9b293a743f99181c7cfd01?s=96&d=mm&r=g","caption":"Laura Hern\u00e1ndez"}}]}},"publishpress_future_action":{"enabled":false,"date":"2026-05-05 21:03:47","action":"change-status","newStatus":"draft","terms":[],"taxonomy":"category","extraData":[]},"publishpress_future_workflow_manual_trigger":{"enabledWorkflows":[]},"_links":{"self":[{"href":"https:\/\/futbolhoy.co\/index.php\/wp-json\/wp\/v2\/posts\/51928","targetHints":{"allow":["GET"]}}],"collection":[{"href":"https:\/\/futbolhoy.co\/index.php\/wp-json\/wp\/v2\/posts"}],"about":[{"href":"https:\/\/futbolhoy.co\/index.php\/wp-json\/wp\/v2\/types\/post"}],"author":[{"embeddable":true,"href":"https:\/\/futbolhoy.co\/index.php\/wp-json\/wp\/v2\/users\/5"}],"replies":[{"embeddable":true,"href":"https:\/\/futbolhoy.co\/index.php\/wp-json\/wp\/v2\/comments?post=51928"}],"version-history":[{"count":1,"href":"https:\/\/futbolhoy.co\/index.php\/wp-json\/wp\/v2\/posts\/51928\/revisions"}],"predecessor-version":[{"id":51930,"href":"https:\/\/futbolhoy.co\/index.php\/wp-json\/wp\/v2\/posts\/51928\/revisions\/51930"}],"wp:featuredmedia":[{"embeddable":true,"href":"https:\/\/futbolhoy.co\/index.php\/wp-json\/wp\/v2\/media\/51929"}],"wp:attachment":[{"href":"https:\/\/futbolhoy.co\/index.php\/wp-json\/wp\/v2\/media?parent=51928"}],"wp:term":[{"taxonomy":"category","embeddable":true,"href":"https:\/\/futbolhoy.co\/index.php\/wp-json\/wp\/v2\/categories?post=51928"},{"taxonomy":"post_tag","embeddable":true,"href":"https:\/\/futbolhoy.co\/index.php\/wp-json\/wp\/v2\/tags?post=51928"}],"curies":[{"name":"wp","href":"https:\/\/api.w.org\/{rel}","templated":true}]}}