{"id":51938,"date":"2020-06-03T07:30:12","date_gmt":"2020-06-03T12:30:12","guid":{"rendered":"https:\/\/futbolhoy.co\/?p=51938"},"modified":"2020-06-03T14:06:45","modified_gmt":"2020-06-03T19:06:45","slug":"el-torneo-peruano-se-jugara-en-lima","status":"publish","type":"post","link":"https:\/\/futbolhoy.co\/index.php\/2020\/06\/03\/el-torneo-peruano-se-jugara-en-lima\/","title":{"rendered":"El Torneo peruano se jugar\u00e1 en Lima"},"content":{"rendered":"<!--[if lt IE 9]><script>document.createElement('audio');<\/script><![endif]-->\n<audio class=\"wp-audio-shortcode\" id=\"audio-51938-1\" preload=\"none\" style=\"width: 100%;\" controls=\"controls\"><source type=\"audio\/mpeg\" src=\"https:\/\/futbolhoy.co\/wp-content\/uploads\/2020\/06\/Agust\u00edn-Lozano-presidente-de-la-Federaci\u00f3n-Peruana-de-F\u00fatbol..mp3?_=1\" \/><a href=\"https:\/\/futbolhoy.co\/wp-content\/uploads\/2020\/06\/Agust\u00edn-Lozano-presidente-de-la-Federaci\u00f3n-Peruana-de-F\u00fatbol..mp3\">https:\/\/futbolhoy.co\/wp-content\/uploads\/2020\/06\/Agust\u00edn-Lozano-presidente-de-la-Federaci\u00f3n-Peruana-de-F\u00fatbol..mp3<\/a><\/audio>\n<p>(Agust\u00edn Lozano, presidente de la Federaci\u00f3n Peruana de F\u00fatbol, en di\u00e1logo con Movistar Deportes)<\/p>\n<p style=\"text-align: justify;\"><span style=\"font-family: helvetica, arial, sans-serif;\"><strong>Agust\u00edn Lozano,<\/strong> presidente de la <strong>Federaci\u00f3n Peruana de F\u00fatbol<\/strong>, asegur\u00f3 que <strong>Lima<\/strong> ser\u00e1 la sede \u00fanica para la reanudaci\u00f3n de la <strong>Liga,<\/strong> ante la recomendaci\u00f3n del <strong>Ministerio de Salud<\/strong>, que ya aprob\u00f3 el protocolo de bioseguridad presentado por los clubes.<\/span><\/p>\n<p style=\"text-align: justify;\"><span style=\"font-family: helvetica, arial, sans-serif;\">El <strong>Torneo Apertura,<\/strong> que es liderado por <strong>Alianza Universidad<\/strong> con 16 puntos, podr\u00eda volver dentro de 40 o 45 d\u00edas con la s\u00e9ptima fecha.<\/span><\/p>\n<p style=\"text-align: justify;\"><span style=\"font-family: helvetica, arial, sans-serif;\">\u201cLa sede definitivamente ser\u00e1 Lima y esta es una decisi\u00f3n ya tomada, en estricto cumplimiento a las recomendaciones del Ministerio de Salud y por supuesto tambi\u00e9n tratando de velar por que el f\u00fatbol no solo encuentre los resultados deportivos, sino que a nivel de organizaci\u00f3n y de seguridad, tambi\u00e9n est\u00e9n de lado de este retorno del f\u00fatbol profesional\u201d, declar\u00f3 Lozano en di\u00e1logo con <em>Movistar Deportes<\/em> en Per\u00fa.<\/span><\/p>\n<p style=\"text-align: justify;\"><span style=\"font-family: helvetica, arial, sans-serif;\">El dirigente agreg\u00f3 que la idea es cumplir con el calendario completo y entregar cupos a la <strong>CopaLibertadores <\/strong>y <strong>CopaSudamericana,<\/strong> as\u00ed como cumplir con los respectivos descensos.<\/span><\/p>\n","protected":false},"excerpt":{"rendered":"<p>(Agust\u00edn Lozano, presidente de la Federaci\u00f3n Peruana de F\u00fatbol, en di\u00e1logo con Movistar Deportes) Agust\u00edn Lozano, presidente de la Federaci\u00f3n Peruana de F\u00fatbol, asegur\u00f3 que Lima ser\u00e1 la sede \u00fanica para la reanudaci\u00f3n de la Liga, ante la recomendaci\u00f3n del Ministerio de Salud, que ya aprob\u00f3 el protocolo de bioseguridad presentado por los clubes. El [&hellip;]<\/p>\n","protected":false},"author":5,"featured_media":51939,"comment_status":"open","ping_status":"open","sticky":false,"template":"","format":"video","meta":{"_acf_changed":false,"footnotes":""},"categories":[152],"tags":[144],"class_list":{"0":"post-51938","1":"post","2":"type-post","3":"status-publish","4":"format-video","5":"has-post-thumbnail","7":"category-mundo-futbol","8":"tag-peru","9":"post_format-post-format-video"},"acf":[],"yoast_head":"<!-- This site is optimized with the Yoast SEO plugin v26.8 - https:\/\/yoast.com\/product\/yoast-seo-wordpress\/ -->\n<title>El Torneo peruano se jugar\u00e1 en Lima -<\/title>\n<meta name=\"robots\" content=\"index, follow, max-snippet:-1, max-image-preview:large, max-video-preview:-1\" \/>\n<link rel=\"canonical\" href=\"https:\/\/futbolhoy.co\/index.php\/2020\/06\/03\/el-torneo-peruano-se-jugara-en-lima\/\" \/>\n<meta property=\"og:locale\" content=\"es_ES\" \/>\n<meta property=\"og:type\" content=\"article\" \/>\n<meta property=\"og:title\" content=\"El Torneo peruano se jugar\u00e1 en Lima -\" \/>\n<meta property=\"og:description\" content=\"(Agust\u00edn Lozano, presidente de la Federaci\u00f3n Peruana de F\u00fatbol, en di\u00e1logo con Movistar Deportes) Agust\u00edn Lozano, presidente de la Federaci\u00f3n Peruana de F\u00fatbol, asegur\u00f3 que Lima ser\u00e1 la sede \u00fanica para la reanudaci\u00f3n de la Liga, ante la recomendaci\u00f3n del Ministerio de Salud, que ya aprob\u00f3 el protocolo de bioseguridad presentado por los clubes. El [&hellip;]\" \/>\n<meta property=\"og:url\" content=\"https:\/\/futbolhoy.co\/index.php\/2020\/06\/03\/el-torneo-peruano-se-jugara-en-lima\/\" \/>\n<meta property=\"article:publisher\" content=\"https:\/\/www.facebook.com\/FutbolHoyCol\/\" \/>\n<meta property=\"article:published_time\" content=\"2020-06-03T12:30:12+00:00\" \/>\n<meta property=\"article:modified_time\" content=\"2020-06-03T19:06:45+00:00\" \/>\n<meta property=\"og:image\" content=\"https:\/\/futbolhoy.co\/wp-content\/uploads\/2020\/06\/EZeW8RxWkAENMA0.jpg\" \/>\n\t<meta property=\"og:image:width\" content=\"1024\" \/>\n\t<meta property=\"og:image:height\" content=\"680\" \/>\n\t<meta property=\"og:image:type\" content=\"image\/jpeg\" \/>\n<meta name=\"author\" content=\"Laura Hern\u00e1ndez\" \/>\n<meta name=\"twitter:card\" content=\"summary_large_image\" \/>\n<meta name=\"twitter:creator\" content=\"@FutbolHoyCol\" \/>\n<meta name=\"twitter:site\" content=\"@FutbolHoyCol\" \/>\n<meta name=\"twitter:label1\" content=\"Escrito por\" \/>\n\t<meta name=\"twitter:data1\" content=\"Laura Hern\u00e1ndez\" \/>\n\t<meta name=\"twitter:label2\" content=\"Tiempo de lectura\" \/>\n\t<meta name=\"twitter:data2\" content=\"1 minuto\" \/>\n<script type=\"application\/ld+json\" class=\"yoast-schema-graph\">{\"@context\":\"https:\/\/schema.org\",\"@graph\":[{\"@type\":\"Article\",\"@id\":\"https:\/\/futbolhoy.co\/index.php\/2020\/06\/03\/el-torneo-peruano-se-jugara-en-lima\/#article\",\"isPartOf\":{\"@id\":\"https:\/\/futbolhoy.co\/index.php\/2020\/06\/03\/el-torneo-peruano-se-jugara-en-lima\/\"},\"author\":{\"name\":\"Laura Hern\u00e1ndez\",\"@id\":\"https:\/\/futbolhoy.co\/#\/schema\/person\/c4a353a512b127643723a34bb1812f7d\"},\"headline\":\"El Torneo peruano se jugar\u00e1 en Lima\",\"datePublished\":\"2020-06-03T12:30:12+00:00\",\"dateModified\":\"2020-06-03T19:06:45+00:00\",\"mainEntityOfPage\":{\"@id\":\"https:\/\/futbolhoy.co\/index.php\/2020\/06\/03\/el-torneo-peruano-se-jugara-en-lima\/\"},\"wordCount\":209,\"commentCount\":0,\"publisher\":{\"@id\":\"https:\/\/futbolhoy.co\/#organization\"},\"image\":{\"@id\":\"https:\/\/futbolhoy.co\/index.php\/2020\/06\/03\/el-torneo-peruano-se-jugara-en-lima\/#primaryimage\"},\"thumbnailUrl\":\"https:\/\/futbolhoy.co\/wp-content\/uploads\/2020\/06\/EZeW8RxWkAENMA0.jpg\",\"keywords\":[\"Per\u00fa\"],\"articleSection\":[\"Mundo Futbol\"],\"inLanguage\":\"es\",\"potentialAction\":[{\"@type\":\"CommentAction\",\"name\":\"Comment\",\"target\":[\"https:\/\/futbolhoy.co\/index.php\/2020\/06\/03\/el-torneo-peruano-se-jugara-en-lima\/#respond\"]}]},{\"@type\":\"WebPage\",\"@id\":\"https:\/\/futbolhoy.co\/index.php\/2020\/06\/03\/el-torneo-peruano-se-jugara-en-lima\/\",\"url\":\"https:\/\/futbolhoy.co\/index.php\/2020\/06\/03\/el-torneo-peruano-se-jugara-en-lima\/\",\"name\":\"El Torneo peruano se jugar\u00e1 en Lima -\",\"isPartOf\":{\"@id\":\"https:\/\/futbolhoy.co\/#website\"},\"primaryImageOfPage\":{\"@id\":\"https:\/\/futbolhoy.co\/index.php\/2020\/06\/03\/el-torneo-peruano-se-jugara-en-lima\/#primaryimage\"},\"image\":{\"@id\":\"https:\/\/futbolhoy.co\/index.php\/2020\/06\/03\/el-torneo-peruano-se-jugara-en-lima\/#primaryimage\"},\"thumbnailUrl\":\"https:\/\/futbolhoy.co\/wp-content\/uploads\/2020\/06\/EZeW8RxWkAENMA0.jpg\",\"datePublished\":\"2020-06-03T12:30:12+00:00\",\"dateModified\":\"2020-06-03T19:06:45+00:00\",\"breadcrumb\":{\"@id\":\"https:\/\/futbolhoy.co\/index.php\/2020\/06\/03\/el-torneo-peruano-se-jugara-en-lima\/#breadcrumb\"},\"inLanguage\":\"es\",\"potentialAction\":[{\"@type\":\"ReadAction\",\"target\":[\"https:\/\/futbolhoy.co\/index.php\/2020\/06\/03\/el-torneo-peruano-se-jugara-en-lima\/\"]}]},{\"@type\":\"ImageObject\",\"inLanguage\":\"es\",\"@id\":\"https:\/\/futbolhoy.co\/index.php\/2020\/06\/03\/el-torneo-peruano-se-jugara-en-lima\/#primaryimage\",\"url\":\"https:\/\/futbolhoy.co\/wp-content\/uploads\/2020\/06\/EZeW8RxWkAENMA0.jpg\",\"contentUrl\":\"https:\/\/futbolhoy.co\/wp-content\/uploads\/2020\/06\/EZeW8RxWkAENMA0.jpg\",\"width\":1024,\"height\":680},{\"@type\":\"BreadcrumbList\",\"@id\":\"https:\/\/futbolhoy.co\/index.php\/2020\/06\/03\/el-torneo-peruano-se-jugara-en-lima\/#breadcrumb\",\"itemListElement\":[{\"@type\":\"ListItem\",\"position\":1,\"name\":\"Portada\",\"item\":\"https:\/\/futbolhoy.co\/\"},{\"@type\":\"ListItem\",\"position\":2,\"name\":\"El Torneo peruano se jugar\u00e1 en Lima\"}]},{\"@type\":\"WebSite\",\"@id\":\"https:\/\/futbolhoy.co\/#website\",\"url\":\"https:\/\/futbolhoy.co\/\",\"name\":\"FutbolHoy\",\"description\":\"\",\"publisher\":{\"@id\":\"https:\/\/futbolhoy.co\/#organization\"},\"potentialAction\":[{\"@type\":\"SearchAction\",\"target\":{\"@type\":\"EntryPoint\",\"urlTemplate\":\"https:\/\/futbolhoy.co\/?s={search_term_string}\"},\"query-input\":{\"@type\":\"PropertyValueSpecification\",\"valueRequired\":true,\"valueName\":\"search_term_string\"}}],\"inLanguage\":\"es\"},{\"@type\":\"Organization\",\"@id\":\"https:\/\/futbolhoy.co\/#organization\",\"name\":\"Futbolhoy.co\",\"url\":\"https:\/\/futbolhoy.co\/\",\"logo\":{\"@type\":\"ImageObject\",\"inLanguage\":\"es\",\"@id\":\"https:\/\/futbolhoy.co\/#\/schema\/logo\/image\/\",\"url\":\"https:\/\/futbolhoy.co\/wp-content\/uploads\/2018\/08\/17426380_1906371736249227_6326180412931521141_n.jpg\",\"contentUrl\":\"https:\/\/futbolhoy.co\/wp-content\/uploads\/2018\/08\/17426380_1906371736249227_6326180412931521141_n.jpg\",\"width\":960,\"height\":960,\"caption\":\"Futbolhoy.co\"},\"image\":{\"@id\":\"https:\/\/futbolhoy.co\/#\/schema\/logo\/image\/\"},\"sameAs\":[\"https:\/\/www.facebook.com\/FutbolHoyCol\/\",\"https:\/\/x.com\/FutbolHoyCol\",\"https:\/\/www.instagram.com\/futbolhoycol\/\"]},{\"@type\":\"Person\",\"@id\":\"https:\/\/futbolhoy.co\/#\/schema\/person\/c4a353a512b127643723a34bb1812f7d\",\"name\":\"Laura Hern\u00e1ndez\",\"image\":{\"@type\":\"ImageObject\",\"inLanguage\":\"es\",\"@id\":\"https:\/\/futbolhoy.co\/#\/schema\/person\/image\/\",\"url\":\"https:\/\/secure.gravatar.com\/avatar\/d25959a15b9b293a743f99181c7cfd01?s=96&d=mm&r=g\",\"contentUrl\":\"https:\/\/secure.gravatar.com\/avatar\/d25959a15b9b293a743f99181c7cfd01?s=96&d=mm&r=g\",\"caption\":\"Laura Hern\u00e1ndez\"}}]}<\/script>\n<!-- \/ Yoast SEO plugin. -->","yoast_head_json":{"title":"El Torneo peruano se jugar\u00e1 en Lima -","robots":{"index":"index","follow":"follow","max-snippet":"max-snippet:-1","max-image-preview":"max-image-preview:large","max-video-preview":"max-video-preview:-1"},"canonical":"https:\/\/futbolhoy.co\/index.php\/2020\/06\/03\/el-torneo-peruano-se-jugara-en-lima\/","og_locale":"es_ES","og_type":"article","og_title":"El Torneo peruano se jugar\u00e1 en Lima -","og_description":"(Agust\u00edn Lozano, presidente de la Federaci\u00f3n Peruana de F\u00fatbol, en di\u00e1logo con Movistar Deportes) Agust\u00edn Lozano, presidente de la Federaci\u00f3n Peruana de F\u00fatbol, asegur\u00f3 que Lima ser\u00e1 la sede \u00fanica para la reanudaci\u00f3n de la Liga, ante la recomendaci\u00f3n del Ministerio de Salud, que ya aprob\u00f3 el protocolo de bioseguridad presentado por los clubes. El [&hellip;]","og_url":"https:\/\/futbolhoy.co\/index.php\/2020\/06\/03\/el-torneo-peruano-se-jugara-en-lima\/","article_publisher":"https:\/\/www.facebook.com\/FutbolHoyCol\/","article_published_time":"2020-06-03T12:30:12+00:00","article_modified_time":"2020-06-03T19:06:45+00:00","og_image":[{"width":1024,"height":680,"url":"https:\/\/futbolhoy.co\/wp-content\/uploads\/2020\/06\/EZeW8RxWkAENMA0.jpg","type":"image\/jpeg"}],"author":"Laura Hern\u00e1ndez","twitter_card":"summary_large_image","twitter_creator":"@FutbolHoyCol","twitter_site":"@FutbolHoyCol","twitter_misc":{"Escrito por":"Laura Hern\u00e1ndez","Tiempo de lectura":"1 minuto"},"schema":{"@context":"https:\/\/schema.org","@graph":[{"@type":"Article","@id":"https:\/\/futbolhoy.co\/index.php\/2020\/06\/03\/el-torneo-peruano-se-jugara-en-lima\/#article","isPartOf":{"@id":"https:\/\/futbolhoy.co\/index.php\/2020\/06\/03\/el-torneo-peruano-se-jugara-en-lima\/"},"author":{"name":"Laura Hern\u00e1ndez","@id":"https:\/\/futbolhoy.co\/#\/schema\/person\/c4a353a512b127643723a34bb1812f7d"},"headline":"El Torneo peruano se jugar\u00e1 en Lima","datePublished":"2020-06-03T12:30:12+00:00","dateModified":"2020-06-03T19:06:45+00:00","mainEntityOfPage":{"@id":"https:\/\/futbolhoy.co\/index.php\/2020\/06\/03\/el-torneo-peruano-se-jugara-en-lima\/"},"wordCount":209,"commentCount":0,"publisher":{"@id":"https:\/\/futbolhoy.co\/#organization"},"image":{"@id":"https:\/\/futbolhoy.co\/index.php\/2020\/06\/03\/el-torneo-peruano-se-jugara-en-lima\/#primaryimage"},"thumbnailUrl":"https:\/\/futbolhoy.co\/wp-content\/uploads\/2020\/06\/EZeW8RxWkAENMA0.jpg","keywords":["Per\u00fa"],"articleSection":["Mundo Futbol"],"inLanguage":"es","potentialAction":[{"@type":"CommentAction","name":"Comment","target":["https:\/\/futbolhoy.co\/index.php\/2020\/06\/03\/el-torneo-peruano-se-jugara-en-lima\/#respond"]}]},{"@type":"WebPage","@id":"https:\/\/futbolhoy.co\/index.php\/2020\/06\/03\/el-torneo-peruano-se-jugara-en-lima\/","url":"https:\/\/futbolhoy.co\/index.php\/2020\/06\/03\/el-torneo-peruano-se-jugara-en-lima\/","name":"El Torneo peruano se jugar\u00e1 en Lima -","isPartOf":{"@id":"https:\/\/futbolhoy.co\/#website"},"primaryImageOfPage":{"@id":"https:\/\/futbolhoy.co\/index.php\/2020\/06\/03\/el-torneo-peruano-se-jugara-en-lima\/#primaryimage"},"image":{"@id":"https:\/\/futbolhoy.co\/index.php\/2020\/06\/03\/el-torneo-peruano-se-jugara-en-lima\/#primaryimage"},"thumbnailUrl":"https:\/\/futbolhoy.co\/wp-content\/uploads\/2020\/06\/EZeW8RxWkAENMA0.jpg","datePublished":"2020-06-03T12:30:12+00:00","dateModified":"2020-06-03T19:06:45+00:00","breadcrumb":{"@id":"https:\/\/futbolhoy.co\/index.php\/2020\/06\/03\/el-torneo-peruano-se-jugara-en-lima\/#breadcrumb"},"inLanguage":"es","potentialAction":[{"@type":"ReadAction","target":["https:\/\/futbolhoy.co\/index.php\/2020\/06\/03\/el-torneo-peruano-se-jugara-en-lima\/"]}]},{"@type":"ImageObject","inLanguage":"es","@id":"https:\/\/futbolhoy.co\/index.php\/2020\/06\/03\/el-torneo-peruano-se-jugara-en-lima\/#primaryimage","url":"https:\/\/futbolhoy.co\/wp-content\/uploads\/2020\/06\/EZeW8RxWkAENMA0.jpg","contentUrl":"https:\/\/futbolhoy.co\/wp-content\/uploads\/2020\/06\/EZeW8RxWkAENMA0.jpg","width":1024,"height":680},{"@type":"BreadcrumbList","@id":"https:\/\/futbolhoy.co\/index.php\/2020\/06\/03\/el-torneo-peruano-se-jugara-en-lima\/#breadcrumb","itemListElement":[{"@type":"ListItem","position":1,"name":"Portada","item":"https:\/\/futbolhoy.co\/"},{"@type":"ListItem","position":2,"name":"El Torneo peruano se jugar\u00e1 en Lima"}]},{"@type":"WebSite","@id":"https:\/\/futbolhoy.co\/#website","url":"https:\/\/futbolhoy.co\/","name":"FutbolHoy","description":"","publisher":{"@id":"https:\/\/futbolhoy.co\/#organization"},"potentialAction":[{"@type":"SearchAction","target":{"@type":"EntryPoint","urlTemplate":"https:\/\/futbolhoy.co\/?s={search_term_string}"},"query-input":{"@type":"PropertyValueSpecification","valueRequired":true,"valueName":"search_term_string"}}],"inLanguage":"es"},{"@type":"Organization","@id":"https:\/\/futbolhoy.co\/#organization","name":"Futbolhoy.co","url":"https:\/\/futbolhoy.co\/","logo":{"@type":"ImageObject","inLanguage":"es","@id":"https:\/\/futbolhoy.co\/#\/schema\/logo\/image\/","url":"https:\/\/futbolhoy.co\/wp-content\/uploads\/2018\/08\/17426380_1906371736249227_6326180412931521141_n.jpg","contentUrl":"https:\/\/futbolhoy.co\/wp-content\/uploads\/2018\/08\/17426380_1906371736249227_6326180412931521141_n.jpg","width":960,"height":960,"caption":"Futbolhoy.co"},"image":{"@id":"https:\/\/futbolhoy.co\/#\/schema\/logo\/image\/"},"sameAs":["https:\/\/www.facebook.com\/FutbolHoyCol\/","https:\/\/x.com\/FutbolHoyCol","https:\/\/www.instagram.com\/futbolhoycol\/"]},{"@type":"Person","@id":"https:\/\/futbolhoy.co\/#\/schema\/person\/c4a353a512b127643723a34bb1812f7d","name":"Laura Hern\u00e1ndez","image":{"@type":"ImageObject","inLanguage":"es","@id":"https:\/\/futbolhoy.co\/#\/schema\/person\/image\/","url":"https:\/\/secure.gravatar.com\/avatar\/d25959a15b9b293a743f99181c7cfd01?s=96&d=mm&r=g","contentUrl":"https:\/\/secure.gravatar.com\/avatar\/d25959a15b9b293a743f99181c7cfd01?s=96&d=mm&r=g","caption":"Laura Hern\u00e1ndez"}}]}},"publishpress_future_action":{"enabled":false,"date":"2026-05-05 20:16:27","action":"change-status","newStatus":"draft","terms":[],"taxonomy":"category","extraData":[]},"publishpress_future_workflow_manual_trigger":{"enabledWorkflows":[]},"_links":{"self":[{"href":"https:\/\/futbolhoy.co\/index.php\/wp-json\/wp\/v2\/posts\/51938","targetHints":{"allow":["GET"]}}],"collection":[{"href":"https:\/\/futbolhoy.co\/index.php\/wp-json\/wp\/v2\/posts"}],"about":[{"href":"https:\/\/futbolhoy.co\/index.php\/wp-json\/wp\/v2\/types\/post"}],"author":[{"embeddable":true,"href":"https:\/\/futbolhoy.co\/index.php\/wp-json\/wp\/v2\/users\/5"}],"replies":[{"embeddable":true,"href":"https:\/\/futbolhoy.co\/index.php\/wp-json\/wp\/v2\/comments?post=51938"}],"version-history":[{"count":1,"href":"https:\/\/futbolhoy.co\/index.php\/wp-json\/wp\/v2\/posts\/51938\/revisions"}],"predecessor-version":[{"id":51941,"href":"https:\/\/futbolhoy.co\/index.php\/wp-json\/wp\/v2\/posts\/51938\/revisions\/51941"}],"wp:featuredmedia":[{"embeddable":true,"href":"https:\/\/futbolhoy.co\/index.php\/wp-json\/wp\/v2\/media\/51939"}],"wp:attachment":[{"href":"https:\/\/futbolhoy.co\/index.php\/wp-json\/wp\/v2\/media?parent=51938"}],"wp:term":[{"taxonomy":"category","embeddable":true,"href":"https:\/\/futbolhoy.co\/index.php\/wp-json\/wp\/v2\/categories?post=51938"},{"taxonomy":"post_tag","embeddable":true,"href":"https:\/\/futbolhoy.co\/index.php\/wp-json\/wp\/v2\/tags?post=51938"}],"curies":[{"name":"wp","href":"https:\/\/api.w.org\/{rel}","templated":true}]}}