{"id":51942,"date":"2020-06-03T07:11:22","date_gmt":"2020-06-03T12:11:22","guid":{"rendered":"https:\/\/futbolhoy.co\/?p=51942"},"modified":"2020-06-03T10:21:03","modified_gmt":"2020-06-03T15:21:03","slug":"burgos-confirmo-su-partida","status":"publish","type":"post","link":"https:\/\/futbolhoy.co\/index.php\/2020\/06\/03\/burgos-confirmo-su-partida\/","title":{"rendered":"Burgos confirm\u00f3 su partida"},"content":{"rendered":"<!--[if lt IE 9]><script>document.createElement('audio');<\/script><![endif]-->\n<audio class=\"wp-audio-shortcode\" id=\"audio-51942-1\" preload=\"none\" style=\"width: 100%;\" controls=\"controls\"><source type=\"audio\/mpeg\" src=\"https:\/\/futbolhoy.co\/wp-content\/uploads\/2020\/06\/Germ\u00e1n-Burgos-asistente-t\u00e9cnico-del-Atl\u00e9tico-de-Madrid..mp3?_=1\" \/><a href=\"https:\/\/futbolhoy.co\/wp-content\/uploads\/2020\/06\/Germ\u00e1n-Burgos-asistente-t\u00e9cnico-del-Atl\u00e9tico-de-Madrid..mp3\">https:\/\/futbolhoy.co\/wp-content\/uploads\/2020\/06\/Germ\u00e1n-Burgos-asistente-t\u00e9cnico-del-Atl\u00e9tico-de-Madrid..mp3<\/a><\/audio>\n<p>(Germ\u00e1n Burgos, asistente t\u00e9cnico del Atl\u00e9tico de Madrid)<\/p>\n<p style=\"text-align: justify;\"><span style=\"font-family: helvetica, arial, sans-serif;\"><strong>Germ\u00e1n Burgos<\/strong> ratific\u00f3 que al final de la temporada 2019-2020 dejar\u00e1 de ser el asistente t\u00e9cnico de <strong>Diego Pablo Simeone<\/strong> en el <strong>Atl\u00e9tico de Madrid<\/strong>, para buscar asumir el reto como entrenador principal en alg\u00fan equipo.<\/span><\/p>\n<p style=\"text-align: justify;\"><span style=\"font-family: helvetica, arial, sans-serif;\">Burgos, de 51 a\u00f1os, asegur\u00f3 que quiere dejar el club con el anhelado t\u00edtulo de la <strong>Champions,<\/strong> donde los 'colchoneros' ya est\u00e1n clasificados a la fase de cuartos de final.<\/span><\/p>\n<p style=\"text-align: justify;\"><span style=\"font-family: helvetica, arial, sans-serif;\">\u201cA la finalizaci\u00f3n de esta temporada 19-20 iniciar\u00e9 mi espacio como primer entrenador. Yo creo que, con m\u00e1s de 10 a\u00f1os de experiencia en primera divisi\u00f3n, estoy plenamente capacitado para dirigir los destinos de un equipo\u201d, declar\u00f3 \u2018El Mono\u2019 al canal de televisi\u00f3n del club espa\u00f1ol.<\/span><\/p>\n<p style=\"text-align: justify;\"><span style=\"font-family: helvetica, arial, sans-serif;\">Burgos es asistente t\u00e9cnico del \u2018Cholo\u2019 desde 2011 cuando Simeone asumi\u00f3 la direcci\u00f3n de <strong>Racing de Avellaneda<\/strong>, para luego asumir el primer equipo del Atl\u00e9tico.<\/span><\/p>\n","protected":false},"excerpt":{"rendered":"<p>(Germ\u00e1n Burgos, asistente t\u00e9cnico del Atl\u00e9tico de Madrid) Germ\u00e1n Burgos ratific\u00f3 que al final de la temporada 2019-2020 dejar\u00e1 de ser el asistente t\u00e9cnico de Diego Pablo Simeone en el Atl\u00e9tico de Madrid, para buscar asumir el reto como entrenador principal en alg\u00fan equipo. Burgos, de 51 a\u00f1os, asegur\u00f3 que quiere dejar el club con [&hellip;]<\/p>\n","protected":false},"author":5,"featured_media":51944,"comment_status":"open","ping_status":"open","sticky":false,"template":"","format":"video","meta":{"_acf_changed":false,"footnotes":""},"categories":[152],"tags":[905,1873],"class_list":{"0":"post-51942","1":"post","2":"type-post","3":"status-publish","4":"format-video","5":"has-post-thumbnail","7":"category-mundo-futbol","8":"tag-atletico-madrid","9":"tag-german-burgos","10":"post_format-post-format-video"},"acf":[],"yoast_head":"<!-- This site is optimized with the Yoast SEO plugin v26.8 - https:\/\/yoast.com\/product\/yoast-seo-wordpress\/ -->\n<title>Burgos confirm\u00f3 su partida -<\/title>\n<meta name=\"robots\" content=\"index, follow, max-snippet:-1, max-image-preview:large, max-video-preview:-1\" \/>\n<link rel=\"canonical\" href=\"https:\/\/futbolhoy.co\/index.php\/2020\/06\/03\/burgos-confirmo-su-partida\/\" \/>\n<meta property=\"og:locale\" content=\"es_ES\" \/>\n<meta property=\"og:type\" content=\"article\" \/>\n<meta property=\"og:title\" content=\"Burgos confirm\u00f3 su partida -\" \/>\n<meta property=\"og:description\" content=\"(Germ\u00e1n Burgos, asistente t\u00e9cnico del Atl\u00e9tico de Madrid) Germ\u00e1n Burgos ratific\u00f3 que al final de la temporada 2019-2020 dejar\u00e1 de ser el asistente t\u00e9cnico de Diego Pablo Simeone en el Atl\u00e9tico de Madrid, para buscar asumir el reto como entrenador principal en alg\u00fan equipo. Burgos, de 51 a\u00f1os, asegur\u00f3 que quiere dejar el club con [&hellip;]\" \/>\n<meta property=\"og:url\" content=\"https:\/\/futbolhoy.co\/index.php\/2020\/06\/03\/burgos-confirmo-su-partida\/\" \/>\n<meta property=\"article:publisher\" content=\"https:\/\/www.facebook.com\/FutbolHoyCol\/\" \/>\n<meta property=\"article:published_time\" content=\"2020-06-03T12:11:22+00:00\" \/>\n<meta property=\"article:modified_time\" content=\"2020-06-03T15:21:03+00:00\" \/>\n<meta property=\"og:image\" content=\"https:\/\/futbolhoy.co\/wp-content\/uploads\/2020\/06\/BlHl1wFCYAAdQU3.jpg\" \/>\n\t<meta property=\"og:image:width\" content=\"490\" \/>\n\t<meta property=\"og:image:height\" content=\"700\" \/>\n\t<meta property=\"og:image:type\" content=\"image\/jpeg\" \/>\n<meta name=\"author\" content=\"Laura Hern\u00e1ndez\" \/>\n<meta name=\"twitter:card\" content=\"summary_large_image\" \/>\n<meta name=\"twitter:creator\" content=\"@FutbolHoyCol\" \/>\n<meta name=\"twitter:site\" content=\"@FutbolHoyCol\" \/>\n<meta name=\"twitter:label1\" content=\"Escrito por\" \/>\n\t<meta name=\"twitter:data1\" content=\"Laura Hern\u00e1ndez\" \/>\n\t<meta name=\"twitter:label2\" content=\"Tiempo de lectura\" \/>\n\t<meta name=\"twitter:data2\" content=\"1 minuto\" \/>\n<script type=\"application\/ld+json\" class=\"yoast-schema-graph\">{\"@context\":\"https:\/\/schema.org\",\"@graph\":[{\"@type\":\"Article\",\"@id\":\"https:\/\/futbolhoy.co\/index.php\/2020\/06\/03\/burgos-confirmo-su-partida\/#article\",\"isPartOf\":{\"@id\":\"https:\/\/futbolhoy.co\/index.php\/2020\/06\/03\/burgos-confirmo-su-partida\/\"},\"author\":{\"name\":\"Laura Hern\u00e1ndez\",\"@id\":\"https:\/\/futbolhoy.co\/#\/schema\/person\/c4a353a512b127643723a34bb1812f7d\"},\"headline\":\"Burgos confirm\u00f3 su partida\",\"datePublished\":\"2020-06-03T12:11:22+00:00\",\"dateModified\":\"2020-06-03T15:21:03+00:00\",\"mainEntityOfPage\":{\"@id\":\"https:\/\/futbolhoy.co\/index.php\/2020\/06\/03\/burgos-confirmo-su-partida\/\"},\"wordCount\":178,\"commentCount\":0,\"publisher\":{\"@id\":\"https:\/\/futbolhoy.co\/#organization\"},\"image\":{\"@id\":\"https:\/\/futbolhoy.co\/index.php\/2020\/06\/03\/burgos-confirmo-su-partida\/#primaryimage\"},\"thumbnailUrl\":\"https:\/\/futbolhoy.co\/wp-content\/uploads\/2020\/06\/BlHl1wFCYAAdQU3.jpg\",\"keywords\":[\"Atl\u00e9tico Madrid\",\"Germ\u00e1n Burgos\"],\"articleSection\":[\"Mundo Futbol\"],\"inLanguage\":\"es\",\"potentialAction\":[{\"@type\":\"CommentAction\",\"name\":\"Comment\",\"target\":[\"https:\/\/futbolhoy.co\/index.php\/2020\/06\/03\/burgos-confirmo-su-partida\/#respond\"]}]},{\"@type\":\"WebPage\",\"@id\":\"https:\/\/futbolhoy.co\/index.php\/2020\/06\/03\/burgos-confirmo-su-partida\/\",\"url\":\"https:\/\/futbolhoy.co\/index.php\/2020\/06\/03\/burgos-confirmo-su-partida\/\",\"name\":\"Burgos confirm\u00f3 su partida -\",\"isPartOf\":{\"@id\":\"https:\/\/futbolhoy.co\/#website\"},\"primaryImageOfPage\":{\"@id\":\"https:\/\/futbolhoy.co\/index.php\/2020\/06\/03\/burgos-confirmo-su-partida\/#primaryimage\"},\"image\":{\"@id\":\"https:\/\/futbolhoy.co\/index.php\/2020\/06\/03\/burgos-confirmo-su-partida\/#primaryimage\"},\"thumbnailUrl\":\"https:\/\/futbolhoy.co\/wp-content\/uploads\/2020\/06\/BlHl1wFCYAAdQU3.jpg\",\"datePublished\":\"2020-06-03T12:11:22+00:00\",\"dateModified\":\"2020-06-03T15:21:03+00:00\",\"breadcrumb\":{\"@id\":\"https:\/\/futbolhoy.co\/index.php\/2020\/06\/03\/burgos-confirmo-su-partida\/#breadcrumb\"},\"inLanguage\":\"es\",\"potentialAction\":[{\"@type\":\"ReadAction\",\"target\":[\"https:\/\/futbolhoy.co\/index.php\/2020\/06\/03\/burgos-confirmo-su-partida\/\"]}]},{\"@type\":\"ImageObject\",\"inLanguage\":\"es\",\"@id\":\"https:\/\/futbolhoy.co\/index.php\/2020\/06\/03\/burgos-confirmo-su-partida\/#primaryimage\",\"url\":\"https:\/\/futbolhoy.co\/wp-content\/uploads\/2020\/06\/BlHl1wFCYAAdQU3.jpg\",\"contentUrl\":\"https:\/\/futbolhoy.co\/wp-content\/uploads\/2020\/06\/BlHl1wFCYAAdQU3.jpg\",\"width\":490,\"height\":700},{\"@type\":\"BreadcrumbList\",\"@id\":\"https:\/\/futbolhoy.co\/index.php\/2020\/06\/03\/burgos-confirmo-su-partida\/#breadcrumb\",\"itemListElement\":[{\"@type\":\"ListItem\",\"position\":1,\"name\":\"Portada\",\"item\":\"https:\/\/futbolhoy.co\/\"},{\"@type\":\"ListItem\",\"position\":2,\"name\":\"Burgos confirm\u00f3 su partida\"}]},{\"@type\":\"WebSite\",\"@id\":\"https:\/\/futbolhoy.co\/#website\",\"url\":\"https:\/\/futbolhoy.co\/\",\"name\":\"FutbolHoy\",\"description\":\"\",\"publisher\":{\"@id\":\"https:\/\/futbolhoy.co\/#organization\"},\"potentialAction\":[{\"@type\":\"SearchAction\",\"target\":{\"@type\":\"EntryPoint\",\"urlTemplate\":\"https:\/\/futbolhoy.co\/?s={search_term_string}\"},\"query-input\":{\"@type\":\"PropertyValueSpecification\",\"valueRequired\":true,\"valueName\":\"search_term_string\"}}],\"inLanguage\":\"es\"},{\"@type\":\"Organization\",\"@id\":\"https:\/\/futbolhoy.co\/#organization\",\"name\":\"Futbolhoy.co\",\"url\":\"https:\/\/futbolhoy.co\/\",\"logo\":{\"@type\":\"ImageObject\",\"inLanguage\":\"es\",\"@id\":\"https:\/\/futbolhoy.co\/#\/schema\/logo\/image\/\",\"url\":\"https:\/\/futbolhoy.co\/wp-content\/uploads\/2018\/08\/17426380_1906371736249227_6326180412931521141_n.jpg\",\"contentUrl\":\"https:\/\/futbolhoy.co\/wp-content\/uploads\/2018\/08\/17426380_1906371736249227_6326180412931521141_n.jpg\",\"width\":960,\"height\":960,\"caption\":\"Futbolhoy.co\"},\"image\":{\"@id\":\"https:\/\/futbolhoy.co\/#\/schema\/logo\/image\/\"},\"sameAs\":[\"https:\/\/www.facebook.com\/FutbolHoyCol\/\",\"https:\/\/x.com\/FutbolHoyCol\",\"https:\/\/www.instagram.com\/futbolhoycol\/\"]},{\"@type\":\"Person\",\"@id\":\"https:\/\/futbolhoy.co\/#\/schema\/person\/c4a353a512b127643723a34bb1812f7d\",\"name\":\"Laura Hern\u00e1ndez\",\"image\":{\"@type\":\"ImageObject\",\"inLanguage\":\"es\",\"@id\":\"https:\/\/futbolhoy.co\/#\/schema\/person\/image\/\",\"url\":\"https:\/\/secure.gravatar.com\/avatar\/d25959a15b9b293a743f99181c7cfd01?s=96&d=mm&r=g\",\"contentUrl\":\"https:\/\/secure.gravatar.com\/avatar\/d25959a15b9b293a743f99181c7cfd01?s=96&d=mm&r=g\",\"caption\":\"Laura Hern\u00e1ndez\"}}]}<\/script>\n<!-- \/ Yoast SEO plugin. -->","yoast_head_json":{"title":"Burgos confirm\u00f3 su partida -","robots":{"index":"index","follow":"follow","max-snippet":"max-snippet:-1","max-image-preview":"max-image-preview:large","max-video-preview":"max-video-preview:-1"},"canonical":"https:\/\/futbolhoy.co\/index.php\/2020\/06\/03\/burgos-confirmo-su-partida\/","og_locale":"es_ES","og_type":"article","og_title":"Burgos confirm\u00f3 su partida -","og_description":"(Germ\u00e1n Burgos, asistente t\u00e9cnico del Atl\u00e9tico de Madrid) Germ\u00e1n Burgos ratific\u00f3 que al final de la temporada 2019-2020 dejar\u00e1 de ser el asistente t\u00e9cnico de Diego Pablo Simeone en el Atl\u00e9tico de Madrid, para buscar asumir el reto como entrenador principal en alg\u00fan equipo. Burgos, de 51 a\u00f1os, asegur\u00f3 que quiere dejar el club con [&hellip;]","og_url":"https:\/\/futbolhoy.co\/index.php\/2020\/06\/03\/burgos-confirmo-su-partida\/","article_publisher":"https:\/\/www.facebook.com\/FutbolHoyCol\/","article_published_time":"2020-06-03T12:11:22+00:00","article_modified_time":"2020-06-03T15:21:03+00:00","og_image":[{"width":490,"height":700,"url":"https:\/\/futbolhoy.co\/wp-content\/uploads\/2020\/06\/BlHl1wFCYAAdQU3.jpg","type":"image\/jpeg"}],"author":"Laura Hern\u00e1ndez","twitter_card":"summary_large_image","twitter_creator":"@FutbolHoyCol","twitter_site":"@FutbolHoyCol","twitter_misc":{"Escrito por":"Laura Hern\u00e1ndez","Tiempo de lectura":"1 minuto"},"schema":{"@context":"https:\/\/schema.org","@graph":[{"@type":"Article","@id":"https:\/\/futbolhoy.co\/index.php\/2020\/06\/03\/burgos-confirmo-su-partida\/#article","isPartOf":{"@id":"https:\/\/futbolhoy.co\/index.php\/2020\/06\/03\/burgos-confirmo-su-partida\/"},"author":{"name":"Laura Hern\u00e1ndez","@id":"https:\/\/futbolhoy.co\/#\/schema\/person\/c4a353a512b127643723a34bb1812f7d"},"headline":"Burgos confirm\u00f3 su partida","datePublished":"2020-06-03T12:11:22+00:00","dateModified":"2020-06-03T15:21:03+00:00","mainEntityOfPage":{"@id":"https:\/\/futbolhoy.co\/index.php\/2020\/06\/03\/burgos-confirmo-su-partida\/"},"wordCount":178,"commentCount":0,"publisher":{"@id":"https:\/\/futbolhoy.co\/#organization"},"image":{"@id":"https:\/\/futbolhoy.co\/index.php\/2020\/06\/03\/burgos-confirmo-su-partida\/#primaryimage"},"thumbnailUrl":"https:\/\/futbolhoy.co\/wp-content\/uploads\/2020\/06\/BlHl1wFCYAAdQU3.jpg","keywords":["Atl\u00e9tico Madrid","Germ\u00e1n Burgos"],"articleSection":["Mundo Futbol"],"inLanguage":"es","potentialAction":[{"@type":"CommentAction","name":"Comment","target":["https:\/\/futbolhoy.co\/index.php\/2020\/06\/03\/burgos-confirmo-su-partida\/#respond"]}]},{"@type":"WebPage","@id":"https:\/\/futbolhoy.co\/index.php\/2020\/06\/03\/burgos-confirmo-su-partida\/","url":"https:\/\/futbolhoy.co\/index.php\/2020\/06\/03\/burgos-confirmo-su-partida\/","name":"Burgos confirm\u00f3 su partida -","isPartOf":{"@id":"https:\/\/futbolhoy.co\/#website"},"primaryImageOfPage":{"@id":"https:\/\/futbolhoy.co\/index.php\/2020\/06\/03\/burgos-confirmo-su-partida\/#primaryimage"},"image":{"@id":"https:\/\/futbolhoy.co\/index.php\/2020\/06\/03\/burgos-confirmo-su-partida\/#primaryimage"},"thumbnailUrl":"https:\/\/futbolhoy.co\/wp-content\/uploads\/2020\/06\/BlHl1wFCYAAdQU3.jpg","datePublished":"2020-06-03T12:11:22+00:00","dateModified":"2020-06-03T15:21:03+00:00","breadcrumb":{"@id":"https:\/\/futbolhoy.co\/index.php\/2020\/06\/03\/burgos-confirmo-su-partida\/#breadcrumb"},"inLanguage":"es","potentialAction":[{"@type":"ReadAction","target":["https:\/\/futbolhoy.co\/index.php\/2020\/06\/03\/burgos-confirmo-su-partida\/"]}]},{"@type":"ImageObject","inLanguage":"es","@id":"https:\/\/futbolhoy.co\/index.php\/2020\/06\/03\/burgos-confirmo-su-partida\/#primaryimage","url":"https:\/\/futbolhoy.co\/wp-content\/uploads\/2020\/06\/BlHl1wFCYAAdQU3.jpg","contentUrl":"https:\/\/futbolhoy.co\/wp-content\/uploads\/2020\/06\/BlHl1wFCYAAdQU3.jpg","width":490,"height":700},{"@type":"BreadcrumbList","@id":"https:\/\/futbolhoy.co\/index.php\/2020\/06\/03\/burgos-confirmo-su-partida\/#breadcrumb","itemListElement":[{"@type":"ListItem","position":1,"name":"Portada","item":"https:\/\/futbolhoy.co\/"},{"@type":"ListItem","position":2,"name":"Burgos confirm\u00f3 su partida"}]},{"@type":"WebSite","@id":"https:\/\/futbolhoy.co\/#website","url":"https:\/\/futbolhoy.co\/","name":"FutbolHoy","description":"","publisher":{"@id":"https:\/\/futbolhoy.co\/#organization"},"potentialAction":[{"@type":"SearchAction","target":{"@type":"EntryPoint","urlTemplate":"https:\/\/futbolhoy.co\/?s={search_term_string}"},"query-input":{"@type":"PropertyValueSpecification","valueRequired":true,"valueName":"search_term_string"}}],"inLanguage":"es"},{"@type":"Organization","@id":"https:\/\/futbolhoy.co\/#organization","name":"Futbolhoy.co","url":"https:\/\/futbolhoy.co\/","logo":{"@type":"ImageObject","inLanguage":"es","@id":"https:\/\/futbolhoy.co\/#\/schema\/logo\/image\/","url":"https:\/\/futbolhoy.co\/wp-content\/uploads\/2018\/08\/17426380_1906371736249227_6326180412931521141_n.jpg","contentUrl":"https:\/\/futbolhoy.co\/wp-content\/uploads\/2018\/08\/17426380_1906371736249227_6326180412931521141_n.jpg","width":960,"height":960,"caption":"Futbolhoy.co"},"image":{"@id":"https:\/\/futbolhoy.co\/#\/schema\/logo\/image\/"},"sameAs":["https:\/\/www.facebook.com\/FutbolHoyCol\/","https:\/\/x.com\/FutbolHoyCol","https:\/\/www.instagram.com\/futbolhoycol\/"]},{"@type":"Person","@id":"https:\/\/futbolhoy.co\/#\/schema\/person\/c4a353a512b127643723a34bb1812f7d","name":"Laura Hern\u00e1ndez","image":{"@type":"ImageObject","inLanguage":"es","@id":"https:\/\/futbolhoy.co\/#\/schema\/person\/image\/","url":"https:\/\/secure.gravatar.com\/avatar\/d25959a15b9b293a743f99181c7cfd01?s=96&d=mm&r=g","contentUrl":"https:\/\/secure.gravatar.com\/avatar\/d25959a15b9b293a743f99181c7cfd01?s=96&d=mm&r=g","caption":"Laura Hern\u00e1ndez"}}]}},"publishpress_future_action":{"enabled":false,"date":"2026-05-05 18:12:03","action":"change-status","newStatus":"draft","terms":[],"taxonomy":"category","extraData":[]},"publishpress_future_workflow_manual_trigger":{"enabledWorkflows":[]},"_links":{"self":[{"href":"https:\/\/futbolhoy.co\/index.php\/wp-json\/wp\/v2\/posts\/51942","targetHints":{"allow":["GET"]}}],"collection":[{"href":"https:\/\/futbolhoy.co\/index.php\/wp-json\/wp\/v2\/posts"}],"about":[{"href":"https:\/\/futbolhoy.co\/index.php\/wp-json\/wp\/v2\/types\/post"}],"author":[{"embeddable":true,"href":"https:\/\/futbolhoy.co\/index.php\/wp-json\/wp\/v2\/users\/5"}],"replies":[{"embeddable":true,"href":"https:\/\/futbolhoy.co\/index.php\/wp-json\/wp\/v2\/comments?post=51942"}],"version-history":[{"count":1,"href":"https:\/\/futbolhoy.co\/index.php\/wp-json\/wp\/v2\/posts\/51942\/revisions"}],"predecessor-version":[{"id":51945,"href":"https:\/\/futbolhoy.co\/index.php\/wp-json\/wp\/v2\/posts\/51942\/revisions\/51945"}],"wp:featuredmedia":[{"embeddable":true,"href":"https:\/\/futbolhoy.co\/index.php\/wp-json\/wp\/v2\/media\/51944"}],"wp:attachment":[{"href":"https:\/\/futbolhoy.co\/index.php\/wp-json\/wp\/v2\/media?parent=51942"}],"wp:term":[{"taxonomy":"category","embeddable":true,"href":"https:\/\/futbolhoy.co\/index.php\/wp-json\/wp\/v2\/categories?post=51942"},{"taxonomy":"post_tag","embeddable":true,"href":"https:\/\/futbolhoy.co\/index.php\/wp-json\/wp\/v2\/tags?post=51942"}],"curies":[{"name":"wp","href":"https:\/\/api.w.org\/{rel}","templated":true}]}}