{"id":51947,"date":"2020-06-03T17:06:38","date_gmt":"2020-06-03T22:06:38","guid":{"rendered":"https:\/\/futbolhoy.co\/?p=51947"},"modified":"2020-06-03T19:10:35","modified_gmt":"2020-06-04T00:10:35","slug":"un-dia-como-hoy-el-4-4-y-el-gol-olimpico-de-marcos-coll","status":"publish","type":"post","link":"https:\/\/futbolhoy.co\/index.php\/2020\/06\/03\/un-dia-como-hoy-el-4-4-y-el-gol-olimpico-de-marcos-coll\/","title":{"rendered":"Un d\u00eda como hoy: el 4-4 y el gol ol\u00edmpico de Marcos Coll"},"content":{"rendered":"<p style=\"text-align: justify;\"><span style=\"font-family: helvetica, arial, sans-serif;\">El de junio de 1962, hace 58 a\u00f1os, <strong>Colombia<\/strong> sum\u00f3 su primer punto en un <strong>Mundial de F\u00fatbol<\/strong>, en un partido que tuvo una remontada y un gol hist\u00f3rico, este \u00faltimo, \u00fanico y vigente en las<strong> Copas del Mundo.<\/strong><\/span><\/p>\n<p style=\"text-align: justify;\"><span style=\"font-family: helvetica, arial, sans-serif;\">En <strong>Arica,<\/strong> por la fase de grupos, la Selecci\u00f3n ca\u00eda 1-4 ante la <strong>Uni\u00f3n Sovi\u00e9tica,<\/strong> que llegaba al certamen como campeones europeos. El gol de la 'Tricolor', en ese entonces dirigida por el argentino <strong>Adolfo Pedernera,<\/strong> hab\u00eda sido obra de <strong>Germ\u00e1n el 'Cuca' Aceros.<\/strong><\/span><\/p>\n<p style=\"text-align: justify;\"><span style=\"font-family: helvetica, arial, sans-serif;\">La remontada naci\u00f3 en la pierna derecha de <strong>Marcos Coll,<\/strong> que de un tiro de esquina anot\u00f3 el \u00fanico gol ol\u00edmpico en la historia de los Mundiales, venciendo al m\u00edticio <strong>Lev Yashin.<\/strong><\/span><\/p>\n<blockquote class=\"twitter-tweet\">\n<p dir=\"ltr\" lang=\"es\">Un 3 de junio de 1\u20e39\u20e36\u20e32\u20e3, empat\u00e1bamos 4\u20e3-4\u20e3 contra la Uni\u00f3n Sovi\u00e9tica y nuestra Selecci\u00f3n marcaba el que hasta ahora ha sido el \u00fanico gol ol\u00edmpico de un Mundial \ud83c\udde8\ud83c\uddf4<\/p>\n<p>\u00a1Marcos Coll entr\u00f3 a la historia del f\u00fatbol mundial con esta jugada! \ud83d\udcfd\ufe0f <a href=\"https:\/\/t.co\/LKvzO7mNaU\">pic.twitter.com\/LKvzO7mNaU<\/a><\/p>\n<p>\u2014 Selecci\u00f3n Colombia (@FCFSeleccionCol) <a href=\"https:\/\/twitter.com\/FCFSeleccionCol\/status\/1268183409588928512?ref_src=twsrc%5Etfw\">June 3, 2020<\/a><\/p><\/blockquote>\n<p><script async src=\"https:\/\/platform.twitter.com\/widgets.js\" charset=\"utf-8\"><\/script><\/p>\n<p style=\"text-align: justify;\"><span style=\"font-family: helvetica, arial, sans-serif;\"><strong>Antonio Rada<\/strong> y <strong>Marino Klinger<\/strong> igualaron el juego 4-4. Al final, la Selecci\u00f3n termin\u00f3 despidi\u00e9ndose en la fase de grupos de aquel torneo.<\/span><\/p>\n<p style=\"text-align: justify;\"><span style=\"font-family: helvetica, arial, sans-serif;\">Colombia form\u00f3 en ese encuentro con: <strong>Efra\u00edn S\u00e1nchez; An\u00edbal Alzate, Jaime Gonz\u00e1lez, \u00d3scar L\u00f3pez, H\u00e9ctor Echeverri; Rolando Serrano, Marcos Coll (capit\u00e1n); Hermann Aceros, Marino Klinger, Antonio Rada y H\u00e9ctor Gonz\u00e1lez.<\/strong><\/span><\/p>\n","protected":false},"excerpt":{"rendered":"<p>El de junio de 1962, hace 58 a\u00f1os, Colombia sum\u00f3 su primer punto en un Mundial de F\u00fatbol, en un partido que tuvo una remontada y un gol hist\u00f3rico, este \u00faltimo, \u00fanico y vigente en las Copas del Mundo. En Arica, por la fase de grupos, la Selecci\u00f3n ca\u00eda 1-4 ante la Uni\u00f3n Sovi\u00e9tica, que [&hellip;]<\/p>\n","protected":false},"author":5,"featured_media":51952,"comment_status":"open","ping_status":"open","sticky":false,"template":"","format":"video","meta":{"_acf_changed":false,"footnotes":""},"categories":[152],"tags":[1874,127],"class_list":{"0":"post-51947","1":"post","2":"type-post","3":"status-publish","4":"format-video","5":"has-post-thumbnail","7":"category-mundo-futbol","8":"tag-mundial-chile-1962","9":"tag-seleccion-colombia","10":"post_format-post-format-video"},"acf":[],"yoast_head":"<!-- This site is optimized with the Yoast SEO plugin v26.8 - https:\/\/yoast.com\/product\/yoast-seo-wordpress\/ -->\n<title>Un d\u00eda como hoy: el 4-4 y el gol ol\u00edmpico de Marcos Coll -<\/title>\n<meta name=\"robots\" content=\"index, follow, max-snippet:-1, max-image-preview:large, max-video-preview:-1\" \/>\n<link rel=\"canonical\" href=\"https:\/\/futbolhoy.co\/index.php\/2020\/06\/03\/un-dia-como-hoy-el-4-4-y-el-gol-olimpico-de-marcos-coll\/\" \/>\n<meta property=\"og:locale\" content=\"es_ES\" \/>\n<meta property=\"og:type\" content=\"article\" \/>\n<meta property=\"og:title\" content=\"Un d\u00eda como hoy: el 4-4 y el gol ol\u00edmpico de Marcos Coll -\" \/>\n<meta property=\"og:description\" content=\"El de junio de 1962, hace 58 a\u00f1os, Colombia sum\u00f3 su primer punto en un Mundial de F\u00fatbol, en un partido que tuvo una remontada y un gol hist\u00f3rico, este \u00faltimo, \u00fanico y vigente en las Copas del Mundo. En Arica, por la fase de grupos, la Selecci\u00f3n ca\u00eda 1-4 ante la Uni\u00f3n Sovi\u00e9tica, que [&hellip;]\" \/>\n<meta property=\"og:url\" content=\"https:\/\/futbolhoy.co\/index.php\/2020\/06\/03\/un-dia-como-hoy-el-4-4-y-el-gol-olimpico-de-marcos-coll\/\" \/>\n<meta property=\"article:publisher\" content=\"https:\/\/www.facebook.com\/FutbolHoyCol\/\" \/>\n<meta property=\"article:published_time\" content=\"2020-06-03T22:06:38+00:00\" \/>\n<meta property=\"article:modified_time\" content=\"2020-06-04T00:10:35+00:00\" \/>\n<meta property=\"og:image\" content=\"https:\/\/futbolhoy.co\/wp-content\/uploads\/2020\/06\/4-4.jpg\" \/>\n\t<meta property=\"og:image:width\" content=\"1870\" \/>\n\t<meta property=\"og:image:height\" content=\"743\" \/>\n\t<meta property=\"og:image:type\" content=\"image\/jpeg\" \/>\n<meta name=\"author\" content=\"Laura Hern\u00e1ndez\" \/>\n<meta name=\"twitter:card\" content=\"summary_large_image\" \/>\n<meta name=\"twitter:creator\" content=\"@FutbolHoyCol\" \/>\n<meta name=\"twitter:site\" content=\"@FutbolHoyCol\" \/>\n<meta name=\"twitter:label1\" content=\"Escrito por\" \/>\n\t<meta name=\"twitter:data1\" content=\"Laura Hern\u00e1ndez\" \/>\n\t<meta name=\"twitter:label2\" content=\"Tiempo de lectura\" \/>\n\t<meta name=\"twitter:data2\" content=\"1 minuto\" \/>\n<script type=\"application\/ld+json\" class=\"yoast-schema-graph\">{\"@context\":\"https:\/\/schema.org\",\"@graph\":[{\"@type\":\"Article\",\"@id\":\"https:\/\/futbolhoy.co\/index.php\/2020\/06\/03\/un-dia-como-hoy-el-4-4-y-el-gol-olimpico-de-marcos-coll\/#article\",\"isPartOf\":{\"@id\":\"https:\/\/futbolhoy.co\/index.php\/2020\/06\/03\/un-dia-como-hoy-el-4-4-y-el-gol-olimpico-de-marcos-coll\/\"},\"author\":{\"name\":\"Laura Hern\u00e1ndez\",\"@id\":\"https:\/\/futbolhoy.co\/#\/schema\/person\/c4a353a512b127643723a34bb1812f7d\"},\"headline\":\"Un d\u00eda como hoy: el 4-4 y el gol ol\u00edmpico de Marcos Coll\",\"datePublished\":\"2020-06-03T22:06:38+00:00\",\"dateModified\":\"2020-06-04T00:10:35+00:00\",\"mainEntityOfPage\":{\"@id\":\"https:\/\/futbolhoy.co\/index.php\/2020\/06\/03\/un-dia-como-hoy-el-4-4-y-el-gol-olimpico-de-marcos-coll\/\"},\"wordCount\":258,\"commentCount\":0,\"publisher\":{\"@id\":\"https:\/\/futbolhoy.co\/#organization\"},\"image\":{\"@id\":\"https:\/\/futbolhoy.co\/index.php\/2020\/06\/03\/un-dia-como-hoy-el-4-4-y-el-gol-olimpico-de-marcos-coll\/#primaryimage\"},\"thumbnailUrl\":\"https:\/\/futbolhoy.co\/wp-content\/uploads\/2020\/06\/4-4.jpg\",\"keywords\":[\"Mundial Chile 1962\",\"Selecci\u00f3n Colombia\"],\"articleSection\":[\"Mundo Futbol\"],\"inLanguage\":\"es\",\"potentialAction\":[{\"@type\":\"CommentAction\",\"name\":\"Comment\",\"target\":[\"https:\/\/futbolhoy.co\/index.php\/2020\/06\/03\/un-dia-como-hoy-el-4-4-y-el-gol-olimpico-de-marcos-coll\/#respond\"]}]},{\"@type\":\"WebPage\",\"@id\":\"https:\/\/futbolhoy.co\/index.php\/2020\/06\/03\/un-dia-como-hoy-el-4-4-y-el-gol-olimpico-de-marcos-coll\/\",\"url\":\"https:\/\/futbolhoy.co\/index.php\/2020\/06\/03\/un-dia-como-hoy-el-4-4-y-el-gol-olimpico-de-marcos-coll\/\",\"name\":\"Un d\u00eda como hoy: el 4-4 y el gol ol\u00edmpico de Marcos Coll -\",\"isPartOf\":{\"@id\":\"https:\/\/futbolhoy.co\/#website\"},\"primaryImageOfPage\":{\"@id\":\"https:\/\/futbolhoy.co\/index.php\/2020\/06\/03\/un-dia-como-hoy-el-4-4-y-el-gol-olimpico-de-marcos-coll\/#primaryimage\"},\"image\":{\"@id\":\"https:\/\/futbolhoy.co\/index.php\/2020\/06\/03\/un-dia-como-hoy-el-4-4-y-el-gol-olimpico-de-marcos-coll\/#primaryimage\"},\"thumbnailUrl\":\"https:\/\/futbolhoy.co\/wp-content\/uploads\/2020\/06\/4-4.jpg\",\"datePublished\":\"2020-06-03T22:06:38+00:00\",\"dateModified\":\"2020-06-04T00:10:35+00:00\",\"breadcrumb\":{\"@id\":\"https:\/\/futbolhoy.co\/index.php\/2020\/06\/03\/un-dia-como-hoy-el-4-4-y-el-gol-olimpico-de-marcos-coll\/#breadcrumb\"},\"inLanguage\":\"es\",\"potentialAction\":[{\"@type\":\"ReadAction\",\"target\":[\"https:\/\/futbolhoy.co\/index.php\/2020\/06\/03\/un-dia-como-hoy-el-4-4-y-el-gol-olimpico-de-marcos-coll\/\"]}]},{\"@type\":\"ImageObject\",\"inLanguage\":\"es\",\"@id\":\"https:\/\/futbolhoy.co\/index.php\/2020\/06\/03\/un-dia-como-hoy-el-4-4-y-el-gol-olimpico-de-marcos-coll\/#primaryimage\",\"url\":\"https:\/\/futbolhoy.co\/wp-content\/uploads\/2020\/06\/4-4.jpg\",\"contentUrl\":\"https:\/\/futbolhoy.co\/wp-content\/uploads\/2020\/06\/4-4.jpg\",\"width\":1870,\"height\":743},{\"@type\":\"BreadcrumbList\",\"@id\":\"https:\/\/futbolhoy.co\/index.php\/2020\/06\/03\/un-dia-como-hoy-el-4-4-y-el-gol-olimpico-de-marcos-coll\/#breadcrumb\",\"itemListElement\":[{\"@type\":\"ListItem\",\"position\":1,\"name\":\"Portada\",\"item\":\"https:\/\/futbolhoy.co\/\"},{\"@type\":\"ListItem\",\"position\":2,\"name\":\"Un d\u00eda como hoy: el 4-4 y el gol ol\u00edmpico de Marcos Coll\"}]},{\"@type\":\"WebSite\",\"@id\":\"https:\/\/futbolhoy.co\/#website\",\"url\":\"https:\/\/futbolhoy.co\/\",\"name\":\"FutbolHoy\",\"description\":\"\",\"publisher\":{\"@id\":\"https:\/\/futbolhoy.co\/#organization\"},\"potentialAction\":[{\"@type\":\"SearchAction\",\"target\":{\"@type\":\"EntryPoint\",\"urlTemplate\":\"https:\/\/futbolhoy.co\/?s={search_term_string}\"},\"query-input\":{\"@type\":\"PropertyValueSpecification\",\"valueRequired\":true,\"valueName\":\"search_term_string\"}}],\"inLanguage\":\"es\"},{\"@type\":\"Organization\",\"@id\":\"https:\/\/futbolhoy.co\/#organization\",\"name\":\"Futbolhoy.co\",\"url\":\"https:\/\/futbolhoy.co\/\",\"logo\":{\"@type\":\"ImageObject\",\"inLanguage\":\"es\",\"@id\":\"https:\/\/futbolhoy.co\/#\/schema\/logo\/image\/\",\"url\":\"https:\/\/futbolhoy.co\/wp-content\/uploads\/2018\/08\/17426380_1906371736249227_6326180412931521141_n.jpg\",\"contentUrl\":\"https:\/\/futbolhoy.co\/wp-content\/uploads\/2018\/08\/17426380_1906371736249227_6326180412931521141_n.jpg\",\"width\":960,\"height\":960,\"caption\":\"Futbolhoy.co\"},\"image\":{\"@id\":\"https:\/\/futbolhoy.co\/#\/schema\/logo\/image\/\"},\"sameAs\":[\"https:\/\/www.facebook.com\/FutbolHoyCol\/\",\"https:\/\/x.com\/FutbolHoyCol\",\"https:\/\/www.instagram.com\/futbolhoycol\/\"]},{\"@type\":\"Person\",\"@id\":\"https:\/\/futbolhoy.co\/#\/schema\/person\/c4a353a512b127643723a34bb1812f7d\",\"name\":\"Laura Hern\u00e1ndez\",\"image\":{\"@type\":\"ImageObject\",\"inLanguage\":\"es\",\"@id\":\"https:\/\/futbolhoy.co\/#\/schema\/person\/image\/\",\"url\":\"https:\/\/secure.gravatar.com\/avatar\/d25959a15b9b293a743f99181c7cfd01?s=96&d=mm&r=g\",\"contentUrl\":\"https:\/\/secure.gravatar.com\/avatar\/d25959a15b9b293a743f99181c7cfd01?s=96&d=mm&r=g\",\"caption\":\"Laura Hern\u00e1ndez\"}}]}<\/script>\n<!-- \/ Yoast SEO plugin. -->","yoast_head_json":{"title":"Un d\u00eda como hoy: el 4-4 y el gol ol\u00edmpico de Marcos Coll -","robots":{"index":"index","follow":"follow","max-snippet":"max-snippet:-1","max-image-preview":"max-image-preview:large","max-video-preview":"max-video-preview:-1"},"canonical":"https:\/\/futbolhoy.co\/index.php\/2020\/06\/03\/un-dia-como-hoy-el-4-4-y-el-gol-olimpico-de-marcos-coll\/","og_locale":"es_ES","og_type":"article","og_title":"Un d\u00eda como hoy: el 4-4 y el gol ol\u00edmpico de Marcos Coll -","og_description":"El de junio de 1962, hace 58 a\u00f1os, Colombia sum\u00f3 su primer punto en un Mundial de F\u00fatbol, en un partido que tuvo una remontada y un gol hist\u00f3rico, este \u00faltimo, \u00fanico y vigente en las Copas del Mundo. En Arica, por la fase de grupos, la Selecci\u00f3n ca\u00eda 1-4 ante la Uni\u00f3n Sovi\u00e9tica, que [&hellip;]","og_url":"https:\/\/futbolhoy.co\/index.php\/2020\/06\/03\/un-dia-como-hoy-el-4-4-y-el-gol-olimpico-de-marcos-coll\/","article_publisher":"https:\/\/www.facebook.com\/FutbolHoyCol\/","article_published_time":"2020-06-03T22:06:38+00:00","article_modified_time":"2020-06-04T00:10:35+00:00","og_image":[{"width":1870,"height":743,"url":"https:\/\/futbolhoy.co\/wp-content\/uploads\/2020\/06\/4-4.jpg","type":"image\/jpeg"}],"author":"Laura Hern\u00e1ndez","twitter_card":"summary_large_image","twitter_creator":"@FutbolHoyCol","twitter_site":"@FutbolHoyCol","twitter_misc":{"Escrito por":"Laura Hern\u00e1ndez","Tiempo de lectura":"1 minuto"},"schema":{"@context":"https:\/\/schema.org","@graph":[{"@type":"Article","@id":"https:\/\/futbolhoy.co\/index.php\/2020\/06\/03\/un-dia-como-hoy-el-4-4-y-el-gol-olimpico-de-marcos-coll\/#article","isPartOf":{"@id":"https:\/\/futbolhoy.co\/index.php\/2020\/06\/03\/un-dia-como-hoy-el-4-4-y-el-gol-olimpico-de-marcos-coll\/"},"author":{"name":"Laura Hern\u00e1ndez","@id":"https:\/\/futbolhoy.co\/#\/schema\/person\/c4a353a512b127643723a34bb1812f7d"},"headline":"Un d\u00eda como hoy: el 4-4 y el gol ol\u00edmpico de Marcos Coll","datePublished":"2020-06-03T22:06:38+00:00","dateModified":"2020-06-04T00:10:35+00:00","mainEntityOfPage":{"@id":"https:\/\/futbolhoy.co\/index.php\/2020\/06\/03\/un-dia-como-hoy-el-4-4-y-el-gol-olimpico-de-marcos-coll\/"},"wordCount":258,"commentCount":0,"publisher":{"@id":"https:\/\/futbolhoy.co\/#organization"},"image":{"@id":"https:\/\/futbolhoy.co\/index.php\/2020\/06\/03\/un-dia-como-hoy-el-4-4-y-el-gol-olimpico-de-marcos-coll\/#primaryimage"},"thumbnailUrl":"https:\/\/futbolhoy.co\/wp-content\/uploads\/2020\/06\/4-4.jpg","keywords":["Mundial Chile 1962","Selecci\u00f3n Colombia"],"articleSection":["Mundo Futbol"],"inLanguage":"es","potentialAction":[{"@type":"CommentAction","name":"Comment","target":["https:\/\/futbolhoy.co\/index.php\/2020\/06\/03\/un-dia-como-hoy-el-4-4-y-el-gol-olimpico-de-marcos-coll\/#respond"]}]},{"@type":"WebPage","@id":"https:\/\/futbolhoy.co\/index.php\/2020\/06\/03\/un-dia-como-hoy-el-4-4-y-el-gol-olimpico-de-marcos-coll\/","url":"https:\/\/futbolhoy.co\/index.php\/2020\/06\/03\/un-dia-como-hoy-el-4-4-y-el-gol-olimpico-de-marcos-coll\/","name":"Un d\u00eda como hoy: el 4-4 y el gol ol\u00edmpico de Marcos Coll -","isPartOf":{"@id":"https:\/\/futbolhoy.co\/#website"},"primaryImageOfPage":{"@id":"https:\/\/futbolhoy.co\/index.php\/2020\/06\/03\/un-dia-como-hoy-el-4-4-y-el-gol-olimpico-de-marcos-coll\/#primaryimage"},"image":{"@id":"https:\/\/futbolhoy.co\/index.php\/2020\/06\/03\/un-dia-como-hoy-el-4-4-y-el-gol-olimpico-de-marcos-coll\/#primaryimage"},"thumbnailUrl":"https:\/\/futbolhoy.co\/wp-content\/uploads\/2020\/06\/4-4.jpg","datePublished":"2020-06-03T22:06:38+00:00","dateModified":"2020-06-04T00:10:35+00:00","breadcrumb":{"@id":"https:\/\/futbolhoy.co\/index.php\/2020\/06\/03\/un-dia-como-hoy-el-4-4-y-el-gol-olimpico-de-marcos-coll\/#breadcrumb"},"inLanguage":"es","potentialAction":[{"@type":"ReadAction","target":["https:\/\/futbolhoy.co\/index.php\/2020\/06\/03\/un-dia-como-hoy-el-4-4-y-el-gol-olimpico-de-marcos-coll\/"]}]},{"@type":"ImageObject","inLanguage":"es","@id":"https:\/\/futbolhoy.co\/index.php\/2020\/06\/03\/un-dia-como-hoy-el-4-4-y-el-gol-olimpico-de-marcos-coll\/#primaryimage","url":"https:\/\/futbolhoy.co\/wp-content\/uploads\/2020\/06\/4-4.jpg","contentUrl":"https:\/\/futbolhoy.co\/wp-content\/uploads\/2020\/06\/4-4.jpg","width":1870,"height":743},{"@type":"BreadcrumbList","@id":"https:\/\/futbolhoy.co\/index.php\/2020\/06\/03\/un-dia-como-hoy-el-4-4-y-el-gol-olimpico-de-marcos-coll\/#breadcrumb","itemListElement":[{"@type":"ListItem","position":1,"name":"Portada","item":"https:\/\/futbolhoy.co\/"},{"@type":"ListItem","position":2,"name":"Un d\u00eda como hoy: el 4-4 y el gol ol\u00edmpico de Marcos Coll"}]},{"@type":"WebSite","@id":"https:\/\/futbolhoy.co\/#website","url":"https:\/\/futbolhoy.co\/","name":"FutbolHoy","description":"","publisher":{"@id":"https:\/\/futbolhoy.co\/#organization"},"potentialAction":[{"@type":"SearchAction","target":{"@type":"EntryPoint","urlTemplate":"https:\/\/futbolhoy.co\/?s={search_term_string}"},"query-input":{"@type":"PropertyValueSpecification","valueRequired":true,"valueName":"search_term_string"}}],"inLanguage":"es"},{"@type":"Organization","@id":"https:\/\/futbolhoy.co\/#organization","name":"Futbolhoy.co","url":"https:\/\/futbolhoy.co\/","logo":{"@type":"ImageObject","inLanguage":"es","@id":"https:\/\/futbolhoy.co\/#\/schema\/logo\/image\/","url":"https:\/\/futbolhoy.co\/wp-content\/uploads\/2018\/08\/17426380_1906371736249227_6326180412931521141_n.jpg","contentUrl":"https:\/\/futbolhoy.co\/wp-content\/uploads\/2018\/08\/17426380_1906371736249227_6326180412931521141_n.jpg","width":960,"height":960,"caption":"Futbolhoy.co"},"image":{"@id":"https:\/\/futbolhoy.co\/#\/schema\/logo\/image\/"},"sameAs":["https:\/\/www.facebook.com\/FutbolHoyCol\/","https:\/\/x.com\/FutbolHoyCol","https:\/\/www.instagram.com\/futbolhoycol\/"]},{"@type":"Person","@id":"https:\/\/futbolhoy.co\/#\/schema\/person\/c4a353a512b127643723a34bb1812f7d","name":"Laura Hern\u00e1ndez","image":{"@type":"ImageObject","inLanguage":"es","@id":"https:\/\/futbolhoy.co\/#\/schema\/person\/image\/","url":"https:\/\/secure.gravatar.com\/avatar\/d25959a15b9b293a743f99181c7cfd01?s=96&d=mm&r=g","contentUrl":"https:\/\/secure.gravatar.com\/avatar\/d25959a15b9b293a743f99181c7cfd01?s=96&d=mm&r=g","caption":"Laura Hern\u00e1ndez"}}]}},"publishpress_future_action":{"enabled":false,"date":"2026-05-05 17:18:28","action":"change-status","newStatus":"draft","terms":[],"taxonomy":"category","extraData":[]},"publishpress_future_workflow_manual_trigger":{"enabledWorkflows":[]},"_links":{"self":[{"href":"https:\/\/futbolhoy.co\/index.php\/wp-json\/wp\/v2\/posts\/51947","targetHints":{"allow":["GET"]}}],"collection":[{"href":"https:\/\/futbolhoy.co\/index.php\/wp-json\/wp\/v2\/posts"}],"about":[{"href":"https:\/\/futbolhoy.co\/index.php\/wp-json\/wp\/v2\/types\/post"}],"author":[{"embeddable":true,"href":"https:\/\/futbolhoy.co\/index.php\/wp-json\/wp\/v2\/users\/5"}],"replies":[{"embeddable":true,"href":"https:\/\/futbolhoy.co\/index.php\/wp-json\/wp\/v2\/comments?post=51947"}],"version-history":[{"count":2,"href":"https:\/\/futbolhoy.co\/index.php\/wp-json\/wp\/v2\/posts\/51947\/revisions"}],"predecessor-version":[{"id":51973,"href":"https:\/\/futbolhoy.co\/index.php\/wp-json\/wp\/v2\/posts\/51947\/revisions\/51973"}],"wp:featuredmedia":[{"embeddable":true,"href":"https:\/\/futbolhoy.co\/index.php\/wp-json\/wp\/v2\/media\/51952"}],"wp:attachment":[{"href":"https:\/\/futbolhoy.co\/index.php\/wp-json\/wp\/v2\/media?parent=51947"}],"wp:term":[{"taxonomy":"category","embeddable":true,"href":"https:\/\/futbolhoy.co\/index.php\/wp-json\/wp\/v2\/categories?post=51947"},{"taxonomy":"post_tag","embeddable":true,"href":"https:\/\/futbolhoy.co\/index.php\/wp-json\/wp\/v2\/tags?post=51947"}],"curies":[{"name":"wp","href":"https:\/\/api.w.org\/{rel}","templated":true}]}}