{"id":51967,"date":"2020-06-03T15:30:11","date_gmt":"2020-06-03T20:30:11","guid":{"rendered":"https:\/\/futbolhoy.co\/?p=51967"},"modified":"2020-06-04T08:23:49","modified_gmt":"2020-06-04T13:23:49","slug":"lucumi-sin-equipo-en-mexico","status":"publish","type":"post","link":"https:\/\/futbolhoy.co\/index.php\/2020\/06\/03\/lucumi-sin-equipo-en-mexico\/","title":{"rendered":"Lucum\u00ed, sin equipo en M\u00e9xico"},"content":{"rendered":"<p style=\"text-align: justify;\"><span style=\"font-family: helvetica, arial, sans-serif;\">El delantero cale\u00f1o <strong>Jeison Lucum\u00ed<\/strong>, quien ven\u00eda jugando con <strong>Quer\u00e9taro,<\/strong> no tiene su futuro definido para el torneo Apertura del f\u00fatbol mexicano.<\/span><\/p>\n<p style=\"text-align: justify;\"><span style=\"font-family: helvetica, arial, sans-serif;\">El futbolista, cuyos derechos deportivos pertenecen a <strong>Tigres<\/strong>, podr\u00eda ir a pr\u00e9stamo a Atlas para el pr\u00f3ximo campeonato.<\/span><\/p>\n<p style=\"text-align: justify;\"><span style=\"font-family: helvetica, arial, sans-serif;\">En los planes del equipo \u2018felino\u2019 no esta la venta de los derechos deportivos del colombiano, sino cederlo, asegur\u00f3 su presidente <strong>Miguel \u00c1ngel Garza<\/strong>.<\/span><\/p>\n<p style=\"text-align: justify;\"><span style=\"font-family: helvetica, arial, sans-serif;\">El destino de <strong>Lucum\u00ed<\/strong> est\u00e1 en manos de los directivos, que esperan la mejor oferta para ceder al colombiano, quien a\u00fan tiene dos a\u00f1os m\u00e1s de contrato con el club de la Universidad Aut\u00f3noma de Nuevo Le\u00f3n.<\/span><\/p>\n","protected":false},"excerpt":{"rendered":"<p>El delantero cale\u00f1o Jeison Lucum\u00ed, quien ven\u00eda jugando con Quer\u00e9taro, no tiene su futuro definido para el torneo Apertura del f\u00fatbol mexicano. El futbolista, cuyos derechos deportivos pertenecen a Tigres, podr\u00eda ir a pr\u00e9stamo a Atlas para el pr\u00f3ximo campeonato. En los planes del equipo \u2018felino\u2019 no esta la venta de los derechos deportivos del [&hellip;]<\/p>\n","protected":false},"author":5,"featured_media":51970,"comment_status":"open","ping_status":"open","sticky":false,"template":"","format":"standard","meta":{"_acf_changed":false,"footnotes":""},"categories":[152],"tags":[],"class_list":{"0":"post-51967","1":"post","2":"type-post","3":"status-publish","4":"format-standard","5":"has-post-thumbnail","7":"category-mundo-futbol"},"acf":[],"yoast_head":"<!-- This site is optimized with the Yoast SEO plugin v26.8 - https:\/\/yoast.com\/product\/yoast-seo-wordpress\/ -->\n<title>Lucum\u00ed, sin equipo en M\u00e9xico -<\/title>\n<meta name=\"robots\" content=\"index, follow, max-snippet:-1, max-image-preview:large, max-video-preview:-1\" \/>\n<link rel=\"canonical\" href=\"https:\/\/futbolhoy.co\/index.php\/2020\/06\/03\/lucumi-sin-equipo-en-mexico\/\" \/>\n<meta property=\"og:locale\" content=\"es_ES\" \/>\n<meta property=\"og:type\" content=\"article\" \/>\n<meta property=\"og:title\" content=\"Lucum\u00ed, sin equipo en M\u00e9xico -\" \/>\n<meta property=\"og:description\" content=\"El delantero cale\u00f1o Jeison Lucum\u00ed, quien ven\u00eda jugando con Quer\u00e9taro, no tiene su futuro definido para el torneo Apertura del f\u00fatbol mexicano. El futbolista, cuyos derechos deportivos pertenecen a Tigres, podr\u00eda ir a pr\u00e9stamo a Atlas para el pr\u00f3ximo campeonato. En los planes del equipo \u2018felino\u2019 no esta la venta de los derechos deportivos del [&hellip;]\" \/>\n<meta property=\"og:url\" content=\"https:\/\/futbolhoy.co\/index.php\/2020\/06\/03\/lucumi-sin-equipo-en-mexico\/\" \/>\n<meta property=\"article:publisher\" content=\"https:\/\/www.facebook.com\/FutbolHoyCol\/\" \/>\n<meta property=\"article:published_time\" content=\"2020-06-03T20:30:11+00:00\" \/>\n<meta property=\"article:modified_time\" content=\"2020-06-04T13:23:49+00:00\" \/>\n<meta property=\"og:image\" content=\"https:\/\/futbolhoy.co\/wp-content\/uploads\/2020\/06\/20200603_185739.jpg\" \/>\n\t<meta property=\"og:image:width\" content=\"701\" \/>\n\t<meta property=\"og:image:height\" content=\"438\" \/>\n\t<meta property=\"og:image:type\" content=\"image\/jpeg\" \/>\n<meta name=\"author\" content=\"Laura Hern\u00e1ndez\" \/>\n<meta name=\"twitter:card\" content=\"summary_large_image\" \/>\n<meta name=\"twitter:creator\" content=\"@FutbolHoyCol\" \/>\n<meta name=\"twitter:site\" content=\"@FutbolHoyCol\" \/>\n<meta name=\"twitter:label1\" content=\"Escrito por\" \/>\n\t<meta name=\"twitter:data1\" content=\"Laura Hern\u00e1ndez\" \/>\n\t<meta name=\"twitter:label2\" content=\"Tiempo de lectura\" \/>\n\t<meta name=\"twitter:data2\" content=\"1 minuto\" \/>\n<script type=\"application\/ld+json\" class=\"yoast-schema-graph\">{\"@context\":\"https:\/\/schema.org\",\"@graph\":[{\"@type\":\"Article\",\"@id\":\"https:\/\/futbolhoy.co\/index.php\/2020\/06\/03\/lucumi-sin-equipo-en-mexico\/#article\",\"isPartOf\":{\"@id\":\"https:\/\/futbolhoy.co\/index.php\/2020\/06\/03\/lucumi-sin-equipo-en-mexico\/\"},\"author\":{\"name\":\"Laura Hern\u00e1ndez\",\"@id\":\"https:\/\/futbolhoy.co\/#\/schema\/person\/c4a353a512b127643723a34bb1812f7d\"},\"headline\":\"Lucum\u00ed, sin equipo en M\u00e9xico\",\"datePublished\":\"2020-06-03T20:30:11+00:00\",\"dateModified\":\"2020-06-04T13:23:49+00:00\",\"mainEntityOfPage\":{\"@id\":\"https:\/\/futbolhoy.co\/index.php\/2020\/06\/03\/lucumi-sin-equipo-en-mexico\/\"},\"wordCount\":119,\"commentCount\":0,\"publisher\":{\"@id\":\"https:\/\/futbolhoy.co\/#organization\"},\"image\":{\"@id\":\"https:\/\/futbolhoy.co\/index.php\/2020\/06\/03\/lucumi-sin-equipo-en-mexico\/#primaryimage\"},\"thumbnailUrl\":\"https:\/\/futbolhoy.co\/wp-content\/uploads\/2020\/06\/20200603_185739.jpg\",\"articleSection\":[\"Mundo Futbol\"],\"inLanguage\":\"es\",\"potentialAction\":[{\"@type\":\"CommentAction\",\"name\":\"Comment\",\"target\":[\"https:\/\/futbolhoy.co\/index.php\/2020\/06\/03\/lucumi-sin-equipo-en-mexico\/#respond\"]}]},{\"@type\":\"WebPage\",\"@id\":\"https:\/\/futbolhoy.co\/index.php\/2020\/06\/03\/lucumi-sin-equipo-en-mexico\/\",\"url\":\"https:\/\/futbolhoy.co\/index.php\/2020\/06\/03\/lucumi-sin-equipo-en-mexico\/\",\"name\":\"Lucum\u00ed, sin equipo en M\u00e9xico -\",\"isPartOf\":{\"@id\":\"https:\/\/futbolhoy.co\/#website\"},\"primaryImageOfPage\":{\"@id\":\"https:\/\/futbolhoy.co\/index.php\/2020\/06\/03\/lucumi-sin-equipo-en-mexico\/#primaryimage\"},\"image\":{\"@id\":\"https:\/\/futbolhoy.co\/index.php\/2020\/06\/03\/lucumi-sin-equipo-en-mexico\/#primaryimage\"},\"thumbnailUrl\":\"https:\/\/futbolhoy.co\/wp-content\/uploads\/2020\/06\/20200603_185739.jpg\",\"datePublished\":\"2020-06-03T20:30:11+00:00\",\"dateModified\":\"2020-06-04T13:23:49+00:00\",\"breadcrumb\":{\"@id\":\"https:\/\/futbolhoy.co\/index.php\/2020\/06\/03\/lucumi-sin-equipo-en-mexico\/#breadcrumb\"},\"inLanguage\":\"es\",\"potentialAction\":[{\"@type\":\"ReadAction\",\"target\":[\"https:\/\/futbolhoy.co\/index.php\/2020\/06\/03\/lucumi-sin-equipo-en-mexico\/\"]}]},{\"@type\":\"ImageObject\",\"inLanguage\":\"es\",\"@id\":\"https:\/\/futbolhoy.co\/index.php\/2020\/06\/03\/lucumi-sin-equipo-en-mexico\/#primaryimage\",\"url\":\"https:\/\/futbolhoy.co\/wp-content\/uploads\/2020\/06\/20200603_185739.jpg\",\"contentUrl\":\"https:\/\/futbolhoy.co\/wp-content\/uploads\/2020\/06\/20200603_185739.jpg\",\"width\":701,\"height\":438},{\"@type\":\"BreadcrumbList\",\"@id\":\"https:\/\/futbolhoy.co\/index.php\/2020\/06\/03\/lucumi-sin-equipo-en-mexico\/#breadcrumb\",\"itemListElement\":[{\"@type\":\"ListItem\",\"position\":1,\"name\":\"Portada\",\"item\":\"https:\/\/futbolhoy.co\/\"},{\"@type\":\"ListItem\",\"position\":2,\"name\":\"Lucum\u00ed, sin equipo en M\u00e9xico\"}]},{\"@type\":\"WebSite\",\"@id\":\"https:\/\/futbolhoy.co\/#website\",\"url\":\"https:\/\/futbolhoy.co\/\",\"name\":\"FutbolHoy\",\"description\":\"\",\"publisher\":{\"@id\":\"https:\/\/futbolhoy.co\/#organization\"},\"potentialAction\":[{\"@type\":\"SearchAction\",\"target\":{\"@type\":\"EntryPoint\",\"urlTemplate\":\"https:\/\/futbolhoy.co\/?s={search_term_string}\"},\"query-input\":{\"@type\":\"PropertyValueSpecification\",\"valueRequired\":true,\"valueName\":\"search_term_string\"}}],\"inLanguage\":\"es\"},{\"@type\":\"Organization\",\"@id\":\"https:\/\/futbolhoy.co\/#organization\",\"name\":\"Futbolhoy.co\",\"url\":\"https:\/\/futbolhoy.co\/\",\"logo\":{\"@type\":\"ImageObject\",\"inLanguage\":\"es\",\"@id\":\"https:\/\/futbolhoy.co\/#\/schema\/logo\/image\/\",\"url\":\"https:\/\/futbolhoy.co\/wp-content\/uploads\/2018\/08\/17426380_1906371736249227_6326180412931521141_n.jpg\",\"contentUrl\":\"https:\/\/futbolhoy.co\/wp-content\/uploads\/2018\/08\/17426380_1906371736249227_6326180412931521141_n.jpg\",\"width\":960,\"height\":960,\"caption\":\"Futbolhoy.co\"},\"image\":{\"@id\":\"https:\/\/futbolhoy.co\/#\/schema\/logo\/image\/\"},\"sameAs\":[\"https:\/\/www.facebook.com\/FutbolHoyCol\/\",\"https:\/\/x.com\/FutbolHoyCol\",\"https:\/\/www.instagram.com\/futbolhoycol\/\"]},{\"@type\":\"Person\",\"@id\":\"https:\/\/futbolhoy.co\/#\/schema\/person\/c4a353a512b127643723a34bb1812f7d\",\"name\":\"Laura Hern\u00e1ndez\",\"image\":{\"@type\":\"ImageObject\",\"inLanguage\":\"es\",\"@id\":\"https:\/\/futbolhoy.co\/#\/schema\/person\/image\/\",\"url\":\"https:\/\/secure.gravatar.com\/avatar\/d25959a15b9b293a743f99181c7cfd01?s=96&d=mm&r=g\",\"contentUrl\":\"https:\/\/secure.gravatar.com\/avatar\/d25959a15b9b293a743f99181c7cfd01?s=96&d=mm&r=g\",\"caption\":\"Laura Hern\u00e1ndez\"}}]}<\/script>\n<!-- \/ Yoast SEO plugin. -->","yoast_head_json":{"title":"Lucum\u00ed, sin equipo en M\u00e9xico -","robots":{"index":"index","follow":"follow","max-snippet":"max-snippet:-1","max-image-preview":"max-image-preview:large","max-video-preview":"max-video-preview:-1"},"canonical":"https:\/\/futbolhoy.co\/index.php\/2020\/06\/03\/lucumi-sin-equipo-en-mexico\/","og_locale":"es_ES","og_type":"article","og_title":"Lucum\u00ed, sin equipo en M\u00e9xico -","og_description":"El delantero cale\u00f1o Jeison Lucum\u00ed, quien ven\u00eda jugando con Quer\u00e9taro, no tiene su futuro definido para el torneo Apertura del f\u00fatbol mexicano. El futbolista, cuyos derechos deportivos pertenecen a Tigres, podr\u00eda ir a pr\u00e9stamo a Atlas para el pr\u00f3ximo campeonato. En los planes del equipo \u2018felino\u2019 no esta la venta de los derechos deportivos del [&hellip;]","og_url":"https:\/\/futbolhoy.co\/index.php\/2020\/06\/03\/lucumi-sin-equipo-en-mexico\/","article_publisher":"https:\/\/www.facebook.com\/FutbolHoyCol\/","article_published_time":"2020-06-03T20:30:11+00:00","article_modified_time":"2020-06-04T13:23:49+00:00","og_image":[{"width":701,"height":438,"url":"https:\/\/futbolhoy.co\/wp-content\/uploads\/2020\/06\/20200603_185739.jpg","type":"image\/jpeg"}],"author":"Laura Hern\u00e1ndez","twitter_card":"summary_large_image","twitter_creator":"@FutbolHoyCol","twitter_site":"@FutbolHoyCol","twitter_misc":{"Escrito por":"Laura Hern\u00e1ndez","Tiempo de lectura":"1 minuto"},"schema":{"@context":"https:\/\/schema.org","@graph":[{"@type":"Article","@id":"https:\/\/futbolhoy.co\/index.php\/2020\/06\/03\/lucumi-sin-equipo-en-mexico\/#article","isPartOf":{"@id":"https:\/\/futbolhoy.co\/index.php\/2020\/06\/03\/lucumi-sin-equipo-en-mexico\/"},"author":{"name":"Laura Hern\u00e1ndez","@id":"https:\/\/futbolhoy.co\/#\/schema\/person\/c4a353a512b127643723a34bb1812f7d"},"headline":"Lucum\u00ed, sin equipo en M\u00e9xico","datePublished":"2020-06-03T20:30:11+00:00","dateModified":"2020-06-04T13:23:49+00:00","mainEntityOfPage":{"@id":"https:\/\/futbolhoy.co\/index.php\/2020\/06\/03\/lucumi-sin-equipo-en-mexico\/"},"wordCount":119,"commentCount":0,"publisher":{"@id":"https:\/\/futbolhoy.co\/#organization"},"image":{"@id":"https:\/\/futbolhoy.co\/index.php\/2020\/06\/03\/lucumi-sin-equipo-en-mexico\/#primaryimage"},"thumbnailUrl":"https:\/\/futbolhoy.co\/wp-content\/uploads\/2020\/06\/20200603_185739.jpg","articleSection":["Mundo Futbol"],"inLanguage":"es","potentialAction":[{"@type":"CommentAction","name":"Comment","target":["https:\/\/futbolhoy.co\/index.php\/2020\/06\/03\/lucumi-sin-equipo-en-mexico\/#respond"]}]},{"@type":"WebPage","@id":"https:\/\/futbolhoy.co\/index.php\/2020\/06\/03\/lucumi-sin-equipo-en-mexico\/","url":"https:\/\/futbolhoy.co\/index.php\/2020\/06\/03\/lucumi-sin-equipo-en-mexico\/","name":"Lucum\u00ed, sin equipo en M\u00e9xico -","isPartOf":{"@id":"https:\/\/futbolhoy.co\/#website"},"primaryImageOfPage":{"@id":"https:\/\/futbolhoy.co\/index.php\/2020\/06\/03\/lucumi-sin-equipo-en-mexico\/#primaryimage"},"image":{"@id":"https:\/\/futbolhoy.co\/index.php\/2020\/06\/03\/lucumi-sin-equipo-en-mexico\/#primaryimage"},"thumbnailUrl":"https:\/\/futbolhoy.co\/wp-content\/uploads\/2020\/06\/20200603_185739.jpg","datePublished":"2020-06-03T20:30:11+00:00","dateModified":"2020-06-04T13:23:49+00:00","breadcrumb":{"@id":"https:\/\/futbolhoy.co\/index.php\/2020\/06\/03\/lucumi-sin-equipo-en-mexico\/#breadcrumb"},"inLanguage":"es","potentialAction":[{"@type":"ReadAction","target":["https:\/\/futbolhoy.co\/index.php\/2020\/06\/03\/lucumi-sin-equipo-en-mexico\/"]}]},{"@type":"ImageObject","inLanguage":"es","@id":"https:\/\/futbolhoy.co\/index.php\/2020\/06\/03\/lucumi-sin-equipo-en-mexico\/#primaryimage","url":"https:\/\/futbolhoy.co\/wp-content\/uploads\/2020\/06\/20200603_185739.jpg","contentUrl":"https:\/\/futbolhoy.co\/wp-content\/uploads\/2020\/06\/20200603_185739.jpg","width":701,"height":438},{"@type":"BreadcrumbList","@id":"https:\/\/futbolhoy.co\/index.php\/2020\/06\/03\/lucumi-sin-equipo-en-mexico\/#breadcrumb","itemListElement":[{"@type":"ListItem","position":1,"name":"Portada","item":"https:\/\/futbolhoy.co\/"},{"@type":"ListItem","position":2,"name":"Lucum\u00ed, sin equipo en M\u00e9xico"}]},{"@type":"WebSite","@id":"https:\/\/futbolhoy.co\/#website","url":"https:\/\/futbolhoy.co\/","name":"FutbolHoy","description":"","publisher":{"@id":"https:\/\/futbolhoy.co\/#organization"},"potentialAction":[{"@type":"SearchAction","target":{"@type":"EntryPoint","urlTemplate":"https:\/\/futbolhoy.co\/?s={search_term_string}"},"query-input":{"@type":"PropertyValueSpecification","valueRequired":true,"valueName":"search_term_string"}}],"inLanguage":"es"},{"@type":"Organization","@id":"https:\/\/futbolhoy.co\/#organization","name":"Futbolhoy.co","url":"https:\/\/futbolhoy.co\/","logo":{"@type":"ImageObject","inLanguage":"es","@id":"https:\/\/futbolhoy.co\/#\/schema\/logo\/image\/","url":"https:\/\/futbolhoy.co\/wp-content\/uploads\/2018\/08\/17426380_1906371736249227_6326180412931521141_n.jpg","contentUrl":"https:\/\/futbolhoy.co\/wp-content\/uploads\/2018\/08\/17426380_1906371736249227_6326180412931521141_n.jpg","width":960,"height":960,"caption":"Futbolhoy.co"},"image":{"@id":"https:\/\/futbolhoy.co\/#\/schema\/logo\/image\/"},"sameAs":["https:\/\/www.facebook.com\/FutbolHoyCol\/","https:\/\/x.com\/FutbolHoyCol","https:\/\/www.instagram.com\/futbolhoycol\/"]},{"@type":"Person","@id":"https:\/\/futbolhoy.co\/#\/schema\/person\/c4a353a512b127643723a34bb1812f7d","name":"Laura Hern\u00e1ndez","image":{"@type":"ImageObject","inLanguage":"es","@id":"https:\/\/futbolhoy.co\/#\/schema\/person\/image\/","url":"https:\/\/secure.gravatar.com\/avatar\/d25959a15b9b293a743f99181c7cfd01?s=96&d=mm&r=g","contentUrl":"https:\/\/secure.gravatar.com\/avatar\/d25959a15b9b293a743f99181c7cfd01?s=96&d=mm&r=g","caption":"Laura Hern\u00e1ndez"}}]}},"publishpress_future_action":{"enabled":false,"date":"2026-05-05 20:17:32","action":"change-status","newStatus":"draft","terms":[],"taxonomy":"category","extraData":[]},"publishpress_future_workflow_manual_trigger":{"enabledWorkflows":[]},"_links":{"self":[{"href":"https:\/\/futbolhoy.co\/index.php\/wp-json\/wp\/v2\/posts\/51967","targetHints":{"allow":["GET"]}}],"collection":[{"href":"https:\/\/futbolhoy.co\/index.php\/wp-json\/wp\/v2\/posts"}],"about":[{"href":"https:\/\/futbolhoy.co\/index.php\/wp-json\/wp\/v2\/types\/post"}],"author":[{"embeddable":true,"href":"https:\/\/futbolhoy.co\/index.php\/wp-json\/wp\/v2\/users\/5"}],"replies":[{"embeddable":true,"href":"https:\/\/futbolhoy.co\/index.php\/wp-json\/wp\/v2\/comments?post=51967"}],"version-history":[{"count":2,"href":"https:\/\/futbolhoy.co\/index.php\/wp-json\/wp\/v2\/posts\/51967\/revisions"}],"predecessor-version":[{"id":51971,"href":"https:\/\/futbolhoy.co\/index.php\/wp-json\/wp\/v2\/posts\/51967\/revisions\/51971"}],"wp:featuredmedia":[{"embeddable":true,"href":"https:\/\/futbolhoy.co\/index.php\/wp-json\/wp\/v2\/media\/51970"}],"wp:attachment":[{"href":"https:\/\/futbolhoy.co\/index.php\/wp-json\/wp\/v2\/media?parent=51967"}],"wp:term":[{"taxonomy":"category","embeddable":true,"href":"https:\/\/futbolhoy.co\/index.php\/wp-json\/wp\/v2\/categories?post=51967"},{"taxonomy":"post_tag","embeddable":true,"href":"https:\/\/futbolhoy.co\/index.php\/wp-json\/wp\/v2\/tags?post=51967"}],"curies":[{"name":"wp","href":"https:\/\/api.w.org\/{rel}","templated":true}]}}