{"id":52107,"date":"2020-06-07T16:23:51","date_gmt":"2020-06-07T21:23:51","guid":{"rendered":"https:\/\/futbolhoy.co\/?p=52107"},"modified":"2020-06-08T08:24:40","modified_gmt":"2020-06-08T13:24:40","slug":"no-hay-ofertas-por-franco-empresario-de-armani","status":"publish","type":"post","link":"https:\/\/futbolhoy.co\/index.php\/2020\/06\/07\/no-hay-ofertas-por-franco-empresario-de-armani\/","title":{"rendered":"No hay ofertas por Franco: Empresario de Armani"},"content":{"rendered":"<!--[if lt IE 9]><script>document.createElement('audio');<\/script><![endif]-->\n<audio class=\"wp-audio-shortcode\" id=\"audio-52107-1\" preload=\"none\" style=\"width: 100%;\" controls=\"controls\"><source type=\"audio\/mpeg\" src=\"https:\/\/futbolhoy.co\/wp-content\/uploads\/2020\/06\/Nicol\u00e1s-Pet\u00f3pulos-empresario-de-Franco-Armani.mp3?_=1\" \/><a href=\"https:\/\/futbolhoy.co\/wp-content\/uploads\/2020\/06\/Nicol\u00e1s-Pet\u00f3pulos-empresario-de-Franco-Armani.mp3\">https:\/\/futbolhoy.co\/wp-content\/uploads\/2020\/06\/Nicol\u00e1s-Pet\u00f3pulos-empresario-de-Franco-Armani.mp3<\/a><\/audio>\n<p>&nbsp;<\/p>\n<p style=\"text-align: justify;\"><span style=\"font-family: helvetica, arial, sans-serif;\"><b>Nicol\u00e1s Petr\u00f3pulos<\/b>, empresario de\u00a0<b>Franco Armani<\/b>, descart\u00f3 haber recibido ofertas de\u00a0<b>Pumas de M\u00e9xico<\/b>\u00a0por el portero argentino, de quien dijo est\u00e1 feliz en\u00a0<b>River Plate<\/b>\u00a0y no tiene planes de salir.<\/span><\/p>\n<p style=\"text-align: justify;\"><span style=\"font-family: helvetica, arial, sans-serif;\">El manager de Armani asegur\u00f3 que empresarios mexicanos si han preguntado por el jugador; pero que ha sido a t\u00edtulo personal, y no en representaci\u00f3n de ning\u00fan club espec\u00edfico.<\/span><\/p>\n<p style=\"text-align: justify;\"><span style=\"font-family: helvetica, arial, sans-serif;\">\u201cQuiero destacar que no me llam\u00f3 nadie de Pumas, fueron empresarios quienes sondearon y consultaron las condiciones para que Armani llegara a Pumas, pero nadie del club; quiero que eso quede claro porque no es verdad\u201d, se\u00f1al\u00f3 Petr\u00f3pulos en\u00a0<i>ESPN<\/i>.<\/span><\/p>\n<p style=\"text-align: justify;\"><span style=\"font-family: helvetica, arial, sans-serif;\">El manager agreg\u00f3 \u201cQuiero salvaguardar la imagen del jugador, porque pareciera que fuera un deseo de Franco de irse de River y \u00e9l est\u00e1 feliz en el club\u201d.<\/span><\/p>\n<p style=\"text-align: justify;\">\n","protected":false},"excerpt":{"rendered":"<p>&nbsp; Nicol\u00e1s Petr\u00f3pulos, empresario de\u00a0Franco Armani, descart\u00f3 haber recibido ofertas de\u00a0Pumas de M\u00e9xico\u00a0por el portero argentino, de quien dijo est\u00e1 feliz en\u00a0River Plate\u00a0y no tiene planes de salir. El manager de Armani asegur\u00f3 que empresarios mexicanos si han preguntado por el jugador; pero que ha sido a t\u00edtulo personal, y no en representaci\u00f3n de ning\u00fan [&hellip;]<\/p>\n","protected":false},"author":5,"featured_media":52108,"comment_status":"open","ping_status":"open","sticky":false,"template":"","format":"video","meta":{"_acf_changed":false,"footnotes":""},"categories":[152],"tags":[],"class_list":{"0":"post-52107","1":"post","2":"type-post","3":"status-publish","4":"format-video","5":"has-post-thumbnail","7":"category-mundo-futbol","8":"post_format-post-format-video"},"acf":[],"yoast_head":"<!-- This site is optimized with the Yoast SEO plugin v26.8 - https:\/\/yoast.com\/product\/yoast-seo-wordpress\/ -->\n<title>No hay ofertas por Franco: Empresario de Armani -<\/title>\n<meta name=\"robots\" content=\"index, follow, max-snippet:-1, max-image-preview:large, max-video-preview:-1\" \/>\n<link rel=\"canonical\" href=\"https:\/\/futbolhoy.co\/index.php\/2020\/06\/07\/no-hay-ofertas-por-franco-empresario-de-armani\/\" \/>\n<meta property=\"og:locale\" content=\"es_ES\" \/>\n<meta property=\"og:type\" content=\"article\" \/>\n<meta property=\"og:title\" content=\"No hay ofertas por Franco: Empresario de Armani -\" \/>\n<meta property=\"og:description\" content=\"&nbsp; Nicol\u00e1s Petr\u00f3pulos, empresario de\u00a0Franco Armani, descart\u00f3 haber recibido ofertas de\u00a0Pumas de M\u00e9xico\u00a0por el portero argentino, de quien dijo est\u00e1 feliz en\u00a0River Plate\u00a0y no tiene planes de salir. El manager de Armani asegur\u00f3 que empresarios mexicanos si han preguntado por el jugador; pero que ha sido a t\u00edtulo personal, y no en representaci\u00f3n de ning\u00fan [&hellip;]\" \/>\n<meta property=\"og:url\" content=\"https:\/\/futbolhoy.co\/index.php\/2020\/06\/07\/no-hay-ofertas-por-franco-empresario-de-armani\/\" \/>\n<meta property=\"article:publisher\" content=\"https:\/\/www.facebook.com\/FutbolHoyCol\/\" \/>\n<meta property=\"article:published_time\" content=\"2020-06-07T21:23:51+00:00\" \/>\n<meta property=\"article:modified_time\" content=\"2020-06-08T13:24:40+00:00\" \/>\n<meta property=\"og:image\" content=\"https:\/\/futbolhoy.co\/wp-content\/uploads\/2020\/06\/20200607_161239.jpg\" \/>\n\t<meta property=\"og:image:width\" content=\"1260\" \/>\n\t<meta property=\"og:image:height\" content=\"740\" \/>\n\t<meta property=\"og:image:type\" content=\"image\/jpeg\" \/>\n<meta name=\"author\" content=\"Laura Hern\u00e1ndez\" \/>\n<meta name=\"twitter:card\" content=\"summary_large_image\" \/>\n<meta name=\"twitter:creator\" content=\"@FutbolHoyCol\" \/>\n<meta name=\"twitter:site\" content=\"@FutbolHoyCol\" \/>\n<meta name=\"twitter:label1\" content=\"Escrito por\" \/>\n\t<meta name=\"twitter:data1\" content=\"Laura Hern\u00e1ndez\" \/>\n\t<meta name=\"twitter:label2\" content=\"Tiempo de lectura\" \/>\n\t<meta name=\"twitter:data2\" content=\"1 minuto\" \/>\n<script type=\"application\/ld+json\" class=\"yoast-schema-graph\">{\"@context\":\"https:\/\/schema.org\",\"@graph\":[{\"@type\":\"Article\",\"@id\":\"https:\/\/futbolhoy.co\/index.php\/2020\/06\/07\/no-hay-ofertas-por-franco-empresario-de-armani\/#article\",\"isPartOf\":{\"@id\":\"https:\/\/futbolhoy.co\/index.php\/2020\/06\/07\/no-hay-ofertas-por-franco-empresario-de-armani\/\"},\"author\":{\"name\":\"Laura Hern\u00e1ndez\",\"@id\":\"https:\/\/futbolhoy.co\/#\/schema\/person\/c4a353a512b127643723a34bb1812f7d\"},\"headline\":\"No hay ofertas por Franco: Empresario de Armani\",\"datePublished\":\"2020-06-07T21:23:51+00:00\",\"dateModified\":\"2020-06-08T13:24:40+00:00\",\"mainEntityOfPage\":{\"@id\":\"https:\/\/futbolhoy.co\/index.php\/2020\/06\/07\/no-hay-ofertas-por-franco-empresario-de-armani\/\"},\"wordCount\":159,\"commentCount\":0,\"publisher\":{\"@id\":\"https:\/\/futbolhoy.co\/#organization\"},\"image\":{\"@id\":\"https:\/\/futbolhoy.co\/index.php\/2020\/06\/07\/no-hay-ofertas-por-franco-empresario-de-armani\/#primaryimage\"},\"thumbnailUrl\":\"https:\/\/futbolhoy.co\/wp-content\/uploads\/2020\/06\/20200607_161239.jpg\",\"articleSection\":[\"Mundo Futbol\"],\"inLanguage\":\"es\",\"potentialAction\":[{\"@type\":\"CommentAction\",\"name\":\"Comment\",\"target\":[\"https:\/\/futbolhoy.co\/index.php\/2020\/06\/07\/no-hay-ofertas-por-franco-empresario-de-armani\/#respond\"]}]},{\"@type\":\"WebPage\",\"@id\":\"https:\/\/futbolhoy.co\/index.php\/2020\/06\/07\/no-hay-ofertas-por-franco-empresario-de-armani\/\",\"url\":\"https:\/\/futbolhoy.co\/index.php\/2020\/06\/07\/no-hay-ofertas-por-franco-empresario-de-armani\/\",\"name\":\"No hay ofertas por Franco: Empresario de Armani -\",\"isPartOf\":{\"@id\":\"https:\/\/futbolhoy.co\/#website\"},\"primaryImageOfPage\":{\"@id\":\"https:\/\/futbolhoy.co\/index.php\/2020\/06\/07\/no-hay-ofertas-por-franco-empresario-de-armani\/#primaryimage\"},\"image\":{\"@id\":\"https:\/\/futbolhoy.co\/index.php\/2020\/06\/07\/no-hay-ofertas-por-franco-empresario-de-armani\/#primaryimage\"},\"thumbnailUrl\":\"https:\/\/futbolhoy.co\/wp-content\/uploads\/2020\/06\/20200607_161239.jpg\",\"datePublished\":\"2020-06-07T21:23:51+00:00\",\"dateModified\":\"2020-06-08T13:24:40+00:00\",\"breadcrumb\":{\"@id\":\"https:\/\/futbolhoy.co\/index.php\/2020\/06\/07\/no-hay-ofertas-por-franco-empresario-de-armani\/#breadcrumb\"},\"inLanguage\":\"es\",\"potentialAction\":[{\"@type\":\"ReadAction\",\"target\":[\"https:\/\/futbolhoy.co\/index.php\/2020\/06\/07\/no-hay-ofertas-por-franco-empresario-de-armani\/\"]}]},{\"@type\":\"ImageObject\",\"inLanguage\":\"es\",\"@id\":\"https:\/\/futbolhoy.co\/index.php\/2020\/06\/07\/no-hay-ofertas-por-franco-empresario-de-armani\/#primaryimage\",\"url\":\"https:\/\/futbolhoy.co\/wp-content\/uploads\/2020\/06\/20200607_161239.jpg\",\"contentUrl\":\"https:\/\/futbolhoy.co\/wp-content\/uploads\/2020\/06\/20200607_161239.jpg\",\"width\":1260,\"height\":740},{\"@type\":\"BreadcrumbList\",\"@id\":\"https:\/\/futbolhoy.co\/index.php\/2020\/06\/07\/no-hay-ofertas-por-franco-empresario-de-armani\/#breadcrumb\",\"itemListElement\":[{\"@type\":\"ListItem\",\"position\":1,\"name\":\"Portada\",\"item\":\"https:\/\/futbolhoy.co\/\"},{\"@type\":\"ListItem\",\"position\":2,\"name\":\"No hay ofertas por Franco: Empresario de Armani\"}]},{\"@type\":\"WebSite\",\"@id\":\"https:\/\/futbolhoy.co\/#website\",\"url\":\"https:\/\/futbolhoy.co\/\",\"name\":\"FutbolHoy\",\"description\":\"\",\"publisher\":{\"@id\":\"https:\/\/futbolhoy.co\/#organization\"},\"potentialAction\":[{\"@type\":\"SearchAction\",\"target\":{\"@type\":\"EntryPoint\",\"urlTemplate\":\"https:\/\/futbolhoy.co\/?s={search_term_string}\"},\"query-input\":{\"@type\":\"PropertyValueSpecification\",\"valueRequired\":true,\"valueName\":\"search_term_string\"}}],\"inLanguage\":\"es\"},{\"@type\":\"Organization\",\"@id\":\"https:\/\/futbolhoy.co\/#organization\",\"name\":\"Futbolhoy.co\",\"url\":\"https:\/\/futbolhoy.co\/\",\"logo\":{\"@type\":\"ImageObject\",\"inLanguage\":\"es\",\"@id\":\"https:\/\/futbolhoy.co\/#\/schema\/logo\/image\/\",\"url\":\"https:\/\/futbolhoy.co\/wp-content\/uploads\/2018\/08\/17426380_1906371736249227_6326180412931521141_n.jpg\",\"contentUrl\":\"https:\/\/futbolhoy.co\/wp-content\/uploads\/2018\/08\/17426380_1906371736249227_6326180412931521141_n.jpg\",\"width\":960,\"height\":960,\"caption\":\"Futbolhoy.co\"},\"image\":{\"@id\":\"https:\/\/futbolhoy.co\/#\/schema\/logo\/image\/\"},\"sameAs\":[\"https:\/\/www.facebook.com\/FutbolHoyCol\/\",\"https:\/\/x.com\/FutbolHoyCol\",\"https:\/\/www.instagram.com\/futbolhoycol\/\"]},{\"@type\":\"Person\",\"@id\":\"https:\/\/futbolhoy.co\/#\/schema\/person\/c4a353a512b127643723a34bb1812f7d\",\"name\":\"Laura Hern\u00e1ndez\",\"image\":{\"@type\":\"ImageObject\",\"inLanguage\":\"es\",\"@id\":\"https:\/\/futbolhoy.co\/#\/schema\/person\/image\/\",\"url\":\"https:\/\/secure.gravatar.com\/avatar\/d25959a15b9b293a743f99181c7cfd01?s=96&d=mm&r=g\",\"contentUrl\":\"https:\/\/secure.gravatar.com\/avatar\/d25959a15b9b293a743f99181c7cfd01?s=96&d=mm&r=g\",\"caption\":\"Laura Hern\u00e1ndez\"}}]}<\/script>\n<!-- \/ Yoast SEO plugin. -->","yoast_head_json":{"title":"No hay ofertas por Franco: Empresario de Armani -","robots":{"index":"index","follow":"follow","max-snippet":"max-snippet:-1","max-image-preview":"max-image-preview:large","max-video-preview":"max-video-preview:-1"},"canonical":"https:\/\/futbolhoy.co\/index.php\/2020\/06\/07\/no-hay-ofertas-por-franco-empresario-de-armani\/","og_locale":"es_ES","og_type":"article","og_title":"No hay ofertas por Franco: Empresario de Armani -","og_description":"&nbsp; Nicol\u00e1s Petr\u00f3pulos, empresario de\u00a0Franco Armani, descart\u00f3 haber recibido ofertas de\u00a0Pumas de M\u00e9xico\u00a0por el portero argentino, de quien dijo est\u00e1 feliz en\u00a0River Plate\u00a0y no tiene planes de salir. El manager de Armani asegur\u00f3 que empresarios mexicanos si han preguntado por el jugador; pero que ha sido a t\u00edtulo personal, y no en representaci\u00f3n de ning\u00fan [&hellip;]","og_url":"https:\/\/futbolhoy.co\/index.php\/2020\/06\/07\/no-hay-ofertas-por-franco-empresario-de-armani\/","article_publisher":"https:\/\/www.facebook.com\/FutbolHoyCol\/","article_published_time":"2020-06-07T21:23:51+00:00","article_modified_time":"2020-06-08T13:24:40+00:00","og_image":[{"width":1260,"height":740,"url":"https:\/\/futbolhoy.co\/wp-content\/uploads\/2020\/06\/20200607_161239.jpg","type":"image\/jpeg"}],"author":"Laura Hern\u00e1ndez","twitter_card":"summary_large_image","twitter_creator":"@FutbolHoyCol","twitter_site":"@FutbolHoyCol","twitter_misc":{"Escrito por":"Laura Hern\u00e1ndez","Tiempo de lectura":"1 minuto"},"schema":{"@context":"https:\/\/schema.org","@graph":[{"@type":"Article","@id":"https:\/\/futbolhoy.co\/index.php\/2020\/06\/07\/no-hay-ofertas-por-franco-empresario-de-armani\/#article","isPartOf":{"@id":"https:\/\/futbolhoy.co\/index.php\/2020\/06\/07\/no-hay-ofertas-por-franco-empresario-de-armani\/"},"author":{"name":"Laura Hern\u00e1ndez","@id":"https:\/\/futbolhoy.co\/#\/schema\/person\/c4a353a512b127643723a34bb1812f7d"},"headline":"No hay ofertas por Franco: Empresario de Armani","datePublished":"2020-06-07T21:23:51+00:00","dateModified":"2020-06-08T13:24:40+00:00","mainEntityOfPage":{"@id":"https:\/\/futbolhoy.co\/index.php\/2020\/06\/07\/no-hay-ofertas-por-franco-empresario-de-armani\/"},"wordCount":159,"commentCount":0,"publisher":{"@id":"https:\/\/futbolhoy.co\/#organization"},"image":{"@id":"https:\/\/futbolhoy.co\/index.php\/2020\/06\/07\/no-hay-ofertas-por-franco-empresario-de-armani\/#primaryimage"},"thumbnailUrl":"https:\/\/futbolhoy.co\/wp-content\/uploads\/2020\/06\/20200607_161239.jpg","articleSection":["Mundo Futbol"],"inLanguage":"es","potentialAction":[{"@type":"CommentAction","name":"Comment","target":["https:\/\/futbolhoy.co\/index.php\/2020\/06\/07\/no-hay-ofertas-por-franco-empresario-de-armani\/#respond"]}]},{"@type":"WebPage","@id":"https:\/\/futbolhoy.co\/index.php\/2020\/06\/07\/no-hay-ofertas-por-franco-empresario-de-armani\/","url":"https:\/\/futbolhoy.co\/index.php\/2020\/06\/07\/no-hay-ofertas-por-franco-empresario-de-armani\/","name":"No hay ofertas por Franco: Empresario de Armani -","isPartOf":{"@id":"https:\/\/futbolhoy.co\/#website"},"primaryImageOfPage":{"@id":"https:\/\/futbolhoy.co\/index.php\/2020\/06\/07\/no-hay-ofertas-por-franco-empresario-de-armani\/#primaryimage"},"image":{"@id":"https:\/\/futbolhoy.co\/index.php\/2020\/06\/07\/no-hay-ofertas-por-franco-empresario-de-armani\/#primaryimage"},"thumbnailUrl":"https:\/\/futbolhoy.co\/wp-content\/uploads\/2020\/06\/20200607_161239.jpg","datePublished":"2020-06-07T21:23:51+00:00","dateModified":"2020-06-08T13:24:40+00:00","breadcrumb":{"@id":"https:\/\/futbolhoy.co\/index.php\/2020\/06\/07\/no-hay-ofertas-por-franco-empresario-de-armani\/#breadcrumb"},"inLanguage":"es","potentialAction":[{"@type":"ReadAction","target":["https:\/\/futbolhoy.co\/index.php\/2020\/06\/07\/no-hay-ofertas-por-franco-empresario-de-armani\/"]}]},{"@type":"ImageObject","inLanguage":"es","@id":"https:\/\/futbolhoy.co\/index.php\/2020\/06\/07\/no-hay-ofertas-por-franco-empresario-de-armani\/#primaryimage","url":"https:\/\/futbolhoy.co\/wp-content\/uploads\/2020\/06\/20200607_161239.jpg","contentUrl":"https:\/\/futbolhoy.co\/wp-content\/uploads\/2020\/06\/20200607_161239.jpg","width":1260,"height":740},{"@type":"BreadcrumbList","@id":"https:\/\/futbolhoy.co\/index.php\/2020\/06\/07\/no-hay-ofertas-por-franco-empresario-de-armani\/#breadcrumb","itemListElement":[{"@type":"ListItem","position":1,"name":"Portada","item":"https:\/\/futbolhoy.co\/"},{"@type":"ListItem","position":2,"name":"No hay ofertas por Franco: Empresario de Armani"}]},{"@type":"WebSite","@id":"https:\/\/futbolhoy.co\/#website","url":"https:\/\/futbolhoy.co\/","name":"FutbolHoy","description":"","publisher":{"@id":"https:\/\/futbolhoy.co\/#organization"},"potentialAction":[{"@type":"SearchAction","target":{"@type":"EntryPoint","urlTemplate":"https:\/\/futbolhoy.co\/?s={search_term_string}"},"query-input":{"@type":"PropertyValueSpecification","valueRequired":true,"valueName":"search_term_string"}}],"inLanguage":"es"},{"@type":"Organization","@id":"https:\/\/futbolhoy.co\/#organization","name":"Futbolhoy.co","url":"https:\/\/futbolhoy.co\/","logo":{"@type":"ImageObject","inLanguage":"es","@id":"https:\/\/futbolhoy.co\/#\/schema\/logo\/image\/","url":"https:\/\/futbolhoy.co\/wp-content\/uploads\/2018\/08\/17426380_1906371736249227_6326180412931521141_n.jpg","contentUrl":"https:\/\/futbolhoy.co\/wp-content\/uploads\/2018\/08\/17426380_1906371736249227_6326180412931521141_n.jpg","width":960,"height":960,"caption":"Futbolhoy.co"},"image":{"@id":"https:\/\/futbolhoy.co\/#\/schema\/logo\/image\/"},"sameAs":["https:\/\/www.facebook.com\/FutbolHoyCol\/","https:\/\/x.com\/FutbolHoyCol","https:\/\/www.instagram.com\/futbolhoycol\/"]},{"@type":"Person","@id":"https:\/\/futbolhoy.co\/#\/schema\/person\/c4a353a512b127643723a34bb1812f7d","name":"Laura Hern\u00e1ndez","image":{"@type":"ImageObject","inLanguage":"es","@id":"https:\/\/futbolhoy.co\/#\/schema\/person\/image\/","url":"https:\/\/secure.gravatar.com\/avatar\/d25959a15b9b293a743f99181c7cfd01?s=96&d=mm&r=g","contentUrl":"https:\/\/secure.gravatar.com\/avatar\/d25959a15b9b293a743f99181c7cfd01?s=96&d=mm&r=g","caption":"Laura Hern\u00e1ndez"}}]}},"publishpress_future_action":{"enabled":false,"date":"2026-05-06 01:12:46","action":"change-status","newStatus":"draft","terms":[],"taxonomy":"category","extraData":[]},"publishpress_future_workflow_manual_trigger":{"enabledWorkflows":[]},"_links":{"self":[{"href":"https:\/\/futbolhoy.co\/index.php\/wp-json\/wp\/v2\/posts\/52107","targetHints":{"allow":["GET"]}}],"collection":[{"href":"https:\/\/futbolhoy.co\/index.php\/wp-json\/wp\/v2\/posts"}],"about":[{"href":"https:\/\/futbolhoy.co\/index.php\/wp-json\/wp\/v2\/types\/post"}],"author":[{"embeddable":true,"href":"https:\/\/futbolhoy.co\/index.php\/wp-json\/wp\/v2\/users\/5"}],"replies":[{"embeddable":true,"href":"https:\/\/futbolhoy.co\/index.php\/wp-json\/wp\/v2\/comments?post=52107"}],"version-history":[{"count":3,"href":"https:\/\/futbolhoy.co\/index.php\/wp-json\/wp\/v2\/posts\/52107\/revisions"}],"predecessor-version":[{"id":52113,"href":"https:\/\/futbolhoy.co\/index.php\/wp-json\/wp\/v2\/posts\/52107\/revisions\/52113"}],"wp:featuredmedia":[{"embeddable":true,"href":"https:\/\/futbolhoy.co\/index.php\/wp-json\/wp\/v2\/media\/52108"}],"wp:attachment":[{"href":"https:\/\/futbolhoy.co\/index.php\/wp-json\/wp\/v2\/media?parent=52107"}],"wp:term":[{"taxonomy":"category","embeddable":true,"href":"https:\/\/futbolhoy.co\/index.php\/wp-json\/wp\/v2\/categories?post=52107"},{"taxonomy":"post_tag","embeddable":true,"href":"https:\/\/futbolhoy.co\/index.php\/wp-json\/wp\/v2\/tags?post=52107"}],"curies":[{"name":"wp","href":"https:\/\/api.w.org\/{rel}","templated":true}]}}