{"id":52114,"date":"2020-06-07T18:16:30","date_gmt":"2020-06-07T23:16:30","guid":{"rendered":"https:\/\/futbolhoy.co\/?p=52114"},"modified":"2020-06-08T10:43:12","modified_gmt":"2020-06-08T15:43:12","slug":"messi-esta-listo-para-jugar","status":"publish","type":"post","link":"https:\/\/futbolhoy.co\/index.php\/2020\/06\/07\/messi-esta-listo-para-jugar\/","title":{"rendered":"Messi est\u00e1 listo para jugar"},"content":{"rendered":"<!--[if lt IE 9]><script>document.createElement('audio');<\/script><![endif]-->\n<audio class=\"wp-audio-shortcode\" id=\"audio-52114-1\" preload=\"none\" style=\"width: 100%;\" controls=\"controls\"><source type=\"audio\/mpeg\" src=\"https:\/\/futbolhoy.co\/wp-content\/uploads\/2020\/06\/Quique-Seti\u00e9n-t\u00e9cnico-del-Barcelona.mp3?_=1\" \/><a href=\"https:\/\/futbolhoy.co\/wp-content\/uploads\/2020\/06\/Quique-Seti\u00e9n-t\u00e9cnico-del-Barcelona.mp3\">https:\/\/futbolhoy.co\/wp-content\/uploads\/2020\/06\/Quique-Seti\u00e9n-t\u00e9cnico-del-Barcelona.mp3<\/a><\/audio>\n<p style=\"text-align: justify;\"><span style=\"font-family: helvetica, arial, sans-serif;\"><b>Lionel Messi<\/b>\u00a0est\u00e1 perfectamente y no tendr\u00e1 ning\u00fan problema para jugar el s\u00e1bado contra el\u00a0<b>Mallorca<\/b>\u00a0en el regreso del\u00a0<b>Barcelona<\/b>\u00a0a la Liga espa\u00f1ola, asegur\u00f3 el entrenador,\u00a0<b>Quique Seti\u00e9n<\/b>.<\/span><\/p>\n<p style=\"text-align: justify;\"><span style=\"font-family: helvetica, arial, sans-serif;\">\"Messi no es el \u00fanico que no ha entrenado y ha tenido algunas molestias, les ha pasado a muchos, es una contractura sin mayor importancia\", declar\u00f3 Seti\u00e9n a\u00a0<i>Movistar<\/i>\u00a0televisi\u00f3n.<\/span><\/p>\n<p style=\"text-align: justify;\"><span style=\"font-family: helvetica, arial, sans-serif;\">El capit\u00e1n del equipo catal\u00e1n se perdi\u00f3 dos sesiones colectivas de entrenamiento durante la semana, por su problema f\u00edsico en el cu\u00e1driceps de la pierna derecha.<\/span><\/p>\n<p><span style=\"font-family: helvetica, arial, sans-serif; text-align: justify;\">La Liga espa\u00f1ola regresa el jueves 11 de junio con el derbi <\/span><b style=\"font-family: helvetica, arial, sans-serif; text-align: justify;\">Andaluz<\/b><span style=\"font-family: helvetica, arial, sans-serif; text-align: justify;\">\u00a0entre\u00a0<\/span><b style=\"font-family: helvetica, arial, sans-serif; text-align: justify;\">Sevilla<\/b><span style=\"font-family: helvetica, arial, sans-serif; text-align: justify;\">\u00a0y\u00a0<\/span><b style=\"font-family: helvetica, arial, sans-serif; text-align: justify;\">Betis<\/b><span style=\"font-family: helvetica, arial, sans-serif; text-align: justify;\">, despu\u00e9s de tres meses suspendida por la pandemia del nuevo coronavirus.<\/span><\/p>\n<p style=\"text-align: justify;\"><span style=\"font-family: helvetica, arial, sans-serif;\">Barcelona es l\u00edder de\u00a0<b>LaLiga<\/b> con 58 puntos y visitar\u00e1 el s\u00e1bado 13 a las 3PM al Mallorca; mientras que Messi, de 32 a\u00f1os, es el m\u00e1ximo artillero del campeonato con 19 goles en 27 fechas.<\/span><\/p>\n","protected":false},"excerpt":{"rendered":"<p>Lionel Messi\u00a0est\u00e1 perfectamente y no tendr\u00e1 ning\u00fan problema para jugar el s\u00e1bado contra el\u00a0Mallorca\u00a0en el regreso del\u00a0Barcelona\u00a0a la Liga espa\u00f1ola, asegur\u00f3 el entrenador,\u00a0Quique Seti\u00e9n. \"Messi no es el \u00fanico que no ha entrenado y ha tenido algunas molestias, les ha pasado a muchos, es una contractura sin mayor importancia\", declar\u00f3 Seti\u00e9n a\u00a0Movistar\u00a0televisi\u00f3n. El capit\u00e1n del [&hellip;]<\/p>\n","protected":false},"author":5,"featured_media":52116,"comment_status":"open","ping_status":"open","sticky":false,"template":"","format":"video","meta":{"_acf_changed":false,"footnotes":""},"categories":[152],"tags":[],"class_list":{"0":"post-52114","1":"post","2":"type-post","3":"status-publish","4":"format-video","5":"has-post-thumbnail","7":"category-mundo-futbol","8":"post_format-post-format-video"},"acf":[],"yoast_head":"<!-- This site is optimized with the Yoast SEO plugin v26.8 - https:\/\/yoast.com\/product\/yoast-seo-wordpress\/ -->\n<title>Messi est\u00e1 listo para jugar -<\/title>\n<meta name=\"robots\" content=\"index, follow, max-snippet:-1, max-image-preview:large, max-video-preview:-1\" \/>\n<link rel=\"canonical\" href=\"https:\/\/futbolhoy.co\/index.php\/2020\/06\/07\/messi-esta-listo-para-jugar\/\" \/>\n<meta property=\"og:locale\" content=\"es_ES\" \/>\n<meta property=\"og:type\" content=\"article\" \/>\n<meta property=\"og:title\" content=\"Messi est\u00e1 listo para jugar -\" \/>\n<meta property=\"og:description\" content=\"Lionel Messi\u00a0est\u00e1 perfectamente y no tendr\u00e1 ning\u00fan problema para jugar el s\u00e1bado contra el\u00a0Mallorca\u00a0en el regreso del\u00a0Barcelona\u00a0a la Liga espa\u00f1ola, asegur\u00f3 el entrenador,\u00a0Quique Seti\u00e9n. &quot;Messi no es el \u00fanico que no ha entrenado y ha tenido algunas molestias, les ha pasado a muchos, es una contractura sin mayor importancia&quot;, declar\u00f3 Seti\u00e9n a\u00a0Movistar\u00a0televisi\u00f3n. El capit\u00e1n del [&hellip;]\" \/>\n<meta property=\"og:url\" content=\"https:\/\/futbolhoy.co\/index.php\/2020\/06\/07\/messi-esta-listo-para-jugar\/\" \/>\n<meta property=\"article:publisher\" content=\"https:\/\/www.facebook.com\/FutbolHoyCol\/\" \/>\n<meta property=\"article:published_time\" content=\"2020-06-07T23:16:30+00:00\" \/>\n<meta property=\"article:modified_time\" content=\"2020-06-08T15:43:12+00:00\" \/>\n<meta property=\"og:image\" content=\"https:\/\/futbolhoy.co\/wp-content\/uploads\/2020\/06\/20200607_181543.jpg\" \/>\n\t<meta property=\"og:image:width\" content=\"1600\" \/>\n\t<meta property=\"og:image:height\" content=\"1000\" \/>\n\t<meta property=\"og:image:type\" content=\"image\/jpeg\" \/>\n<meta name=\"author\" content=\"Laura Hern\u00e1ndez\" \/>\n<meta name=\"twitter:card\" content=\"summary_large_image\" \/>\n<meta name=\"twitter:creator\" content=\"@FutbolHoyCol\" \/>\n<meta name=\"twitter:site\" content=\"@FutbolHoyCol\" \/>\n<meta name=\"twitter:label1\" content=\"Escrito por\" \/>\n\t<meta name=\"twitter:data1\" content=\"Laura Hern\u00e1ndez\" \/>\n\t<meta name=\"twitter:label2\" content=\"Tiempo de lectura\" \/>\n\t<meta name=\"twitter:data2\" content=\"1 minuto\" \/>\n<script type=\"application\/ld+json\" class=\"yoast-schema-graph\">{\"@context\":\"https:\/\/schema.org\",\"@graph\":[{\"@type\":\"Article\",\"@id\":\"https:\/\/futbolhoy.co\/index.php\/2020\/06\/07\/messi-esta-listo-para-jugar\/#article\",\"isPartOf\":{\"@id\":\"https:\/\/futbolhoy.co\/index.php\/2020\/06\/07\/messi-esta-listo-para-jugar\/\"},\"author\":{\"name\":\"Laura Hern\u00e1ndez\",\"@id\":\"https:\/\/futbolhoy.co\/#\/schema\/person\/c4a353a512b127643723a34bb1812f7d\"},\"headline\":\"Messi est\u00e1 listo para jugar\",\"datePublished\":\"2020-06-07T23:16:30+00:00\",\"dateModified\":\"2020-06-08T15:43:12+00:00\",\"mainEntityOfPage\":{\"@id\":\"https:\/\/futbolhoy.co\/index.php\/2020\/06\/07\/messi-esta-listo-para-jugar\/\"},\"wordCount\":177,\"commentCount\":0,\"publisher\":{\"@id\":\"https:\/\/futbolhoy.co\/#organization\"},\"image\":{\"@id\":\"https:\/\/futbolhoy.co\/index.php\/2020\/06\/07\/messi-esta-listo-para-jugar\/#primaryimage\"},\"thumbnailUrl\":\"https:\/\/futbolhoy.co\/wp-content\/uploads\/2020\/06\/20200607_181543.jpg\",\"articleSection\":[\"Mundo Futbol\"],\"inLanguage\":\"es\",\"potentialAction\":[{\"@type\":\"CommentAction\",\"name\":\"Comment\",\"target\":[\"https:\/\/futbolhoy.co\/index.php\/2020\/06\/07\/messi-esta-listo-para-jugar\/#respond\"]}]},{\"@type\":\"WebPage\",\"@id\":\"https:\/\/futbolhoy.co\/index.php\/2020\/06\/07\/messi-esta-listo-para-jugar\/\",\"url\":\"https:\/\/futbolhoy.co\/index.php\/2020\/06\/07\/messi-esta-listo-para-jugar\/\",\"name\":\"Messi est\u00e1 listo para jugar -\",\"isPartOf\":{\"@id\":\"https:\/\/futbolhoy.co\/#website\"},\"primaryImageOfPage\":{\"@id\":\"https:\/\/futbolhoy.co\/index.php\/2020\/06\/07\/messi-esta-listo-para-jugar\/#primaryimage\"},\"image\":{\"@id\":\"https:\/\/futbolhoy.co\/index.php\/2020\/06\/07\/messi-esta-listo-para-jugar\/#primaryimage\"},\"thumbnailUrl\":\"https:\/\/futbolhoy.co\/wp-content\/uploads\/2020\/06\/20200607_181543.jpg\",\"datePublished\":\"2020-06-07T23:16:30+00:00\",\"dateModified\":\"2020-06-08T15:43:12+00:00\",\"breadcrumb\":{\"@id\":\"https:\/\/futbolhoy.co\/index.php\/2020\/06\/07\/messi-esta-listo-para-jugar\/#breadcrumb\"},\"inLanguage\":\"es\",\"potentialAction\":[{\"@type\":\"ReadAction\",\"target\":[\"https:\/\/futbolhoy.co\/index.php\/2020\/06\/07\/messi-esta-listo-para-jugar\/\"]}]},{\"@type\":\"ImageObject\",\"inLanguage\":\"es\",\"@id\":\"https:\/\/futbolhoy.co\/index.php\/2020\/06\/07\/messi-esta-listo-para-jugar\/#primaryimage\",\"url\":\"https:\/\/futbolhoy.co\/wp-content\/uploads\/2020\/06\/20200607_181543.jpg\",\"contentUrl\":\"https:\/\/futbolhoy.co\/wp-content\/uploads\/2020\/06\/20200607_181543.jpg\",\"width\":1600,\"height\":1000},{\"@type\":\"BreadcrumbList\",\"@id\":\"https:\/\/futbolhoy.co\/index.php\/2020\/06\/07\/messi-esta-listo-para-jugar\/#breadcrumb\",\"itemListElement\":[{\"@type\":\"ListItem\",\"position\":1,\"name\":\"Portada\",\"item\":\"https:\/\/futbolhoy.co\/\"},{\"@type\":\"ListItem\",\"position\":2,\"name\":\"Messi est\u00e1 listo para jugar\"}]},{\"@type\":\"WebSite\",\"@id\":\"https:\/\/futbolhoy.co\/#website\",\"url\":\"https:\/\/futbolhoy.co\/\",\"name\":\"FutbolHoy\",\"description\":\"\",\"publisher\":{\"@id\":\"https:\/\/futbolhoy.co\/#organization\"},\"potentialAction\":[{\"@type\":\"SearchAction\",\"target\":{\"@type\":\"EntryPoint\",\"urlTemplate\":\"https:\/\/futbolhoy.co\/?s={search_term_string}\"},\"query-input\":{\"@type\":\"PropertyValueSpecification\",\"valueRequired\":true,\"valueName\":\"search_term_string\"}}],\"inLanguage\":\"es\"},{\"@type\":\"Organization\",\"@id\":\"https:\/\/futbolhoy.co\/#organization\",\"name\":\"Futbolhoy.co\",\"url\":\"https:\/\/futbolhoy.co\/\",\"logo\":{\"@type\":\"ImageObject\",\"inLanguage\":\"es\",\"@id\":\"https:\/\/futbolhoy.co\/#\/schema\/logo\/image\/\",\"url\":\"https:\/\/futbolhoy.co\/wp-content\/uploads\/2018\/08\/17426380_1906371736249227_6326180412931521141_n.jpg\",\"contentUrl\":\"https:\/\/futbolhoy.co\/wp-content\/uploads\/2018\/08\/17426380_1906371736249227_6326180412931521141_n.jpg\",\"width\":960,\"height\":960,\"caption\":\"Futbolhoy.co\"},\"image\":{\"@id\":\"https:\/\/futbolhoy.co\/#\/schema\/logo\/image\/\"},\"sameAs\":[\"https:\/\/www.facebook.com\/FutbolHoyCol\/\",\"https:\/\/x.com\/FutbolHoyCol\",\"https:\/\/www.instagram.com\/futbolhoycol\/\"]},{\"@type\":\"Person\",\"@id\":\"https:\/\/futbolhoy.co\/#\/schema\/person\/c4a353a512b127643723a34bb1812f7d\",\"name\":\"Laura Hern\u00e1ndez\",\"image\":{\"@type\":\"ImageObject\",\"inLanguage\":\"es\",\"@id\":\"https:\/\/futbolhoy.co\/#\/schema\/person\/image\/\",\"url\":\"https:\/\/secure.gravatar.com\/avatar\/d25959a15b9b293a743f99181c7cfd01?s=96&d=mm&r=g\",\"contentUrl\":\"https:\/\/secure.gravatar.com\/avatar\/d25959a15b9b293a743f99181c7cfd01?s=96&d=mm&r=g\",\"caption\":\"Laura Hern\u00e1ndez\"}}]}<\/script>\n<!-- \/ Yoast SEO plugin. -->","yoast_head_json":{"title":"Messi est\u00e1 listo para jugar -","robots":{"index":"index","follow":"follow","max-snippet":"max-snippet:-1","max-image-preview":"max-image-preview:large","max-video-preview":"max-video-preview:-1"},"canonical":"https:\/\/futbolhoy.co\/index.php\/2020\/06\/07\/messi-esta-listo-para-jugar\/","og_locale":"es_ES","og_type":"article","og_title":"Messi est\u00e1 listo para jugar -","og_description":"Lionel Messi\u00a0est\u00e1 perfectamente y no tendr\u00e1 ning\u00fan problema para jugar el s\u00e1bado contra el\u00a0Mallorca\u00a0en el regreso del\u00a0Barcelona\u00a0a la Liga espa\u00f1ola, asegur\u00f3 el entrenador,\u00a0Quique Seti\u00e9n. \"Messi no es el \u00fanico que no ha entrenado y ha tenido algunas molestias, les ha pasado a muchos, es una contractura sin mayor importancia\", declar\u00f3 Seti\u00e9n a\u00a0Movistar\u00a0televisi\u00f3n. El capit\u00e1n del [&hellip;]","og_url":"https:\/\/futbolhoy.co\/index.php\/2020\/06\/07\/messi-esta-listo-para-jugar\/","article_publisher":"https:\/\/www.facebook.com\/FutbolHoyCol\/","article_published_time":"2020-06-07T23:16:30+00:00","article_modified_time":"2020-06-08T15:43:12+00:00","og_image":[{"width":1600,"height":1000,"url":"https:\/\/futbolhoy.co\/wp-content\/uploads\/2020\/06\/20200607_181543.jpg","type":"image\/jpeg"}],"author":"Laura Hern\u00e1ndez","twitter_card":"summary_large_image","twitter_creator":"@FutbolHoyCol","twitter_site":"@FutbolHoyCol","twitter_misc":{"Escrito por":"Laura Hern\u00e1ndez","Tiempo de lectura":"1 minuto"},"schema":{"@context":"https:\/\/schema.org","@graph":[{"@type":"Article","@id":"https:\/\/futbolhoy.co\/index.php\/2020\/06\/07\/messi-esta-listo-para-jugar\/#article","isPartOf":{"@id":"https:\/\/futbolhoy.co\/index.php\/2020\/06\/07\/messi-esta-listo-para-jugar\/"},"author":{"name":"Laura Hern\u00e1ndez","@id":"https:\/\/futbolhoy.co\/#\/schema\/person\/c4a353a512b127643723a34bb1812f7d"},"headline":"Messi est\u00e1 listo para jugar","datePublished":"2020-06-07T23:16:30+00:00","dateModified":"2020-06-08T15:43:12+00:00","mainEntityOfPage":{"@id":"https:\/\/futbolhoy.co\/index.php\/2020\/06\/07\/messi-esta-listo-para-jugar\/"},"wordCount":177,"commentCount":0,"publisher":{"@id":"https:\/\/futbolhoy.co\/#organization"},"image":{"@id":"https:\/\/futbolhoy.co\/index.php\/2020\/06\/07\/messi-esta-listo-para-jugar\/#primaryimage"},"thumbnailUrl":"https:\/\/futbolhoy.co\/wp-content\/uploads\/2020\/06\/20200607_181543.jpg","articleSection":["Mundo Futbol"],"inLanguage":"es","potentialAction":[{"@type":"CommentAction","name":"Comment","target":["https:\/\/futbolhoy.co\/index.php\/2020\/06\/07\/messi-esta-listo-para-jugar\/#respond"]}]},{"@type":"WebPage","@id":"https:\/\/futbolhoy.co\/index.php\/2020\/06\/07\/messi-esta-listo-para-jugar\/","url":"https:\/\/futbolhoy.co\/index.php\/2020\/06\/07\/messi-esta-listo-para-jugar\/","name":"Messi est\u00e1 listo para jugar -","isPartOf":{"@id":"https:\/\/futbolhoy.co\/#website"},"primaryImageOfPage":{"@id":"https:\/\/futbolhoy.co\/index.php\/2020\/06\/07\/messi-esta-listo-para-jugar\/#primaryimage"},"image":{"@id":"https:\/\/futbolhoy.co\/index.php\/2020\/06\/07\/messi-esta-listo-para-jugar\/#primaryimage"},"thumbnailUrl":"https:\/\/futbolhoy.co\/wp-content\/uploads\/2020\/06\/20200607_181543.jpg","datePublished":"2020-06-07T23:16:30+00:00","dateModified":"2020-06-08T15:43:12+00:00","breadcrumb":{"@id":"https:\/\/futbolhoy.co\/index.php\/2020\/06\/07\/messi-esta-listo-para-jugar\/#breadcrumb"},"inLanguage":"es","potentialAction":[{"@type":"ReadAction","target":["https:\/\/futbolhoy.co\/index.php\/2020\/06\/07\/messi-esta-listo-para-jugar\/"]}]},{"@type":"ImageObject","inLanguage":"es","@id":"https:\/\/futbolhoy.co\/index.php\/2020\/06\/07\/messi-esta-listo-para-jugar\/#primaryimage","url":"https:\/\/futbolhoy.co\/wp-content\/uploads\/2020\/06\/20200607_181543.jpg","contentUrl":"https:\/\/futbolhoy.co\/wp-content\/uploads\/2020\/06\/20200607_181543.jpg","width":1600,"height":1000},{"@type":"BreadcrumbList","@id":"https:\/\/futbolhoy.co\/index.php\/2020\/06\/07\/messi-esta-listo-para-jugar\/#breadcrumb","itemListElement":[{"@type":"ListItem","position":1,"name":"Portada","item":"https:\/\/futbolhoy.co\/"},{"@type":"ListItem","position":2,"name":"Messi est\u00e1 listo para jugar"}]},{"@type":"WebSite","@id":"https:\/\/futbolhoy.co\/#website","url":"https:\/\/futbolhoy.co\/","name":"FutbolHoy","description":"","publisher":{"@id":"https:\/\/futbolhoy.co\/#organization"},"potentialAction":[{"@type":"SearchAction","target":{"@type":"EntryPoint","urlTemplate":"https:\/\/futbolhoy.co\/?s={search_term_string}"},"query-input":{"@type":"PropertyValueSpecification","valueRequired":true,"valueName":"search_term_string"}}],"inLanguage":"es"},{"@type":"Organization","@id":"https:\/\/futbolhoy.co\/#organization","name":"Futbolhoy.co","url":"https:\/\/futbolhoy.co\/","logo":{"@type":"ImageObject","inLanguage":"es","@id":"https:\/\/futbolhoy.co\/#\/schema\/logo\/image\/","url":"https:\/\/futbolhoy.co\/wp-content\/uploads\/2018\/08\/17426380_1906371736249227_6326180412931521141_n.jpg","contentUrl":"https:\/\/futbolhoy.co\/wp-content\/uploads\/2018\/08\/17426380_1906371736249227_6326180412931521141_n.jpg","width":960,"height":960,"caption":"Futbolhoy.co"},"image":{"@id":"https:\/\/futbolhoy.co\/#\/schema\/logo\/image\/"},"sameAs":["https:\/\/www.facebook.com\/FutbolHoyCol\/","https:\/\/x.com\/FutbolHoyCol","https:\/\/www.instagram.com\/futbolhoycol\/"]},{"@type":"Person","@id":"https:\/\/futbolhoy.co\/#\/schema\/person\/c4a353a512b127643723a34bb1812f7d","name":"Laura Hern\u00e1ndez","image":{"@type":"ImageObject","inLanguage":"es","@id":"https:\/\/futbolhoy.co\/#\/schema\/person\/image\/","url":"https:\/\/secure.gravatar.com\/avatar\/d25959a15b9b293a743f99181c7cfd01?s=96&d=mm&r=g","contentUrl":"https:\/\/secure.gravatar.com\/avatar\/d25959a15b9b293a743f99181c7cfd01?s=96&d=mm&r=g","caption":"Laura Hern\u00e1ndez"}}]}},"publishpress_future_action":{"enabled":false,"date":"2026-05-06 03:09:35","action":"change-status","newStatus":"draft","terms":[],"taxonomy":"category","extraData":[]},"publishpress_future_workflow_manual_trigger":{"enabledWorkflows":[]},"_links":{"self":[{"href":"https:\/\/futbolhoy.co\/index.php\/wp-json\/wp\/v2\/posts\/52114","targetHints":{"allow":["GET"]}}],"collection":[{"href":"https:\/\/futbolhoy.co\/index.php\/wp-json\/wp\/v2\/posts"}],"about":[{"href":"https:\/\/futbolhoy.co\/index.php\/wp-json\/wp\/v2\/types\/post"}],"author":[{"embeddable":true,"href":"https:\/\/futbolhoy.co\/index.php\/wp-json\/wp\/v2\/users\/5"}],"replies":[{"embeddable":true,"href":"https:\/\/futbolhoy.co\/index.php\/wp-json\/wp\/v2\/comments?post=52114"}],"version-history":[{"count":1,"href":"https:\/\/futbolhoy.co\/index.php\/wp-json\/wp\/v2\/posts\/52114\/revisions"}],"predecessor-version":[{"id":52117,"href":"https:\/\/futbolhoy.co\/index.php\/wp-json\/wp\/v2\/posts\/52114\/revisions\/52117"}],"wp:featuredmedia":[{"embeddable":true,"href":"https:\/\/futbolhoy.co\/index.php\/wp-json\/wp\/v2\/media\/52116"}],"wp:attachment":[{"href":"https:\/\/futbolhoy.co\/index.php\/wp-json\/wp\/v2\/media?parent=52114"}],"wp:term":[{"taxonomy":"category","embeddable":true,"href":"https:\/\/futbolhoy.co\/index.php\/wp-json\/wp\/v2\/categories?post=52114"},{"taxonomy":"post_tag","embeddable":true,"href":"https:\/\/futbolhoy.co\/index.php\/wp-json\/wp\/v2\/tags?post=52114"}],"curies":[{"name":"wp","href":"https:\/\/api.w.org\/{rel}","templated":true}]}}