{"id":52188,"date":"2020-06-08T10:43:20","date_gmt":"2020-06-08T15:43:20","guid":{"rendered":"https:\/\/futbolhoy.co\/?p=52188"},"modified":"2020-06-08T18:52:55","modified_gmt":"2020-06-08T23:52:55","slug":"bonucci-elogio-a-duvan","status":"publish","type":"post","link":"https:\/\/futbolhoy.co\/index.php\/2020\/06\/08\/bonucci-elogio-a-duvan\/","title":{"rendered":"Bonucci elogi\u00f3 a Duv\u00e1n"},"content":{"rendered":"<p style=\"text-align: justify;\"><span style=\"font-family: helvetica, arial, sans-serif;\">El defensa italiano de la <strong>Juventus, Leonardo Bonucci,<\/strong> asegur\u00f3 que el caucano <strong>Duv\u00e1n Zapata<\/strong>\u00a0es uno de los jugadores m\u00e1s dif\u00edciles que ha enfrentado en las \u00faltimas temporadas en <strong>Italia.<\/strong><\/span><\/p>\n<p style=\"text-align: justify;\"><span style=\"font-family: helvetica, arial, sans-serif;\">\u201cNo te sorprendas si digo que es <strong>Duv\u00e1n Zapata.<\/strong> Es grande, alto, fuerte y r\u00e1pido. Cuando lo enfrento, siempre tengo un pensamiento m\u00e1s en mi mente. Los grandes jugadores te lastiman en cuanto pierdes el foco o te desconcentras. Tambi\u00e9n tengo ese pensamiento en el entrenamiento con <strong>Ronaldo, Dybala, Higua\u00edn<\/strong> o <strong>Douglas Costa.<\/strong> Si no est\u00e1s al 100 por ciento, te matan\", sostuvo Bonucci a<em> La Gazzetta dello Sport.<\/em><\/span><\/p>\n<p style=\"text-align: justify;\"><span style=\"font-family: helvetica, arial, sans-serif;\">Zapata, tercer goleador del Atalanta, acumula 12 anotaciones en todos los torneos que ha disputado esta temporada.<\/span><\/p>\n<p style=\"text-align: justify;\"><span style=\"font-family: helvetica, arial, sans-serif;\">El colombiano estuvo cerca de dos meses fuera de las canchas al final del 2019, debido a una lesi\u00f3n que sufri\u00f3 en una gira con la <strong>Selecci\u00f3n Colombia.<\/strong><\/span><\/p>\n","protected":false},"excerpt":{"rendered":"<p>El defensa italiano de la Juventus, Leonardo Bonucci, asegur\u00f3 que el caucano Duv\u00e1n Zapata\u00a0es uno de los jugadores m\u00e1s dif\u00edciles que ha enfrentado en las \u00faltimas temporadas en Italia. \u201cNo te sorprendas si digo que es Duv\u00e1n Zapata. Es grande, alto, fuerte y r\u00e1pido. Cuando lo enfrento, siempre tengo un pensamiento m\u00e1s en mi mente. [&hellip;]<\/p>\n","protected":false},"author":5,"featured_media":34028,"comment_status":"open","ping_status":"open","sticky":false,"template":"","format":"standard","meta":{"_acf_changed":false,"footnotes":""},"categories":[418],"tags":[889,154,254,1886],"class_list":{"0":"post-52188","1":"post","2":"type-post","3":"status-publish","4":"format-standard","5":"has-post-thumbnail","7":"category-colombia","8":"tag-atalanta","9":"tag-duvan-zapata","10":"tag-juventus","11":"tag-leonardo-bonucci"},"acf":[],"yoast_head":"<!-- This site is optimized with the Yoast SEO plugin v26.8 - https:\/\/yoast.com\/product\/yoast-seo-wordpress\/ -->\n<title>Bonucci elogi\u00f3 a Duv\u00e1n -<\/title>\n<meta name=\"robots\" content=\"index, follow, max-snippet:-1, max-image-preview:large, max-video-preview:-1\" \/>\n<link rel=\"canonical\" href=\"https:\/\/futbolhoy.co\/index.php\/2020\/06\/08\/bonucci-elogio-a-duvan\/\" \/>\n<meta property=\"og:locale\" content=\"es_ES\" \/>\n<meta property=\"og:type\" content=\"article\" \/>\n<meta property=\"og:title\" content=\"Bonucci elogi\u00f3 a Duv\u00e1n -\" \/>\n<meta property=\"og:description\" content=\"El defensa italiano de la Juventus, Leonardo Bonucci, asegur\u00f3 que el caucano Duv\u00e1n Zapata\u00a0es uno de los jugadores m\u00e1s dif\u00edciles que ha enfrentado en las \u00faltimas temporadas en Italia. \u201cNo te sorprendas si digo que es Duv\u00e1n Zapata. Es grande, alto, fuerte y r\u00e1pido. Cuando lo enfrento, siempre tengo un pensamiento m\u00e1s en mi mente. [&hellip;]\" \/>\n<meta property=\"og:url\" content=\"https:\/\/futbolhoy.co\/index.php\/2020\/06\/08\/bonucci-elogio-a-duvan\/\" \/>\n<meta property=\"article:publisher\" content=\"https:\/\/www.facebook.com\/FutbolHoyCol\/\" \/>\n<meta property=\"article:published_time\" content=\"2020-06-08T15:43:20+00:00\" \/>\n<meta property=\"article:modified_time\" content=\"2020-06-08T23:52:55+00:00\" \/>\n<meta property=\"og:image\" content=\"https:\/\/futbolhoy.co\/wp-content\/uploads\/2019\/04\/Zapata.jpg\" \/>\n\t<meta property=\"og:image:width\" content=\"1200\" \/>\n\t<meta property=\"og:image:height\" content=\"675\" \/>\n\t<meta property=\"og:image:type\" content=\"image\/jpeg\" \/>\n<meta name=\"author\" content=\"Laura Hern\u00e1ndez\" \/>\n<meta name=\"twitter:card\" content=\"summary_large_image\" \/>\n<meta name=\"twitter:creator\" content=\"@FutbolHoyCol\" \/>\n<meta name=\"twitter:site\" content=\"@FutbolHoyCol\" \/>\n<meta name=\"twitter:label1\" content=\"Escrito por\" \/>\n\t<meta name=\"twitter:data1\" content=\"Laura Hern\u00e1ndez\" \/>\n\t<meta name=\"twitter:label2\" content=\"Tiempo de lectura\" \/>\n\t<meta name=\"twitter:data2\" content=\"1 minuto\" \/>\n<script type=\"application\/ld+json\" class=\"yoast-schema-graph\">{\"@context\":\"https:\/\/schema.org\",\"@graph\":[{\"@type\":\"Article\",\"@id\":\"https:\/\/futbolhoy.co\/index.php\/2020\/06\/08\/bonucci-elogio-a-duvan\/#article\",\"isPartOf\":{\"@id\":\"https:\/\/futbolhoy.co\/index.php\/2020\/06\/08\/bonucci-elogio-a-duvan\/\"},\"author\":{\"name\":\"Laura Hern\u00e1ndez\",\"@id\":\"https:\/\/futbolhoy.co\/#\/schema\/person\/c4a353a512b127643723a34bb1812f7d\"},\"headline\":\"Bonucci elogi\u00f3 a Duv\u00e1n\",\"datePublished\":\"2020-06-08T15:43:20+00:00\",\"dateModified\":\"2020-06-08T23:52:55+00:00\",\"mainEntityOfPage\":{\"@id\":\"https:\/\/futbolhoy.co\/index.php\/2020\/06\/08\/bonucci-elogio-a-duvan\/\"},\"wordCount\":157,\"commentCount\":0,\"publisher\":{\"@id\":\"https:\/\/futbolhoy.co\/#organization\"},\"image\":{\"@id\":\"https:\/\/futbolhoy.co\/index.php\/2020\/06\/08\/bonucci-elogio-a-duvan\/#primaryimage\"},\"thumbnailUrl\":\"https:\/\/futbolhoy.co\/wp-content\/uploads\/2019\/04\/Zapata.jpg\",\"keywords\":[\"Atalanta\",\"Duv\u00e1n Zapata\",\"Juventus\",\"Leonardo Bonucci\"],\"articleSection\":[\"Colombia\"],\"inLanguage\":\"es\",\"potentialAction\":[{\"@type\":\"CommentAction\",\"name\":\"Comment\",\"target\":[\"https:\/\/futbolhoy.co\/index.php\/2020\/06\/08\/bonucci-elogio-a-duvan\/#respond\"]}]},{\"@type\":\"WebPage\",\"@id\":\"https:\/\/futbolhoy.co\/index.php\/2020\/06\/08\/bonucci-elogio-a-duvan\/\",\"url\":\"https:\/\/futbolhoy.co\/index.php\/2020\/06\/08\/bonucci-elogio-a-duvan\/\",\"name\":\"Bonucci elogi\u00f3 a Duv\u00e1n -\",\"isPartOf\":{\"@id\":\"https:\/\/futbolhoy.co\/#website\"},\"primaryImageOfPage\":{\"@id\":\"https:\/\/futbolhoy.co\/index.php\/2020\/06\/08\/bonucci-elogio-a-duvan\/#primaryimage\"},\"image\":{\"@id\":\"https:\/\/futbolhoy.co\/index.php\/2020\/06\/08\/bonucci-elogio-a-duvan\/#primaryimage\"},\"thumbnailUrl\":\"https:\/\/futbolhoy.co\/wp-content\/uploads\/2019\/04\/Zapata.jpg\",\"datePublished\":\"2020-06-08T15:43:20+00:00\",\"dateModified\":\"2020-06-08T23:52:55+00:00\",\"breadcrumb\":{\"@id\":\"https:\/\/futbolhoy.co\/index.php\/2020\/06\/08\/bonucci-elogio-a-duvan\/#breadcrumb\"},\"inLanguage\":\"es\",\"potentialAction\":[{\"@type\":\"ReadAction\",\"target\":[\"https:\/\/futbolhoy.co\/index.php\/2020\/06\/08\/bonucci-elogio-a-duvan\/\"]}]},{\"@type\":\"ImageObject\",\"inLanguage\":\"es\",\"@id\":\"https:\/\/futbolhoy.co\/index.php\/2020\/06\/08\/bonucci-elogio-a-duvan\/#primaryimage\",\"url\":\"https:\/\/futbolhoy.co\/wp-content\/uploads\/2019\/04\/Zapata.jpg\",\"contentUrl\":\"https:\/\/futbolhoy.co\/wp-content\/uploads\/2019\/04\/Zapata.jpg\",\"width\":1200,\"height\":675,\"caption\":\"@Atalanta_BC\"},{\"@type\":\"BreadcrumbList\",\"@id\":\"https:\/\/futbolhoy.co\/index.php\/2020\/06\/08\/bonucci-elogio-a-duvan\/#breadcrumb\",\"itemListElement\":[{\"@type\":\"ListItem\",\"position\":1,\"name\":\"Portada\",\"item\":\"https:\/\/futbolhoy.co\/\"},{\"@type\":\"ListItem\",\"position\":2,\"name\":\"Bonucci elogi\u00f3 a Duv\u00e1n\"}]},{\"@type\":\"WebSite\",\"@id\":\"https:\/\/futbolhoy.co\/#website\",\"url\":\"https:\/\/futbolhoy.co\/\",\"name\":\"FutbolHoy\",\"description\":\"\",\"publisher\":{\"@id\":\"https:\/\/futbolhoy.co\/#organization\"},\"potentialAction\":[{\"@type\":\"SearchAction\",\"target\":{\"@type\":\"EntryPoint\",\"urlTemplate\":\"https:\/\/futbolhoy.co\/?s={search_term_string}\"},\"query-input\":{\"@type\":\"PropertyValueSpecification\",\"valueRequired\":true,\"valueName\":\"search_term_string\"}}],\"inLanguage\":\"es\"},{\"@type\":\"Organization\",\"@id\":\"https:\/\/futbolhoy.co\/#organization\",\"name\":\"Futbolhoy.co\",\"url\":\"https:\/\/futbolhoy.co\/\",\"logo\":{\"@type\":\"ImageObject\",\"inLanguage\":\"es\",\"@id\":\"https:\/\/futbolhoy.co\/#\/schema\/logo\/image\/\",\"url\":\"https:\/\/futbolhoy.co\/wp-content\/uploads\/2018\/08\/17426380_1906371736249227_6326180412931521141_n.jpg\",\"contentUrl\":\"https:\/\/futbolhoy.co\/wp-content\/uploads\/2018\/08\/17426380_1906371736249227_6326180412931521141_n.jpg\",\"width\":960,\"height\":960,\"caption\":\"Futbolhoy.co\"},\"image\":{\"@id\":\"https:\/\/futbolhoy.co\/#\/schema\/logo\/image\/\"},\"sameAs\":[\"https:\/\/www.facebook.com\/FutbolHoyCol\/\",\"https:\/\/x.com\/FutbolHoyCol\",\"https:\/\/www.instagram.com\/futbolhoycol\/\"]},{\"@type\":\"Person\",\"@id\":\"https:\/\/futbolhoy.co\/#\/schema\/person\/c4a353a512b127643723a34bb1812f7d\",\"name\":\"Laura Hern\u00e1ndez\",\"image\":{\"@type\":\"ImageObject\",\"inLanguage\":\"es\",\"@id\":\"https:\/\/futbolhoy.co\/#\/schema\/person\/image\/\",\"url\":\"https:\/\/secure.gravatar.com\/avatar\/d25959a15b9b293a743f99181c7cfd01?s=96&d=mm&r=g\",\"contentUrl\":\"https:\/\/secure.gravatar.com\/avatar\/d25959a15b9b293a743f99181c7cfd01?s=96&d=mm&r=g\",\"caption\":\"Laura Hern\u00e1ndez\"}}]}<\/script>\n<!-- \/ Yoast SEO plugin. -->","yoast_head_json":{"title":"Bonucci elogi\u00f3 a Duv\u00e1n -","robots":{"index":"index","follow":"follow","max-snippet":"max-snippet:-1","max-image-preview":"max-image-preview:large","max-video-preview":"max-video-preview:-1"},"canonical":"https:\/\/futbolhoy.co\/index.php\/2020\/06\/08\/bonucci-elogio-a-duvan\/","og_locale":"es_ES","og_type":"article","og_title":"Bonucci elogi\u00f3 a Duv\u00e1n -","og_description":"El defensa italiano de la Juventus, Leonardo Bonucci, asegur\u00f3 que el caucano Duv\u00e1n Zapata\u00a0es uno de los jugadores m\u00e1s dif\u00edciles que ha enfrentado en las \u00faltimas temporadas en Italia. \u201cNo te sorprendas si digo que es Duv\u00e1n Zapata. Es grande, alto, fuerte y r\u00e1pido. Cuando lo enfrento, siempre tengo un pensamiento m\u00e1s en mi mente. [&hellip;]","og_url":"https:\/\/futbolhoy.co\/index.php\/2020\/06\/08\/bonucci-elogio-a-duvan\/","article_publisher":"https:\/\/www.facebook.com\/FutbolHoyCol\/","article_published_time":"2020-06-08T15:43:20+00:00","article_modified_time":"2020-06-08T23:52:55+00:00","og_image":[{"width":1200,"height":675,"url":"https:\/\/futbolhoy.co\/wp-content\/uploads\/2019\/04\/Zapata.jpg","type":"image\/jpeg"}],"author":"Laura Hern\u00e1ndez","twitter_card":"summary_large_image","twitter_creator":"@FutbolHoyCol","twitter_site":"@FutbolHoyCol","twitter_misc":{"Escrito por":"Laura Hern\u00e1ndez","Tiempo de lectura":"1 minuto"},"schema":{"@context":"https:\/\/schema.org","@graph":[{"@type":"Article","@id":"https:\/\/futbolhoy.co\/index.php\/2020\/06\/08\/bonucci-elogio-a-duvan\/#article","isPartOf":{"@id":"https:\/\/futbolhoy.co\/index.php\/2020\/06\/08\/bonucci-elogio-a-duvan\/"},"author":{"name":"Laura Hern\u00e1ndez","@id":"https:\/\/futbolhoy.co\/#\/schema\/person\/c4a353a512b127643723a34bb1812f7d"},"headline":"Bonucci elogi\u00f3 a Duv\u00e1n","datePublished":"2020-06-08T15:43:20+00:00","dateModified":"2020-06-08T23:52:55+00:00","mainEntityOfPage":{"@id":"https:\/\/futbolhoy.co\/index.php\/2020\/06\/08\/bonucci-elogio-a-duvan\/"},"wordCount":157,"commentCount":0,"publisher":{"@id":"https:\/\/futbolhoy.co\/#organization"},"image":{"@id":"https:\/\/futbolhoy.co\/index.php\/2020\/06\/08\/bonucci-elogio-a-duvan\/#primaryimage"},"thumbnailUrl":"https:\/\/futbolhoy.co\/wp-content\/uploads\/2019\/04\/Zapata.jpg","keywords":["Atalanta","Duv\u00e1n Zapata","Juventus","Leonardo Bonucci"],"articleSection":["Colombia"],"inLanguage":"es","potentialAction":[{"@type":"CommentAction","name":"Comment","target":["https:\/\/futbolhoy.co\/index.php\/2020\/06\/08\/bonucci-elogio-a-duvan\/#respond"]}]},{"@type":"WebPage","@id":"https:\/\/futbolhoy.co\/index.php\/2020\/06\/08\/bonucci-elogio-a-duvan\/","url":"https:\/\/futbolhoy.co\/index.php\/2020\/06\/08\/bonucci-elogio-a-duvan\/","name":"Bonucci elogi\u00f3 a Duv\u00e1n -","isPartOf":{"@id":"https:\/\/futbolhoy.co\/#website"},"primaryImageOfPage":{"@id":"https:\/\/futbolhoy.co\/index.php\/2020\/06\/08\/bonucci-elogio-a-duvan\/#primaryimage"},"image":{"@id":"https:\/\/futbolhoy.co\/index.php\/2020\/06\/08\/bonucci-elogio-a-duvan\/#primaryimage"},"thumbnailUrl":"https:\/\/futbolhoy.co\/wp-content\/uploads\/2019\/04\/Zapata.jpg","datePublished":"2020-06-08T15:43:20+00:00","dateModified":"2020-06-08T23:52:55+00:00","breadcrumb":{"@id":"https:\/\/futbolhoy.co\/index.php\/2020\/06\/08\/bonucci-elogio-a-duvan\/#breadcrumb"},"inLanguage":"es","potentialAction":[{"@type":"ReadAction","target":["https:\/\/futbolhoy.co\/index.php\/2020\/06\/08\/bonucci-elogio-a-duvan\/"]}]},{"@type":"ImageObject","inLanguage":"es","@id":"https:\/\/futbolhoy.co\/index.php\/2020\/06\/08\/bonucci-elogio-a-duvan\/#primaryimage","url":"https:\/\/futbolhoy.co\/wp-content\/uploads\/2019\/04\/Zapata.jpg","contentUrl":"https:\/\/futbolhoy.co\/wp-content\/uploads\/2019\/04\/Zapata.jpg","width":1200,"height":675,"caption":"@Atalanta_BC"},{"@type":"BreadcrumbList","@id":"https:\/\/futbolhoy.co\/index.php\/2020\/06\/08\/bonucci-elogio-a-duvan\/#breadcrumb","itemListElement":[{"@type":"ListItem","position":1,"name":"Portada","item":"https:\/\/futbolhoy.co\/"},{"@type":"ListItem","position":2,"name":"Bonucci elogi\u00f3 a Duv\u00e1n"}]},{"@type":"WebSite","@id":"https:\/\/futbolhoy.co\/#website","url":"https:\/\/futbolhoy.co\/","name":"FutbolHoy","description":"","publisher":{"@id":"https:\/\/futbolhoy.co\/#organization"},"potentialAction":[{"@type":"SearchAction","target":{"@type":"EntryPoint","urlTemplate":"https:\/\/futbolhoy.co\/?s={search_term_string}"},"query-input":{"@type":"PropertyValueSpecification","valueRequired":true,"valueName":"search_term_string"}}],"inLanguage":"es"},{"@type":"Organization","@id":"https:\/\/futbolhoy.co\/#organization","name":"Futbolhoy.co","url":"https:\/\/futbolhoy.co\/","logo":{"@type":"ImageObject","inLanguage":"es","@id":"https:\/\/futbolhoy.co\/#\/schema\/logo\/image\/","url":"https:\/\/futbolhoy.co\/wp-content\/uploads\/2018\/08\/17426380_1906371736249227_6326180412931521141_n.jpg","contentUrl":"https:\/\/futbolhoy.co\/wp-content\/uploads\/2018\/08\/17426380_1906371736249227_6326180412931521141_n.jpg","width":960,"height":960,"caption":"Futbolhoy.co"},"image":{"@id":"https:\/\/futbolhoy.co\/#\/schema\/logo\/image\/"},"sameAs":["https:\/\/www.facebook.com\/FutbolHoyCol\/","https:\/\/x.com\/FutbolHoyCol","https:\/\/www.instagram.com\/futbolhoycol\/"]},{"@type":"Person","@id":"https:\/\/futbolhoy.co\/#\/schema\/person\/c4a353a512b127643723a34bb1812f7d","name":"Laura Hern\u00e1ndez","image":{"@type":"ImageObject","inLanguage":"es","@id":"https:\/\/futbolhoy.co\/#\/schema\/person\/image\/","url":"https:\/\/secure.gravatar.com\/avatar\/d25959a15b9b293a743f99181c7cfd01?s=96&d=mm&r=g","contentUrl":"https:\/\/secure.gravatar.com\/avatar\/d25959a15b9b293a743f99181c7cfd01?s=96&d=mm&r=g","caption":"Laura Hern\u00e1ndez"}}]}},"publishpress_future_action":{"enabled":false,"date":"2026-05-06 01:09:41","action":"change-status","newStatus":"draft","terms":[],"taxonomy":"category","extraData":[]},"publishpress_future_workflow_manual_trigger":{"enabledWorkflows":[]},"_links":{"self":[{"href":"https:\/\/futbolhoy.co\/index.php\/wp-json\/wp\/v2\/posts\/52188","targetHints":{"allow":["GET"]}}],"collection":[{"href":"https:\/\/futbolhoy.co\/index.php\/wp-json\/wp\/v2\/posts"}],"about":[{"href":"https:\/\/futbolhoy.co\/index.php\/wp-json\/wp\/v2\/types\/post"}],"author":[{"embeddable":true,"href":"https:\/\/futbolhoy.co\/index.php\/wp-json\/wp\/v2\/users\/5"}],"replies":[{"embeddable":true,"href":"https:\/\/futbolhoy.co\/index.php\/wp-json\/wp\/v2\/comments?post=52188"}],"version-history":[{"count":1,"href":"https:\/\/futbolhoy.co\/index.php\/wp-json\/wp\/v2\/posts\/52188\/revisions"}],"predecessor-version":[{"id":52189,"href":"https:\/\/futbolhoy.co\/index.php\/wp-json\/wp\/v2\/posts\/52188\/revisions\/52189"}],"wp:featuredmedia":[{"embeddable":true,"href":"https:\/\/futbolhoy.co\/index.php\/wp-json\/wp\/v2\/media\/34028"}],"wp:attachment":[{"href":"https:\/\/futbolhoy.co\/index.php\/wp-json\/wp\/v2\/media?parent=52188"}],"wp:term":[{"taxonomy":"category","embeddable":true,"href":"https:\/\/futbolhoy.co\/index.php\/wp-json\/wp\/v2\/categories?post=52188"},{"taxonomy":"post_tag","embeddable":true,"href":"https:\/\/futbolhoy.co\/index.php\/wp-json\/wp\/v2\/tags?post=52188"}],"curies":[{"name":"wp","href":"https:\/\/api.w.org\/{rel}","templated":true}]}}