{"id":52269,"date":"2020-06-10T18:36:17","date_gmt":"2020-06-10T23:36:17","guid":{"rendered":"https:\/\/futbolhoy.co\/?p=52269"},"modified":"2020-06-11T12:21:01","modified_gmt":"2020-06-11T17:21:01","slug":"veremos-si-hay-copa-america-gareca","status":"publish","type":"post","link":"https:\/\/futbolhoy.co\/index.php\/2020\/06\/10\/veremos-si-hay-copa-america-gareca\/","title":{"rendered":"\u201cVeremos si hay Copa Am\u00e9rica\u201d, Gareca"},"content":{"rendered":"<!--[if lt IE 9]><script>document.createElement('audio');<\/script><![endif]-->\n<audio class=\"wp-audio-shortcode\" id=\"audio-52269-1\" preload=\"none\" style=\"width: 100%;\" controls=\"controls\"><source type=\"audio\/mpeg\" src=\"https:\/\/futbolhoy.co\/wp-content\/uploads\/2020\/06\/Ricardo-Gareca-DT-Selecci\u00f3n-Per\u00fa-en-el-VBAR-Caracol.mp3?_=1\" \/><a href=\"https:\/\/futbolhoy.co\/wp-content\/uploads\/2020\/06\/Ricardo-Gareca-DT-Selecci\u00f3n-Per\u00fa-en-el-VBAR-Caracol.mp3\">https:\/\/futbolhoy.co\/wp-content\/uploads\/2020\/06\/Ricardo-Gareca-DT-Selecci\u00f3n-Per\u00fa-en-el-VBAR-Caracol.mp3<\/a><\/audio>\n<p style=\"text-align: justify;\"><span lang=\"ES\" style=\"font-family: helvetica, arial, sans-serif;\">El argentino\u00a0<b>Ricardo Gareca<\/b>, seleccionador de\u00a0<b>Per\u00fa<\/b>, asegur\u00f3 que, si las eliminatorias sudamericanas al\u00a0<b>Mundial Qatar 2022<\/b>\u00a0no se inician este a\u00f1o, habr\u00eda que replantearse la posibilidad de hacer la\u00a0<b>Copa Am\u00e9rica<\/b>\u00a0a mitad de 2021.<\/span><\/p>\n<p style=\"text-align: justify;\"><span lang=\"ES\" style=\"font-family: helvetica, arial, sans-serif;\">Gareca manifest\u00f3 que ser\u00e1 muy dif\u00edcil cambiar el sistema Todos contra Todos de la fase clasificatoria, lo que aprieta mucho el calendario si no se pueden iniciar los partidos en septiembre como tiene previsto la\u00a0<b>Conmebol<\/b>.<\/span><\/p>\n<p style=\"text-align: justify;\"><span lang=\"ES\" style=\"font-family: helvetica, arial, sans-serif;\">\u201cPara m\u00ed un cambio de sistema no se va a dar, ser\u00e1 todos contra todos, pero se va a apretar el calendario, m\u00e1s si no se juega este a\u00f1o, no s\u00e9 si se pueda jugar la Copa Am\u00e9rica, pero no creo que se d\u00e9 un formato diferente\u201d, declar\u00f3 el entrenador al\u00a0<i>VBAR de Caracol Radio<\/i>.<\/span><\/p>\n<p style=\"text-align: justify;\"><span lang=\"ES\" style=\"font-family: helvetica, arial, sans-serif;\">Respecto a los equipos favoritos para clasificar a la Copa Mundo por Sudam\u00e9rica indic\u00f3: \u201cVeo a\u00a0<b>Brasil<\/b>,\u00a0<b>Argentina<\/b>,\u00a0<b>Uruguay<\/b>\u00a0y\u00a0<b>Colombia<\/b>\u00a0estando, en el caso nuestro en particular (Per\u00fa), tenemos que pelear esa media plaza que sigue estando vigente, aunque\u00a0<b>Chile<\/b>\u00a0tambi\u00e9n tiene un gran t\u00e9cnico (<b>Reinaldo Rueda<\/b>) y grandes jugadores\u201d.<\/span><\/p>\n<p style=\"text-align: justify;\"><span lang=\"ES\" style=\"font-family: helvetica, arial, sans-serif;\">Gareca se refiri\u00f3 al f\u00fatbol moderno, donde todos los jugadores deben hacer un gran despliegue f\u00edsico y asegur\u00f3 que el talento sufre cuando debe cumplir otras funciones, aunque se debe colaborar y no obligar, y que no se ve en el f\u00fatbol actual un jugador parado.<\/span><\/p>\n","protected":false},"excerpt":{"rendered":"<p>El argentino\u00a0Ricardo Gareca, seleccionador de\u00a0Per\u00fa, asegur\u00f3 que, si las eliminatorias sudamericanas al\u00a0Mundial Qatar 2022\u00a0no se inician este a\u00f1o, habr\u00eda que replantearse la posibilidad de hacer la\u00a0Copa Am\u00e9rica\u00a0a mitad de 2021. Gareca manifest\u00f3 que ser\u00e1 muy dif\u00edcil cambiar el sistema Todos contra Todos de la fase clasificatoria, lo que aprieta mucho el calendario si no se [&hellip;]<\/p>\n","protected":false},"author":5,"featured_media":52274,"comment_status":"open","ping_status":"open","sticky":false,"template":"","format":"video","meta":{"_acf_changed":false,"footnotes":""},"categories":[152],"tags":[],"class_list":{"0":"post-52269","1":"post","2":"type-post","3":"status-publish","4":"format-video","5":"has-post-thumbnail","7":"category-mundo-futbol","8":"post_format-post-format-video"},"acf":[],"yoast_head":"<!-- This site is optimized with the Yoast SEO plugin v26.8 - https:\/\/yoast.com\/product\/yoast-seo-wordpress\/ -->\n<title>\u201cVeremos si hay Copa Am\u00e9rica\u201d, Gareca -<\/title>\n<meta name=\"robots\" content=\"index, follow, max-snippet:-1, max-image-preview:large, max-video-preview:-1\" \/>\n<link rel=\"canonical\" href=\"https:\/\/futbolhoy.co\/index.php\/2020\/06\/10\/veremos-si-hay-copa-america-gareca\/\" \/>\n<meta property=\"og:locale\" content=\"es_ES\" \/>\n<meta property=\"og:type\" content=\"article\" \/>\n<meta property=\"og:title\" content=\"\u201cVeremos si hay Copa Am\u00e9rica\u201d, Gareca -\" \/>\n<meta property=\"og:description\" content=\"El argentino\u00a0Ricardo Gareca, seleccionador de\u00a0Per\u00fa, asegur\u00f3 que, si las eliminatorias sudamericanas al\u00a0Mundial Qatar 2022\u00a0no se inician este a\u00f1o, habr\u00eda que replantearse la posibilidad de hacer la\u00a0Copa Am\u00e9rica\u00a0a mitad de 2021. Gareca manifest\u00f3 que ser\u00e1 muy dif\u00edcil cambiar el sistema Todos contra Todos de la fase clasificatoria, lo que aprieta mucho el calendario si no se [&hellip;]\" \/>\n<meta property=\"og:url\" content=\"https:\/\/futbolhoy.co\/index.php\/2020\/06\/10\/veremos-si-hay-copa-america-gareca\/\" \/>\n<meta property=\"article:publisher\" content=\"https:\/\/www.facebook.com\/FutbolHoyCol\/\" \/>\n<meta property=\"article:published_time\" content=\"2020-06-10T23:36:17+00:00\" \/>\n<meta property=\"article:modified_time\" content=\"2020-06-11T17:21:01+00:00\" \/>\n<meta property=\"og:image\" content=\"https:\/\/futbolhoy.co\/wp-content\/uploads\/2020\/06\/EaLHsU4XgAAg_YN.jpg\" \/>\n\t<meta property=\"og:image:width\" content=\"1024\" \/>\n\t<meta property=\"og:image:height\" content=\"692\" \/>\n\t<meta property=\"og:image:type\" content=\"image\/jpeg\" \/>\n<meta name=\"author\" content=\"Laura Hern\u00e1ndez\" \/>\n<meta name=\"twitter:card\" content=\"summary_large_image\" \/>\n<meta name=\"twitter:creator\" content=\"@FutbolHoyCol\" \/>\n<meta name=\"twitter:site\" content=\"@FutbolHoyCol\" \/>\n<meta name=\"twitter:label1\" content=\"Escrito por\" \/>\n\t<meta name=\"twitter:data1\" content=\"Laura Hern\u00e1ndez\" \/>\n\t<meta name=\"twitter:label2\" content=\"Tiempo de lectura\" \/>\n\t<meta name=\"twitter:data2\" content=\"1 minuto\" \/>\n<script type=\"application\/ld+json\" class=\"yoast-schema-graph\">{\"@context\":\"https:\/\/schema.org\",\"@graph\":[{\"@type\":\"Article\",\"@id\":\"https:\/\/futbolhoy.co\/index.php\/2020\/06\/10\/veremos-si-hay-copa-america-gareca\/#article\",\"isPartOf\":{\"@id\":\"https:\/\/futbolhoy.co\/index.php\/2020\/06\/10\/veremos-si-hay-copa-america-gareca\/\"},\"author\":{\"name\":\"Laura Hern\u00e1ndez\",\"@id\":\"https:\/\/futbolhoy.co\/#\/schema\/person\/c4a353a512b127643723a34bb1812f7d\"},\"headline\":\"\u201cVeremos si hay Copa Am\u00e9rica\u201d, Gareca\",\"datePublished\":\"2020-06-10T23:36:17+00:00\",\"dateModified\":\"2020-06-11T17:21:01+00:00\",\"mainEntityOfPage\":{\"@id\":\"https:\/\/futbolhoy.co\/index.php\/2020\/06\/10\/veremos-si-hay-copa-america-gareca\/\"},\"wordCount\":254,\"commentCount\":0,\"publisher\":{\"@id\":\"https:\/\/futbolhoy.co\/#organization\"},\"image\":{\"@id\":\"https:\/\/futbolhoy.co\/index.php\/2020\/06\/10\/veremos-si-hay-copa-america-gareca\/#primaryimage\"},\"thumbnailUrl\":\"https:\/\/futbolhoy.co\/wp-content\/uploads\/2020\/06\/EaLHsU4XgAAg_YN.jpg\",\"articleSection\":[\"Mundo Futbol\"],\"inLanguage\":\"es\",\"potentialAction\":[{\"@type\":\"CommentAction\",\"name\":\"Comment\",\"target\":[\"https:\/\/futbolhoy.co\/index.php\/2020\/06\/10\/veremos-si-hay-copa-america-gareca\/#respond\"]}]},{\"@type\":\"WebPage\",\"@id\":\"https:\/\/futbolhoy.co\/index.php\/2020\/06\/10\/veremos-si-hay-copa-america-gareca\/\",\"url\":\"https:\/\/futbolhoy.co\/index.php\/2020\/06\/10\/veremos-si-hay-copa-america-gareca\/\",\"name\":\"\u201cVeremos si hay Copa Am\u00e9rica\u201d, Gareca -\",\"isPartOf\":{\"@id\":\"https:\/\/futbolhoy.co\/#website\"},\"primaryImageOfPage\":{\"@id\":\"https:\/\/futbolhoy.co\/index.php\/2020\/06\/10\/veremos-si-hay-copa-america-gareca\/#primaryimage\"},\"image\":{\"@id\":\"https:\/\/futbolhoy.co\/index.php\/2020\/06\/10\/veremos-si-hay-copa-america-gareca\/#primaryimage\"},\"thumbnailUrl\":\"https:\/\/futbolhoy.co\/wp-content\/uploads\/2020\/06\/EaLHsU4XgAAg_YN.jpg\",\"datePublished\":\"2020-06-10T23:36:17+00:00\",\"dateModified\":\"2020-06-11T17:21:01+00:00\",\"breadcrumb\":{\"@id\":\"https:\/\/futbolhoy.co\/index.php\/2020\/06\/10\/veremos-si-hay-copa-america-gareca\/#breadcrumb\"},\"inLanguage\":\"es\",\"potentialAction\":[{\"@type\":\"ReadAction\",\"target\":[\"https:\/\/futbolhoy.co\/index.php\/2020\/06\/10\/veremos-si-hay-copa-america-gareca\/\"]}]},{\"@type\":\"ImageObject\",\"inLanguage\":\"es\",\"@id\":\"https:\/\/futbolhoy.co\/index.php\/2020\/06\/10\/veremos-si-hay-copa-america-gareca\/#primaryimage\",\"url\":\"https:\/\/futbolhoy.co\/wp-content\/uploads\/2020\/06\/EaLHsU4XgAAg_YN.jpg\",\"contentUrl\":\"https:\/\/futbolhoy.co\/wp-content\/uploads\/2020\/06\/EaLHsU4XgAAg_YN.jpg\",\"width\":1024,\"height\":692},{\"@type\":\"BreadcrumbList\",\"@id\":\"https:\/\/futbolhoy.co\/index.php\/2020\/06\/10\/veremos-si-hay-copa-america-gareca\/#breadcrumb\",\"itemListElement\":[{\"@type\":\"ListItem\",\"position\":1,\"name\":\"Portada\",\"item\":\"https:\/\/futbolhoy.co\/\"},{\"@type\":\"ListItem\",\"position\":2,\"name\":\"\u201cVeremos si hay Copa Am\u00e9rica\u201d, Gareca\"}]},{\"@type\":\"WebSite\",\"@id\":\"https:\/\/futbolhoy.co\/#website\",\"url\":\"https:\/\/futbolhoy.co\/\",\"name\":\"FutbolHoy\",\"description\":\"\",\"publisher\":{\"@id\":\"https:\/\/futbolhoy.co\/#organization\"},\"potentialAction\":[{\"@type\":\"SearchAction\",\"target\":{\"@type\":\"EntryPoint\",\"urlTemplate\":\"https:\/\/futbolhoy.co\/?s={search_term_string}\"},\"query-input\":{\"@type\":\"PropertyValueSpecification\",\"valueRequired\":true,\"valueName\":\"search_term_string\"}}],\"inLanguage\":\"es\"},{\"@type\":\"Organization\",\"@id\":\"https:\/\/futbolhoy.co\/#organization\",\"name\":\"Futbolhoy.co\",\"url\":\"https:\/\/futbolhoy.co\/\",\"logo\":{\"@type\":\"ImageObject\",\"inLanguage\":\"es\",\"@id\":\"https:\/\/futbolhoy.co\/#\/schema\/logo\/image\/\",\"url\":\"https:\/\/futbolhoy.co\/wp-content\/uploads\/2018\/08\/17426380_1906371736249227_6326180412931521141_n.jpg\",\"contentUrl\":\"https:\/\/futbolhoy.co\/wp-content\/uploads\/2018\/08\/17426380_1906371736249227_6326180412931521141_n.jpg\",\"width\":960,\"height\":960,\"caption\":\"Futbolhoy.co\"},\"image\":{\"@id\":\"https:\/\/futbolhoy.co\/#\/schema\/logo\/image\/\"},\"sameAs\":[\"https:\/\/www.facebook.com\/FutbolHoyCol\/\",\"https:\/\/x.com\/FutbolHoyCol\",\"https:\/\/www.instagram.com\/futbolhoycol\/\"]},{\"@type\":\"Person\",\"@id\":\"https:\/\/futbolhoy.co\/#\/schema\/person\/c4a353a512b127643723a34bb1812f7d\",\"name\":\"Laura Hern\u00e1ndez\",\"image\":{\"@type\":\"ImageObject\",\"inLanguage\":\"es\",\"@id\":\"https:\/\/futbolhoy.co\/#\/schema\/person\/image\/\",\"url\":\"https:\/\/secure.gravatar.com\/avatar\/d25959a15b9b293a743f99181c7cfd01?s=96&d=mm&r=g\",\"contentUrl\":\"https:\/\/secure.gravatar.com\/avatar\/d25959a15b9b293a743f99181c7cfd01?s=96&d=mm&r=g\",\"caption\":\"Laura Hern\u00e1ndez\"}}]}<\/script>\n<!-- \/ Yoast SEO plugin. -->","yoast_head_json":{"title":"\u201cVeremos si hay Copa Am\u00e9rica\u201d, Gareca -","robots":{"index":"index","follow":"follow","max-snippet":"max-snippet:-1","max-image-preview":"max-image-preview:large","max-video-preview":"max-video-preview:-1"},"canonical":"https:\/\/futbolhoy.co\/index.php\/2020\/06\/10\/veremos-si-hay-copa-america-gareca\/","og_locale":"es_ES","og_type":"article","og_title":"\u201cVeremos si hay Copa Am\u00e9rica\u201d, Gareca -","og_description":"El argentino\u00a0Ricardo Gareca, seleccionador de\u00a0Per\u00fa, asegur\u00f3 que, si las eliminatorias sudamericanas al\u00a0Mundial Qatar 2022\u00a0no se inician este a\u00f1o, habr\u00eda que replantearse la posibilidad de hacer la\u00a0Copa Am\u00e9rica\u00a0a mitad de 2021. Gareca manifest\u00f3 que ser\u00e1 muy dif\u00edcil cambiar el sistema Todos contra Todos de la fase clasificatoria, lo que aprieta mucho el calendario si no se [&hellip;]","og_url":"https:\/\/futbolhoy.co\/index.php\/2020\/06\/10\/veremos-si-hay-copa-america-gareca\/","article_publisher":"https:\/\/www.facebook.com\/FutbolHoyCol\/","article_published_time":"2020-06-10T23:36:17+00:00","article_modified_time":"2020-06-11T17:21:01+00:00","og_image":[{"width":1024,"height":692,"url":"https:\/\/futbolhoy.co\/wp-content\/uploads\/2020\/06\/EaLHsU4XgAAg_YN.jpg","type":"image\/jpeg"}],"author":"Laura Hern\u00e1ndez","twitter_card":"summary_large_image","twitter_creator":"@FutbolHoyCol","twitter_site":"@FutbolHoyCol","twitter_misc":{"Escrito por":"Laura Hern\u00e1ndez","Tiempo de lectura":"1 minuto"},"schema":{"@context":"https:\/\/schema.org","@graph":[{"@type":"Article","@id":"https:\/\/futbolhoy.co\/index.php\/2020\/06\/10\/veremos-si-hay-copa-america-gareca\/#article","isPartOf":{"@id":"https:\/\/futbolhoy.co\/index.php\/2020\/06\/10\/veremos-si-hay-copa-america-gareca\/"},"author":{"name":"Laura Hern\u00e1ndez","@id":"https:\/\/futbolhoy.co\/#\/schema\/person\/c4a353a512b127643723a34bb1812f7d"},"headline":"\u201cVeremos si hay Copa Am\u00e9rica\u201d, Gareca","datePublished":"2020-06-10T23:36:17+00:00","dateModified":"2020-06-11T17:21:01+00:00","mainEntityOfPage":{"@id":"https:\/\/futbolhoy.co\/index.php\/2020\/06\/10\/veremos-si-hay-copa-america-gareca\/"},"wordCount":254,"commentCount":0,"publisher":{"@id":"https:\/\/futbolhoy.co\/#organization"},"image":{"@id":"https:\/\/futbolhoy.co\/index.php\/2020\/06\/10\/veremos-si-hay-copa-america-gareca\/#primaryimage"},"thumbnailUrl":"https:\/\/futbolhoy.co\/wp-content\/uploads\/2020\/06\/EaLHsU4XgAAg_YN.jpg","articleSection":["Mundo Futbol"],"inLanguage":"es","potentialAction":[{"@type":"CommentAction","name":"Comment","target":["https:\/\/futbolhoy.co\/index.php\/2020\/06\/10\/veremos-si-hay-copa-america-gareca\/#respond"]}]},{"@type":"WebPage","@id":"https:\/\/futbolhoy.co\/index.php\/2020\/06\/10\/veremos-si-hay-copa-america-gareca\/","url":"https:\/\/futbolhoy.co\/index.php\/2020\/06\/10\/veremos-si-hay-copa-america-gareca\/","name":"\u201cVeremos si hay Copa Am\u00e9rica\u201d, Gareca -","isPartOf":{"@id":"https:\/\/futbolhoy.co\/#website"},"primaryImageOfPage":{"@id":"https:\/\/futbolhoy.co\/index.php\/2020\/06\/10\/veremos-si-hay-copa-america-gareca\/#primaryimage"},"image":{"@id":"https:\/\/futbolhoy.co\/index.php\/2020\/06\/10\/veremos-si-hay-copa-america-gareca\/#primaryimage"},"thumbnailUrl":"https:\/\/futbolhoy.co\/wp-content\/uploads\/2020\/06\/EaLHsU4XgAAg_YN.jpg","datePublished":"2020-06-10T23:36:17+00:00","dateModified":"2020-06-11T17:21:01+00:00","breadcrumb":{"@id":"https:\/\/futbolhoy.co\/index.php\/2020\/06\/10\/veremos-si-hay-copa-america-gareca\/#breadcrumb"},"inLanguage":"es","potentialAction":[{"@type":"ReadAction","target":["https:\/\/futbolhoy.co\/index.php\/2020\/06\/10\/veremos-si-hay-copa-america-gareca\/"]}]},{"@type":"ImageObject","inLanguage":"es","@id":"https:\/\/futbolhoy.co\/index.php\/2020\/06\/10\/veremos-si-hay-copa-america-gareca\/#primaryimage","url":"https:\/\/futbolhoy.co\/wp-content\/uploads\/2020\/06\/EaLHsU4XgAAg_YN.jpg","contentUrl":"https:\/\/futbolhoy.co\/wp-content\/uploads\/2020\/06\/EaLHsU4XgAAg_YN.jpg","width":1024,"height":692},{"@type":"BreadcrumbList","@id":"https:\/\/futbolhoy.co\/index.php\/2020\/06\/10\/veremos-si-hay-copa-america-gareca\/#breadcrumb","itemListElement":[{"@type":"ListItem","position":1,"name":"Portada","item":"https:\/\/futbolhoy.co\/"},{"@type":"ListItem","position":2,"name":"\u201cVeremos si hay Copa Am\u00e9rica\u201d, Gareca"}]},{"@type":"WebSite","@id":"https:\/\/futbolhoy.co\/#website","url":"https:\/\/futbolhoy.co\/","name":"FutbolHoy","description":"","publisher":{"@id":"https:\/\/futbolhoy.co\/#organization"},"potentialAction":[{"@type":"SearchAction","target":{"@type":"EntryPoint","urlTemplate":"https:\/\/futbolhoy.co\/?s={search_term_string}"},"query-input":{"@type":"PropertyValueSpecification","valueRequired":true,"valueName":"search_term_string"}}],"inLanguage":"es"},{"@type":"Organization","@id":"https:\/\/futbolhoy.co\/#organization","name":"Futbolhoy.co","url":"https:\/\/futbolhoy.co\/","logo":{"@type":"ImageObject","inLanguage":"es","@id":"https:\/\/futbolhoy.co\/#\/schema\/logo\/image\/","url":"https:\/\/futbolhoy.co\/wp-content\/uploads\/2018\/08\/17426380_1906371736249227_6326180412931521141_n.jpg","contentUrl":"https:\/\/futbolhoy.co\/wp-content\/uploads\/2018\/08\/17426380_1906371736249227_6326180412931521141_n.jpg","width":960,"height":960,"caption":"Futbolhoy.co"},"image":{"@id":"https:\/\/futbolhoy.co\/#\/schema\/logo\/image\/"},"sameAs":["https:\/\/www.facebook.com\/FutbolHoyCol\/","https:\/\/x.com\/FutbolHoyCol","https:\/\/www.instagram.com\/futbolhoycol\/"]},{"@type":"Person","@id":"https:\/\/futbolhoy.co\/#\/schema\/person\/c4a353a512b127643723a34bb1812f7d","name":"Laura Hern\u00e1ndez","image":{"@type":"ImageObject","inLanguage":"es","@id":"https:\/\/futbolhoy.co\/#\/schema\/person\/image\/","url":"https:\/\/secure.gravatar.com\/avatar\/d25959a15b9b293a743f99181c7cfd01?s=96&d=mm&r=g","contentUrl":"https:\/\/secure.gravatar.com\/avatar\/d25959a15b9b293a743f99181c7cfd01?s=96&d=mm&r=g","caption":"Laura Hern\u00e1ndez"}}]}},"publishpress_future_action":{"enabled":false,"date":"2026-05-06 01:11:08","action":"change-status","newStatus":"draft","terms":[],"taxonomy":"category","extraData":[]},"publishpress_future_workflow_manual_trigger":{"enabledWorkflows":[]},"_links":{"self":[{"href":"https:\/\/futbolhoy.co\/index.php\/wp-json\/wp\/v2\/posts\/52269","targetHints":{"allow":["GET"]}}],"collection":[{"href":"https:\/\/futbolhoy.co\/index.php\/wp-json\/wp\/v2\/posts"}],"about":[{"href":"https:\/\/futbolhoy.co\/index.php\/wp-json\/wp\/v2\/types\/post"}],"author":[{"embeddable":true,"href":"https:\/\/futbolhoy.co\/index.php\/wp-json\/wp\/v2\/users\/5"}],"replies":[{"embeddable":true,"href":"https:\/\/futbolhoy.co\/index.php\/wp-json\/wp\/v2\/comments?post=52269"}],"version-history":[{"count":1,"href":"https:\/\/futbolhoy.co\/index.php\/wp-json\/wp\/v2\/posts\/52269\/revisions"}],"predecessor-version":[{"id":52280,"href":"https:\/\/futbolhoy.co\/index.php\/wp-json\/wp\/v2\/posts\/52269\/revisions\/52280"}],"wp:featuredmedia":[{"embeddable":true,"href":"https:\/\/futbolhoy.co\/index.php\/wp-json\/wp\/v2\/media\/52274"}],"wp:attachment":[{"href":"https:\/\/futbolhoy.co\/index.php\/wp-json\/wp\/v2\/media?parent=52269"}],"wp:term":[{"taxonomy":"category","embeddable":true,"href":"https:\/\/futbolhoy.co\/index.php\/wp-json\/wp\/v2\/categories?post=52269"},{"taxonomy":"post_tag","embeddable":true,"href":"https:\/\/futbolhoy.co\/index.php\/wp-json\/wp\/v2\/tags?post=52269"}],"curies":[{"name":"wp","href":"https:\/\/api.w.org\/{rel}","templated":true}]}}