{"id":52270,"date":"2020-06-10T15:23:28","date_gmt":"2020-06-10T20:23:28","guid":{"rendered":"https:\/\/futbolhoy.co\/?p=52270"},"modified":"2020-06-11T10:14:19","modified_gmt":"2020-06-11T15:14:19","slug":"bobadilla-tiene-fecha-de-regreso","status":"publish","type":"post","link":"https:\/\/futbolhoy.co\/index.php\/2020\/06\/10\/bobadilla-tiene-fecha-de-regreso\/","title":{"rendered":"Bobadilla tiene fecha de regreso"},"content":{"rendered":"<!--[if lt IE 9]><script>document.createElement('audio');<\/script><![endif]-->\n<audio class=\"wp-audio-shortcode\" id=\"audio-52270-1\" preload=\"none\" style=\"width: 100%;\" controls=\"controls\"><source type=\"audio\/mpeg\" src=\"https:\/\/futbolhoy.co\/wp-content\/uploads\/2020\/06\/Aldo-Bobadilla-DT-Medell\u00edn.mp3?_=1\" \/><a href=\"https:\/\/futbolhoy.co\/wp-content\/uploads\/2020\/06\/Aldo-Bobadilla-DT-Medell\u00edn.mp3\">https:\/\/futbolhoy.co\/wp-content\/uploads\/2020\/06\/Aldo-Bobadilla-DT-Medell\u00edn.mp3<\/a><\/audio>\n<p style=\"text-align: justify;\"><span lang=\"ES\" style=\"font-family: helvetica, arial, sans-serif;\">El t\u00e9cnico del\u00a0<b>Medell\u00edn<\/b>, el paraguayo\u00a0<b>Aldo Bobadilla<\/b>, asegur\u00f3 que ya se adelant\u00f3 ante la\u00a0<b>Canciller\u00eda<\/b>\u00a0colombiana todo el proceso requerido para su regreso al pa\u00eds el 18 de junio.<\/span><\/p>\n<p style=\"text-align: justify;\"><span lang=\"ES\" style=\"font-family: helvetica, arial, sans-serif;\">Bobadilla, quien hab\u00eda viajado a\u00a0<b>Asunci\u00f3n<\/b>\u00a0para pasar parte de la cuarentena con sus familiares, deber\u00e1 someterse a 14 d\u00edas de aislamiento, y podr\u00eda eventualmente reanudar su trabajo el 3 de julio.<\/span><\/p>\n<p style=\"text-align: justify;\"><span lang=\"ES\" style=\"font-family: helvetica, arial, sans-serif;\">\u201cYa estamos en contacto con el consulado y la embajada colombiana, tramitando la posibilidad de vuelo que hay y si Dios quiere ya estar\u00edamos en\u00a0<b>Colombia<\/b>\u00a0el 18 de junio. Creo que los tiempos se van a dar muy bien, para que lleguemos y hagamos la cuarentena y empecemos a trabajar sin ning\u00fan problema\u201d, declar\u00f3 Bobadilla.<\/span><\/p>\n","protected":false},"excerpt":{"rendered":"<p>El t\u00e9cnico del\u00a0Medell\u00edn, el paraguayo\u00a0Aldo Bobadilla, asegur\u00f3 que ya se adelant\u00f3 ante la\u00a0Canciller\u00eda\u00a0colombiana todo el proceso requerido para su regreso al pa\u00eds el 18 de junio. Bobadilla, quien hab\u00eda viajado a\u00a0Asunci\u00f3n\u00a0para pasar parte de la cuarentena con sus familiares, deber\u00e1 someterse a 14 d\u00edas de aislamiento, y podr\u00eda eventualmente reanudar su trabajo el 3 de [&hellip;]<\/p>\n","protected":false},"author":5,"featured_media":52275,"comment_status":"open","ping_status":"open","sticky":false,"template":"","format":"video","meta":{"_acf_changed":false,"footnotes":""},"categories":[7],"tags":[],"class_list":{"0":"post-52270","1":"post","2":"type-post","3":"status-publish","4":"format-video","5":"has-post-thumbnail","7":"category-liga-betplay","8":"post_format-post-format-video"},"acf":[],"yoast_head":"<!-- This site is optimized with the Yoast SEO plugin v26.8 - https:\/\/yoast.com\/product\/yoast-seo-wordpress\/ -->\n<title>Bobadilla tiene fecha de regreso -<\/title>\n<meta name=\"robots\" content=\"index, follow, max-snippet:-1, max-image-preview:large, max-video-preview:-1\" \/>\n<link rel=\"canonical\" href=\"https:\/\/futbolhoy.co\/index.php\/2020\/06\/10\/bobadilla-tiene-fecha-de-regreso\/\" \/>\n<meta property=\"og:locale\" content=\"es_ES\" \/>\n<meta property=\"og:type\" content=\"article\" \/>\n<meta property=\"og:title\" content=\"Bobadilla tiene fecha de regreso -\" \/>\n<meta property=\"og:description\" content=\"El t\u00e9cnico del\u00a0Medell\u00edn, el paraguayo\u00a0Aldo Bobadilla, asegur\u00f3 que ya se adelant\u00f3 ante la\u00a0Canciller\u00eda\u00a0colombiana todo el proceso requerido para su regreso al pa\u00eds el 18 de junio. Bobadilla, quien hab\u00eda viajado a\u00a0Asunci\u00f3n\u00a0para pasar parte de la cuarentena con sus familiares, deber\u00e1 someterse a 14 d\u00edas de aislamiento, y podr\u00eda eventualmente reanudar su trabajo el 3 de [&hellip;]\" \/>\n<meta property=\"og:url\" content=\"https:\/\/futbolhoy.co\/index.php\/2020\/06\/10\/bobadilla-tiene-fecha-de-regreso\/\" \/>\n<meta property=\"article:publisher\" content=\"https:\/\/www.facebook.com\/FutbolHoyCol\/\" \/>\n<meta property=\"article:published_time\" content=\"2020-06-10T20:23:28+00:00\" \/>\n<meta property=\"article:modified_time\" content=\"2020-06-11T15:14:19+00:00\" \/>\n<meta property=\"og:image\" content=\"https:\/\/futbolhoy.co\/wp-content\/uploads\/2020\/06\/ESSDCcHXkAEhrJy-1.jpg\" \/>\n\t<meta property=\"og:image:width\" content=\"640\" \/>\n\t<meta property=\"og:image:height\" content=\"355\" \/>\n\t<meta property=\"og:image:type\" content=\"image\/jpeg\" \/>\n<meta name=\"author\" content=\"Laura Hern\u00e1ndez\" \/>\n<meta name=\"twitter:card\" content=\"summary_large_image\" \/>\n<meta name=\"twitter:creator\" content=\"@FutbolHoyCol\" \/>\n<meta name=\"twitter:site\" content=\"@FutbolHoyCol\" \/>\n<meta name=\"twitter:label1\" content=\"Escrito por\" \/>\n\t<meta name=\"twitter:data1\" content=\"Laura Hern\u00e1ndez\" \/>\n\t<meta name=\"twitter:label2\" content=\"Tiempo de lectura\" \/>\n\t<meta name=\"twitter:data2\" content=\"1 minuto\" \/>\n<script type=\"application\/ld+json\" class=\"yoast-schema-graph\">{\"@context\":\"https:\/\/schema.org\",\"@graph\":[{\"@type\":\"Article\",\"@id\":\"https:\/\/futbolhoy.co\/index.php\/2020\/06\/10\/bobadilla-tiene-fecha-de-regreso\/#article\",\"isPartOf\":{\"@id\":\"https:\/\/futbolhoy.co\/index.php\/2020\/06\/10\/bobadilla-tiene-fecha-de-regreso\/\"},\"author\":{\"name\":\"Laura Hern\u00e1ndez\",\"@id\":\"https:\/\/futbolhoy.co\/#\/schema\/person\/c4a353a512b127643723a34bb1812f7d\"},\"headline\":\"Bobadilla tiene fecha de regreso\",\"datePublished\":\"2020-06-10T20:23:28+00:00\",\"dateModified\":\"2020-06-11T15:14:19+00:00\",\"mainEntityOfPage\":{\"@id\":\"https:\/\/futbolhoy.co\/index.php\/2020\/06\/10\/bobadilla-tiene-fecha-de-regreso\/\"},\"wordCount\":140,\"commentCount\":0,\"publisher\":{\"@id\":\"https:\/\/futbolhoy.co\/#organization\"},\"image\":{\"@id\":\"https:\/\/futbolhoy.co\/index.php\/2020\/06\/10\/bobadilla-tiene-fecha-de-regreso\/#primaryimage\"},\"thumbnailUrl\":\"https:\/\/futbolhoy.co\/wp-content\/uploads\/2020\/06\/ESSDCcHXkAEhrJy-1.jpg\",\"articleSection\":[\"Liga BetPlay\"],\"inLanguage\":\"es\",\"potentialAction\":[{\"@type\":\"CommentAction\",\"name\":\"Comment\",\"target\":[\"https:\/\/futbolhoy.co\/index.php\/2020\/06\/10\/bobadilla-tiene-fecha-de-regreso\/#respond\"]}]},{\"@type\":\"WebPage\",\"@id\":\"https:\/\/futbolhoy.co\/index.php\/2020\/06\/10\/bobadilla-tiene-fecha-de-regreso\/\",\"url\":\"https:\/\/futbolhoy.co\/index.php\/2020\/06\/10\/bobadilla-tiene-fecha-de-regreso\/\",\"name\":\"Bobadilla tiene fecha de regreso -\",\"isPartOf\":{\"@id\":\"https:\/\/futbolhoy.co\/#website\"},\"primaryImageOfPage\":{\"@id\":\"https:\/\/futbolhoy.co\/index.php\/2020\/06\/10\/bobadilla-tiene-fecha-de-regreso\/#primaryimage\"},\"image\":{\"@id\":\"https:\/\/futbolhoy.co\/index.php\/2020\/06\/10\/bobadilla-tiene-fecha-de-regreso\/#primaryimage\"},\"thumbnailUrl\":\"https:\/\/futbolhoy.co\/wp-content\/uploads\/2020\/06\/ESSDCcHXkAEhrJy-1.jpg\",\"datePublished\":\"2020-06-10T20:23:28+00:00\",\"dateModified\":\"2020-06-11T15:14:19+00:00\",\"breadcrumb\":{\"@id\":\"https:\/\/futbolhoy.co\/index.php\/2020\/06\/10\/bobadilla-tiene-fecha-de-regreso\/#breadcrumb\"},\"inLanguage\":\"es\",\"potentialAction\":[{\"@type\":\"ReadAction\",\"target\":[\"https:\/\/futbolhoy.co\/index.php\/2020\/06\/10\/bobadilla-tiene-fecha-de-regreso\/\"]}]},{\"@type\":\"ImageObject\",\"inLanguage\":\"es\",\"@id\":\"https:\/\/futbolhoy.co\/index.php\/2020\/06\/10\/bobadilla-tiene-fecha-de-regreso\/#primaryimage\",\"url\":\"https:\/\/futbolhoy.co\/wp-content\/uploads\/2020\/06\/ESSDCcHXkAEhrJy-1.jpg\",\"contentUrl\":\"https:\/\/futbolhoy.co\/wp-content\/uploads\/2020\/06\/ESSDCcHXkAEhrJy-1.jpg\",\"width\":640,\"height\":355},{\"@type\":\"BreadcrumbList\",\"@id\":\"https:\/\/futbolhoy.co\/index.php\/2020\/06\/10\/bobadilla-tiene-fecha-de-regreso\/#breadcrumb\",\"itemListElement\":[{\"@type\":\"ListItem\",\"position\":1,\"name\":\"Portada\",\"item\":\"https:\/\/futbolhoy.co\/\"},{\"@type\":\"ListItem\",\"position\":2,\"name\":\"Bobadilla tiene fecha de regreso\"}]},{\"@type\":\"WebSite\",\"@id\":\"https:\/\/futbolhoy.co\/#website\",\"url\":\"https:\/\/futbolhoy.co\/\",\"name\":\"FutbolHoy\",\"description\":\"\",\"publisher\":{\"@id\":\"https:\/\/futbolhoy.co\/#organization\"},\"potentialAction\":[{\"@type\":\"SearchAction\",\"target\":{\"@type\":\"EntryPoint\",\"urlTemplate\":\"https:\/\/futbolhoy.co\/?s={search_term_string}\"},\"query-input\":{\"@type\":\"PropertyValueSpecification\",\"valueRequired\":true,\"valueName\":\"search_term_string\"}}],\"inLanguage\":\"es\"},{\"@type\":\"Organization\",\"@id\":\"https:\/\/futbolhoy.co\/#organization\",\"name\":\"Futbolhoy.co\",\"url\":\"https:\/\/futbolhoy.co\/\",\"logo\":{\"@type\":\"ImageObject\",\"inLanguage\":\"es\",\"@id\":\"https:\/\/futbolhoy.co\/#\/schema\/logo\/image\/\",\"url\":\"https:\/\/futbolhoy.co\/wp-content\/uploads\/2018\/08\/17426380_1906371736249227_6326180412931521141_n.jpg\",\"contentUrl\":\"https:\/\/futbolhoy.co\/wp-content\/uploads\/2018\/08\/17426380_1906371736249227_6326180412931521141_n.jpg\",\"width\":960,\"height\":960,\"caption\":\"Futbolhoy.co\"},\"image\":{\"@id\":\"https:\/\/futbolhoy.co\/#\/schema\/logo\/image\/\"},\"sameAs\":[\"https:\/\/www.facebook.com\/FutbolHoyCol\/\",\"https:\/\/x.com\/FutbolHoyCol\",\"https:\/\/www.instagram.com\/futbolhoycol\/\"]},{\"@type\":\"Person\",\"@id\":\"https:\/\/futbolhoy.co\/#\/schema\/person\/c4a353a512b127643723a34bb1812f7d\",\"name\":\"Laura Hern\u00e1ndez\",\"image\":{\"@type\":\"ImageObject\",\"inLanguage\":\"es\",\"@id\":\"https:\/\/futbolhoy.co\/#\/schema\/person\/image\/\",\"url\":\"https:\/\/secure.gravatar.com\/avatar\/d25959a15b9b293a743f99181c7cfd01?s=96&d=mm&r=g\",\"contentUrl\":\"https:\/\/secure.gravatar.com\/avatar\/d25959a15b9b293a743f99181c7cfd01?s=96&d=mm&r=g\",\"caption\":\"Laura Hern\u00e1ndez\"}}]}<\/script>\n<!-- \/ Yoast SEO plugin. -->","yoast_head_json":{"title":"Bobadilla tiene fecha de regreso -","robots":{"index":"index","follow":"follow","max-snippet":"max-snippet:-1","max-image-preview":"max-image-preview:large","max-video-preview":"max-video-preview:-1"},"canonical":"https:\/\/futbolhoy.co\/index.php\/2020\/06\/10\/bobadilla-tiene-fecha-de-regreso\/","og_locale":"es_ES","og_type":"article","og_title":"Bobadilla tiene fecha de regreso -","og_description":"El t\u00e9cnico del\u00a0Medell\u00edn, el paraguayo\u00a0Aldo Bobadilla, asegur\u00f3 que ya se adelant\u00f3 ante la\u00a0Canciller\u00eda\u00a0colombiana todo el proceso requerido para su regreso al pa\u00eds el 18 de junio. Bobadilla, quien hab\u00eda viajado a\u00a0Asunci\u00f3n\u00a0para pasar parte de la cuarentena con sus familiares, deber\u00e1 someterse a 14 d\u00edas de aislamiento, y podr\u00eda eventualmente reanudar su trabajo el 3 de [&hellip;]","og_url":"https:\/\/futbolhoy.co\/index.php\/2020\/06\/10\/bobadilla-tiene-fecha-de-regreso\/","article_publisher":"https:\/\/www.facebook.com\/FutbolHoyCol\/","article_published_time":"2020-06-10T20:23:28+00:00","article_modified_time":"2020-06-11T15:14:19+00:00","og_image":[{"width":640,"height":355,"url":"https:\/\/futbolhoy.co\/wp-content\/uploads\/2020\/06\/ESSDCcHXkAEhrJy-1.jpg","type":"image\/jpeg"}],"author":"Laura Hern\u00e1ndez","twitter_card":"summary_large_image","twitter_creator":"@FutbolHoyCol","twitter_site":"@FutbolHoyCol","twitter_misc":{"Escrito por":"Laura Hern\u00e1ndez","Tiempo de lectura":"1 minuto"},"schema":{"@context":"https:\/\/schema.org","@graph":[{"@type":"Article","@id":"https:\/\/futbolhoy.co\/index.php\/2020\/06\/10\/bobadilla-tiene-fecha-de-regreso\/#article","isPartOf":{"@id":"https:\/\/futbolhoy.co\/index.php\/2020\/06\/10\/bobadilla-tiene-fecha-de-regreso\/"},"author":{"name":"Laura Hern\u00e1ndez","@id":"https:\/\/futbolhoy.co\/#\/schema\/person\/c4a353a512b127643723a34bb1812f7d"},"headline":"Bobadilla tiene fecha de regreso","datePublished":"2020-06-10T20:23:28+00:00","dateModified":"2020-06-11T15:14:19+00:00","mainEntityOfPage":{"@id":"https:\/\/futbolhoy.co\/index.php\/2020\/06\/10\/bobadilla-tiene-fecha-de-regreso\/"},"wordCount":140,"commentCount":0,"publisher":{"@id":"https:\/\/futbolhoy.co\/#organization"},"image":{"@id":"https:\/\/futbolhoy.co\/index.php\/2020\/06\/10\/bobadilla-tiene-fecha-de-regreso\/#primaryimage"},"thumbnailUrl":"https:\/\/futbolhoy.co\/wp-content\/uploads\/2020\/06\/ESSDCcHXkAEhrJy-1.jpg","articleSection":["Liga BetPlay"],"inLanguage":"es","potentialAction":[{"@type":"CommentAction","name":"Comment","target":["https:\/\/futbolhoy.co\/index.php\/2020\/06\/10\/bobadilla-tiene-fecha-de-regreso\/#respond"]}]},{"@type":"WebPage","@id":"https:\/\/futbolhoy.co\/index.php\/2020\/06\/10\/bobadilla-tiene-fecha-de-regreso\/","url":"https:\/\/futbolhoy.co\/index.php\/2020\/06\/10\/bobadilla-tiene-fecha-de-regreso\/","name":"Bobadilla tiene fecha de regreso -","isPartOf":{"@id":"https:\/\/futbolhoy.co\/#website"},"primaryImageOfPage":{"@id":"https:\/\/futbolhoy.co\/index.php\/2020\/06\/10\/bobadilla-tiene-fecha-de-regreso\/#primaryimage"},"image":{"@id":"https:\/\/futbolhoy.co\/index.php\/2020\/06\/10\/bobadilla-tiene-fecha-de-regreso\/#primaryimage"},"thumbnailUrl":"https:\/\/futbolhoy.co\/wp-content\/uploads\/2020\/06\/ESSDCcHXkAEhrJy-1.jpg","datePublished":"2020-06-10T20:23:28+00:00","dateModified":"2020-06-11T15:14:19+00:00","breadcrumb":{"@id":"https:\/\/futbolhoy.co\/index.php\/2020\/06\/10\/bobadilla-tiene-fecha-de-regreso\/#breadcrumb"},"inLanguage":"es","potentialAction":[{"@type":"ReadAction","target":["https:\/\/futbolhoy.co\/index.php\/2020\/06\/10\/bobadilla-tiene-fecha-de-regreso\/"]}]},{"@type":"ImageObject","inLanguage":"es","@id":"https:\/\/futbolhoy.co\/index.php\/2020\/06\/10\/bobadilla-tiene-fecha-de-regreso\/#primaryimage","url":"https:\/\/futbolhoy.co\/wp-content\/uploads\/2020\/06\/ESSDCcHXkAEhrJy-1.jpg","contentUrl":"https:\/\/futbolhoy.co\/wp-content\/uploads\/2020\/06\/ESSDCcHXkAEhrJy-1.jpg","width":640,"height":355},{"@type":"BreadcrumbList","@id":"https:\/\/futbolhoy.co\/index.php\/2020\/06\/10\/bobadilla-tiene-fecha-de-regreso\/#breadcrumb","itemListElement":[{"@type":"ListItem","position":1,"name":"Portada","item":"https:\/\/futbolhoy.co\/"},{"@type":"ListItem","position":2,"name":"Bobadilla tiene fecha de regreso"}]},{"@type":"WebSite","@id":"https:\/\/futbolhoy.co\/#website","url":"https:\/\/futbolhoy.co\/","name":"FutbolHoy","description":"","publisher":{"@id":"https:\/\/futbolhoy.co\/#organization"},"potentialAction":[{"@type":"SearchAction","target":{"@type":"EntryPoint","urlTemplate":"https:\/\/futbolhoy.co\/?s={search_term_string}"},"query-input":{"@type":"PropertyValueSpecification","valueRequired":true,"valueName":"search_term_string"}}],"inLanguage":"es"},{"@type":"Organization","@id":"https:\/\/futbolhoy.co\/#organization","name":"Futbolhoy.co","url":"https:\/\/futbolhoy.co\/","logo":{"@type":"ImageObject","inLanguage":"es","@id":"https:\/\/futbolhoy.co\/#\/schema\/logo\/image\/","url":"https:\/\/futbolhoy.co\/wp-content\/uploads\/2018\/08\/17426380_1906371736249227_6326180412931521141_n.jpg","contentUrl":"https:\/\/futbolhoy.co\/wp-content\/uploads\/2018\/08\/17426380_1906371736249227_6326180412931521141_n.jpg","width":960,"height":960,"caption":"Futbolhoy.co"},"image":{"@id":"https:\/\/futbolhoy.co\/#\/schema\/logo\/image\/"},"sameAs":["https:\/\/www.facebook.com\/FutbolHoyCol\/","https:\/\/x.com\/FutbolHoyCol","https:\/\/www.instagram.com\/futbolhoycol\/"]},{"@type":"Person","@id":"https:\/\/futbolhoy.co\/#\/schema\/person\/c4a353a512b127643723a34bb1812f7d","name":"Laura Hern\u00e1ndez","image":{"@type":"ImageObject","inLanguage":"es","@id":"https:\/\/futbolhoy.co\/#\/schema\/person\/image\/","url":"https:\/\/secure.gravatar.com\/avatar\/d25959a15b9b293a743f99181c7cfd01?s=96&d=mm&r=g","contentUrl":"https:\/\/secure.gravatar.com\/avatar\/d25959a15b9b293a743f99181c7cfd01?s=96&d=mm&r=g","caption":"Laura Hern\u00e1ndez"}}]}},"publishpress_future_action":{"enabled":false,"date":"2026-05-06 02:18:44","action":"change-status","newStatus":"draft","terms":[],"taxonomy":"category","extraData":[]},"publishpress_future_workflow_manual_trigger":{"enabledWorkflows":[]},"_links":{"self":[{"href":"https:\/\/futbolhoy.co\/index.php\/wp-json\/wp\/v2\/posts\/52270","targetHints":{"allow":["GET"]}}],"collection":[{"href":"https:\/\/futbolhoy.co\/index.php\/wp-json\/wp\/v2\/posts"}],"about":[{"href":"https:\/\/futbolhoy.co\/index.php\/wp-json\/wp\/v2\/types\/post"}],"author":[{"embeddable":true,"href":"https:\/\/futbolhoy.co\/index.php\/wp-json\/wp\/v2\/users\/5"}],"replies":[{"embeddable":true,"href":"https:\/\/futbolhoy.co\/index.php\/wp-json\/wp\/v2\/comments?post=52270"}],"version-history":[{"count":1,"href":"https:\/\/futbolhoy.co\/index.php\/wp-json\/wp\/v2\/posts\/52270\/revisions"}],"predecessor-version":[{"id":52278,"href":"https:\/\/futbolhoy.co\/index.php\/wp-json\/wp\/v2\/posts\/52270\/revisions\/52278"}],"wp:featuredmedia":[{"embeddable":true,"href":"https:\/\/futbolhoy.co\/index.php\/wp-json\/wp\/v2\/media\/52275"}],"wp:attachment":[{"href":"https:\/\/futbolhoy.co\/index.php\/wp-json\/wp\/v2\/media?parent=52270"}],"wp:term":[{"taxonomy":"category","embeddable":true,"href":"https:\/\/futbolhoy.co\/index.php\/wp-json\/wp\/v2\/categories?post=52270"},{"taxonomy":"post_tag","embeddable":true,"href":"https:\/\/futbolhoy.co\/index.php\/wp-json\/wp\/v2\/tags?post=52270"}],"curies":[{"name":"wp","href":"https:\/\/api.w.org\/{rel}","templated":true}]}}