{"id":52271,"date":"2020-06-10T15:40:33","date_gmt":"2020-06-10T20:40:33","guid":{"rendered":"https:\/\/futbolhoy.co\/?p=52271"},"modified":"2020-06-11T10:29:10","modified_gmt":"2020-06-11T15:29:10","slug":"porto-recupero-el-liderato-en-portugal","status":"publish","type":"post","link":"https:\/\/futbolhoy.co\/index.php\/2020\/06\/10\/porto-recupero-el-liderato-en-portugal\/","title":{"rendered":"Porto recuper\u00f3 el liderato en Portugal"},"content":{"rendered":"<p style=\"text-align: justify;\"><span lang=\"ES\" style=\"font-family: helvetica, arial, sans-serif;\">El\u00a0<b>Porto<\/b>\u00a0derrot\u00f3 1-0 al\u00a0<b>Mar\u00edtimo<\/b>\u00a0en la jornada 26 de la Liga lusa y recuper\u00f3 el liderato del campeonato, gracias al empate como visitante del Benfica 2-2 ante\u00a0<b>Portimonense<\/b>.<\/span><\/p>\n<p style=\"text-align: justify;\"><span lang=\"ES\" style=\"font-family: helvetica, arial, sans-serif;\">Por el Porto marc\u00f3 el mexicano\u00a0<b>Jes\u00fas \u2018Tecatito\u2019 Corona<\/b>\u00a0a los 6 minutos; mientras que el colombino\u00a0<b>Luis D\u00edaz<\/b>\u00a0jug\u00f3 77 minutos y\u00a0<b>Mateus Uribe<\/b>\u00a0disput\u00f3 los \u00faltimos 13, siendo amonestado al cierre del partido.<\/span><\/p>\n<p style=\"text-align: justify;\"><span lang=\"ES\" style=\"font-family: helvetica, arial, sans-serif;\">El nuevo l\u00edder termin\u00f3 el juego con 10 hombres, tras la expulsi\u00f3n de\u00a0<b>Alex Telles<\/b>\u00a0(85\u2019); mientras que en el Mar\u00edtimo recibi\u00f3 amarilla el tambi\u00e9n colombiano\u00a0<b>Diego Moreno<\/b>\u00a0(19\u2019), actuando 45 minutos.<\/span><\/p>\n<p style=\"text-align: justify;\"><span lang=\"ES\" style=\"font-family: helvetica, arial, sans-serif;\">Porto suma 63 puntos al frente del campeonato, contra 61 del\u00a0<b>Benfica<\/b>\u00a0y a falta de 8 fechas para terminar el torneo.<\/span><\/p>\n<p style=\"text-align: justify;\"><span lang=\"ES\" style=\"font-family: helvetica, arial, sans-serif;\">En el Portimonense no concentr\u00f3\u00a0<b>Jackson Mart\u00ednez<\/b>\u00a0y\u00a0<b>Marlos Moreno<\/b>\u00a0fue suplente sin ingresar al terreno de juego, a pesar de realizar los 5 cambios reglamentarios.<\/span><\/p>\n","protected":false},"excerpt":{"rendered":"<p>El\u00a0Porto\u00a0derrot\u00f3 1-0 al\u00a0Mar\u00edtimo\u00a0en la jornada 26 de la Liga lusa y recuper\u00f3 el liderato del campeonato, gracias al empate como visitante del Benfica 2-2 ante\u00a0Portimonense. Por el Porto marc\u00f3 el mexicano\u00a0Jes\u00fas \u2018Tecatito\u2019 Corona\u00a0a los 6 minutos; mientras que el colombino\u00a0Luis D\u00edaz\u00a0jug\u00f3 77 minutos y\u00a0Mateus Uribe\u00a0disput\u00f3 los \u00faltimos 13, siendo amonestado al cierre del partido. El [&hellip;]<\/p>\n","protected":false},"author":5,"featured_media":52272,"comment_status":"open","ping_status":"open","sticky":false,"template":"","format":"standard","meta":{"_acf_changed":false,"footnotes":""},"categories":[152],"tags":[],"class_list":{"0":"post-52271","1":"post","2":"type-post","3":"status-publish","4":"format-standard","5":"has-post-thumbnail","7":"category-mundo-futbol"},"acf":[],"yoast_head":"<!-- This site is optimized with the Yoast SEO plugin v26.8 - https:\/\/yoast.com\/product\/yoast-seo-wordpress\/ -->\n<title>Porto recuper\u00f3 el liderato en Portugal -<\/title>\n<meta name=\"robots\" content=\"index, follow, max-snippet:-1, max-image-preview:large, max-video-preview:-1\" \/>\n<link rel=\"canonical\" href=\"https:\/\/futbolhoy.co\/index.php\/2020\/06\/10\/porto-recupero-el-liderato-en-portugal\/\" \/>\n<meta property=\"og:locale\" content=\"es_ES\" \/>\n<meta property=\"og:type\" content=\"article\" \/>\n<meta property=\"og:title\" content=\"Porto recuper\u00f3 el liderato en Portugal -\" \/>\n<meta property=\"og:description\" content=\"El\u00a0Porto\u00a0derrot\u00f3 1-0 al\u00a0Mar\u00edtimo\u00a0en la jornada 26 de la Liga lusa y recuper\u00f3 el liderato del campeonato, gracias al empate como visitante del Benfica 2-2 ante\u00a0Portimonense. Por el Porto marc\u00f3 el mexicano\u00a0Jes\u00fas \u2018Tecatito\u2019 Corona\u00a0a los 6 minutos; mientras que el colombino\u00a0Luis D\u00edaz\u00a0jug\u00f3 77 minutos y\u00a0Mateus Uribe\u00a0disput\u00f3 los \u00faltimos 13, siendo amonestado al cierre del partido. El [&hellip;]\" \/>\n<meta property=\"og:url\" content=\"https:\/\/futbolhoy.co\/index.php\/2020\/06\/10\/porto-recupero-el-liderato-en-portugal\/\" \/>\n<meta property=\"article:publisher\" content=\"https:\/\/www.facebook.com\/FutbolHoyCol\/\" \/>\n<meta property=\"article:published_time\" content=\"2020-06-10T20:40:33+00:00\" \/>\n<meta property=\"article:modified_time\" content=\"2020-06-11T15:29:10+00:00\" \/>\n<meta property=\"og:image\" content=\"https:\/\/futbolhoy.co\/wp-content\/uploads\/2020\/06\/EaLf_sRWkAIkyG5-scaled.jpg\" \/>\n\t<meta property=\"og:image:width\" content=\"2560\" \/>\n\t<meta property=\"og:image:height\" content=\"1707\" \/>\n\t<meta property=\"og:image:type\" content=\"image\/jpeg\" \/>\n<meta name=\"author\" content=\"Laura Hern\u00e1ndez\" \/>\n<meta name=\"twitter:card\" content=\"summary_large_image\" \/>\n<meta name=\"twitter:creator\" content=\"@FutbolHoyCol\" \/>\n<meta name=\"twitter:site\" content=\"@FutbolHoyCol\" \/>\n<meta name=\"twitter:label1\" content=\"Escrito por\" \/>\n\t<meta name=\"twitter:data1\" content=\"Laura Hern\u00e1ndez\" \/>\n\t<meta name=\"twitter:label2\" content=\"Tiempo de lectura\" \/>\n\t<meta name=\"twitter:data2\" content=\"1 minuto\" \/>\n<script type=\"application\/ld+json\" class=\"yoast-schema-graph\">{\"@context\":\"https:\/\/schema.org\",\"@graph\":[{\"@type\":\"Article\",\"@id\":\"https:\/\/futbolhoy.co\/index.php\/2020\/06\/10\/porto-recupero-el-liderato-en-portugal\/#article\",\"isPartOf\":{\"@id\":\"https:\/\/futbolhoy.co\/index.php\/2020\/06\/10\/porto-recupero-el-liderato-en-portugal\/\"},\"author\":{\"name\":\"Laura Hern\u00e1ndez\",\"@id\":\"https:\/\/futbolhoy.co\/#\/schema\/person\/c4a353a512b127643723a34bb1812f7d\"},\"headline\":\"Porto recuper\u00f3 el liderato en Portugal\",\"datePublished\":\"2020-06-10T20:40:33+00:00\",\"dateModified\":\"2020-06-11T15:29:10+00:00\",\"mainEntityOfPage\":{\"@id\":\"https:\/\/futbolhoy.co\/index.php\/2020\/06\/10\/porto-recupero-el-liderato-en-portugal\/\"},\"wordCount\":147,\"commentCount\":0,\"publisher\":{\"@id\":\"https:\/\/futbolhoy.co\/#organization\"},\"image\":{\"@id\":\"https:\/\/futbolhoy.co\/index.php\/2020\/06\/10\/porto-recupero-el-liderato-en-portugal\/#primaryimage\"},\"thumbnailUrl\":\"https:\/\/futbolhoy.co\/wp-content\/uploads\/2020\/06\/EaLf_sRWkAIkyG5-scaled.jpg\",\"articleSection\":[\"Mundo Futbol\"],\"inLanguage\":\"es\",\"potentialAction\":[{\"@type\":\"CommentAction\",\"name\":\"Comment\",\"target\":[\"https:\/\/futbolhoy.co\/index.php\/2020\/06\/10\/porto-recupero-el-liderato-en-portugal\/#respond\"]}]},{\"@type\":\"WebPage\",\"@id\":\"https:\/\/futbolhoy.co\/index.php\/2020\/06\/10\/porto-recupero-el-liderato-en-portugal\/\",\"url\":\"https:\/\/futbolhoy.co\/index.php\/2020\/06\/10\/porto-recupero-el-liderato-en-portugal\/\",\"name\":\"Porto recuper\u00f3 el liderato en Portugal -\",\"isPartOf\":{\"@id\":\"https:\/\/futbolhoy.co\/#website\"},\"primaryImageOfPage\":{\"@id\":\"https:\/\/futbolhoy.co\/index.php\/2020\/06\/10\/porto-recupero-el-liderato-en-portugal\/#primaryimage\"},\"image\":{\"@id\":\"https:\/\/futbolhoy.co\/index.php\/2020\/06\/10\/porto-recupero-el-liderato-en-portugal\/#primaryimage\"},\"thumbnailUrl\":\"https:\/\/futbolhoy.co\/wp-content\/uploads\/2020\/06\/EaLf_sRWkAIkyG5-scaled.jpg\",\"datePublished\":\"2020-06-10T20:40:33+00:00\",\"dateModified\":\"2020-06-11T15:29:10+00:00\",\"breadcrumb\":{\"@id\":\"https:\/\/futbolhoy.co\/index.php\/2020\/06\/10\/porto-recupero-el-liderato-en-portugal\/#breadcrumb\"},\"inLanguage\":\"es\",\"potentialAction\":[{\"@type\":\"ReadAction\",\"target\":[\"https:\/\/futbolhoy.co\/index.php\/2020\/06\/10\/porto-recupero-el-liderato-en-portugal\/\"]}]},{\"@type\":\"ImageObject\",\"inLanguage\":\"es\",\"@id\":\"https:\/\/futbolhoy.co\/index.php\/2020\/06\/10\/porto-recupero-el-liderato-en-portugal\/#primaryimage\",\"url\":\"https:\/\/futbolhoy.co\/wp-content\/uploads\/2020\/06\/EaLf_sRWkAIkyG5-scaled.jpg\",\"contentUrl\":\"https:\/\/futbolhoy.co\/wp-content\/uploads\/2020\/06\/EaLf_sRWkAIkyG5-scaled.jpg\",\"width\":2560,\"height\":1707},{\"@type\":\"BreadcrumbList\",\"@id\":\"https:\/\/futbolhoy.co\/index.php\/2020\/06\/10\/porto-recupero-el-liderato-en-portugal\/#breadcrumb\",\"itemListElement\":[{\"@type\":\"ListItem\",\"position\":1,\"name\":\"Portada\",\"item\":\"https:\/\/futbolhoy.co\/\"},{\"@type\":\"ListItem\",\"position\":2,\"name\":\"Porto recuper\u00f3 el liderato en Portugal\"}]},{\"@type\":\"WebSite\",\"@id\":\"https:\/\/futbolhoy.co\/#website\",\"url\":\"https:\/\/futbolhoy.co\/\",\"name\":\"FutbolHoy\",\"description\":\"\",\"publisher\":{\"@id\":\"https:\/\/futbolhoy.co\/#organization\"},\"potentialAction\":[{\"@type\":\"SearchAction\",\"target\":{\"@type\":\"EntryPoint\",\"urlTemplate\":\"https:\/\/futbolhoy.co\/?s={search_term_string}\"},\"query-input\":{\"@type\":\"PropertyValueSpecification\",\"valueRequired\":true,\"valueName\":\"search_term_string\"}}],\"inLanguage\":\"es\"},{\"@type\":\"Organization\",\"@id\":\"https:\/\/futbolhoy.co\/#organization\",\"name\":\"Futbolhoy.co\",\"url\":\"https:\/\/futbolhoy.co\/\",\"logo\":{\"@type\":\"ImageObject\",\"inLanguage\":\"es\",\"@id\":\"https:\/\/futbolhoy.co\/#\/schema\/logo\/image\/\",\"url\":\"https:\/\/futbolhoy.co\/wp-content\/uploads\/2018\/08\/17426380_1906371736249227_6326180412931521141_n.jpg\",\"contentUrl\":\"https:\/\/futbolhoy.co\/wp-content\/uploads\/2018\/08\/17426380_1906371736249227_6326180412931521141_n.jpg\",\"width\":960,\"height\":960,\"caption\":\"Futbolhoy.co\"},\"image\":{\"@id\":\"https:\/\/futbolhoy.co\/#\/schema\/logo\/image\/\"},\"sameAs\":[\"https:\/\/www.facebook.com\/FutbolHoyCol\/\",\"https:\/\/x.com\/FutbolHoyCol\",\"https:\/\/www.instagram.com\/futbolhoycol\/\"]},{\"@type\":\"Person\",\"@id\":\"https:\/\/futbolhoy.co\/#\/schema\/person\/c4a353a512b127643723a34bb1812f7d\",\"name\":\"Laura Hern\u00e1ndez\",\"image\":{\"@type\":\"ImageObject\",\"inLanguage\":\"es\",\"@id\":\"https:\/\/futbolhoy.co\/#\/schema\/person\/image\/\",\"url\":\"https:\/\/secure.gravatar.com\/avatar\/d25959a15b9b293a743f99181c7cfd01?s=96&d=mm&r=g\",\"contentUrl\":\"https:\/\/secure.gravatar.com\/avatar\/d25959a15b9b293a743f99181c7cfd01?s=96&d=mm&r=g\",\"caption\":\"Laura Hern\u00e1ndez\"}}]}<\/script>\n<!-- \/ Yoast SEO plugin. -->","yoast_head_json":{"title":"Porto recuper\u00f3 el liderato en Portugal -","robots":{"index":"index","follow":"follow","max-snippet":"max-snippet:-1","max-image-preview":"max-image-preview:large","max-video-preview":"max-video-preview:-1"},"canonical":"https:\/\/futbolhoy.co\/index.php\/2020\/06\/10\/porto-recupero-el-liderato-en-portugal\/","og_locale":"es_ES","og_type":"article","og_title":"Porto recuper\u00f3 el liderato en Portugal -","og_description":"El\u00a0Porto\u00a0derrot\u00f3 1-0 al\u00a0Mar\u00edtimo\u00a0en la jornada 26 de la Liga lusa y recuper\u00f3 el liderato del campeonato, gracias al empate como visitante del Benfica 2-2 ante\u00a0Portimonense. Por el Porto marc\u00f3 el mexicano\u00a0Jes\u00fas \u2018Tecatito\u2019 Corona\u00a0a los 6 minutos; mientras que el colombino\u00a0Luis D\u00edaz\u00a0jug\u00f3 77 minutos y\u00a0Mateus Uribe\u00a0disput\u00f3 los \u00faltimos 13, siendo amonestado al cierre del partido. El [&hellip;]","og_url":"https:\/\/futbolhoy.co\/index.php\/2020\/06\/10\/porto-recupero-el-liderato-en-portugal\/","article_publisher":"https:\/\/www.facebook.com\/FutbolHoyCol\/","article_published_time":"2020-06-10T20:40:33+00:00","article_modified_time":"2020-06-11T15:29:10+00:00","og_image":[{"width":2560,"height":1707,"url":"https:\/\/futbolhoy.co\/wp-content\/uploads\/2020\/06\/EaLf_sRWkAIkyG5-scaled.jpg","type":"image\/jpeg"}],"author":"Laura Hern\u00e1ndez","twitter_card":"summary_large_image","twitter_creator":"@FutbolHoyCol","twitter_site":"@FutbolHoyCol","twitter_misc":{"Escrito por":"Laura Hern\u00e1ndez","Tiempo de lectura":"1 minuto"},"schema":{"@context":"https:\/\/schema.org","@graph":[{"@type":"Article","@id":"https:\/\/futbolhoy.co\/index.php\/2020\/06\/10\/porto-recupero-el-liderato-en-portugal\/#article","isPartOf":{"@id":"https:\/\/futbolhoy.co\/index.php\/2020\/06\/10\/porto-recupero-el-liderato-en-portugal\/"},"author":{"name":"Laura Hern\u00e1ndez","@id":"https:\/\/futbolhoy.co\/#\/schema\/person\/c4a353a512b127643723a34bb1812f7d"},"headline":"Porto recuper\u00f3 el liderato en Portugal","datePublished":"2020-06-10T20:40:33+00:00","dateModified":"2020-06-11T15:29:10+00:00","mainEntityOfPage":{"@id":"https:\/\/futbolhoy.co\/index.php\/2020\/06\/10\/porto-recupero-el-liderato-en-portugal\/"},"wordCount":147,"commentCount":0,"publisher":{"@id":"https:\/\/futbolhoy.co\/#organization"},"image":{"@id":"https:\/\/futbolhoy.co\/index.php\/2020\/06\/10\/porto-recupero-el-liderato-en-portugal\/#primaryimage"},"thumbnailUrl":"https:\/\/futbolhoy.co\/wp-content\/uploads\/2020\/06\/EaLf_sRWkAIkyG5-scaled.jpg","articleSection":["Mundo Futbol"],"inLanguage":"es","potentialAction":[{"@type":"CommentAction","name":"Comment","target":["https:\/\/futbolhoy.co\/index.php\/2020\/06\/10\/porto-recupero-el-liderato-en-portugal\/#respond"]}]},{"@type":"WebPage","@id":"https:\/\/futbolhoy.co\/index.php\/2020\/06\/10\/porto-recupero-el-liderato-en-portugal\/","url":"https:\/\/futbolhoy.co\/index.php\/2020\/06\/10\/porto-recupero-el-liderato-en-portugal\/","name":"Porto recuper\u00f3 el liderato en Portugal -","isPartOf":{"@id":"https:\/\/futbolhoy.co\/#website"},"primaryImageOfPage":{"@id":"https:\/\/futbolhoy.co\/index.php\/2020\/06\/10\/porto-recupero-el-liderato-en-portugal\/#primaryimage"},"image":{"@id":"https:\/\/futbolhoy.co\/index.php\/2020\/06\/10\/porto-recupero-el-liderato-en-portugal\/#primaryimage"},"thumbnailUrl":"https:\/\/futbolhoy.co\/wp-content\/uploads\/2020\/06\/EaLf_sRWkAIkyG5-scaled.jpg","datePublished":"2020-06-10T20:40:33+00:00","dateModified":"2020-06-11T15:29:10+00:00","breadcrumb":{"@id":"https:\/\/futbolhoy.co\/index.php\/2020\/06\/10\/porto-recupero-el-liderato-en-portugal\/#breadcrumb"},"inLanguage":"es","potentialAction":[{"@type":"ReadAction","target":["https:\/\/futbolhoy.co\/index.php\/2020\/06\/10\/porto-recupero-el-liderato-en-portugal\/"]}]},{"@type":"ImageObject","inLanguage":"es","@id":"https:\/\/futbolhoy.co\/index.php\/2020\/06\/10\/porto-recupero-el-liderato-en-portugal\/#primaryimage","url":"https:\/\/futbolhoy.co\/wp-content\/uploads\/2020\/06\/EaLf_sRWkAIkyG5-scaled.jpg","contentUrl":"https:\/\/futbolhoy.co\/wp-content\/uploads\/2020\/06\/EaLf_sRWkAIkyG5-scaled.jpg","width":2560,"height":1707},{"@type":"BreadcrumbList","@id":"https:\/\/futbolhoy.co\/index.php\/2020\/06\/10\/porto-recupero-el-liderato-en-portugal\/#breadcrumb","itemListElement":[{"@type":"ListItem","position":1,"name":"Portada","item":"https:\/\/futbolhoy.co\/"},{"@type":"ListItem","position":2,"name":"Porto recuper\u00f3 el liderato en Portugal"}]},{"@type":"WebSite","@id":"https:\/\/futbolhoy.co\/#website","url":"https:\/\/futbolhoy.co\/","name":"FutbolHoy","description":"","publisher":{"@id":"https:\/\/futbolhoy.co\/#organization"},"potentialAction":[{"@type":"SearchAction","target":{"@type":"EntryPoint","urlTemplate":"https:\/\/futbolhoy.co\/?s={search_term_string}"},"query-input":{"@type":"PropertyValueSpecification","valueRequired":true,"valueName":"search_term_string"}}],"inLanguage":"es"},{"@type":"Organization","@id":"https:\/\/futbolhoy.co\/#organization","name":"Futbolhoy.co","url":"https:\/\/futbolhoy.co\/","logo":{"@type":"ImageObject","inLanguage":"es","@id":"https:\/\/futbolhoy.co\/#\/schema\/logo\/image\/","url":"https:\/\/futbolhoy.co\/wp-content\/uploads\/2018\/08\/17426380_1906371736249227_6326180412931521141_n.jpg","contentUrl":"https:\/\/futbolhoy.co\/wp-content\/uploads\/2018\/08\/17426380_1906371736249227_6326180412931521141_n.jpg","width":960,"height":960,"caption":"Futbolhoy.co"},"image":{"@id":"https:\/\/futbolhoy.co\/#\/schema\/logo\/image\/"},"sameAs":["https:\/\/www.facebook.com\/FutbolHoyCol\/","https:\/\/x.com\/FutbolHoyCol","https:\/\/www.instagram.com\/futbolhoycol\/"]},{"@type":"Person","@id":"https:\/\/futbolhoy.co\/#\/schema\/person\/c4a353a512b127643723a34bb1812f7d","name":"Laura Hern\u00e1ndez","image":{"@type":"ImageObject","inLanguage":"es","@id":"https:\/\/futbolhoy.co\/#\/schema\/person\/image\/","url":"https:\/\/secure.gravatar.com\/avatar\/d25959a15b9b293a743f99181c7cfd01?s=96&d=mm&r=g","contentUrl":"https:\/\/secure.gravatar.com\/avatar\/d25959a15b9b293a743f99181c7cfd01?s=96&d=mm&r=g","caption":"Laura Hern\u00e1ndez"}}]}},"publishpress_future_action":{"enabled":false,"date":"2026-05-05 23:27:12","action":"change-status","newStatus":"draft","terms":[],"taxonomy":"category","extraData":[]},"publishpress_future_workflow_manual_trigger":{"enabledWorkflows":[]},"_links":{"self":[{"href":"https:\/\/futbolhoy.co\/index.php\/wp-json\/wp\/v2\/posts\/52271","targetHints":{"allow":["GET"]}}],"collection":[{"href":"https:\/\/futbolhoy.co\/index.php\/wp-json\/wp\/v2\/posts"}],"about":[{"href":"https:\/\/futbolhoy.co\/index.php\/wp-json\/wp\/v2\/types\/post"}],"author":[{"embeddable":true,"href":"https:\/\/futbolhoy.co\/index.php\/wp-json\/wp\/v2\/users\/5"}],"replies":[{"embeddable":true,"href":"https:\/\/futbolhoy.co\/index.php\/wp-json\/wp\/v2\/comments?post=52271"}],"version-history":[{"count":1,"href":"https:\/\/futbolhoy.co\/index.php\/wp-json\/wp\/v2\/posts\/52271\/revisions"}],"predecessor-version":[{"id":52279,"href":"https:\/\/futbolhoy.co\/index.php\/wp-json\/wp\/v2\/posts\/52271\/revisions\/52279"}],"wp:featuredmedia":[{"embeddable":true,"href":"https:\/\/futbolhoy.co\/index.php\/wp-json\/wp\/v2\/media\/52272"}],"wp:attachment":[{"href":"https:\/\/futbolhoy.co\/index.php\/wp-json\/wp\/v2\/media?parent=52271"}],"wp:term":[{"taxonomy":"category","embeddable":true,"href":"https:\/\/futbolhoy.co\/index.php\/wp-json\/wp\/v2\/categories?post=52271"},{"taxonomy":"post_tag","embeddable":true,"href":"https:\/\/futbolhoy.co\/index.php\/wp-json\/wp\/v2\/tags?post=52271"}],"curies":[{"name":"wp","href":"https:\/\/api.w.org\/{rel}","templated":true}]}}