{"id":52323,"date":"2020-06-12T07:10:46","date_gmt":"2020-06-12T12:10:46","guid":{"rendered":"https:\/\/futbolhoy.co\/?p=52323"},"modified":"2020-06-12T17:52:04","modified_gmt":"2020-06-12T22:52:04","slug":"un-dia-como-hoy-el-ultimo-partido-de-palermo-en-la-bombonera","status":"publish","type":"post","link":"https:\/\/futbolhoy.co\/index.php\/2020\/06\/12\/un-dia-como-hoy-el-ultimo-partido-de-palermo-en-la-bombonera\/","title":{"rendered":"Un d\u00eda como hoy: el \u00faltimo partido de Palermo en La Bombonera"},"content":{"rendered":"<p style=\"text-align: justify;\"><span style=\"font-family: helvetica, arial, sans-serif;\">Un d\u00eda como hoy, en el a\u00f1o 2011, la figura, \u00eddolo y m\u00e1ximo goleador de <strong>Boca Juniors, Mart\u00edn Palermo,<\/strong> jugaba su \u00faltimo partido en <strong>La Bombonera<\/strong>.<\/span><\/p>\n<p style=\"text-align: justify;\"><span style=\"font-family: helvetica, arial, sans-serif;\">Fue un partido con empate\u00a01-1 entre <strong>Boca<\/strong> y <strong>Banfield,<\/strong> por la Jornada 18 del<strong> Torneo Clausura 2011.<\/strong><\/span><\/p>\n<p style=\"text-align: justify;\"><span style=\"font-family: helvetica, arial, sans-serif;\">El \u00faltimo partido del 'Tit\u00e1n' se di\u00f3 bajo la direcci\u00f3n t\u00e9cnica de<strong> Julio C\u00e9sar Falcioni<\/strong>, una semana antes ven\u00eda de anotar su \u00faltimo gol con la camiseta 'Xeneize', en el partido contra <strong>Quilmes.<\/strong><\/span><\/p>\n<div style=\"width: 696px;\" class=\"wp-video\"><!--[if lt IE 9]><script>document.createElement('video');<\/script><![endif]-->\n<video class=\"wp-video-shortcode\" id=\"video-52323-1\" width=\"696\" height=\"391\" preload=\"metadata\" controls=\"controls\"><source type=\"video\/mp4\" src=\"https:\/\/futbolhoy.co\/wp-content\/uploads\/2020\/06\/J-mkAezTkWM4MlBY.mp4?_=1\" \/><a href=\"https:\/\/futbolhoy.co\/wp-content\/uploads\/2020\/06\/J-mkAezTkWM4MlBY.mp4\">https:\/\/futbolhoy.co\/wp-content\/uploads\/2020\/06\/J-mkAezTkWM4MlBY.mp4<\/a><\/video><\/div>\n<p style=\"text-align: justify;\"><span style=\"font-family: helvetica, arial, sans-serif;\">C\u00f3mo regalo de despedida recibi\u00f3 el arco de la tribuna norte que hoy se encuentra en un complejo deportivo en la Plata.<\/span><\/p>\n\r\n                <style type=\"text\/css\">\r\n                    \r\n                    #tdi_1  .td-doubleSlider-2 .td-item1 {\r\n                        background: url(https:\/\/futbolhoy.co\/wp-content\/uploads\/2020\/06\/20200612_091535-80x60.jpg) 0 0 no-repeat;\r\n                    }\r\n                    #tdi_1  .td-doubleSlider-2 .td-item2 {\r\n                        background: url(https:\/\/futbolhoy.co\/wp-content\/uploads\/2020\/06\/IMG-20200612-WA0010-80x60.jpg) 0 0 no-repeat;\r\n                    }\r\n                    #tdi_1  .td-doubleSlider-2 .td-item3 {\r\n                        background: url(https:\/\/futbolhoy.co\/wp-content\/uploads\/2020\/06\/20200612_091726-80x60.jpg) 0 0 no-repeat;\r\n                    }\r\n                    #tdi_1  .td-doubleSlider-2 .td-item4 {\r\n                        background: url(https:\/\/futbolhoy.co\/wp-content\/uploads\/2020\/06\/20200612_091706-80x60.jpg) 0 0 no-repeat;\r\n                    }\r\n                <\/style>\r\n\r\n                <div id=\"tdi_1\" class=\"td-gallery td-slide-on-2-columns\">\r\n                    <div class=\"post_td_gallery\">\r\n                        <div class=\"td-gallery-slide-top\">\r\n                           <div class=\"td-gallery-title\"><\/div>\r\n\r\n                            <div class=\"td-gallery-controls-wrapper\">\r\n                                <div class=\"td-gallery-slide-count\"><span class=\"td-gallery-slide-item-focus\">1<\/span> de 4<\/div>\r\n                                <div class=\"td-gallery-slide-prev-next-but\">\r\n                                    <i class = \"td-icon-left doubleSliderPrevButton\"><\/i>\r\n                                    <i class = \"td-icon-right doubleSliderNextButton\"><\/i>\r\n                                <\/div>\r\n                            <\/div>\r\n                        <\/div>\r\n\r\n                        <div class = \"td-doubleSlider-1 \">\r\n                            <div class = \"td-slider\">\r\n                                \r\n                    <div class = \"td-slide-item td-item1\">\r\n                        <figure class=\"td-slide-galery-figure td-slide-popup-gallery\">\r\n                            <a class=\"slide-gallery-image-link\" href=\"https:\/\/futbolhoy.co\/wp-content\/uploads\/2020\/06\/20200612_091535.jpg\" title=\"20200612_091535\"  data-caption=\"\"  data-description=\"\">\r\n                                <img decoding=\"async\" src=\"https:\/\/futbolhoy.co\/wp-content\/uploads\/2020\/06\/20200612_091535-580x420.jpg\" srcset=\"https:\/\/futbolhoy.co\/wp-content\/uploads\/2020\/06\/20200612_091535-580x420.jpg 580w, https:\/\/futbolhoy.co\/wp-content\/uploads\/2020\/06\/20200612_091535-300x217.jpg 300w, https:\/\/futbolhoy.co\/wp-content\/uploads\/2020\/06\/20200612_091535-768x556.jpg 768w, https:\/\/futbolhoy.co\/wp-content\/uploads\/2020\/06\/20200612_091535-324x235.jpg 324w, https:\/\/futbolhoy.co\/wp-content\/uploads\/2020\/06\/20200612_091535-696x504.jpg 696w, https:\/\/futbolhoy.co\/wp-content\/uploads\/2020\/06\/20200612_091535-128x93.jpg 128w, https:\/\/futbolhoy.co\/wp-content\/uploads\/2020\/06\/20200612_091535-32x23.jpg 32w, https:\/\/futbolhoy.co\/wp-content\/uploads\/2020\/06\/20200612_091535.jpg 843w\" sizes=\"(max-width: 580px) 100vw, 580px\" alt=\"\">\r\n                            <\/a>\r\n                            \r\n                        <\/figure>\r\n                    <\/div>\r\n                    <div class = \"td-slide-item td-item2\">\r\n                        <figure class=\"td-slide-galery-figure td-slide-popup-gallery\">\r\n                            <a class=\"slide-gallery-image-link\" href=\"https:\/\/futbolhoy.co\/wp-content\/uploads\/2020\/06\/IMG-20200612-WA0010.jpg\" title=\"IMG-20200612-WA0010\"  data-caption=\"\"  data-description=\"\">\r\n                                <img decoding=\"async\" src=\"https:\/\/futbolhoy.co\/wp-content\/uploads\/2020\/06\/IMG-20200612-WA0010-577x420.jpg\" srcset=\"https:\/\/futbolhoy.co\/wp-content\/uploads\/2020\/06\/IMG-20200612-WA0010-577x420.jpg 577w, https:\/\/futbolhoy.co\/wp-content\/uploads\/2020\/06\/IMG-20200612-WA0010-300x218.jpg 300w, https:\/\/futbolhoy.co\/wp-content\/uploads\/2020\/06\/IMG-20200612-WA0010-1024x746.jpg 1024w, https:\/\/futbolhoy.co\/wp-content\/uploads\/2020\/06\/IMG-20200612-WA0010-768x559.jpg 768w, https:\/\/futbolhoy.co\/wp-content\/uploads\/2020\/06\/IMG-20200612-WA0010-324x235.jpg 324w, https:\/\/futbolhoy.co\/wp-content\/uploads\/2020\/06\/IMG-20200612-WA0010-696x507.jpg 696w, https:\/\/futbolhoy.co\/wp-content\/uploads\/2020\/06\/IMG-20200612-WA0010-128x93.jpg 128w, https:\/\/futbolhoy.co\/wp-content\/uploads\/2020\/06\/IMG-20200612-WA0010-32x23.jpg 32w, https:\/\/futbolhoy.co\/wp-content\/uploads\/2020\/06\/IMG-20200612-WA0010.jpg 1030w\" sizes=\"(max-width: 577px) 100vw, 577px\" alt=\"\">\r\n                            <\/a>\r\n                            \r\n                        <\/figure>\r\n                    <\/div>\r\n                    <div class = \"td-slide-item td-item3\">\r\n                        <figure class=\"td-slide-galery-figure td-slide-popup-gallery\">\r\n                            <a class=\"slide-gallery-image-link\" href=\"https:\/\/futbolhoy.co\/wp-content\/uploads\/2020\/06\/20200612_091726.jpg\" title=\"20200612_091726\"  data-caption=\"\"  data-description=\"\">\r\n                                <img decoding=\"async\" src=\"https:\/\/futbolhoy.co\/wp-content\/uploads\/2020\/06\/20200612_091726-1114x420.jpg\" srcset=\"https:\/\/futbolhoy.co\/wp-content\/uploads\/2020\/06\/20200612_091726-1114x420.jpg 1114w, https:\/\/futbolhoy.co\/wp-content\/uploads\/2020\/06\/20200612_091726-300x113.jpg 300w, https:\/\/futbolhoy.co\/wp-content\/uploads\/2020\/06\/20200612_091726-1024x386.jpg 1024w, https:\/\/futbolhoy.co\/wp-content\/uploads\/2020\/06\/20200612_091726-768x290.jpg 768w, https:\/\/futbolhoy.co\/wp-content\/uploads\/2020\/06\/20200612_091726-696x262.jpg 696w, https:\/\/futbolhoy.co\/wp-content\/uploads\/2020\/06\/20200612_091726-1068x403.jpg 1068w, https:\/\/futbolhoy.co\/wp-content\/uploads\/2020\/06\/20200612_091726-128x48.jpg 128w, https:\/\/futbolhoy.co\/wp-content\/uploads\/2020\/06\/20200612_091726-32x12.jpg 32w, https:\/\/futbolhoy.co\/wp-content\/uploads\/2020\/06\/20200612_091726.jpg 1199w\" sizes=\"(max-width: 1114px) 100vw, 1114px\" alt=\"\">\r\n                            <\/a>\r\n                            \r\n                        <\/figure>\r\n                    <\/div>\r\n                    <div class = \"td-slide-item td-item4\">\r\n                        <figure class=\"td-slide-galery-figure td-slide-popup-gallery\">\r\n                            <a class=\"slide-gallery-image-link\" href=\"https:\/\/futbolhoy.co\/wp-content\/uploads\/2020\/06\/20200612_091706.jpg\" title=\"20200612_091706\"  data-caption=\"\"  data-description=\"\">\r\n                                <img decoding=\"async\" src=\"https:\/\/futbolhoy.co\/wp-content\/uploads\/2020\/06\/20200612_091706.jpg\" srcset=\"https:\/\/futbolhoy.co\/wp-content\/uploads\/2020\/06\/20200612_091706.jpg 565w, https:\/\/futbolhoy.co\/wp-content\/uploads\/2020\/06\/20200612_091706-300x169.jpg 300w, https:\/\/futbolhoy.co\/wp-content\/uploads\/2020\/06\/20200612_091706-128x72.jpg 128w, https:\/\/futbolhoy.co\/wp-content\/uploads\/2020\/06\/20200612_091706-32x18.jpg 32w\" sizes=\"(max-width: 565px) 100vw, 565px\" alt=\"\">\r\n                            <\/a>\r\n                            \r\n                        <\/figure>\r\n                    <\/div>\r\n                            <\/div>\r\n                        <\/div>\r\n\r\n                        <div class = \"td-doubleSlider-2\">\r\n                            <div class = \"td-slider\">\r\n                                \r\n                    <div class = \"td-button td-item1\">\r\n                        <div class = \"td-border\"><\/div>\r\n                    <\/div>\r\n                    <div class = \"td-button td-item2\">\r\n                        <div class = \"td-border\"><\/div>\r\n                    <\/div>\r\n                    <div class = \"td-button td-item3\">\r\n                        <div class = \"td-border\"><\/div>\r\n                    <\/div>\r\n                    <div class = \"td-button td-item4\">\r\n                        <div class = \"td-border\"><\/div>\r\n                    <\/div>\r\n                            <\/div>\r\n                        <\/div>\r\n\r\n                    <\/div>\r\n\r\n                <\/div>\r\n                \n<p style=\"text-align: justify;\"><span style=\"font-family: helvetica, arial, sans-serif;\">En total, <strong>Palermo<\/strong> marc\u00f3 236 goles en 404 partidos, adem\u00e1s se coron\u00f3 campe\u00f3n con Boca en 14 ocasiones: <\/span><strong><span style=\"font-family: helvetica, arial, sans-serif;\">6 Ligas Argentinas, 2 Copas Libertadores, 1 Copa Intercontinental, 2 Sudamericanas, 3 Recopas.<\/span><\/strong><\/p>\n<blockquote class=\"twitter-tweet\" data-width=\"550\" data-dnt=\"true\">\n<p lang=\"es\" dir=\"ltr\"><a href=\"https:\/\/twitter.com\/hashtag\/UnD%C3%ADaComoHoy?src=hash&amp;ref_src=twsrc%5Etfw\">#UnD\u00edaComoHoy<\/a> pero de 2011, Mart\u00edn <a href=\"https:\/\/twitter.com\/hashtag\/Palermo?src=hash&amp;ref_src=twsrc%5Etfw\">#Palermo<\/a> jug\u00f3 su \u00faltimo partido oficial en <a href=\"https:\/\/twitter.com\/hashtag\/LaBombonera?src=hash&amp;ref_src=twsrc%5Etfw\">#LaBombonera<\/a><a href=\"https:\/\/twitter.com\/hashtag\/Boca?src=hash&amp;ref_src=twsrc%5Etfw\">#Boca<\/a> empat\u00f3 1 a 1 con Banfield y luego del encuentro le regalaron un arco.<\/p>\n<p>Vos nos diste los goles, vos nos diste alegr\u00eda, lo que hiciste por Boca no se olvida en la vida\ud83c\udfb6 <a href=\"https:\/\/t.co\/zvj6qegI7m\">pic.twitter.com\/zvj6qegI7m<\/a><\/p>\n<p>&mdash; Identidad Xeneize (@IdXeneizeweb) <a href=\"https:\/\/twitter.com\/IdXeneizeweb\/status\/1271279053430034432?ref_src=twsrc%5Etfw\">June 12, 2020<\/a><\/p><\/blockquote>\n<p><script async src=\"https:\/\/platform.twitter.com\/widgets.js\" charset=\"utf-8\"><\/script><\/p>\n<blockquote class=\"twitter-tweet\" data-width=\"550\" data-dnt=\"true\">\n<p lang=\"es\" dir=\"ltr\">9\ufe0f\u20e3 A\u00d1OS DEL ADIOS AL TIT\u00c1N <br \/>\u2022<br \/>El 12\/06\/11, Mart\u00edn <a href=\"https:\/\/twitter.com\/hashtag\/Palermo?src=hash&amp;ref_src=twsrc%5Etfw\">#Palermo<\/a> disputaba su \u00faltimo partido en La Bombonera. Ese d\u00eda, <a href=\"https:\/\/twitter.com\/hashtag\/Boca?src=hash&amp;ref_src=twsrc%5Etfw\">#Boca<\/a> empataba 1-1 con <a href=\"https:\/\/twitter.com\/hashtag\/Banfield?src=hash&amp;ref_src=twsrc%5Etfw\">#Banfield<\/a>. Su retiro definitivo se dar\u00eda una semana m\u00e1s tarde en &quot;el Bosque&quot; enfrentando a Guillermo (2-2).<br \/>\u2022<br \/>\u2705404 partidos<br \/>\u26bd\ufe0f236 goles <a href=\"https:\/\/t.co\/PJaoXEikf9\">pic.twitter.com\/PJaoXEikf9<\/a><\/p>\n<p>&mdash; Diario Xeneize (@DiarioXeneize) <a href=\"https:\/\/twitter.com\/DiarioXeneize\/status\/1271413394466357249?ref_src=twsrc%5Etfw\">June 12, 2020<\/a><\/p><\/blockquote>\n<p><script async src=\"https:\/\/platform.twitter.com\/widgets.js\" charset=\"utf-8\"><\/script><\/p>\n<p>&nbsp;<\/p>\n","protected":false},"excerpt":{"rendered":"<p>Un d\u00eda como hoy, en el a\u00f1o 2011, la figura, \u00eddolo y m\u00e1ximo goleador de Boca Juniors, Mart\u00edn Palermo, jugaba su \u00faltimo partido en La Bombonera. Fue un partido con empate\u00a01-1 entre Boca y Banfield, por la Jornada 18 del Torneo Clausura 2011. El \u00faltimo partido del 'Tit\u00e1n' se di\u00f3 bajo la direcci\u00f3n t\u00e9cnica de [&hellip;]<\/p>\n","protected":false},"author":5,"featured_media":52333,"comment_status":"open","ping_status":"open","sticky":false,"template":"","format":"video","meta":{"_acf_changed":false,"footnotes":""},"categories":[152],"tags":[1867,1890],"class_list":{"0":"post-52323","1":"post","2":"type-post","3":"status-publish","4":"format-video","5":"has-post-thumbnail","7":"category-mundo-futbol","8":"tag-la-bombonera","9":"tag-martin-palermo","10":"post_format-post-format-video"},"acf":[],"yoast_head":"<!-- This site is optimized with the Yoast SEO plugin v26.8 - https:\/\/yoast.com\/product\/yoast-seo-wordpress\/ -->\n<title>Un d\u00eda como hoy: el \u00faltimo partido de Palermo en La Bombonera -<\/title>\n<meta name=\"robots\" content=\"index, follow, max-snippet:-1, max-image-preview:large, max-video-preview:-1\" \/>\n<link rel=\"canonical\" href=\"https:\/\/futbolhoy.co\/index.php\/2020\/06\/12\/un-dia-como-hoy-el-ultimo-partido-de-palermo-en-la-bombonera\/\" \/>\n<meta property=\"og:locale\" content=\"es_ES\" \/>\n<meta property=\"og:type\" content=\"article\" \/>\n<meta property=\"og:title\" content=\"Un d\u00eda como hoy: el \u00faltimo partido de Palermo en La Bombonera -\" \/>\n<meta property=\"og:description\" content=\"Un d\u00eda como hoy, en el a\u00f1o 2011, la figura, \u00eddolo y m\u00e1ximo goleador de Boca Juniors, Mart\u00edn Palermo, jugaba su \u00faltimo partido en La Bombonera. Fue un partido con empate\u00a01-1 entre Boca y Banfield, por la Jornada 18 del Torneo Clausura 2011. El \u00faltimo partido del &#039;Tit\u00e1n&#039; se di\u00f3 bajo la direcci\u00f3n t\u00e9cnica de [&hellip;]\" \/>\n<meta property=\"og:url\" content=\"https:\/\/futbolhoy.co\/index.php\/2020\/06\/12\/un-dia-como-hoy-el-ultimo-partido-de-palermo-en-la-bombonera\/\" \/>\n<meta property=\"article:publisher\" content=\"https:\/\/www.facebook.com\/FutbolHoyCol\/\" \/>\n<meta property=\"article:published_time\" content=\"2020-06-12T12:10:46+00:00\" \/>\n<meta property=\"article:modified_time\" content=\"2020-06-12T22:52:04+00:00\" \/>\n<meta property=\"og:image\" content=\"https:\/\/futbolhoy.co\/wp-content\/uploads\/2020\/06\/20200612_090726.jpg\" \/>\n\t<meta property=\"og:image:width\" content=\"589\" \/>\n\t<meta property=\"og:image:height\" content=\"440\" \/>\n\t<meta property=\"og:image:type\" content=\"image\/jpeg\" \/>\n<meta name=\"author\" content=\"Laura Hern\u00e1ndez\" \/>\n<meta name=\"twitter:card\" content=\"summary_large_image\" \/>\n<meta name=\"twitter:creator\" content=\"@FutbolHoyCol\" \/>\n<meta name=\"twitter:site\" content=\"@FutbolHoyCol\" \/>\n<meta name=\"twitter:label1\" content=\"Escrito por\" \/>\n\t<meta name=\"twitter:data1\" content=\"Laura Hern\u00e1ndez\" \/>\n\t<meta name=\"twitter:label2\" content=\"Tiempo de lectura\" \/>\n\t<meta name=\"twitter:data2\" content=\"1 minuto\" \/>\n<script type=\"application\/ld+json\" class=\"yoast-schema-graph\">{\"@context\":\"https:\/\/schema.org\",\"@graph\":[{\"@type\":\"Article\",\"@id\":\"https:\/\/futbolhoy.co\/index.php\/2020\/06\/12\/un-dia-como-hoy-el-ultimo-partido-de-palermo-en-la-bombonera\/#article\",\"isPartOf\":{\"@id\":\"https:\/\/futbolhoy.co\/index.php\/2020\/06\/12\/un-dia-como-hoy-el-ultimo-partido-de-palermo-en-la-bombonera\/\"},\"author\":{\"name\":\"Laura Hern\u00e1ndez\",\"@id\":\"https:\/\/futbolhoy.co\/#\/schema\/person\/c4a353a512b127643723a34bb1812f7d\"},\"headline\":\"Un d\u00eda como hoy: el \u00faltimo partido de Palermo en La Bombonera\",\"datePublished\":\"2020-06-12T12:10:46+00:00\",\"dateModified\":\"2020-06-12T22:52:04+00:00\",\"mainEntityOfPage\":{\"@id\":\"https:\/\/futbolhoy.co\/index.php\/2020\/06\/12\/un-dia-como-hoy-el-ultimo-partido-de-palermo-en-la-bombonera\/\"},\"wordCount\":182,\"commentCount\":0,\"publisher\":{\"@id\":\"https:\/\/futbolhoy.co\/#organization\"},\"image\":{\"@id\":\"https:\/\/futbolhoy.co\/index.php\/2020\/06\/12\/un-dia-como-hoy-el-ultimo-partido-de-palermo-en-la-bombonera\/#primaryimage\"},\"thumbnailUrl\":\"https:\/\/futbolhoy.co\/wp-content\/uploads\/2020\/06\/20200612_090726.jpg\",\"keywords\":[\"La Bombonera\",\"Mart\u00edn Palermo\"],\"articleSection\":[\"Mundo Futbol\"],\"inLanguage\":\"es\",\"potentialAction\":[{\"@type\":\"CommentAction\",\"name\":\"Comment\",\"target\":[\"https:\/\/futbolhoy.co\/index.php\/2020\/06\/12\/un-dia-como-hoy-el-ultimo-partido-de-palermo-en-la-bombonera\/#respond\"]}]},{\"@type\":\"WebPage\",\"@id\":\"https:\/\/futbolhoy.co\/index.php\/2020\/06\/12\/un-dia-como-hoy-el-ultimo-partido-de-palermo-en-la-bombonera\/\",\"url\":\"https:\/\/futbolhoy.co\/index.php\/2020\/06\/12\/un-dia-como-hoy-el-ultimo-partido-de-palermo-en-la-bombonera\/\",\"name\":\"Un d\u00eda como hoy: el \u00faltimo partido de Palermo en La Bombonera -\",\"isPartOf\":{\"@id\":\"https:\/\/futbolhoy.co\/#website\"},\"primaryImageOfPage\":{\"@id\":\"https:\/\/futbolhoy.co\/index.php\/2020\/06\/12\/un-dia-como-hoy-el-ultimo-partido-de-palermo-en-la-bombonera\/#primaryimage\"},\"image\":{\"@id\":\"https:\/\/futbolhoy.co\/index.php\/2020\/06\/12\/un-dia-como-hoy-el-ultimo-partido-de-palermo-en-la-bombonera\/#primaryimage\"},\"thumbnailUrl\":\"https:\/\/futbolhoy.co\/wp-content\/uploads\/2020\/06\/20200612_090726.jpg\",\"datePublished\":\"2020-06-12T12:10:46+00:00\",\"dateModified\":\"2020-06-12T22:52:04+00:00\",\"breadcrumb\":{\"@id\":\"https:\/\/futbolhoy.co\/index.php\/2020\/06\/12\/un-dia-como-hoy-el-ultimo-partido-de-palermo-en-la-bombonera\/#breadcrumb\"},\"inLanguage\":\"es\",\"potentialAction\":[{\"@type\":\"ReadAction\",\"target\":[\"https:\/\/futbolhoy.co\/index.php\/2020\/06\/12\/un-dia-como-hoy-el-ultimo-partido-de-palermo-en-la-bombonera\/\"]}]},{\"@type\":\"ImageObject\",\"inLanguage\":\"es\",\"@id\":\"https:\/\/futbolhoy.co\/index.php\/2020\/06\/12\/un-dia-como-hoy-el-ultimo-partido-de-palermo-en-la-bombonera\/#primaryimage\",\"url\":\"https:\/\/futbolhoy.co\/wp-content\/uploads\/2020\/06\/20200612_090726.jpg\",\"contentUrl\":\"https:\/\/futbolhoy.co\/wp-content\/uploads\/2020\/06\/20200612_090726.jpg\",\"width\":589,\"height\":440},{\"@type\":\"BreadcrumbList\",\"@id\":\"https:\/\/futbolhoy.co\/index.php\/2020\/06\/12\/un-dia-como-hoy-el-ultimo-partido-de-palermo-en-la-bombonera\/#breadcrumb\",\"itemListElement\":[{\"@type\":\"ListItem\",\"position\":1,\"name\":\"Portada\",\"item\":\"https:\/\/futbolhoy.co\/\"},{\"@type\":\"ListItem\",\"position\":2,\"name\":\"Un d\u00eda como hoy: el \u00faltimo partido de Palermo en La Bombonera\"}]},{\"@type\":\"WebSite\",\"@id\":\"https:\/\/futbolhoy.co\/#website\",\"url\":\"https:\/\/futbolhoy.co\/\",\"name\":\"FutbolHoy\",\"description\":\"\",\"publisher\":{\"@id\":\"https:\/\/futbolhoy.co\/#organization\"},\"potentialAction\":[{\"@type\":\"SearchAction\",\"target\":{\"@type\":\"EntryPoint\",\"urlTemplate\":\"https:\/\/futbolhoy.co\/?s={search_term_string}\"},\"query-input\":{\"@type\":\"PropertyValueSpecification\",\"valueRequired\":true,\"valueName\":\"search_term_string\"}}],\"inLanguage\":\"es\"},{\"@type\":\"Organization\",\"@id\":\"https:\/\/futbolhoy.co\/#organization\",\"name\":\"Futbolhoy.co\",\"url\":\"https:\/\/futbolhoy.co\/\",\"logo\":{\"@type\":\"ImageObject\",\"inLanguage\":\"es\",\"@id\":\"https:\/\/futbolhoy.co\/#\/schema\/logo\/image\/\",\"url\":\"https:\/\/futbolhoy.co\/wp-content\/uploads\/2018\/08\/17426380_1906371736249227_6326180412931521141_n.jpg\",\"contentUrl\":\"https:\/\/futbolhoy.co\/wp-content\/uploads\/2018\/08\/17426380_1906371736249227_6326180412931521141_n.jpg\",\"width\":960,\"height\":960,\"caption\":\"Futbolhoy.co\"},\"image\":{\"@id\":\"https:\/\/futbolhoy.co\/#\/schema\/logo\/image\/\"},\"sameAs\":[\"https:\/\/www.facebook.com\/FutbolHoyCol\/\",\"https:\/\/x.com\/FutbolHoyCol\",\"https:\/\/www.instagram.com\/futbolhoycol\/\"]},{\"@type\":\"Person\",\"@id\":\"https:\/\/futbolhoy.co\/#\/schema\/person\/c4a353a512b127643723a34bb1812f7d\",\"name\":\"Laura Hern\u00e1ndez\",\"image\":{\"@type\":\"ImageObject\",\"inLanguage\":\"es\",\"@id\":\"https:\/\/futbolhoy.co\/#\/schema\/person\/image\/\",\"url\":\"https:\/\/secure.gravatar.com\/avatar\/d25959a15b9b293a743f99181c7cfd01?s=96&d=mm&r=g\",\"contentUrl\":\"https:\/\/secure.gravatar.com\/avatar\/d25959a15b9b293a743f99181c7cfd01?s=96&d=mm&r=g\",\"caption\":\"Laura Hern\u00e1ndez\"}}]}<\/script>\n<!-- \/ Yoast SEO plugin. -->","yoast_head_json":{"title":"Un d\u00eda como hoy: el \u00faltimo partido de Palermo en La Bombonera -","robots":{"index":"index","follow":"follow","max-snippet":"max-snippet:-1","max-image-preview":"max-image-preview:large","max-video-preview":"max-video-preview:-1"},"canonical":"https:\/\/futbolhoy.co\/index.php\/2020\/06\/12\/un-dia-como-hoy-el-ultimo-partido-de-palermo-en-la-bombonera\/","og_locale":"es_ES","og_type":"article","og_title":"Un d\u00eda como hoy: el \u00faltimo partido de Palermo en La Bombonera -","og_description":"Un d\u00eda como hoy, en el a\u00f1o 2011, la figura, \u00eddolo y m\u00e1ximo goleador de Boca Juniors, Mart\u00edn Palermo, jugaba su \u00faltimo partido en La Bombonera. Fue un partido con empate\u00a01-1 entre Boca y Banfield, por la Jornada 18 del Torneo Clausura 2011. El \u00faltimo partido del 'Tit\u00e1n' se di\u00f3 bajo la direcci\u00f3n t\u00e9cnica de [&hellip;]","og_url":"https:\/\/futbolhoy.co\/index.php\/2020\/06\/12\/un-dia-como-hoy-el-ultimo-partido-de-palermo-en-la-bombonera\/","article_publisher":"https:\/\/www.facebook.com\/FutbolHoyCol\/","article_published_time":"2020-06-12T12:10:46+00:00","article_modified_time":"2020-06-12T22:52:04+00:00","og_image":[{"width":589,"height":440,"url":"https:\/\/futbolhoy.co\/wp-content\/uploads\/2020\/06\/20200612_090726.jpg","type":"image\/jpeg"}],"author":"Laura Hern\u00e1ndez","twitter_card":"summary_large_image","twitter_creator":"@FutbolHoyCol","twitter_site":"@FutbolHoyCol","twitter_misc":{"Escrito por":"Laura Hern\u00e1ndez","Tiempo de lectura":"1 minuto"},"schema":{"@context":"https:\/\/schema.org","@graph":[{"@type":"Article","@id":"https:\/\/futbolhoy.co\/index.php\/2020\/06\/12\/un-dia-como-hoy-el-ultimo-partido-de-palermo-en-la-bombonera\/#article","isPartOf":{"@id":"https:\/\/futbolhoy.co\/index.php\/2020\/06\/12\/un-dia-como-hoy-el-ultimo-partido-de-palermo-en-la-bombonera\/"},"author":{"name":"Laura Hern\u00e1ndez","@id":"https:\/\/futbolhoy.co\/#\/schema\/person\/c4a353a512b127643723a34bb1812f7d"},"headline":"Un d\u00eda como hoy: el \u00faltimo partido de Palermo en La Bombonera","datePublished":"2020-06-12T12:10:46+00:00","dateModified":"2020-06-12T22:52:04+00:00","mainEntityOfPage":{"@id":"https:\/\/futbolhoy.co\/index.php\/2020\/06\/12\/un-dia-como-hoy-el-ultimo-partido-de-palermo-en-la-bombonera\/"},"wordCount":182,"commentCount":0,"publisher":{"@id":"https:\/\/futbolhoy.co\/#organization"},"image":{"@id":"https:\/\/futbolhoy.co\/index.php\/2020\/06\/12\/un-dia-como-hoy-el-ultimo-partido-de-palermo-en-la-bombonera\/#primaryimage"},"thumbnailUrl":"https:\/\/futbolhoy.co\/wp-content\/uploads\/2020\/06\/20200612_090726.jpg","keywords":["La Bombonera","Mart\u00edn Palermo"],"articleSection":["Mundo Futbol"],"inLanguage":"es","potentialAction":[{"@type":"CommentAction","name":"Comment","target":["https:\/\/futbolhoy.co\/index.php\/2020\/06\/12\/un-dia-como-hoy-el-ultimo-partido-de-palermo-en-la-bombonera\/#respond"]}]},{"@type":"WebPage","@id":"https:\/\/futbolhoy.co\/index.php\/2020\/06\/12\/un-dia-como-hoy-el-ultimo-partido-de-palermo-en-la-bombonera\/","url":"https:\/\/futbolhoy.co\/index.php\/2020\/06\/12\/un-dia-como-hoy-el-ultimo-partido-de-palermo-en-la-bombonera\/","name":"Un d\u00eda como hoy: el \u00faltimo partido de Palermo en La Bombonera -","isPartOf":{"@id":"https:\/\/futbolhoy.co\/#website"},"primaryImageOfPage":{"@id":"https:\/\/futbolhoy.co\/index.php\/2020\/06\/12\/un-dia-como-hoy-el-ultimo-partido-de-palermo-en-la-bombonera\/#primaryimage"},"image":{"@id":"https:\/\/futbolhoy.co\/index.php\/2020\/06\/12\/un-dia-como-hoy-el-ultimo-partido-de-palermo-en-la-bombonera\/#primaryimage"},"thumbnailUrl":"https:\/\/futbolhoy.co\/wp-content\/uploads\/2020\/06\/20200612_090726.jpg","datePublished":"2020-06-12T12:10:46+00:00","dateModified":"2020-06-12T22:52:04+00:00","breadcrumb":{"@id":"https:\/\/futbolhoy.co\/index.php\/2020\/06\/12\/un-dia-como-hoy-el-ultimo-partido-de-palermo-en-la-bombonera\/#breadcrumb"},"inLanguage":"es","potentialAction":[{"@type":"ReadAction","target":["https:\/\/futbolhoy.co\/index.php\/2020\/06\/12\/un-dia-como-hoy-el-ultimo-partido-de-palermo-en-la-bombonera\/"]}]},{"@type":"ImageObject","inLanguage":"es","@id":"https:\/\/futbolhoy.co\/index.php\/2020\/06\/12\/un-dia-como-hoy-el-ultimo-partido-de-palermo-en-la-bombonera\/#primaryimage","url":"https:\/\/futbolhoy.co\/wp-content\/uploads\/2020\/06\/20200612_090726.jpg","contentUrl":"https:\/\/futbolhoy.co\/wp-content\/uploads\/2020\/06\/20200612_090726.jpg","width":589,"height":440},{"@type":"BreadcrumbList","@id":"https:\/\/futbolhoy.co\/index.php\/2020\/06\/12\/un-dia-como-hoy-el-ultimo-partido-de-palermo-en-la-bombonera\/#breadcrumb","itemListElement":[{"@type":"ListItem","position":1,"name":"Portada","item":"https:\/\/futbolhoy.co\/"},{"@type":"ListItem","position":2,"name":"Un d\u00eda como hoy: el \u00faltimo partido de Palermo en La Bombonera"}]},{"@type":"WebSite","@id":"https:\/\/futbolhoy.co\/#website","url":"https:\/\/futbolhoy.co\/","name":"FutbolHoy","description":"","publisher":{"@id":"https:\/\/futbolhoy.co\/#organization"},"potentialAction":[{"@type":"SearchAction","target":{"@type":"EntryPoint","urlTemplate":"https:\/\/futbolhoy.co\/?s={search_term_string}"},"query-input":{"@type":"PropertyValueSpecification","valueRequired":true,"valueName":"search_term_string"}}],"inLanguage":"es"},{"@type":"Organization","@id":"https:\/\/futbolhoy.co\/#organization","name":"Futbolhoy.co","url":"https:\/\/futbolhoy.co\/","logo":{"@type":"ImageObject","inLanguage":"es","@id":"https:\/\/futbolhoy.co\/#\/schema\/logo\/image\/","url":"https:\/\/futbolhoy.co\/wp-content\/uploads\/2018\/08\/17426380_1906371736249227_6326180412931521141_n.jpg","contentUrl":"https:\/\/futbolhoy.co\/wp-content\/uploads\/2018\/08\/17426380_1906371736249227_6326180412931521141_n.jpg","width":960,"height":960,"caption":"Futbolhoy.co"},"image":{"@id":"https:\/\/futbolhoy.co\/#\/schema\/logo\/image\/"},"sameAs":["https:\/\/www.facebook.com\/FutbolHoyCol\/","https:\/\/x.com\/FutbolHoyCol","https:\/\/www.instagram.com\/futbolhoycol\/"]},{"@type":"Person","@id":"https:\/\/futbolhoy.co\/#\/schema\/person\/c4a353a512b127643723a34bb1812f7d","name":"Laura Hern\u00e1ndez","image":{"@type":"ImageObject","inLanguage":"es","@id":"https:\/\/futbolhoy.co\/#\/schema\/person\/image\/","url":"https:\/\/secure.gravatar.com\/avatar\/d25959a15b9b293a743f99181c7cfd01?s=96&d=mm&r=g","contentUrl":"https:\/\/secure.gravatar.com\/avatar\/d25959a15b9b293a743f99181c7cfd01?s=96&d=mm&r=g","caption":"Laura Hern\u00e1ndez"}}]}},"publishpress_future_action":{"enabled":false,"date":"2026-05-05 20:17:52","action":"change-status","newStatus":"draft","terms":[],"taxonomy":"category","extraData":[]},"publishpress_future_workflow_manual_trigger":{"enabledWorkflows":[]},"_links":{"self":[{"href":"https:\/\/futbolhoy.co\/index.php\/wp-json\/wp\/v2\/posts\/52323","targetHints":{"allow":["GET"]}}],"collection":[{"href":"https:\/\/futbolhoy.co\/index.php\/wp-json\/wp\/v2\/posts"}],"about":[{"href":"https:\/\/futbolhoy.co\/index.php\/wp-json\/wp\/v2\/types\/post"}],"author":[{"embeddable":true,"href":"https:\/\/futbolhoy.co\/index.php\/wp-json\/wp\/v2\/users\/5"}],"replies":[{"embeddable":true,"href":"https:\/\/futbolhoy.co\/index.php\/wp-json\/wp\/v2\/comments?post=52323"}],"version-history":[{"count":4,"href":"https:\/\/futbolhoy.co\/index.php\/wp-json\/wp\/v2\/posts\/52323\/revisions"}],"predecessor-version":[{"id":52335,"href":"https:\/\/futbolhoy.co\/index.php\/wp-json\/wp\/v2\/posts\/52323\/revisions\/52335"}],"wp:featuredmedia":[{"embeddable":true,"href":"https:\/\/futbolhoy.co\/index.php\/wp-json\/wp\/v2\/media\/52333"}],"wp:attachment":[{"href":"https:\/\/futbolhoy.co\/index.php\/wp-json\/wp\/v2\/media?parent=52323"}],"wp:term":[{"taxonomy":"category","embeddable":true,"href":"https:\/\/futbolhoy.co\/index.php\/wp-json\/wp\/v2\/categories?post=52323"},{"taxonomy":"post_tag","embeddable":true,"href":"https:\/\/futbolhoy.co\/index.php\/wp-json\/wp\/v2\/tags?post=52323"}],"curies":[{"name":"wp","href":"https:\/\/api.w.org\/{rel}","templated":true}]}}