{"id":52366,"date":"2020-06-13T16:03:05","date_gmt":"2020-06-13T21:03:05","guid":{"rendered":"https:\/\/futbolhoy.co\/?p=52366"},"modified":"2020-06-14T10:16:01","modified_gmt":"2020-06-14T15:16:01","slug":"ospina-de-villano-a-heroe","status":"publish","type":"post","link":"https:\/\/futbolhoy.co\/index.php\/2020\/06\/13\/ospina-de-villano-a-heroe\/","title":{"rendered":"Ospina, de villano a h\u00e9roe"},"content":{"rendered":"<p style=\"text-align: justify;\"><span style=\"font-family: helvetica, arial, sans-serif;\">El portero colombiano\u00a0<b>David Ospina<\/b>\u00a0fue protagonista en el paso de su equipo\u00a0<b>Napoli<\/b>\u00a0a la final de la\u00a0<b>Copa Italia<\/b>, luego de igualar en el estadio\u00a0<b>San Paolo<\/b>\u00a01-1 con el\u00a0<b>Inter de Mil\u00e1n<\/b>\u00a0en el partido de vuelta por las semifinales del torneo.<\/span><\/p>\n<p style=\"text-align: justify;\"><span style=\"font-family: helvetica, arial, sans-serif;\">Ospina recibi\u00f3 a los 2 minutos de juego un gol ol\u00edmpico por parte del dan\u00e9s\u00a0<b>Christian Eriksen<\/b>; pero despu\u00e9s elev\u00f3 sustancialmente su nivel y no solo tuvo grandes atajadas, sino que contribuy\u00f3 en una r\u00e1pida salida que termin\u00f3 en el gol del empate por parte del atacante belga\u00a0<b>Dries Mertens<\/b>\u00a0a los 41 minutos.<\/span><\/p>\n<p style=\"text-align: justify;\"><span style=\"font-family: helvetica, arial, sans-serif;\">El partido tuvo gran nivel por parte de ambos equipos, con din\u00e1mica, despliegue f\u00edsico y vocaci\u00f3n ofensiva. El golero antioque\u00f1o fue amonestado a los 79 minutos.<\/span><\/p>\n<p style=\"text-align: justify;\"><span style=\"font-family: helvetica, arial, sans-serif;\">Napoli, sin Ospina, enfrentar\u00e1 el mi\u00e9rcoles 17 de junio en el estadio <b>Ol\u00edmpico de Roma<\/b>\u00a0a la\u00a0<b>Juventus<\/b>, donde milita\u00a0<b>Juan Guillermo Cuadrado<\/b>, en la gran final de Copa. El arquero colombiano se perder\u00e1 la final por acumulaci\u00f3n de tarjetas amarillas.\u00a0<\/span><\/p>\n<p style=\"text-align: justify;\"><span style=\"font-family: helvetica, arial, sans-serif;\"><b>Formaciones:<\/b><\/span><\/p>\n<p style=\"text-align: justify;\"><span style=\"font-family: helvetica, arial, sans-serif;\"><b>Napoli:<\/b>\u00a0David Ospina; Giovanni Di Lorenzo, Nikola Maksimovic, Kalidou Koulibaly, Eldeid Hysaj; Eljif Elmas (Fabi\u00e1n Ruiz (65\u2019), Diego Demme, Piotr Zielinski (Allan 85\u2019); Matteo Politano (Jos\u00e9 Callej\u00f3n 65\u2019), Dries Mertens (Arek Milik 75\u2019) y Lorenzo Insigne (Amin Younes 85\u2019).<\/span><\/p>\n<div style=\"text-align: justify;\"><span style=\"font-family: helvetica, arial, sans-serif;\"><b>Inter:<\/b>\u00a0Samir Handanovic; Milan Skrinar, Stefan de Vrij (Andr\u00e9s Ranokia 88\u2019), Alessandro Bastoni; Antonio Candreva (V\u00edctor Moses 72\u2019), Nicolo Barella, Marcelo Brozovic, Ashley Young (Cristiano Biraghi 72\u2019); Christian Eriksen (Stefano Sensi 88\u2019); Romelu Lukaku y Lautaro Mart\u00ednez (Alexis S\u00e1nchez 72\u2019).<\/span><\/div>\n<div dir=\"ltr\" style=\"text-align: justify;\"><span style=\"font-family: helvetica, arial, sans-serif;\"><b>\u00c1rbitro:<\/b>\u00a0Gianluca Rocchi.<\/span><\/div>\n","protected":false},"excerpt":{"rendered":"<p>El portero colombiano\u00a0David Ospina\u00a0fue protagonista en el paso de su equipo\u00a0Napoli\u00a0a la final de la\u00a0Copa Italia, luego de igualar en el estadio\u00a0San Paolo\u00a01-1 con el\u00a0Inter de Mil\u00e1n\u00a0en el partido de vuelta por las semifinales del torneo. Ospina recibi\u00f3 a los 2 minutos de juego un gol ol\u00edmpico por parte del dan\u00e9s\u00a0Christian Eriksen; pero despu\u00e9s elev\u00f3 [&hellip;]<\/p>\n","protected":false},"author":5,"featured_media":52368,"comment_status":"open","ping_status":"open","sticky":false,"template":"","format":"standard","meta":{"_acf_changed":false,"footnotes":""},"categories":[418],"tags":[],"class_list":{"0":"post-52366","1":"post","2":"type-post","3":"status-publish","4":"format-standard","5":"has-post-thumbnail","7":"category-colombia"},"acf":[],"yoast_head":"<!-- This site is optimized with the Yoast SEO plugin v26.8 - https:\/\/yoast.com\/product\/yoast-seo-wordpress\/ -->\n<title>Ospina, de villano a h\u00e9roe -<\/title>\n<meta name=\"robots\" content=\"index, follow, max-snippet:-1, max-image-preview:large, max-video-preview:-1\" \/>\n<link rel=\"canonical\" href=\"https:\/\/futbolhoy.co\/index.php\/2020\/06\/13\/ospina-de-villano-a-heroe\/\" \/>\n<meta property=\"og:locale\" content=\"es_ES\" \/>\n<meta property=\"og:type\" content=\"article\" \/>\n<meta property=\"og:title\" content=\"Ospina, de villano a h\u00e9roe -\" \/>\n<meta property=\"og:description\" content=\"El portero colombiano\u00a0David Ospina\u00a0fue protagonista en el paso de su equipo\u00a0Napoli\u00a0a la final de la\u00a0Copa Italia, luego de igualar en el estadio\u00a0San Paolo\u00a01-1 con el\u00a0Inter de Mil\u00e1n\u00a0en el partido de vuelta por las semifinales del torneo. Ospina recibi\u00f3 a los 2 minutos de juego un gol ol\u00edmpico por parte del dan\u00e9s\u00a0Christian Eriksen; pero despu\u00e9s elev\u00f3 [&hellip;]\" \/>\n<meta property=\"og:url\" content=\"https:\/\/futbolhoy.co\/index.php\/2020\/06\/13\/ospina-de-villano-a-heroe\/\" \/>\n<meta property=\"article:publisher\" content=\"https:\/\/www.facebook.com\/FutbolHoyCol\/\" \/>\n<meta property=\"article:published_time\" content=\"2020-06-13T21:03:05+00:00\" \/>\n<meta property=\"article:modified_time\" content=\"2020-06-14T15:16:01+00:00\" \/>\n<meta property=\"og:image\" content=\"https:\/\/futbolhoy.co\/wp-content\/uploads\/2020\/06\/20200613_160227.jpg\" \/>\n\t<meta property=\"og:image:width\" content=\"1600\" \/>\n\t<meta property=\"og:image:height\" content=\"1142\" \/>\n\t<meta property=\"og:image:type\" content=\"image\/jpeg\" \/>\n<meta name=\"author\" content=\"Laura Hern\u00e1ndez\" \/>\n<meta name=\"twitter:card\" content=\"summary_large_image\" \/>\n<meta name=\"twitter:creator\" content=\"@FutbolHoyCol\" \/>\n<meta name=\"twitter:site\" content=\"@FutbolHoyCol\" \/>\n<meta name=\"twitter:label1\" content=\"Escrito por\" \/>\n\t<meta name=\"twitter:data1\" content=\"Laura Hern\u00e1ndez\" \/>\n\t<meta name=\"twitter:label2\" content=\"Tiempo de lectura\" \/>\n\t<meta name=\"twitter:data2\" content=\"1 minuto\" \/>\n<script type=\"application\/ld+json\" class=\"yoast-schema-graph\">{\"@context\":\"https:\/\/schema.org\",\"@graph\":[{\"@type\":\"Article\",\"@id\":\"https:\/\/futbolhoy.co\/index.php\/2020\/06\/13\/ospina-de-villano-a-heroe\/#article\",\"isPartOf\":{\"@id\":\"https:\/\/futbolhoy.co\/index.php\/2020\/06\/13\/ospina-de-villano-a-heroe\/\"},\"author\":{\"name\":\"Laura Hern\u00e1ndez\",\"@id\":\"https:\/\/futbolhoy.co\/#\/schema\/person\/c4a353a512b127643723a34bb1812f7d\"},\"headline\":\"Ospina, de villano a h\u00e9roe\",\"datePublished\":\"2020-06-13T21:03:05+00:00\",\"dateModified\":\"2020-06-14T15:16:01+00:00\",\"mainEntityOfPage\":{\"@id\":\"https:\/\/futbolhoy.co\/index.php\/2020\/06\/13\/ospina-de-villano-a-heroe\/\"},\"wordCount\":259,\"commentCount\":0,\"publisher\":{\"@id\":\"https:\/\/futbolhoy.co\/#organization\"},\"image\":{\"@id\":\"https:\/\/futbolhoy.co\/index.php\/2020\/06\/13\/ospina-de-villano-a-heroe\/#primaryimage\"},\"thumbnailUrl\":\"https:\/\/futbolhoy.co\/wp-content\/uploads\/2020\/06\/20200613_160227.jpg\",\"articleSection\":[\"Colombia\"],\"inLanguage\":\"es\",\"potentialAction\":[{\"@type\":\"CommentAction\",\"name\":\"Comment\",\"target\":[\"https:\/\/futbolhoy.co\/index.php\/2020\/06\/13\/ospina-de-villano-a-heroe\/#respond\"]}]},{\"@type\":\"WebPage\",\"@id\":\"https:\/\/futbolhoy.co\/index.php\/2020\/06\/13\/ospina-de-villano-a-heroe\/\",\"url\":\"https:\/\/futbolhoy.co\/index.php\/2020\/06\/13\/ospina-de-villano-a-heroe\/\",\"name\":\"Ospina, de villano a h\u00e9roe -\",\"isPartOf\":{\"@id\":\"https:\/\/futbolhoy.co\/#website\"},\"primaryImageOfPage\":{\"@id\":\"https:\/\/futbolhoy.co\/index.php\/2020\/06\/13\/ospina-de-villano-a-heroe\/#primaryimage\"},\"image\":{\"@id\":\"https:\/\/futbolhoy.co\/index.php\/2020\/06\/13\/ospina-de-villano-a-heroe\/#primaryimage\"},\"thumbnailUrl\":\"https:\/\/futbolhoy.co\/wp-content\/uploads\/2020\/06\/20200613_160227.jpg\",\"datePublished\":\"2020-06-13T21:03:05+00:00\",\"dateModified\":\"2020-06-14T15:16:01+00:00\",\"breadcrumb\":{\"@id\":\"https:\/\/futbolhoy.co\/index.php\/2020\/06\/13\/ospina-de-villano-a-heroe\/#breadcrumb\"},\"inLanguage\":\"es\",\"potentialAction\":[{\"@type\":\"ReadAction\",\"target\":[\"https:\/\/futbolhoy.co\/index.php\/2020\/06\/13\/ospina-de-villano-a-heroe\/\"]}]},{\"@type\":\"ImageObject\",\"inLanguage\":\"es\",\"@id\":\"https:\/\/futbolhoy.co\/index.php\/2020\/06\/13\/ospina-de-villano-a-heroe\/#primaryimage\",\"url\":\"https:\/\/futbolhoy.co\/wp-content\/uploads\/2020\/06\/20200613_160227.jpg\",\"contentUrl\":\"https:\/\/futbolhoy.co\/wp-content\/uploads\/2020\/06\/20200613_160227.jpg\",\"width\":1600,\"height\":1142},{\"@type\":\"BreadcrumbList\",\"@id\":\"https:\/\/futbolhoy.co\/index.php\/2020\/06\/13\/ospina-de-villano-a-heroe\/#breadcrumb\",\"itemListElement\":[{\"@type\":\"ListItem\",\"position\":1,\"name\":\"Portada\",\"item\":\"https:\/\/futbolhoy.co\/\"},{\"@type\":\"ListItem\",\"position\":2,\"name\":\"Ospina, de villano a h\u00e9roe\"}]},{\"@type\":\"WebSite\",\"@id\":\"https:\/\/futbolhoy.co\/#website\",\"url\":\"https:\/\/futbolhoy.co\/\",\"name\":\"FutbolHoy\",\"description\":\"\",\"publisher\":{\"@id\":\"https:\/\/futbolhoy.co\/#organization\"},\"potentialAction\":[{\"@type\":\"SearchAction\",\"target\":{\"@type\":\"EntryPoint\",\"urlTemplate\":\"https:\/\/futbolhoy.co\/?s={search_term_string}\"},\"query-input\":{\"@type\":\"PropertyValueSpecification\",\"valueRequired\":true,\"valueName\":\"search_term_string\"}}],\"inLanguage\":\"es\"},{\"@type\":\"Organization\",\"@id\":\"https:\/\/futbolhoy.co\/#organization\",\"name\":\"Futbolhoy.co\",\"url\":\"https:\/\/futbolhoy.co\/\",\"logo\":{\"@type\":\"ImageObject\",\"inLanguage\":\"es\",\"@id\":\"https:\/\/futbolhoy.co\/#\/schema\/logo\/image\/\",\"url\":\"https:\/\/futbolhoy.co\/wp-content\/uploads\/2018\/08\/17426380_1906371736249227_6326180412931521141_n.jpg\",\"contentUrl\":\"https:\/\/futbolhoy.co\/wp-content\/uploads\/2018\/08\/17426380_1906371736249227_6326180412931521141_n.jpg\",\"width\":960,\"height\":960,\"caption\":\"Futbolhoy.co\"},\"image\":{\"@id\":\"https:\/\/futbolhoy.co\/#\/schema\/logo\/image\/\"},\"sameAs\":[\"https:\/\/www.facebook.com\/FutbolHoyCol\/\",\"https:\/\/x.com\/FutbolHoyCol\",\"https:\/\/www.instagram.com\/futbolhoycol\/\"]},{\"@type\":\"Person\",\"@id\":\"https:\/\/futbolhoy.co\/#\/schema\/person\/c4a353a512b127643723a34bb1812f7d\",\"name\":\"Laura Hern\u00e1ndez\",\"image\":{\"@type\":\"ImageObject\",\"inLanguage\":\"es\",\"@id\":\"https:\/\/futbolhoy.co\/#\/schema\/person\/image\/\",\"url\":\"https:\/\/secure.gravatar.com\/avatar\/d25959a15b9b293a743f99181c7cfd01?s=96&d=mm&r=g\",\"contentUrl\":\"https:\/\/secure.gravatar.com\/avatar\/d25959a15b9b293a743f99181c7cfd01?s=96&d=mm&r=g\",\"caption\":\"Laura Hern\u00e1ndez\"}}]}<\/script>\n<!-- \/ Yoast SEO plugin. -->","yoast_head_json":{"title":"Ospina, de villano a h\u00e9roe -","robots":{"index":"index","follow":"follow","max-snippet":"max-snippet:-1","max-image-preview":"max-image-preview:large","max-video-preview":"max-video-preview:-1"},"canonical":"https:\/\/futbolhoy.co\/index.php\/2020\/06\/13\/ospina-de-villano-a-heroe\/","og_locale":"es_ES","og_type":"article","og_title":"Ospina, de villano a h\u00e9roe -","og_description":"El portero colombiano\u00a0David Ospina\u00a0fue protagonista en el paso de su equipo\u00a0Napoli\u00a0a la final de la\u00a0Copa Italia, luego de igualar en el estadio\u00a0San Paolo\u00a01-1 con el\u00a0Inter de Mil\u00e1n\u00a0en el partido de vuelta por las semifinales del torneo. Ospina recibi\u00f3 a los 2 minutos de juego un gol ol\u00edmpico por parte del dan\u00e9s\u00a0Christian Eriksen; pero despu\u00e9s elev\u00f3 [&hellip;]","og_url":"https:\/\/futbolhoy.co\/index.php\/2020\/06\/13\/ospina-de-villano-a-heroe\/","article_publisher":"https:\/\/www.facebook.com\/FutbolHoyCol\/","article_published_time":"2020-06-13T21:03:05+00:00","article_modified_time":"2020-06-14T15:16:01+00:00","og_image":[{"width":1600,"height":1142,"url":"https:\/\/futbolhoy.co\/wp-content\/uploads\/2020\/06\/20200613_160227.jpg","type":"image\/jpeg"}],"author":"Laura Hern\u00e1ndez","twitter_card":"summary_large_image","twitter_creator":"@FutbolHoyCol","twitter_site":"@FutbolHoyCol","twitter_misc":{"Escrito por":"Laura Hern\u00e1ndez","Tiempo de lectura":"1 minuto"},"schema":{"@context":"https:\/\/schema.org","@graph":[{"@type":"Article","@id":"https:\/\/futbolhoy.co\/index.php\/2020\/06\/13\/ospina-de-villano-a-heroe\/#article","isPartOf":{"@id":"https:\/\/futbolhoy.co\/index.php\/2020\/06\/13\/ospina-de-villano-a-heroe\/"},"author":{"name":"Laura Hern\u00e1ndez","@id":"https:\/\/futbolhoy.co\/#\/schema\/person\/c4a353a512b127643723a34bb1812f7d"},"headline":"Ospina, de villano a h\u00e9roe","datePublished":"2020-06-13T21:03:05+00:00","dateModified":"2020-06-14T15:16:01+00:00","mainEntityOfPage":{"@id":"https:\/\/futbolhoy.co\/index.php\/2020\/06\/13\/ospina-de-villano-a-heroe\/"},"wordCount":259,"commentCount":0,"publisher":{"@id":"https:\/\/futbolhoy.co\/#organization"},"image":{"@id":"https:\/\/futbolhoy.co\/index.php\/2020\/06\/13\/ospina-de-villano-a-heroe\/#primaryimage"},"thumbnailUrl":"https:\/\/futbolhoy.co\/wp-content\/uploads\/2020\/06\/20200613_160227.jpg","articleSection":["Colombia"],"inLanguage":"es","potentialAction":[{"@type":"CommentAction","name":"Comment","target":["https:\/\/futbolhoy.co\/index.php\/2020\/06\/13\/ospina-de-villano-a-heroe\/#respond"]}]},{"@type":"WebPage","@id":"https:\/\/futbolhoy.co\/index.php\/2020\/06\/13\/ospina-de-villano-a-heroe\/","url":"https:\/\/futbolhoy.co\/index.php\/2020\/06\/13\/ospina-de-villano-a-heroe\/","name":"Ospina, de villano a h\u00e9roe -","isPartOf":{"@id":"https:\/\/futbolhoy.co\/#website"},"primaryImageOfPage":{"@id":"https:\/\/futbolhoy.co\/index.php\/2020\/06\/13\/ospina-de-villano-a-heroe\/#primaryimage"},"image":{"@id":"https:\/\/futbolhoy.co\/index.php\/2020\/06\/13\/ospina-de-villano-a-heroe\/#primaryimage"},"thumbnailUrl":"https:\/\/futbolhoy.co\/wp-content\/uploads\/2020\/06\/20200613_160227.jpg","datePublished":"2020-06-13T21:03:05+00:00","dateModified":"2020-06-14T15:16:01+00:00","breadcrumb":{"@id":"https:\/\/futbolhoy.co\/index.php\/2020\/06\/13\/ospina-de-villano-a-heroe\/#breadcrumb"},"inLanguage":"es","potentialAction":[{"@type":"ReadAction","target":["https:\/\/futbolhoy.co\/index.php\/2020\/06\/13\/ospina-de-villano-a-heroe\/"]}]},{"@type":"ImageObject","inLanguage":"es","@id":"https:\/\/futbolhoy.co\/index.php\/2020\/06\/13\/ospina-de-villano-a-heroe\/#primaryimage","url":"https:\/\/futbolhoy.co\/wp-content\/uploads\/2020\/06\/20200613_160227.jpg","contentUrl":"https:\/\/futbolhoy.co\/wp-content\/uploads\/2020\/06\/20200613_160227.jpg","width":1600,"height":1142},{"@type":"BreadcrumbList","@id":"https:\/\/futbolhoy.co\/index.php\/2020\/06\/13\/ospina-de-villano-a-heroe\/#breadcrumb","itemListElement":[{"@type":"ListItem","position":1,"name":"Portada","item":"https:\/\/futbolhoy.co\/"},{"@type":"ListItem","position":2,"name":"Ospina, de villano a h\u00e9roe"}]},{"@type":"WebSite","@id":"https:\/\/futbolhoy.co\/#website","url":"https:\/\/futbolhoy.co\/","name":"FutbolHoy","description":"","publisher":{"@id":"https:\/\/futbolhoy.co\/#organization"},"potentialAction":[{"@type":"SearchAction","target":{"@type":"EntryPoint","urlTemplate":"https:\/\/futbolhoy.co\/?s={search_term_string}"},"query-input":{"@type":"PropertyValueSpecification","valueRequired":true,"valueName":"search_term_string"}}],"inLanguage":"es"},{"@type":"Organization","@id":"https:\/\/futbolhoy.co\/#organization","name":"Futbolhoy.co","url":"https:\/\/futbolhoy.co\/","logo":{"@type":"ImageObject","inLanguage":"es","@id":"https:\/\/futbolhoy.co\/#\/schema\/logo\/image\/","url":"https:\/\/futbolhoy.co\/wp-content\/uploads\/2018\/08\/17426380_1906371736249227_6326180412931521141_n.jpg","contentUrl":"https:\/\/futbolhoy.co\/wp-content\/uploads\/2018\/08\/17426380_1906371736249227_6326180412931521141_n.jpg","width":960,"height":960,"caption":"Futbolhoy.co"},"image":{"@id":"https:\/\/futbolhoy.co\/#\/schema\/logo\/image\/"},"sameAs":["https:\/\/www.facebook.com\/FutbolHoyCol\/","https:\/\/x.com\/FutbolHoyCol","https:\/\/www.instagram.com\/futbolhoycol\/"]},{"@type":"Person","@id":"https:\/\/futbolhoy.co\/#\/schema\/person\/c4a353a512b127643723a34bb1812f7d","name":"Laura Hern\u00e1ndez","image":{"@type":"ImageObject","inLanguage":"es","@id":"https:\/\/futbolhoy.co\/#\/schema\/person\/image\/","url":"https:\/\/secure.gravatar.com\/avatar\/d25959a15b9b293a743f99181c7cfd01?s=96&d=mm&r=g","contentUrl":"https:\/\/secure.gravatar.com\/avatar\/d25959a15b9b293a743f99181c7cfd01?s=96&d=mm&r=g","caption":"Laura Hern\u00e1ndez"}}]}},"publishpress_future_action":{"enabled":false,"date":"2026-05-06 02:45:07","action":"change-status","newStatus":"draft","terms":[],"taxonomy":"category","extraData":[]},"publishpress_future_workflow_manual_trigger":{"enabledWorkflows":[]},"_links":{"self":[{"href":"https:\/\/futbolhoy.co\/index.php\/wp-json\/wp\/v2\/posts\/52366","targetHints":{"allow":["GET"]}}],"collection":[{"href":"https:\/\/futbolhoy.co\/index.php\/wp-json\/wp\/v2\/posts"}],"about":[{"href":"https:\/\/futbolhoy.co\/index.php\/wp-json\/wp\/v2\/types\/post"}],"author":[{"embeddable":true,"href":"https:\/\/futbolhoy.co\/index.php\/wp-json\/wp\/v2\/users\/5"}],"replies":[{"embeddable":true,"href":"https:\/\/futbolhoy.co\/index.php\/wp-json\/wp\/v2\/comments?post=52366"}],"version-history":[{"count":4,"href":"https:\/\/futbolhoy.co\/index.php\/wp-json\/wp\/v2\/posts\/52366\/revisions"}],"predecessor-version":[{"id":52372,"href":"https:\/\/futbolhoy.co\/index.php\/wp-json\/wp\/v2\/posts\/52366\/revisions\/52372"}],"wp:featuredmedia":[{"embeddable":true,"href":"https:\/\/futbolhoy.co\/index.php\/wp-json\/wp\/v2\/media\/52368"}],"wp:attachment":[{"href":"https:\/\/futbolhoy.co\/index.php\/wp-json\/wp\/v2\/media?parent=52366"}],"wp:term":[{"taxonomy":"category","embeddable":true,"href":"https:\/\/futbolhoy.co\/index.php\/wp-json\/wp\/v2\/categories?post=52366"},{"taxonomy":"post_tag","embeddable":true,"href":"https:\/\/futbolhoy.co\/index.php\/wp-json\/wp\/v2\/tags?post=52366"}],"curies":[{"name":"wp","href":"https:\/\/api.w.org\/{rel}","templated":true}]}}