{"id":52373,"date":"2020-06-13T17:25:07","date_gmt":"2020-06-13T22:25:07","guid":{"rendered":"https:\/\/futbolhoy.co\/?p=52373"},"modified":"2020-06-14T12:47:59","modified_gmt":"2020-06-14T17:47:59","slug":"volvio-la-alegria-del-futbol","status":"publish","type":"post","link":"https:\/\/futbolhoy.co\/index.php\/2020\/06\/13\/volvio-la-alegria-del-futbol\/","title":{"rendered":"Volvi\u00f3 la alegr\u00eda del f\u00fatbol"},"content":{"rendered":"<p style=\"text-align: justify;\"><span style=\"font-family: helvetica, arial, sans-serif;\"><strong>Barcelona,<\/strong> con la genialidad de su capit\u00e1n <strong>Lionel Messi<\/strong>, gole\u00f3 como visitante 0-4 al <strong>Mallorca<\/strong> en la reaparici\u00f3n en <strong>LaLiga<\/strong>, y en desarrollo de la jornada 28, con tantos del chileno <strong>Arturo Vidal<\/strong> (2\u2019), el dan\u00e9s <strong>Martin Braithwaite<\/strong> (37\u2019), el lateral espa\u00f1ol <strong>Jordi Alba<\/strong> (79\u2019) y el propio Leo (90\u2019 +3\u2019).<\/span><\/p>\n<p style=\"text-align: justify;\"><span style=\"font-family: helvetica, arial, sans-serif;\">El capit\u00e1n del equipo catal\u00e1n hizo dos asistencias para el segundo y tercer gol; y marc\u00f3 el cuarto, exhibiendo momentos brillantes como se esperaba; mientras que elogios por juego y personalidad tambi\u00e9n se llev\u00f3 el juvenil japon\u00e9s <strong>Takefusa Kubo<\/strong> (19), punzante en ataque y quien hizo lucir al arquero alem\u00e1n <strong>Marc Andr\u00e9 Ter Stegen<\/strong>.<\/span><\/p>\n<p style=\"text-align: justify;\"><span style=\"font-family: helvetica, arial, sans-serif;\">El delantero colombiano <strong>Juan Camilo \u2018Chuco\u2019 Hern\u00e1ndez<\/strong>, actu\u00f3 el primer tiempo sin trascendencia y fue sustituido para el per\u00edodo complementario por <strong>Junior Lago<\/strong>.<\/span><\/p>\n<p style=\"text-align: justify;\"><span style=\"font-family: helvetica, arial, sans-serif;\">En el <strong>Barcelona<\/strong> debut\u00f3 como titular el defensa central uruguayo <strong>Ronald Araujo<\/strong>, de 21 a\u00f1os y 1.93 metros de estatura.<\/span><\/p>\n<p style=\"text-align: justify;\"><span style=\"font-family: helvetica, arial, sans-serif;\"><strong>Barcelona<\/strong> mantuvo el dominio del f\u00fatbol espa\u00f1ol con 61 puntos, 5 de ventaja sobre el <strong>Real Madrid<\/strong>, que enfrentar\u00e1 este domingo al <strong>Eibar<\/strong> a las 12.30PM.<\/span><\/p>\n<p style=\"text-align: justify;\"><span style=\"font-family: helvetica, arial, sans-serif;\"><strong>Mallorca<\/strong> con 25 puntos sigue en zona de descenso.<\/span><\/p>\n<p style=\"text-align: justify;\"><span style=\"font-family: helvetica, arial, sans-serif;\"><b>Formaciones:<\/b><\/span><\/p>\n<p style=\"text-align: justify;\"><span style=\"font-family: helvetica, arial, sans-serif;\"><b>Mallorca:<\/b>\u00a0Manolo Reina; Alejandro Pozo, Martin Valjent, Raillo, Joan Sastre (Fran G\u00f3mez 45\u2019), Takefusa Kubo, Pedraza (Iddrissu Baba 57\u2019), Salva Sevilla (Yannis Salibur 84\u2019), Dani Rodr\u00edguez; Juan Camilo Hern\u00e1ndez (Junior Lago 45\u2019) y Ante Budmir (Abd\u00f3n 85\u2019).<\/span><\/p>\n<p style=\"text-align: justify;\"><span style=\"font-family: helvetica, arial, sans-serif;\"><b>Barcelona:<\/b>\u00a0Marc Andr\u00e9 Ter Stegen; Sergi Roberto (Nelson Semedo 71\u2019), Gerard Piqu\u00e9, Ronald Araujo, Jordi Alba; Arturo Vidal (Iv\u00e1n Rakitic 45\u2019), Sergio Busquets (Arthur 71\u2019), Frenkie de Jong (Junior Firpo 84\u2019); Lionel Messi, Antoine Griezmann (Luis Su\u00e1rez 57\u2019) y Martin Braithwaite.<\/span><\/p>\n<p style=\"text-align: justify;\"><span style=\"font-family: helvetica, arial, sans-serif;\"><b>\u00c1rbitro:<\/b>\u00a0Carlos del Cerro Grande.<\/span><\/p>\n","protected":false},"excerpt":{"rendered":"<p>Barcelona, con la genialidad de su capit\u00e1n Lionel Messi, gole\u00f3 como visitante 0-4 al Mallorca en la reaparici\u00f3n en LaLiga, y en desarrollo de la jornada 28, con tantos del chileno Arturo Vidal (2\u2019), el dan\u00e9s Martin Braithwaite (37\u2019), el lateral espa\u00f1ol Jordi Alba (79\u2019) y el propio Leo (90\u2019 +3\u2019). El capit\u00e1n del equipo [&hellip;]<\/p>\n","protected":false},"author":5,"featured_media":52375,"comment_status":"open","ping_status":"closed","sticky":false,"template":"","format":"standard","meta":{"_acf_changed":false,"footnotes":""},"categories":[152],"tags":[722],"class_list":{"0":"post-52373","1":"post","2":"type-post","3":"status-publish","4":"format-standard","5":"has-post-thumbnail","7":"category-mundo-futbol","8":"tag-barcelona"},"acf":[],"_links":{"self":[{"href":"https:\/\/futbolhoy.co\/index.php\/wp-json\/wp\/v2\/posts\/52373","targetHints":{"allow":["GET"]}}],"collection":[{"href":"https:\/\/futbolhoy.co\/index.php\/wp-json\/wp\/v2\/posts"}],"about":[{"href":"https:\/\/futbolhoy.co\/index.php\/wp-json\/wp\/v2\/types\/post"}],"author":[{"embeddable":true,"href":"https:\/\/futbolhoy.co\/index.php\/wp-json\/wp\/v2\/users\/5"}],"replies":[{"embeddable":true,"href":"https:\/\/futbolhoy.co\/index.php\/wp-json\/wp\/v2\/comments?post=52373"}],"version-history":[{"count":1,"href":"https:\/\/futbolhoy.co\/index.php\/wp-json\/wp\/v2\/posts\/52373\/revisions"}],"predecessor-version":[{"id":52376,"href":"https:\/\/futbolhoy.co\/index.php\/wp-json\/wp\/v2\/posts\/52373\/revisions\/52376"}],"wp:featuredmedia":[{"embeddable":true,"href":"https:\/\/futbolhoy.co\/index.php\/wp-json\/wp\/v2\/media\/52375"}],"wp:attachment":[{"href":"https:\/\/futbolhoy.co\/index.php\/wp-json\/wp\/v2\/media?parent=52373"}],"wp:term":[{"taxonomy":"category","embeddable":true,"href":"https:\/\/futbolhoy.co\/index.php\/wp-json\/wp\/v2\/categories?post=52373"},{"taxonomy":"post_tag","embeddable":true,"href":"https:\/\/futbolhoy.co\/index.php\/wp-json\/wp\/v2\/tags?post=52373"}],"curies":[{"name":"wp","href":"https:\/\/api.w.org\/{rel}","templated":true}]}}