{"id":52462,"date":"2020-06-15T19:31:47","date_gmt":"2020-06-16T00:31:47","guid":{"rendered":"https:\/\/futbolhoy.co\/?p=52462"},"modified":"2020-06-16T14:59:55","modified_gmt":"2020-06-16T19:59:55","slug":"lopez-reconocio-dialogos-con-america","status":"publish","type":"post","link":"https:\/\/futbolhoy.co\/index.php\/2020\/06\/15\/lopez-reconocio-dialogos-con-america\/","title":{"rendered":"L\u00f3pez reconoci\u00f3 di\u00e1logos con Am\u00e9rica"},"content":{"rendered":"<!--[if lt IE 9]><script>document.createElement('audio');<\/script><![endif]-->\n<audio class=\"wp-audio-shortcode\" id=\"audio-52462-1\" preload=\"none\" style=\"width: 100%;\" controls=\"controls\"><source type=\"audio\/mpeg\" src=\"https:\/\/futbolhoy.co\/wp-content\/uploads\/2020\/06\/\u00c1ngel-L\u00f3pez-Dt-Espa\u00f1ol-1.mp3?_=1\" \/><a href=\"https:\/\/futbolhoy.co\/wp-content\/uploads\/2020\/06\/\u00c1ngel-L\u00f3pez-Dt-Espa\u00f1ol-1.mp3\">https:\/\/futbolhoy.co\/wp-content\/uploads\/2020\/06\/\u00c1ngel-L\u00f3pez-Dt-Espa\u00f1ol-1.mp3<\/a><\/audio>\n<p>&nbsp;<\/p>\n<p><span style=\"font-size: 10pt;\"><em><strong>\u00c1ngel L\u00f3pez - Dt Espa\u00f1ol, VBAR Caracol Radio<\/strong><\/em><\/span><\/p>\n<p style=\"text-align: justify;\"><span style=\"font-family: helvetica, arial, sans-serif;\">El entrenador espa\u00f1ol, <b>\u00c1ngel L\u00f3pez<\/b>, reconoci\u00f3 haber sostenido varias conversaciones con\u00a0<b>Tulio G\u00f3mez<\/b>, m\u00e1ximo accionista del Am\u00e9rica, para asumir la direcci\u00f3n t\u00e9cnica del campe\u00f3n colombiano, ante la salida del brasile\u00f1o\u00a0<b>Alexandre Guimaraes<\/b>.<\/span><\/p>\n<p style=\"text-align: justify;\"><span style=\"font-family: helvetica, arial, sans-serif;\">L\u00f3pez, de 37 a\u00f1os, quien viene de dirigir al\u00a0<b>Delf\u00edn de Manta<\/b>\u00a0en Ecuador, asegur\u00f3 que los primeros contactos fueron a trav\u00e9s de intermediarios, pero durante el fin de semana ya fueron directos y las cartas est\u00e1n sobre la mesa.<\/span><\/p>\n<p style=\"text-align: justify;\"><span style=\"font-family: helvetica, arial, sans-serif;\">\u201cHa surgido un acercamiento con Am\u00e9rica, este fin de semana sostuvimos varias conversaciones, vamos a ver cu\u00e1l es la decisi\u00f3n definitiva con Tulio\u201d, declar\u00f3 L\u00f3pez en el\u00a0<i>VBAR de Caracol Radio<\/i>.<\/span><\/p>\n<p style=\"text-align: justify;\"><span style=\"font-family: helvetica, arial, sans-serif;\">El espa\u00f1ol agreg\u00f3: \u201cSer\u00eda un reto important\u00edsimo para m\u00ed, una oportunidad en mi carrera que no puedo dejar pasar\u201d.<\/span><\/p>\n<p style=\"text-align: justify;\"><span style=\"font-family: helvetica, arial, sans-serif;\">L\u00f3pez alcanz\u00f3 el t\u00edtulo de la\u00a0<b>Supercopa de Ecuador<\/b>\u00a0con Delf\u00edn este a\u00f1o.<\/span><\/p>\n<p style=\"text-align: justify;\"><span style=\"font-family: helvetica, arial, sans-serif;\"><b>C\u00e9sar Torres<\/b>, actual t\u00e9cnico de\u00a0<b>Alianza Petrolera<\/b>, y\u00a0<b>Juan Cruz Real<\/b>\u00a0tambi\u00e9n figuran en la lista de candidatos a ocupar el banquillo \u2018escarlata\u2019 ocupado de manera interina por\u00a0<b>Jerson Gonz\u00e1lez<\/b>.<\/span><\/p>\n","protected":false},"excerpt":{"rendered":"<p>&nbsp; \u00c1ngel L\u00f3pez - Dt Espa\u00f1ol, VBAR Caracol Radio El entrenador espa\u00f1ol, \u00c1ngel L\u00f3pez, reconoci\u00f3 haber sostenido varias conversaciones con\u00a0Tulio G\u00f3mez, m\u00e1ximo accionista del Am\u00e9rica, para asumir la direcci\u00f3n t\u00e9cnica del campe\u00f3n colombiano, ante la salida del brasile\u00f1o\u00a0Alexandre Guimaraes. L\u00f3pez, de 37 a\u00f1os, quien viene de dirigir al\u00a0Delf\u00edn de Manta\u00a0en Ecuador, asegur\u00f3 que los primeros [&hellip;]<\/p>\n","protected":false},"author":5,"featured_media":52463,"comment_status":"open","ping_status":"open","sticky":false,"template":"","format":"video","meta":{"_acf_changed":false,"footnotes":""},"categories":[7],"tags":[],"class_list":{"0":"post-52462","1":"post","2":"type-post","3":"status-publish","4":"format-video","5":"has-post-thumbnail","7":"category-liga-betplay","8":"post_format-post-format-video"},"acf":[],"yoast_head":"<!-- This site is optimized with the Yoast SEO plugin v26.8 - https:\/\/yoast.com\/product\/yoast-seo-wordpress\/ -->\n<title>L\u00f3pez reconoci\u00f3 di\u00e1logos con Am\u00e9rica -<\/title>\n<meta name=\"robots\" content=\"index, follow, max-snippet:-1, max-image-preview:large, max-video-preview:-1\" \/>\n<link rel=\"canonical\" href=\"https:\/\/futbolhoy.co\/index.php\/2020\/06\/15\/lopez-reconocio-dialogos-con-america\/\" \/>\n<meta property=\"og:locale\" content=\"es_ES\" \/>\n<meta property=\"og:type\" content=\"article\" \/>\n<meta property=\"og:title\" content=\"L\u00f3pez reconoci\u00f3 di\u00e1logos con Am\u00e9rica -\" \/>\n<meta property=\"og:description\" content=\"&nbsp; \u00c1ngel L\u00f3pez - Dt Espa\u00f1ol, VBAR Caracol Radio El entrenador espa\u00f1ol, \u00c1ngel L\u00f3pez, reconoci\u00f3 haber sostenido varias conversaciones con\u00a0Tulio G\u00f3mez, m\u00e1ximo accionista del Am\u00e9rica, para asumir la direcci\u00f3n t\u00e9cnica del campe\u00f3n colombiano, ante la salida del brasile\u00f1o\u00a0Alexandre Guimaraes. L\u00f3pez, de 37 a\u00f1os, quien viene de dirigir al\u00a0Delf\u00edn de Manta\u00a0en Ecuador, asegur\u00f3 que los primeros [&hellip;]\" \/>\n<meta property=\"og:url\" content=\"https:\/\/futbolhoy.co\/index.php\/2020\/06\/15\/lopez-reconocio-dialogos-con-america\/\" \/>\n<meta property=\"article:publisher\" content=\"https:\/\/www.facebook.com\/FutbolHoyCol\/\" \/>\n<meta property=\"article:published_time\" content=\"2020-06-16T00:31:47+00:00\" \/>\n<meta property=\"article:modified_time\" content=\"2020-06-16T19:59:55+00:00\" \/>\n<meta property=\"og:image\" content=\"https:\/\/futbolhoy.co\/wp-content\/uploads\/2020\/06\/miguel-angel-lc3b3pez.png\" \/>\n\t<meta property=\"og:image:width\" content=\"925\" \/>\n\t<meta property=\"og:image:height\" content=\"619\" \/>\n\t<meta property=\"og:image:type\" content=\"image\/png\" \/>\n<meta name=\"author\" content=\"Laura Hern\u00e1ndez\" \/>\n<meta name=\"twitter:card\" content=\"summary_large_image\" \/>\n<meta name=\"twitter:creator\" content=\"@FutbolHoyCol\" \/>\n<meta name=\"twitter:site\" content=\"@FutbolHoyCol\" \/>\n<meta name=\"twitter:label1\" content=\"Escrito por\" \/>\n\t<meta name=\"twitter:data1\" content=\"Laura Hern\u00e1ndez\" \/>\n\t<meta name=\"twitter:label2\" content=\"Tiempo de lectura\" \/>\n\t<meta name=\"twitter:data2\" content=\"1 minuto\" \/>\n<script type=\"application\/ld+json\" class=\"yoast-schema-graph\">{\"@context\":\"https:\/\/schema.org\",\"@graph\":[{\"@type\":\"Article\",\"@id\":\"https:\/\/futbolhoy.co\/index.php\/2020\/06\/15\/lopez-reconocio-dialogos-con-america\/#article\",\"isPartOf\":{\"@id\":\"https:\/\/futbolhoy.co\/index.php\/2020\/06\/15\/lopez-reconocio-dialogos-con-america\/\"},\"author\":{\"name\":\"Laura Hern\u00e1ndez\",\"@id\":\"https:\/\/futbolhoy.co\/#\/schema\/person\/c4a353a512b127643723a34bb1812f7d\"},\"headline\":\"L\u00f3pez reconoci\u00f3 di\u00e1logos con Am\u00e9rica\",\"datePublished\":\"2020-06-16T00:31:47+00:00\",\"dateModified\":\"2020-06-16T19:59:55+00:00\",\"mainEntityOfPage\":{\"@id\":\"https:\/\/futbolhoy.co\/index.php\/2020\/06\/15\/lopez-reconocio-dialogos-con-america\/\"},\"wordCount\":224,\"commentCount\":0,\"publisher\":{\"@id\":\"https:\/\/futbolhoy.co\/#organization\"},\"image\":{\"@id\":\"https:\/\/futbolhoy.co\/index.php\/2020\/06\/15\/lopez-reconocio-dialogos-con-america\/#primaryimage\"},\"thumbnailUrl\":\"https:\/\/futbolhoy.co\/wp-content\/uploads\/2020\/06\/miguel-angel-lc3b3pez.png\",\"articleSection\":[\"Liga BetPlay\"],\"inLanguage\":\"es\",\"potentialAction\":[{\"@type\":\"CommentAction\",\"name\":\"Comment\",\"target\":[\"https:\/\/futbolhoy.co\/index.php\/2020\/06\/15\/lopez-reconocio-dialogos-con-america\/#respond\"]}]},{\"@type\":\"WebPage\",\"@id\":\"https:\/\/futbolhoy.co\/index.php\/2020\/06\/15\/lopez-reconocio-dialogos-con-america\/\",\"url\":\"https:\/\/futbolhoy.co\/index.php\/2020\/06\/15\/lopez-reconocio-dialogos-con-america\/\",\"name\":\"L\u00f3pez reconoci\u00f3 di\u00e1logos con Am\u00e9rica -\",\"isPartOf\":{\"@id\":\"https:\/\/futbolhoy.co\/#website\"},\"primaryImageOfPage\":{\"@id\":\"https:\/\/futbolhoy.co\/index.php\/2020\/06\/15\/lopez-reconocio-dialogos-con-america\/#primaryimage\"},\"image\":{\"@id\":\"https:\/\/futbolhoy.co\/index.php\/2020\/06\/15\/lopez-reconocio-dialogos-con-america\/#primaryimage\"},\"thumbnailUrl\":\"https:\/\/futbolhoy.co\/wp-content\/uploads\/2020\/06\/miguel-angel-lc3b3pez.png\",\"datePublished\":\"2020-06-16T00:31:47+00:00\",\"dateModified\":\"2020-06-16T19:59:55+00:00\",\"breadcrumb\":{\"@id\":\"https:\/\/futbolhoy.co\/index.php\/2020\/06\/15\/lopez-reconocio-dialogos-con-america\/#breadcrumb\"},\"inLanguage\":\"es\",\"potentialAction\":[{\"@type\":\"ReadAction\",\"target\":[\"https:\/\/futbolhoy.co\/index.php\/2020\/06\/15\/lopez-reconocio-dialogos-con-america\/\"]}]},{\"@type\":\"ImageObject\",\"inLanguage\":\"es\",\"@id\":\"https:\/\/futbolhoy.co\/index.php\/2020\/06\/15\/lopez-reconocio-dialogos-con-america\/#primaryimage\",\"url\":\"https:\/\/futbolhoy.co\/wp-content\/uploads\/2020\/06\/miguel-angel-lc3b3pez.png\",\"contentUrl\":\"https:\/\/futbolhoy.co\/wp-content\/uploads\/2020\/06\/miguel-angel-lc3b3pez.png\",\"width\":925,\"height\":619},{\"@type\":\"BreadcrumbList\",\"@id\":\"https:\/\/futbolhoy.co\/index.php\/2020\/06\/15\/lopez-reconocio-dialogos-con-america\/#breadcrumb\",\"itemListElement\":[{\"@type\":\"ListItem\",\"position\":1,\"name\":\"Portada\",\"item\":\"https:\/\/futbolhoy.co\/\"},{\"@type\":\"ListItem\",\"position\":2,\"name\":\"L\u00f3pez reconoci\u00f3 di\u00e1logos con Am\u00e9rica\"}]},{\"@type\":\"WebSite\",\"@id\":\"https:\/\/futbolhoy.co\/#website\",\"url\":\"https:\/\/futbolhoy.co\/\",\"name\":\"FutbolHoy\",\"description\":\"\",\"publisher\":{\"@id\":\"https:\/\/futbolhoy.co\/#organization\"},\"potentialAction\":[{\"@type\":\"SearchAction\",\"target\":{\"@type\":\"EntryPoint\",\"urlTemplate\":\"https:\/\/futbolhoy.co\/?s={search_term_string}\"},\"query-input\":{\"@type\":\"PropertyValueSpecification\",\"valueRequired\":true,\"valueName\":\"search_term_string\"}}],\"inLanguage\":\"es\"},{\"@type\":\"Organization\",\"@id\":\"https:\/\/futbolhoy.co\/#organization\",\"name\":\"Futbolhoy.co\",\"url\":\"https:\/\/futbolhoy.co\/\",\"logo\":{\"@type\":\"ImageObject\",\"inLanguage\":\"es\",\"@id\":\"https:\/\/futbolhoy.co\/#\/schema\/logo\/image\/\",\"url\":\"https:\/\/futbolhoy.co\/wp-content\/uploads\/2018\/08\/17426380_1906371736249227_6326180412931521141_n.jpg\",\"contentUrl\":\"https:\/\/futbolhoy.co\/wp-content\/uploads\/2018\/08\/17426380_1906371736249227_6326180412931521141_n.jpg\",\"width\":960,\"height\":960,\"caption\":\"Futbolhoy.co\"},\"image\":{\"@id\":\"https:\/\/futbolhoy.co\/#\/schema\/logo\/image\/\"},\"sameAs\":[\"https:\/\/www.facebook.com\/FutbolHoyCol\/\",\"https:\/\/x.com\/FutbolHoyCol\",\"https:\/\/www.instagram.com\/futbolhoycol\/\"]},{\"@type\":\"Person\",\"@id\":\"https:\/\/futbolhoy.co\/#\/schema\/person\/c4a353a512b127643723a34bb1812f7d\",\"name\":\"Laura Hern\u00e1ndez\",\"image\":{\"@type\":\"ImageObject\",\"inLanguage\":\"es\",\"@id\":\"https:\/\/futbolhoy.co\/#\/schema\/person\/image\/\",\"url\":\"https:\/\/secure.gravatar.com\/avatar\/d25959a15b9b293a743f99181c7cfd01?s=96&d=mm&r=g\",\"contentUrl\":\"https:\/\/secure.gravatar.com\/avatar\/d25959a15b9b293a743f99181c7cfd01?s=96&d=mm&r=g\",\"caption\":\"Laura Hern\u00e1ndez\"}}]}<\/script>\n<!-- \/ Yoast SEO plugin. -->","yoast_head_json":{"title":"L\u00f3pez reconoci\u00f3 di\u00e1logos con Am\u00e9rica -","robots":{"index":"index","follow":"follow","max-snippet":"max-snippet:-1","max-image-preview":"max-image-preview:large","max-video-preview":"max-video-preview:-1"},"canonical":"https:\/\/futbolhoy.co\/index.php\/2020\/06\/15\/lopez-reconocio-dialogos-con-america\/","og_locale":"es_ES","og_type":"article","og_title":"L\u00f3pez reconoci\u00f3 di\u00e1logos con Am\u00e9rica -","og_description":"&nbsp; \u00c1ngel L\u00f3pez - Dt Espa\u00f1ol, VBAR Caracol Radio El entrenador espa\u00f1ol, \u00c1ngel L\u00f3pez, reconoci\u00f3 haber sostenido varias conversaciones con\u00a0Tulio G\u00f3mez, m\u00e1ximo accionista del Am\u00e9rica, para asumir la direcci\u00f3n t\u00e9cnica del campe\u00f3n colombiano, ante la salida del brasile\u00f1o\u00a0Alexandre Guimaraes. L\u00f3pez, de 37 a\u00f1os, quien viene de dirigir al\u00a0Delf\u00edn de Manta\u00a0en Ecuador, asegur\u00f3 que los primeros [&hellip;]","og_url":"https:\/\/futbolhoy.co\/index.php\/2020\/06\/15\/lopez-reconocio-dialogos-con-america\/","article_publisher":"https:\/\/www.facebook.com\/FutbolHoyCol\/","article_published_time":"2020-06-16T00:31:47+00:00","article_modified_time":"2020-06-16T19:59:55+00:00","og_image":[{"width":925,"height":619,"url":"https:\/\/futbolhoy.co\/wp-content\/uploads\/2020\/06\/miguel-angel-lc3b3pez.png","type":"image\/png"}],"author":"Laura Hern\u00e1ndez","twitter_card":"summary_large_image","twitter_creator":"@FutbolHoyCol","twitter_site":"@FutbolHoyCol","twitter_misc":{"Escrito por":"Laura Hern\u00e1ndez","Tiempo de lectura":"1 minuto"},"schema":{"@context":"https:\/\/schema.org","@graph":[{"@type":"Article","@id":"https:\/\/futbolhoy.co\/index.php\/2020\/06\/15\/lopez-reconocio-dialogos-con-america\/#article","isPartOf":{"@id":"https:\/\/futbolhoy.co\/index.php\/2020\/06\/15\/lopez-reconocio-dialogos-con-america\/"},"author":{"name":"Laura Hern\u00e1ndez","@id":"https:\/\/futbolhoy.co\/#\/schema\/person\/c4a353a512b127643723a34bb1812f7d"},"headline":"L\u00f3pez reconoci\u00f3 di\u00e1logos con Am\u00e9rica","datePublished":"2020-06-16T00:31:47+00:00","dateModified":"2020-06-16T19:59:55+00:00","mainEntityOfPage":{"@id":"https:\/\/futbolhoy.co\/index.php\/2020\/06\/15\/lopez-reconocio-dialogos-con-america\/"},"wordCount":224,"commentCount":0,"publisher":{"@id":"https:\/\/futbolhoy.co\/#organization"},"image":{"@id":"https:\/\/futbolhoy.co\/index.php\/2020\/06\/15\/lopez-reconocio-dialogos-con-america\/#primaryimage"},"thumbnailUrl":"https:\/\/futbolhoy.co\/wp-content\/uploads\/2020\/06\/miguel-angel-lc3b3pez.png","articleSection":["Liga BetPlay"],"inLanguage":"es","potentialAction":[{"@type":"CommentAction","name":"Comment","target":["https:\/\/futbolhoy.co\/index.php\/2020\/06\/15\/lopez-reconocio-dialogos-con-america\/#respond"]}]},{"@type":"WebPage","@id":"https:\/\/futbolhoy.co\/index.php\/2020\/06\/15\/lopez-reconocio-dialogos-con-america\/","url":"https:\/\/futbolhoy.co\/index.php\/2020\/06\/15\/lopez-reconocio-dialogos-con-america\/","name":"L\u00f3pez reconoci\u00f3 di\u00e1logos con Am\u00e9rica -","isPartOf":{"@id":"https:\/\/futbolhoy.co\/#website"},"primaryImageOfPage":{"@id":"https:\/\/futbolhoy.co\/index.php\/2020\/06\/15\/lopez-reconocio-dialogos-con-america\/#primaryimage"},"image":{"@id":"https:\/\/futbolhoy.co\/index.php\/2020\/06\/15\/lopez-reconocio-dialogos-con-america\/#primaryimage"},"thumbnailUrl":"https:\/\/futbolhoy.co\/wp-content\/uploads\/2020\/06\/miguel-angel-lc3b3pez.png","datePublished":"2020-06-16T00:31:47+00:00","dateModified":"2020-06-16T19:59:55+00:00","breadcrumb":{"@id":"https:\/\/futbolhoy.co\/index.php\/2020\/06\/15\/lopez-reconocio-dialogos-con-america\/#breadcrumb"},"inLanguage":"es","potentialAction":[{"@type":"ReadAction","target":["https:\/\/futbolhoy.co\/index.php\/2020\/06\/15\/lopez-reconocio-dialogos-con-america\/"]}]},{"@type":"ImageObject","inLanguage":"es","@id":"https:\/\/futbolhoy.co\/index.php\/2020\/06\/15\/lopez-reconocio-dialogos-con-america\/#primaryimage","url":"https:\/\/futbolhoy.co\/wp-content\/uploads\/2020\/06\/miguel-angel-lc3b3pez.png","contentUrl":"https:\/\/futbolhoy.co\/wp-content\/uploads\/2020\/06\/miguel-angel-lc3b3pez.png","width":925,"height":619},{"@type":"BreadcrumbList","@id":"https:\/\/futbolhoy.co\/index.php\/2020\/06\/15\/lopez-reconocio-dialogos-con-america\/#breadcrumb","itemListElement":[{"@type":"ListItem","position":1,"name":"Portada","item":"https:\/\/futbolhoy.co\/"},{"@type":"ListItem","position":2,"name":"L\u00f3pez reconoci\u00f3 di\u00e1logos con Am\u00e9rica"}]},{"@type":"WebSite","@id":"https:\/\/futbolhoy.co\/#website","url":"https:\/\/futbolhoy.co\/","name":"FutbolHoy","description":"","publisher":{"@id":"https:\/\/futbolhoy.co\/#organization"},"potentialAction":[{"@type":"SearchAction","target":{"@type":"EntryPoint","urlTemplate":"https:\/\/futbolhoy.co\/?s={search_term_string}"},"query-input":{"@type":"PropertyValueSpecification","valueRequired":true,"valueName":"search_term_string"}}],"inLanguage":"es"},{"@type":"Organization","@id":"https:\/\/futbolhoy.co\/#organization","name":"Futbolhoy.co","url":"https:\/\/futbolhoy.co\/","logo":{"@type":"ImageObject","inLanguage":"es","@id":"https:\/\/futbolhoy.co\/#\/schema\/logo\/image\/","url":"https:\/\/futbolhoy.co\/wp-content\/uploads\/2018\/08\/17426380_1906371736249227_6326180412931521141_n.jpg","contentUrl":"https:\/\/futbolhoy.co\/wp-content\/uploads\/2018\/08\/17426380_1906371736249227_6326180412931521141_n.jpg","width":960,"height":960,"caption":"Futbolhoy.co"},"image":{"@id":"https:\/\/futbolhoy.co\/#\/schema\/logo\/image\/"},"sameAs":["https:\/\/www.facebook.com\/FutbolHoyCol\/","https:\/\/x.com\/FutbolHoyCol","https:\/\/www.instagram.com\/futbolhoycol\/"]},{"@type":"Person","@id":"https:\/\/futbolhoy.co\/#\/schema\/person\/c4a353a512b127643723a34bb1812f7d","name":"Laura Hern\u00e1ndez","image":{"@type":"ImageObject","inLanguage":"es","@id":"https:\/\/futbolhoy.co\/#\/schema\/person\/image\/","url":"https:\/\/secure.gravatar.com\/avatar\/d25959a15b9b293a743f99181c7cfd01?s=96&d=mm&r=g","contentUrl":"https:\/\/secure.gravatar.com\/avatar\/d25959a15b9b293a743f99181c7cfd01?s=96&d=mm&r=g","caption":"Laura Hern\u00e1ndez"}}]}},"publishpress_future_action":{"enabled":false,"date":"2026-05-04 05:21:53","action":"change-status","newStatus":"draft","terms":[],"taxonomy":"category","extraData":[]},"publishpress_future_workflow_manual_trigger":{"enabledWorkflows":[]},"_links":{"self":[{"href":"https:\/\/futbolhoy.co\/index.php\/wp-json\/wp\/v2\/posts\/52462","targetHints":{"allow":["GET"]}}],"collection":[{"href":"https:\/\/futbolhoy.co\/index.php\/wp-json\/wp\/v2\/posts"}],"about":[{"href":"https:\/\/futbolhoy.co\/index.php\/wp-json\/wp\/v2\/types\/post"}],"author":[{"embeddable":true,"href":"https:\/\/futbolhoy.co\/index.php\/wp-json\/wp\/v2\/users\/5"}],"replies":[{"embeddable":true,"href":"https:\/\/futbolhoy.co\/index.php\/wp-json\/wp\/v2\/comments?post=52462"}],"version-history":[{"count":3,"href":"https:\/\/futbolhoy.co\/index.php\/wp-json\/wp\/v2\/posts\/52462\/revisions"}],"predecessor-version":[{"id":52467,"href":"https:\/\/futbolhoy.co\/index.php\/wp-json\/wp\/v2\/posts\/52462\/revisions\/52467"}],"wp:featuredmedia":[{"embeddable":true,"href":"https:\/\/futbolhoy.co\/index.php\/wp-json\/wp\/v2\/media\/52463"}],"wp:attachment":[{"href":"https:\/\/futbolhoy.co\/index.php\/wp-json\/wp\/v2\/media?parent=52462"}],"wp:term":[{"taxonomy":"category","embeddable":true,"href":"https:\/\/futbolhoy.co\/index.php\/wp-json\/wp\/v2\/categories?post=52462"},{"taxonomy":"post_tag","embeddable":true,"href":"https:\/\/futbolhoy.co\/index.php\/wp-json\/wp\/v2\/tags?post=52462"}],"curies":[{"name":"wp","href":"https:\/\/api.w.org\/{rel}","templated":true}]}}