{"id":52468,"date":"2020-06-15T19:22:53","date_gmt":"2020-06-16T00:22:53","guid":{"rendered":"https:\/\/futbolhoy.co\/?p=52468"},"modified":"2020-06-16T12:36:00","modified_gmt":"2020-06-16T17:36:00","slug":"falcao-tiene-las-puertas-de-river-abiertas-francescoli","status":"publish","type":"post","link":"https:\/\/futbolhoy.co\/index.php\/2020\/06\/15\/falcao-tiene-las-puertas-de-river-abiertas-francescoli\/","title":{"rendered":"Falcao tiene las puertas de River abiertas: Francescoli"},"content":{"rendered":"<!--[if lt IE 9]><script>document.createElement('audio');<\/script><![endif]-->\n<audio class=\"wp-audio-shortcode\" id=\"audio-52468-1\" preload=\"none\" style=\"width: 100%;\" controls=\"controls\"><source type=\"audio\/mpeg\" src=\"https:\/\/futbolhoy.co\/wp-content\/uploads\/2020\/06\/Enzo-Francescoli-Manager-River.mp3?_=1\" \/><a href=\"https:\/\/futbolhoy.co\/wp-content\/uploads\/2020\/06\/Enzo-Francescoli-Manager-River.mp3\">https:\/\/futbolhoy.co\/wp-content\/uploads\/2020\/06\/Enzo-Francescoli-Manager-River.mp3<\/a><\/audio>\n<p><span style=\"font-size: 10pt;\"><strong><em><span style=\"font-family: helvetica, arial, sans-serif;\">Enzo Francescoli - Manager River, TNT Sports<\/span><\/em><\/strong><\/span><\/p>\n<p style=\"text-align: justify;\"><span style=\"font-family: helvetica, arial, sans-serif;\">El uruguayo\u00a0<b>Enzo Francescoli<\/b>, m\u00e1nager de\u00a0<b>River Plate<\/b>, asegur\u00f3 que los delanteros\u00a0<b>Falcao Garc\u00eda<\/b>\u00a0y\u00a0<b>Gonzalo Higua\u00edn<\/b>\u00a0tienen las puertas del club abiertas si quisieran regresar, pero lo ve como una hip\u00f3tesis dif\u00edcil de hacer realidad.<\/span><\/p>\n<p style=\"text-align: justify;\"><span style=\"font-family: helvetica, arial, sans-serif;\">Francescoli, asegur\u00f3 que las condiciones de ambos atacantes son extraordinarias y el club ver\u00eda con muy buenos ojos su retorno, como ya ha sucedido en el pasado con otros jugadores, pero que para que eso suceda se necesitar\u00eda un gran esfuerzo por parte de Falcao o Higua\u00edn.<\/span><\/p>\n<p style=\"text-align: justify;\"><span style=\"font-family: helvetica, arial, sans-serif;\">El hoy dirigente a\u00f1adi\u00f3 en\u00a0<i>TNT Sports<\/i>, que el tema no siempre pasa por lo econ\u00f3mico, sino que tambi\u00e9n las familias de los jugadores tienen peso en las decisiones y estas pueden ir por otra v\u00eda.<\/span><\/p>\n<p style=\"text-align: justify;\"><span style=\"font-family: helvetica, arial, sans-serif;\">River perdi\u00f3 la semana anterior a\u00a0<b>Ignacio Scocco<\/b>, uno de sus delanteros, quien no renov\u00f3 su contrato y podr\u00eda tambi\u00e9n perder al colombiano\u00a0<b>Rafael Santos Borr\u00e9<\/b>.<\/span><\/p>\n<p style=\"text-align: justify;\">\n","protected":false},"excerpt":{"rendered":"<p>Enzo Francescoli - Manager River, TNT Sports El uruguayo\u00a0Enzo Francescoli, m\u00e1nager de\u00a0River Plate, asegur\u00f3 que los delanteros\u00a0Falcao Garc\u00eda\u00a0y\u00a0Gonzalo Higua\u00edn\u00a0tienen las puertas del club abiertas si quisieran regresar, pero lo ve como una hip\u00f3tesis dif\u00edcil de hacer realidad. Francescoli, asegur\u00f3 que las condiciones de ambos atacantes son extraordinarias y el club ver\u00eda con muy buenos ojos [&hellip;]<\/p>\n","protected":false},"author":5,"featured_media":52470,"comment_status":"open","ping_status":"open","sticky":false,"template":"","format":"video","meta":{"_acf_changed":false,"footnotes":""},"categories":[418],"tags":[],"class_list":{"0":"post-52468","1":"post","2":"type-post","3":"status-publish","4":"format-video","5":"has-post-thumbnail","7":"category-colombia","8":"post_format-post-format-video"},"acf":[],"yoast_head":"<!-- This site is optimized with the Yoast SEO plugin v26.8 - https:\/\/yoast.com\/product\/yoast-seo-wordpress\/ -->\n<title>Falcao tiene las puertas de River abiertas: Francescoli -<\/title>\n<meta name=\"robots\" content=\"index, follow, max-snippet:-1, max-image-preview:large, max-video-preview:-1\" \/>\n<link rel=\"canonical\" href=\"https:\/\/futbolhoy.co\/index.php\/2020\/06\/15\/falcao-tiene-las-puertas-de-river-abiertas-francescoli\/\" \/>\n<meta property=\"og:locale\" content=\"es_ES\" \/>\n<meta property=\"og:type\" content=\"article\" \/>\n<meta property=\"og:title\" content=\"Falcao tiene las puertas de River abiertas: Francescoli -\" \/>\n<meta property=\"og:description\" content=\"Enzo Francescoli - Manager River, TNT Sports El uruguayo\u00a0Enzo Francescoli, m\u00e1nager de\u00a0River Plate, asegur\u00f3 que los delanteros\u00a0Falcao Garc\u00eda\u00a0y\u00a0Gonzalo Higua\u00edn\u00a0tienen las puertas del club abiertas si quisieran regresar, pero lo ve como una hip\u00f3tesis dif\u00edcil de hacer realidad. Francescoli, asegur\u00f3 que las condiciones de ambos atacantes son extraordinarias y el club ver\u00eda con muy buenos ojos [&hellip;]\" \/>\n<meta property=\"og:url\" content=\"https:\/\/futbolhoy.co\/index.php\/2020\/06\/15\/falcao-tiene-las-puertas-de-river-abiertas-francescoli\/\" \/>\n<meta property=\"article:publisher\" content=\"https:\/\/www.facebook.com\/FutbolHoyCol\/\" \/>\n<meta property=\"article:published_time\" content=\"2020-06-16T00:22:53+00:00\" \/>\n<meta property=\"article:modified_time\" content=\"2020-06-16T17:36:00+00:00\" \/>\n<meta property=\"og:image\" content=\"https:\/\/futbolhoy.co\/wp-content\/uploads\/2020\/06\/20200615_192211.jpg\" \/>\n\t<meta property=\"og:image:width\" content=\"1200\" \/>\n\t<meta property=\"og:image:height\" content=\"675\" \/>\n\t<meta property=\"og:image:type\" content=\"image\/jpeg\" \/>\n<meta name=\"author\" content=\"Laura Hern\u00e1ndez\" \/>\n<meta name=\"twitter:card\" content=\"summary_large_image\" \/>\n<meta name=\"twitter:creator\" content=\"@FutbolHoyCol\" \/>\n<meta name=\"twitter:site\" content=\"@FutbolHoyCol\" \/>\n<meta name=\"twitter:label1\" content=\"Escrito por\" \/>\n\t<meta name=\"twitter:data1\" content=\"Laura Hern\u00e1ndez\" \/>\n\t<meta name=\"twitter:label2\" content=\"Tiempo de lectura\" \/>\n\t<meta name=\"twitter:data2\" content=\"1 minuto\" \/>\n<script type=\"application\/ld+json\" class=\"yoast-schema-graph\">{\"@context\":\"https:\/\/schema.org\",\"@graph\":[{\"@type\":\"Article\",\"@id\":\"https:\/\/futbolhoy.co\/index.php\/2020\/06\/15\/falcao-tiene-las-puertas-de-river-abiertas-francescoli\/#article\",\"isPartOf\":{\"@id\":\"https:\/\/futbolhoy.co\/index.php\/2020\/06\/15\/falcao-tiene-las-puertas-de-river-abiertas-francescoli\/\"},\"author\":{\"name\":\"Laura Hern\u00e1ndez\",\"@id\":\"https:\/\/futbolhoy.co\/#\/schema\/person\/c4a353a512b127643723a34bb1812f7d\"},\"headline\":\"Falcao tiene las puertas de River abiertas: Francescoli\",\"datePublished\":\"2020-06-16T00:22:53+00:00\",\"dateModified\":\"2020-06-16T17:36:00+00:00\",\"mainEntityOfPage\":{\"@id\":\"https:\/\/futbolhoy.co\/index.php\/2020\/06\/15\/falcao-tiene-las-puertas-de-river-abiertas-francescoli\/\"},\"wordCount\":184,\"commentCount\":0,\"publisher\":{\"@id\":\"https:\/\/futbolhoy.co\/#organization\"},\"image\":{\"@id\":\"https:\/\/futbolhoy.co\/index.php\/2020\/06\/15\/falcao-tiene-las-puertas-de-river-abiertas-francescoli\/#primaryimage\"},\"thumbnailUrl\":\"https:\/\/futbolhoy.co\/wp-content\/uploads\/2020\/06\/20200615_192211.jpg\",\"articleSection\":[\"Colombia\"],\"inLanguage\":\"es\",\"potentialAction\":[{\"@type\":\"CommentAction\",\"name\":\"Comment\",\"target\":[\"https:\/\/futbolhoy.co\/index.php\/2020\/06\/15\/falcao-tiene-las-puertas-de-river-abiertas-francescoli\/#respond\"]}]},{\"@type\":\"WebPage\",\"@id\":\"https:\/\/futbolhoy.co\/index.php\/2020\/06\/15\/falcao-tiene-las-puertas-de-river-abiertas-francescoli\/\",\"url\":\"https:\/\/futbolhoy.co\/index.php\/2020\/06\/15\/falcao-tiene-las-puertas-de-river-abiertas-francescoli\/\",\"name\":\"Falcao tiene las puertas de River abiertas: Francescoli -\",\"isPartOf\":{\"@id\":\"https:\/\/futbolhoy.co\/#website\"},\"primaryImageOfPage\":{\"@id\":\"https:\/\/futbolhoy.co\/index.php\/2020\/06\/15\/falcao-tiene-las-puertas-de-river-abiertas-francescoli\/#primaryimage\"},\"image\":{\"@id\":\"https:\/\/futbolhoy.co\/index.php\/2020\/06\/15\/falcao-tiene-las-puertas-de-river-abiertas-francescoli\/#primaryimage\"},\"thumbnailUrl\":\"https:\/\/futbolhoy.co\/wp-content\/uploads\/2020\/06\/20200615_192211.jpg\",\"datePublished\":\"2020-06-16T00:22:53+00:00\",\"dateModified\":\"2020-06-16T17:36:00+00:00\",\"breadcrumb\":{\"@id\":\"https:\/\/futbolhoy.co\/index.php\/2020\/06\/15\/falcao-tiene-las-puertas-de-river-abiertas-francescoli\/#breadcrumb\"},\"inLanguage\":\"es\",\"potentialAction\":[{\"@type\":\"ReadAction\",\"target\":[\"https:\/\/futbolhoy.co\/index.php\/2020\/06\/15\/falcao-tiene-las-puertas-de-river-abiertas-francescoli\/\"]}]},{\"@type\":\"ImageObject\",\"inLanguage\":\"es\",\"@id\":\"https:\/\/futbolhoy.co\/index.php\/2020\/06\/15\/falcao-tiene-las-puertas-de-river-abiertas-francescoli\/#primaryimage\",\"url\":\"https:\/\/futbolhoy.co\/wp-content\/uploads\/2020\/06\/20200615_192211.jpg\",\"contentUrl\":\"https:\/\/futbolhoy.co\/wp-content\/uploads\/2020\/06\/20200615_192211.jpg\",\"width\":1200,\"height\":675},{\"@type\":\"BreadcrumbList\",\"@id\":\"https:\/\/futbolhoy.co\/index.php\/2020\/06\/15\/falcao-tiene-las-puertas-de-river-abiertas-francescoli\/#breadcrumb\",\"itemListElement\":[{\"@type\":\"ListItem\",\"position\":1,\"name\":\"Portada\",\"item\":\"https:\/\/futbolhoy.co\/\"},{\"@type\":\"ListItem\",\"position\":2,\"name\":\"Falcao tiene las puertas de River abiertas: Francescoli\"}]},{\"@type\":\"WebSite\",\"@id\":\"https:\/\/futbolhoy.co\/#website\",\"url\":\"https:\/\/futbolhoy.co\/\",\"name\":\"FutbolHoy\",\"description\":\"\",\"publisher\":{\"@id\":\"https:\/\/futbolhoy.co\/#organization\"},\"potentialAction\":[{\"@type\":\"SearchAction\",\"target\":{\"@type\":\"EntryPoint\",\"urlTemplate\":\"https:\/\/futbolhoy.co\/?s={search_term_string}\"},\"query-input\":{\"@type\":\"PropertyValueSpecification\",\"valueRequired\":true,\"valueName\":\"search_term_string\"}}],\"inLanguage\":\"es\"},{\"@type\":\"Organization\",\"@id\":\"https:\/\/futbolhoy.co\/#organization\",\"name\":\"Futbolhoy.co\",\"url\":\"https:\/\/futbolhoy.co\/\",\"logo\":{\"@type\":\"ImageObject\",\"inLanguage\":\"es\",\"@id\":\"https:\/\/futbolhoy.co\/#\/schema\/logo\/image\/\",\"url\":\"https:\/\/futbolhoy.co\/wp-content\/uploads\/2018\/08\/17426380_1906371736249227_6326180412931521141_n.jpg\",\"contentUrl\":\"https:\/\/futbolhoy.co\/wp-content\/uploads\/2018\/08\/17426380_1906371736249227_6326180412931521141_n.jpg\",\"width\":960,\"height\":960,\"caption\":\"Futbolhoy.co\"},\"image\":{\"@id\":\"https:\/\/futbolhoy.co\/#\/schema\/logo\/image\/\"},\"sameAs\":[\"https:\/\/www.facebook.com\/FutbolHoyCol\/\",\"https:\/\/x.com\/FutbolHoyCol\",\"https:\/\/www.instagram.com\/futbolhoycol\/\"]},{\"@type\":\"Person\",\"@id\":\"https:\/\/futbolhoy.co\/#\/schema\/person\/c4a353a512b127643723a34bb1812f7d\",\"name\":\"Laura Hern\u00e1ndez\",\"image\":{\"@type\":\"ImageObject\",\"inLanguage\":\"es\",\"@id\":\"https:\/\/futbolhoy.co\/#\/schema\/person\/image\/\",\"url\":\"https:\/\/secure.gravatar.com\/avatar\/d25959a15b9b293a743f99181c7cfd01?s=96&d=mm&r=g\",\"contentUrl\":\"https:\/\/secure.gravatar.com\/avatar\/d25959a15b9b293a743f99181c7cfd01?s=96&d=mm&r=g\",\"caption\":\"Laura Hern\u00e1ndez\"}}]}<\/script>\n<!-- \/ Yoast SEO plugin. -->","yoast_head_json":{"title":"Falcao tiene las puertas de River abiertas: Francescoli -","robots":{"index":"index","follow":"follow","max-snippet":"max-snippet:-1","max-image-preview":"max-image-preview:large","max-video-preview":"max-video-preview:-1"},"canonical":"https:\/\/futbolhoy.co\/index.php\/2020\/06\/15\/falcao-tiene-las-puertas-de-river-abiertas-francescoli\/","og_locale":"es_ES","og_type":"article","og_title":"Falcao tiene las puertas de River abiertas: Francescoli -","og_description":"Enzo Francescoli - Manager River, TNT Sports El uruguayo\u00a0Enzo Francescoli, m\u00e1nager de\u00a0River Plate, asegur\u00f3 que los delanteros\u00a0Falcao Garc\u00eda\u00a0y\u00a0Gonzalo Higua\u00edn\u00a0tienen las puertas del club abiertas si quisieran regresar, pero lo ve como una hip\u00f3tesis dif\u00edcil de hacer realidad. Francescoli, asegur\u00f3 que las condiciones de ambos atacantes son extraordinarias y el club ver\u00eda con muy buenos ojos [&hellip;]","og_url":"https:\/\/futbolhoy.co\/index.php\/2020\/06\/15\/falcao-tiene-las-puertas-de-river-abiertas-francescoli\/","article_publisher":"https:\/\/www.facebook.com\/FutbolHoyCol\/","article_published_time":"2020-06-16T00:22:53+00:00","article_modified_time":"2020-06-16T17:36:00+00:00","og_image":[{"width":1200,"height":675,"url":"https:\/\/futbolhoy.co\/wp-content\/uploads\/2020\/06\/20200615_192211.jpg","type":"image\/jpeg"}],"author":"Laura Hern\u00e1ndez","twitter_card":"summary_large_image","twitter_creator":"@FutbolHoyCol","twitter_site":"@FutbolHoyCol","twitter_misc":{"Escrito por":"Laura Hern\u00e1ndez","Tiempo de lectura":"1 minuto"},"schema":{"@context":"https:\/\/schema.org","@graph":[{"@type":"Article","@id":"https:\/\/futbolhoy.co\/index.php\/2020\/06\/15\/falcao-tiene-las-puertas-de-river-abiertas-francescoli\/#article","isPartOf":{"@id":"https:\/\/futbolhoy.co\/index.php\/2020\/06\/15\/falcao-tiene-las-puertas-de-river-abiertas-francescoli\/"},"author":{"name":"Laura Hern\u00e1ndez","@id":"https:\/\/futbolhoy.co\/#\/schema\/person\/c4a353a512b127643723a34bb1812f7d"},"headline":"Falcao tiene las puertas de River abiertas: Francescoli","datePublished":"2020-06-16T00:22:53+00:00","dateModified":"2020-06-16T17:36:00+00:00","mainEntityOfPage":{"@id":"https:\/\/futbolhoy.co\/index.php\/2020\/06\/15\/falcao-tiene-las-puertas-de-river-abiertas-francescoli\/"},"wordCount":184,"commentCount":0,"publisher":{"@id":"https:\/\/futbolhoy.co\/#organization"},"image":{"@id":"https:\/\/futbolhoy.co\/index.php\/2020\/06\/15\/falcao-tiene-las-puertas-de-river-abiertas-francescoli\/#primaryimage"},"thumbnailUrl":"https:\/\/futbolhoy.co\/wp-content\/uploads\/2020\/06\/20200615_192211.jpg","articleSection":["Colombia"],"inLanguage":"es","potentialAction":[{"@type":"CommentAction","name":"Comment","target":["https:\/\/futbolhoy.co\/index.php\/2020\/06\/15\/falcao-tiene-las-puertas-de-river-abiertas-francescoli\/#respond"]}]},{"@type":"WebPage","@id":"https:\/\/futbolhoy.co\/index.php\/2020\/06\/15\/falcao-tiene-las-puertas-de-river-abiertas-francescoli\/","url":"https:\/\/futbolhoy.co\/index.php\/2020\/06\/15\/falcao-tiene-las-puertas-de-river-abiertas-francescoli\/","name":"Falcao tiene las puertas de River abiertas: Francescoli -","isPartOf":{"@id":"https:\/\/futbolhoy.co\/#website"},"primaryImageOfPage":{"@id":"https:\/\/futbolhoy.co\/index.php\/2020\/06\/15\/falcao-tiene-las-puertas-de-river-abiertas-francescoli\/#primaryimage"},"image":{"@id":"https:\/\/futbolhoy.co\/index.php\/2020\/06\/15\/falcao-tiene-las-puertas-de-river-abiertas-francescoli\/#primaryimage"},"thumbnailUrl":"https:\/\/futbolhoy.co\/wp-content\/uploads\/2020\/06\/20200615_192211.jpg","datePublished":"2020-06-16T00:22:53+00:00","dateModified":"2020-06-16T17:36:00+00:00","breadcrumb":{"@id":"https:\/\/futbolhoy.co\/index.php\/2020\/06\/15\/falcao-tiene-las-puertas-de-river-abiertas-francescoli\/#breadcrumb"},"inLanguage":"es","potentialAction":[{"@type":"ReadAction","target":["https:\/\/futbolhoy.co\/index.php\/2020\/06\/15\/falcao-tiene-las-puertas-de-river-abiertas-francescoli\/"]}]},{"@type":"ImageObject","inLanguage":"es","@id":"https:\/\/futbolhoy.co\/index.php\/2020\/06\/15\/falcao-tiene-las-puertas-de-river-abiertas-francescoli\/#primaryimage","url":"https:\/\/futbolhoy.co\/wp-content\/uploads\/2020\/06\/20200615_192211.jpg","contentUrl":"https:\/\/futbolhoy.co\/wp-content\/uploads\/2020\/06\/20200615_192211.jpg","width":1200,"height":675},{"@type":"BreadcrumbList","@id":"https:\/\/futbolhoy.co\/index.php\/2020\/06\/15\/falcao-tiene-las-puertas-de-river-abiertas-francescoli\/#breadcrumb","itemListElement":[{"@type":"ListItem","position":1,"name":"Portada","item":"https:\/\/futbolhoy.co\/"},{"@type":"ListItem","position":2,"name":"Falcao tiene las puertas de River abiertas: Francescoli"}]},{"@type":"WebSite","@id":"https:\/\/futbolhoy.co\/#website","url":"https:\/\/futbolhoy.co\/","name":"FutbolHoy","description":"","publisher":{"@id":"https:\/\/futbolhoy.co\/#organization"},"potentialAction":[{"@type":"SearchAction","target":{"@type":"EntryPoint","urlTemplate":"https:\/\/futbolhoy.co\/?s={search_term_string}"},"query-input":{"@type":"PropertyValueSpecification","valueRequired":true,"valueName":"search_term_string"}}],"inLanguage":"es"},{"@type":"Organization","@id":"https:\/\/futbolhoy.co\/#organization","name":"Futbolhoy.co","url":"https:\/\/futbolhoy.co\/","logo":{"@type":"ImageObject","inLanguage":"es","@id":"https:\/\/futbolhoy.co\/#\/schema\/logo\/image\/","url":"https:\/\/futbolhoy.co\/wp-content\/uploads\/2018\/08\/17426380_1906371736249227_6326180412931521141_n.jpg","contentUrl":"https:\/\/futbolhoy.co\/wp-content\/uploads\/2018\/08\/17426380_1906371736249227_6326180412931521141_n.jpg","width":960,"height":960,"caption":"Futbolhoy.co"},"image":{"@id":"https:\/\/futbolhoy.co\/#\/schema\/logo\/image\/"},"sameAs":["https:\/\/www.facebook.com\/FutbolHoyCol\/","https:\/\/x.com\/FutbolHoyCol","https:\/\/www.instagram.com\/futbolhoycol\/"]},{"@type":"Person","@id":"https:\/\/futbolhoy.co\/#\/schema\/person\/c4a353a512b127643723a34bb1812f7d","name":"Laura Hern\u00e1ndez","image":{"@type":"ImageObject","inLanguage":"es","@id":"https:\/\/futbolhoy.co\/#\/schema\/person\/image\/","url":"https:\/\/secure.gravatar.com\/avatar\/d25959a15b9b293a743f99181c7cfd01?s=96&d=mm&r=g","contentUrl":"https:\/\/secure.gravatar.com\/avatar\/d25959a15b9b293a743f99181c7cfd01?s=96&d=mm&r=g","caption":"Laura Hern\u00e1ndez"}}]}},"publishpress_future_action":{"enabled":false,"date":"2026-05-04 12:12:41","action":"change-status","newStatus":"draft","terms":[],"taxonomy":"category","extraData":[]},"publishpress_future_workflow_manual_trigger":{"enabledWorkflows":[]},"_links":{"self":[{"href":"https:\/\/futbolhoy.co\/index.php\/wp-json\/wp\/v2\/posts\/52468","targetHints":{"allow":["GET"]}}],"collection":[{"href":"https:\/\/futbolhoy.co\/index.php\/wp-json\/wp\/v2\/posts"}],"about":[{"href":"https:\/\/futbolhoy.co\/index.php\/wp-json\/wp\/v2\/types\/post"}],"author":[{"embeddable":true,"href":"https:\/\/futbolhoy.co\/index.php\/wp-json\/wp\/v2\/users\/5"}],"replies":[{"embeddable":true,"href":"https:\/\/futbolhoy.co\/index.php\/wp-json\/wp\/v2\/comments?post=52468"}],"version-history":[{"count":2,"href":"https:\/\/futbolhoy.co\/index.php\/wp-json\/wp\/v2\/posts\/52468\/revisions"}],"predecessor-version":[{"id":52500,"href":"https:\/\/futbolhoy.co\/index.php\/wp-json\/wp\/v2\/posts\/52468\/revisions\/52500"}],"wp:featuredmedia":[{"embeddable":true,"href":"https:\/\/futbolhoy.co\/index.php\/wp-json\/wp\/v2\/media\/52470"}],"wp:attachment":[{"href":"https:\/\/futbolhoy.co\/index.php\/wp-json\/wp\/v2\/media?parent=52468"}],"wp:term":[{"taxonomy":"category","embeddable":true,"href":"https:\/\/futbolhoy.co\/index.php\/wp-json\/wp\/v2\/categories?post=52468"},{"taxonomy":"post_tag","embeddable":true,"href":"https:\/\/futbolhoy.co\/index.php\/wp-json\/wp\/v2\/tags?post=52468"}],"curies":[{"name":"wp","href":"https:\/\/api.w.org\/{rel}","templated":true}]}}