{"id":52472,"date":"2020-06-15T16:23:39","date_gmt":"2020-06-15T21:23:39","guid":{"rendered":"https:\/\/futbolhoy.co\/?p=52472"},"modified":"2020-06-16T10:19:34","modified_gmt":"2020-06-16T15:19:34","slug":"lisboa-sera-confirmada-como-sede-de-la-champions","status":"publish","type":"post","link":"https:\/\/futbolhoy.co\/index.php\/2020\/06\/15\/lisboa-sera-confirmada-como-sede-de-la-champions\/","title":{"rendered":"Lisboa ser\u00e1 confirmada como sede de la Champions"},"content":{"rendered":"<p style=\"text-align: justify;\"><span style=\"font-family: helvetica, arial, sans-serif;\">La\u00a0<b>UEFA<\/b>\u00a0sostendr\u00e1 una reuni\u00f3n virtual este mi\u00e9rcoles y oficializar\u00e1 el nuevo sistema de definici\u00f3n de la\u00a0<b>Champions 2019-2020<\/b>; y la sede de\u00a0<b>Lisboa<\/b>\u00a0para llevar a cabo las fases finales de la misma.<\/span><\/p>\n<p style=\"text-align: justify;\"><span style=\"font-family: helvetica, arial, sans-serif;\">Los dirigentes de la rectora del f\u00fatbol europeo optar\u00e1n por la capital portuguesa para las rondas de cuartos de final, semifinales y la gran final de la\u00a0<b>Liga de Campeones<\/b>, suspendida por la pandemia del coronavirus.<\/span><\/p>\n<p style=\"text-align: justify;\"><span style=\"font-family: helvetica, arial, sans-serif;\">La idea es que una vez finalizadas las ligas locales en cada pa\u00eds, se puedan jugar los cuatro partidos pendientes de la fase de cuartos de final en las sedes programadas, es decir que en los duelos de vuelta\u00a0<b>Barcelona<\/b>\u00a0recibir\u00e1 al\u00a0<b>Napoli<\/b>\u00a0(1-1),\u00a0<b>Bayern M\u00fanich<\/b>\u00a0al\u00a0<b>Chelsea<\/b>\u00a0(3-0),\u00a0<b>Juventus<\/b>\u00a0al\u00a0<b>Lyon<\/b>\u00a0(0-1) y\u00a0<b>M\u00e1nchester City<\/b>\u00a0al\u00a0<b>Real Madrid<\/b>\u00a0(2-1).<\/span><\/p>\n<p style=\"text-align: justify;\"><span style=\"font-family: helvetica, arial, sans-serif;\">Luego de conocer los ocho mejores equipos del continente, se desplazar\u00e1n a Lisboa y en el estadio\u00a0<b>Da Luz<\/b>\u00a0se juagar\u00e1n los cuartos de final a partido \u00fanico los d\u00edas 12, 13, 14 y 15 de agosto; las semifinales 18 y 19 y la final el 23.<\/span><\/p>\n<p style=\"text-align: justify;\"><span style=\"font-family: helvetica, arial, sans-serif;\">De momento se desconoce las determinaciones que la UEFA pueda tomar entorno a la\u00a0<b>Europa League<\/b>, tambi\u00e9n suspendida, luego de disputar seis de los compromisos de ida por los octavos de final.<\/span><\/p>\n<p style=\"text-align: justify;\">\n","protected":false},"excerpt":{"rendered":"<p>La\u00a0UEFA\u00a0sostendr\u00e1 una reuni\u00f3n virtual este mi\u00e9rcoles y oficializar\u00e1 el nuevo sistema de definici\u00f3n de la\u00a0Champions 2019-2020; y la sede de\u00a0Lisboa\u00a0para llevar a cabo las fases finales de la misma. Los dirigentes de la rectora del f\u00fatbol europeo optar\u00e1n por la capital portuguesa para las rondas de cuartos de final, semifinales y la gran final de [&hellip;]<\/p>\n","protected":false},"author":5,"featured_media":52473,"comment_status":"open","ping_status":"open","sticky":false,"template":"","format":"standard","meta":{"_acf_changed":false,"footnotes":""},"categories":[152],"tags":[],"class_list":{"0":"post-52472","1":"post","2":"type-post","3":"status-publish","4":"format-standard","5":"has-post-thumbnail","7":"category-mundo-futbol"},"acf":[],"yoast_head":"<!-- This site is optimized with the Yoast SEO plugin v26.8 - https:\/\/yoast.com\/product\/yoast-seo-wordpress\/ -->\n<title>Lisboa ser\u00e1 confirmada como sede de la Champions -<\/title>\n<meta name=\"robots\" content=\"index, follow, max-snippet:-1, max-image-preview:large, max-video-preview:-1\" \/>\n<link rel=\"canonical\" href=\"https:\/\/futbolhoy.co\/index.php\/2020\/06\/15\/lisboa-sera-confirmada-como-sede-de-la-champions\/\" \/>\n<meta property=\"og:locale\" content=\"es_ES\" \/>\n<meta property=\"og:type\" content=\"article\" \/>\n<meta property=\"og:title\" content=\"Lisboa ser\u00e1 confirmada como sede de la Champions -\" \/>\n<meta property=\"og:description\" content=\"La\u00a0UEFA\u00a0sostendr\u00e1 una reuni\u00f3n virtual este mi\u00e9rcoles y oficializar\u00e1 el nuevo sistema de definici\u00f3n de la\u00a0Champions 2019-2020; y la sede de\u00a0Lisboa\u00a0para llevar a cabo las fases finales de la misma. Los dirigentes de la rectora del f\u00fatbol europeo optar\u00e1n por la capital portuguesa para las rondas de cuartos de final, semifinales y la gran final de [&hellip;]\" \/>\n<meta property=\"og:url\" content=\"https:\/\/futbolhoy.co\/index.php\/2020\/06\/15\/lisboa-sera-confirmada-como-sede-de-la-champions\/\" \/>\n<meta property=\"article:publisher\" content=\"https:\/\/www.facebook.com\/FutbolHoyCol\/\" \/>\n<meta property=\"article:published_time\" content=\"2020-06-15T21:23:39+00:00\" \/>\n<meta property=\"article:modified_time\" content=\"2020-06-16T15:19:34+00:00\" \/>\n<meta property=\"og:image\" content=\"https:\/\/futbolhoy.co\/wp-content\/uploads\/2020\/06\/20200615_192516.jpg\" \/>\n\t<meta property=\"og:image:width\" content=\"640\" \/>\n\t<meta property=\"og:image:height\" content=\"451\" \/>\n\t<meta property=\"og:image:type\" content=\"image\/jpeg\" \/>\n<meta name=\"author\" content=\"Laura Hern\u00e1ndez\" \/>\n<meta name=\"twitter:card\" content=\"summary_large_image\" \/>\n<meta name=\"twitter:creator\" content=\"@FutbolHoyCol\" \/>\n<meta name=\"twitter:site\" content=\"@FutbolHoyCol\" \/>\n<meta name=\"twitter:label1\" content=\"Escrito por\" \/>\n\t<meta name=\"twitter:data1\" content=\"Laura Hern\u00e1ndez\" \/>\n\t<meta name=\"twitter:label2\" content=\"Tiempo de lectura\" \/>\n\t<meta name=\"twitter:data2\" content=\"1 minuto\" \/>\n<script type=\"application\/ld+json\" class=\"yoast-schema-graph\">{\"@context\":\"https:\/\/schema.org\",\"@graph\":[{\"@type\":\"Article\",\"@id\":\"https:\/\/futbolhoy.co\/index.php\/2020\/06\/15\/lisboa-sera-confirmada-como-sede-de-la-champions\/#article\",\"isPartOf\":{\"@id\":\"https:\/\/futbolhoy.co\/index.php\/2020\/06\/15\/lisboa-sera-confirmada-como-sede-de-la-champions\/\"},\"author\":{\"name\":\"Laura Hern\u00e1ndez\",\"@id\":\"https:\/\/futbolhoy.co\/#\/schema\/person\/c4a353a512b127643723a34bb1812f7d\"},\"headline\":\"Lisboa ser\u00e1 confirmada como sede de la Champions\",\"datePublished\":\"2020-06-15T21:23:39+00:00\",\"dateModified\":\"2020-06-16T15:19:34+00:00\",\"mainEntityOfPage\":{\"@id\":\"https:\/\/futbolhoy.co\/index.php\/2020\/06\/15\/lisboa-sera-confirmada-como-sede-de-la-champions\/\"},\"wordCount\":222,\"commentCount\":0,\"publisher\":{\"@id\":\"https:\/\/futbolhoy.co\/#organization\"},\"image\":{\"@id\":\"https:\/\/futbolhoy.co\/index.php\/2020\/06\/15\/lisboa-sera-confirmada-como-sede-de-la-champions\/#primaryimage\"},\"thumbnailUrl\":\"https:\/\/futbolhoy.co\/wp-content\/uploads\/2020\/06\/20200615_192516.jpg\",\"articleSection\":[\"Mundo Futbol\"],\"inLanguage\":\"es\",\"potentialAction\":[{\"@type\":\"CommentAction\",\"name\":\"Comment\",\"target\":[\"https:\/\/futbolhoy.co\/index.php\/2020\/06\/15\/lisboa-sera-confirmada-como-sede-de-la-champions\/#respond\"]}]},{\"@type\":\"WebPage\",\"@id\":\"https:\/\/futbolhoy.co\/index.php\/2020\/06\/15\/lisboa-sera-confirmada-como-sede-de-la-champions\/\",\"url\":\"https:\/\/futbolhoy.co\/index.php\/2020\/06\/15\/lisboa-sera-confirmada-como-sede-de-la-champions\/\",\"name\":\"Lisboa ser\u00e1 confirmada como sede de la Champions -\",\"isPartOf\":{\"@id\":\"https:\/\/futbolhoy.co\/#website\"},\"primaryImageOfPage\":{\"@id\":\"https:\/\/futbolhoy.co\/index.php\/2020\/06\/15\/lisboa-sera-confirmada-como-sede-de-la-champions\/#primaryimage\"},\"image\":{\"@id\":\"https:\/\/futbolhoy.co\/index.php\/2020\/06\/15\/lisboa-sera-confirmada-como-sede-de-la-champions\/#primaryimage\"},\"thumbnailUrl\":\"https:\/\/futbolhoy.co\/wp-content\/uploads\/2020\/06\/20200615_192516.jpg\",\"datePublished\":\"2020-06-15T21:23:39+00:00\",\"dateModified\":\"2020-06-16T15:19:34+00:00\",\"breadcrumb\":{\"@id\":\"https:\/\/futbolhoy.co\/index.php\/2020\/06\/15\/lisboa-sera-confirmada-como-sede-de-la-champions\/#breadcrumb\"},\"inLanguage\":\"es\",\"potentialAction\":[{\"@type\":\"ReadAction\",\"target\":[\"https:\/\/futbolhoy.co\/index.php\/2020\/06\/15\/lisboa-sera-confirmada-como-sede-de-la-champions\/\"]}]},{\"@type\":\"ImageObject\",\"inLanguage\":\"es\",\"@id\":\"https:\/\/futbolhoy.co\/index.php\/2020\/06\/15\/lisboa-sera-confirmada-como-sede-de-la-champions\/#primaryimage\",\"url\":\"https:\/\/futbolhoy.co\/wp-content\/uploads\/2020\/06\/20200615_192516.jpg\",\"contentUrl\":\"https:\/\/futbolhoy.co\/wp-content\/uploads\/2020\/06\/20200615_192516.jpg\",\"width\":640,\"height\":451},{\"@type\":\"BreadcrumbList\",\"@id\":\"https:\/\/futbolhoy.co\/index.php\/2020\/06\/15\/lisboa-sera-confirmada-como-sede-de-la-champions\/#breadcrumb\",\"itemListElement\":[{\"@type\":\"ListItem\",\"position\":1,\"name\":\"Portada\",\"item\":\"https:\/\/futbolhoy.co\/\"},{\"@type\":\"ListItem\",\"position\":2,\"name\":\"Lisboa ser\u00e1 confirmada como sede de la Champions\"}]},{\"@type\":\"WebSite\",\"@id\":\"https:\/\/futbolhoy.co\/#website\",\"url\":\"https:\/\/futbolhoy.co\/\",\"name\":\"FutbolHoy\",\"description\":\"\",\"publisher\":{\"@id\":\"https:\/\/futbolhoy.co\/#organization\"},\"potentialAction\":[{\"@type\":\"SearchAction\",\"target\":{\"@type\":\"EntryPoint\",\"urlTemplate\":\"https:\/\/futbolhoy.co\/?s={search_term_string}\"},\"query-input\":{\"@type\":\"PropertyValueSpecification\",\"valueRequired\":true,\"valueName\":\"search_term_string\"}}],\"inLanguage\":\"es\"},{\"@type\":\"Organization\",\"@id\":\"https:\/\/futbolhoy.co\/#organization\",\"name\":\"Futbolhoy.co\",\"url\":\"https:\/\/futbolhoy.co\/\",\"logo\":{\"@type\":\"ImageObject\",\"inLanguage\":\"es\",\"@id\":\"https:\/\/futbolhoy.co\/#\/schema\/logo\/image\/\",\"url\":\"https:\/\/futbolhoy.co\/wp-content\/uploads\/2018\/08\/17426380_1906371736249227_6326180412931521141_n.jpg\",\"contentUrl\":\"https:\/\/futbolhoy.co\/wp-content\/uploads\/2018\/08\/17426380_1906371736249227_6326180412931521141_n.jpg\",\"width\":960,\"height\":960,\"caption\":\"Futbolhoy.co\"},\"image\":{\"@id\":\"https:\/\/futbolhoy.co\/#\/schema\/logo\/image\/\"},\"sameAs\":[\"https:\/\/www.facebook.com\/FutbolHoyCol\/\",\"https:\/\/x.com\/FutbolHoyCol\",\"https:\/\/www.instagram.com\/futbolhoycol\/\"]},{\"@type\":\"Person\",\"@id\":\"https:\/\/futbolhoy.co\/#\/schema\/person\/c4a353a512b127643723a34bb1812f7d\",\"name\":\"Laura Hern\u00e1ndez\",\"image\":{\"@type\":\"ImageObject\",\"inLanguage\":\"es\",\"@id\":\"https:\/\/futbolhoy.co\/#\/schema\/person\/image\/\",\"url\":\"https:\/\/secure.gravatar.com\/avatar\/d25959a15b9b293a743f99181c7cfd01?s=96&d=mm&r=g\",\"contentUrl\":\"https:\/\/secure.gravatar.com\/avatar\/d25959a15b9b293a743f99181c7cfd01?s=96&d=mm&r=g\",\"caption\":\"Laura Hern\u00e1ndez\"}}]}<\/script>\n<!-- \/ Yoast SEO plugin. -->","yoast_head_json":{"title":"Lisboa ser\u00e1 confirmada como sede de la Champions -","robots":{"index":"index","follow":"follow","max-snippet":"max-snippet:-1","max-image-preview":"max-image-preview:large","max-video-preview":"max-video-preview:-1"},"canonical":"https:\/\/futbolhoy.co\/index.php\/2020\/06\/15\/lisboa-sera-confirmada-como-sede-de-la-champions\/","og_locale":"es_ES","og_type":"article","og_title":"Lisboa ser\u00e1 confirmada como sede de la Champions -","og_description":"La\u00a0UEFA\u00a0sostendr\u00e1 una reuni\u00f3n virtual este mi\u00e9rcoles y oficializar\u00e1 el nuevo sistema de definici\u00f3n de la\u00a0Champions 2019-2020; y la sede de\u00a0Lisboa\u00a0para llevar a cabo las fases finales de la misma. Los dirigentes de la rectora del f\u00fatbol europeo optar\u00e1n por la capital portuguesa para las rondas de cuartos de final, semifinales y la gran final de [&hellip;]","og_url":"https:\/\/futbolhoy.co\/index.php\/2020\/06\/15\/lisboa-sera-confirmada-como-sede-de-la-champions\/","article_publisher":"https:\/\/www.facebook.com\/FutbolHoyCol\/","article_published_time":"2020-06-15T21:23:39+00:00","article_modified_time":"2020-06-16T15:19:34+00:00","og_image":[{"width":640,"height":451,"url":"https:\/\/futbolhoy.co\/wp-content\/uploads\/2020\/06\/20200615_192516.jpg","type":"image\/jpeg"}],"author":"Laura Hern\u00e1ndez","twitter_card":"summary_large_image","twitter_creator":"@FutbolHoyCol","twitter_site":"@FutbolHoyCol","twitter_misc":{"Escrito por":"Laura Hern\u00e1ndez","Tiempo de lectura":"1 minuto"},"schema":{"@context":"https:\/\/schema.org","@graph":[{"@type":"Article","@id":"https:\/\/futbolhoy.co\/index.php\/2020\/06\/15\/lisboa-sera-confirmada-como-sede-de-la-champions\/#article","isPartOf":{"@id":"https:\/\/futbolhoy.co\/index.php\/2020\/06\/15\/lisboa-sera-confirmada-como-sede-de-la-champions\/"},"author":{"name":"Laura Hern\u00e1ndez","@id":"https:\/\/futbolhoy.co\/#\/schema\/person\/c4a353a512b127643723a34bb1812f7d"},"headline":"Lisboa ser\u00e1 confirmada como sede de la Champions","datePublished":"2020-06-15T21:23:39+00:00","dateModified":"2020-06-16T15:19:34+00:00","mainEntityOfPage":{"@id":"https:\/\/futbolhoy.co\/index.php\/2020\/06\/15\/lisboa-sera-confirmada-como-sede-de-la-champions\/"},"wordCount":222,"commentCount":0,"publisher":{"@id":"https:\/\/futbolhoy.co\/#organization"},"image":{"@id":"https:\/\/futbolhoy.co\/index.php\/2020\/06\/15\/lisboa-sera-confirmada-como-sede-de-la-champions\/#primaryimage"},"thumbnailUrl":"https:\/\/futbolhoy.co\/wp-content\/uploads\/2020\/06\/20200615_192516.jpg","articleSection":["Mundo Futbol"],"inLanguage":"es","potentialAction":[{"@type":"CommentAction","name":"Comment","target":["https:\/\/futbolhoy.co\/index.php\/2020\/06\/15\/lisboa-sera-confirmada-como-sede-de-la-champions\/#respond"]}]},{"@type":"WebPage","@id":"https:\/\/futbolhoy.co\/index.php\/2020\/06\/15\/lisboa-sera-confirmada-como-sede-de-la-champions\/","url":"https:\/\/futbolhoy.co\/index.php\/2020\/06\/15\/lisboa-sera-confirmada-como-sede-de-la-champions\/","name":"Lisboa ser\u00e1 confirmada como sede de la Champions -","isPartOf":{"@id":"https:\/\/futbolhoy.co\/#website"},"primaryImageOfPage":{"@id":"https:\/\/futbolhoy.co\/index.php\/2020\/06\/15\/lisboa-sera-confirmada-como-sede-de-la-champions\/#primaryimage"},"image":{"@id":"https:\/\/futbolhoy.co\/index.php\/2020\/06\/15\/lisboa-sera-confirmada-como-sede-de-la-champions\/#primaryimage"},"thumbnailUrl":"https:\/\/futbolhoy.co\/wp-content\/uploads\/2020\/06\/20200615_192516.jpg","datePublished":"2020-06-15T21:23:39+00:00","dateModified":"2020-06-16T15:19:34+00:00","breadcrumb":{"@id":"https:\/\/futbolhoy.co\/index.php\/2020\/06\/15\/lisboa-sera-confirmada-como-sede-de-la-champions\/#breadcrumb"},"inLanguage":"es","potentialAction":[{"@type":"ReadAction","target":["https:\/\/futbolhoy.co\/index.php\/2020\/06\/15\/lisboa-sera-confirmada-como-sede-de-la-champions\/"]}]},{"@type":"ImageObject","inLanguage":"es","@id":"https:\/\/futbolhoy.co\/index.php\/2020\/06\/15\/lisboa-sera-confirmada-como-sede-de-la-champions\/#primaryimage","url":"https:\/\/futbolhoy.co\/wp-content\/uploads\/2020\/06\/20200615_192516.jpg","contentUrl":"https:\/\/futbolhoy.co\/wp-content\/uploads\/2020\/06\/20200615_192516.jpg","width":640,"height":451},{"@type":"BreadcrumbList","@id":"https:\/\/futbolhoy.co\/index.php\/2020\/06\/15\/lisboa-sera-confirmada-como-sede-de-la-champions\/#breadcrumb","itemListElement":[{"@type":"ListItem","position":1,"name":"Portada","item":"https:\/\/futbolhoy.co\/"},{"@type":"ListItem","position":2,"name":"Lisboa ser\u00e1 confirmada como sede de la Champions"}]},{"@type":"WebSite","@id":"https:\/\/futbolhoy.co\/#website","url":"https:\/\/futbolhoy.co\/","name":"FutbolHoy","description":"","publisher":{"@id":"https:\/\/futbolhoy.co\/#organization"},"potentialAction":[{"@type":"SearchAction","target":{"@type":"EntryPoint","urlTemplate":"https:\/\/futbolhoy.co\/?s={search_term_string}"},"query-input":{"@type":"PropertyValueSpecification","valueRequired":true,"valueName":"search_term_string"}}],"inLanguage":"es"},{"@type":"Organization","@id":"https:\/\/futbolhoy.co\/#organization","name":"Futbolhoy.co","url":"https:\/\/futbolhoy.co\/","logo":{"@type":"ImageObject","inLanguage":"es","@id":"https:\/\/futbolhoy.co\/#\/schema\/logo\/image\/","url":"https:\/\/futbolhoy.co\/wp-content\/uploads\/2018\/08\/17426380_1906371736249227_6326180412931521141_n.jpg","contentUrl":"https:\/\/futbolhoy.co\/wp-content\/uploads\/2018\/08\/17426380_1906371736249227_6326180412931521141_n.jpg","width":960,"height":960,"caption":"Futbolhoy.co"},"image":{"@id":"https:\/\/futbolhoy.co\/#\/schema\/logo\/image\/"},"sameAs":["https:\/\/www.facebook.com\/FutbolHoyCol\/","https:\/\/x.com\/FutbolHoyCol","https:\/\/www.instagram.com\/futbolhoycol\/"]},{"@type":"Person","@id":"https:\/\/futbolhoy.co\/#\/schema\/person\/c4a353a512b127643723a34bb1812f7d","name":"Laura Hern\u00e1ndez","image":{"@type":"ImageObject","inLanguage":"es","@id":"https:\/\/futbolhoy.co\/#\/schema\/person\/image\/","url":"https:\/\/secure.gravatar.com\/avatar\/d25959a15b9b293a743f99181c7cfd01?s=96&d=mm&r=g","contentUrl":"https:\/\/secure.gravatar.com\/avatar\/d25959a15b9b293a743f99181c7cfd01?s=96&d=mm&r=g","caption":"Laura Hern\u00e1ndez"}}]}},"publishpress_future_action":{"enabled":false,"date":"2026-05-04 08:16:13","action":"change-status","newStatus":"draft","terms":[],"taxonomy":"category","extraData":[]},"publishpress_future_workflow_manual_trigger":{"enabledWorkflows":[]},"_links":{"self":[{"href":"https:\/\/futbolhoy.co\/index.php\/wp-json\/wp\/v2\/posts\/52472","targetHints":{"allow":["GET"]}}],"collection":[{"href":"https:\/\/futbolhoy.co\/index.php\/wp-json\/wp\/v2\/posts"}],"about":[{"href":"https:\/\/futbolhoy.co\/index.php\/wp-json\/wp\/v2\/types\/post"}],"author":[{"embeddable":true,"href":"https:\/\/futbolhoy.co\/index.php\/wp-json\/wp\/v2\/users\/5"}],"replies":[{"embeddable":true,"href":"https:\/\/futbolhoy.co\/index.php\/wp-json\/wp\/v2\/comments?post=52472"}],"version-history":[{"count":1,"href":"https:\/\/futbolhoy.co\/index.php\/wp-json\/wp\/v2\/posts\/52472\/revisions"}],"predecessor-version":[{"id":52474,"href":"https:\/\/futbolhoy.co\/index.php\/wp-json\/wp\/v2\/posts\/52472\/revisions\/52474"}],"wp:featuredmedia":[{"embeddable":true,"href":"https:\/\/futbolhoy.co\/index.php\/wp-json\/wp\/v2\/media\/52473"}],"wp:attachment":[{"href":"https:\/\/futbolhoy.co\/index.php\/wp-json\/wp\/v2\/media?parent=52472"}],"wp:term":[{"taxonomy":"category","embeddable":true,"href":"https:\/\/futbolhoy.co\/index.php\/wp-json\/wp\/v2\/categories?post=52472"},{"taxonomy":"post_tag","embeddable":true,"href":"https:\/\/futbolhoy.co\/index.php\/wp-json\/wp\/v2\/tags?post=52472"}],"curies":[{"name":"wp","href":"https:\/\/api.w.org\/{rel}","templated":true}]}}