{"id":52489,"date":"2020-06-16T08:04:22","date_gmt":"2020-06-16T13:04:22","guid":{"rendered":"https:\/\/futbolhoy.co\/?p=52489"},"modified":"2020-06-16T17:42:55","modified_gmt":"2020-06-16T22:42:55","slug":"messi-y-maradona-no-se-pueden-comparar-hierro","status":"publish","type":"post","link":"https:\/\/futbolhoy.co\/index.php\/2020\/06\/16\/messi-y-maradona-no-se-pueden-comparar-hierro\/","title":{"rendered":"Messi y Maradona no se pueden comparar: Hierro"},"content":{"rendered":"<!--[if lt IE 9]><script>document.createElement('audio');<\/script><![endif]-->\n<audio class=\"wp-audio-shortcode\" id=\"audio-52489-1\" preload=\"none\" style=\"width: 100%;\" controls=\"controls\"><source type=\"audio\/mpeg\" src=\"https:\/\/futbolhoy.co\/wp-content\/uploads\/2020\/06\/HIERRO-online-audio-converter.com_.mp3?_=1\" \/><a href=\"https:\/\/futbolhoy.co\/wp-content\/uploads\/2020\/06\/HIERRO-online-audio-converter.com_.mp3\">https:\/\/futbolhoy.co\/wp-content\/uploads\/2020\/06\/HIERRO-online-audio-converter.com_.mp3<\/a><\/audio>\n<p>(Fernando Hierro en Radio Continental)<\/p>\n<p style=\"text-align: justify;\"><span style=\"font-family: helvetica, arial, sans-serif;\">El legendario capit\u00e1n del <strong>Real Madrid<\/strong> y la <strong>Selecci\u00f3n de Espa\u00f1a, Fernando Hierro<\/strong>, asegur\u00f3 que es un privilegiado por todo lo que ha vivido del f\u00fatbol, especialmente, el hecho de no haberse enfrentado a <strong>Leo Messi<\/strong> durante su carrera.<\/span><\/p>\n<p style=\"text-align: justify;\"><span style=\"font-family: helvetica, arial, sans-serif;\">Hierro, que elogi\u00f3 al argentino por sus logros y brillante carrera, dijo que <strong>Diego Maradona<\/strong> \u2013a quien enfrent\u00f3- fue su \u00eddolo y las dos figuras no se pueden comparar.<\/span><\/p>\n<p style=\"text-align: justify;\"><span style=\"font-family: helvetica, arial, sans-serif;\">\u201cLo que ha hecho Messi durante 15 a\u00f1os de gran nivel y los t\u00edtulos que ha ganado, los goles y su continuidad son de una dimensi\u00f3n fuera de lo normal. Desde que lleg\u00f3 al primer equipo del Barcelona es una barbaridad; pero yo tambi\u00e9n le digo al mundo entero, yo ten\u00eda un \u00eddolo y era Diego\u201d, sostuvo Hierro en una extensa nota con <em>Radio Continental<\/em> de <strong>Buenos Aires.<\/strong><\/span><\/p>\n<p style=\"text-align: justify;\"><span style=\"font-family: helvetica, arial, sans-serif;\">\u201cTodos sabemos que las comparaciones son odiosas. No se puede comparar al f\u00fatbol de hace 20 a\u00f1os con el de hoy. El actual es totalmente diferente\u201d, puntualiz\u00f3.<\/span><\/p>\n","protected":false},"excerpt":{"rendered":"<p>(Fernando Hierro en Radio Continental) El legendario capit\u00e1n del Real Madrid y la Selecci\u00f3n de Espa\u00f1a, Fernando Hierro, asegur\u00f3 que es un privilegiado por todo lo que ha vivido del f\u00fatbol, especialmente, el hecho de no haberse enfrentado a Leo Messi durante su carrera. Hierro, que elogi\u00f3 al argentino por sus logros y brillante carrera, [&hellip;]<\/p>\n","protected":false},"author":5,"featured_media":19915,"comment_status":"open","ping_status":"open","sticky":false,"template":"","format":"video","meta":{"_acf_changed":false,"footnotes":""},"categories":[152],"tags":[960,899,82],"class_list":{"0":"post-52489","1":"post","2":"type-post","3":"status-publish","4":"format-video","5":"has-post-thumbnail","7":"category-mundo-futbol","8":"tag-diego-maradona","9":"tag-fernando-hierro","10":"tag-lionel-messi","11":"post_format-post-format-video"},"acf":[],"yoast_head":"<!-- This site is optimized with the Yoast SEO plugin v26.8 - https:\/\/yoast.com\/product\/yoast-seo-wordpress\/ -->\n<title>Messi y Maradona no se pueden comparar: Hierro -<\/title>\n<meta name=\"robots\" content=\"index, follow, max-snippet:-1, max-image-preview:large, max-video-preview:-1\" \/>\n<link rel=\"canonical\" href=\"https:\/\/futbolhoy.co\/index.php\/2020\/06\/16\/messi-y-maradona-no-se-pueden-comparar-hierro\/\" \/>\n<meta property=\"og:locale\" content=\"es_ES\" \/>\n<meta property=\"og:type\" content=\"article\" \/>\n<meta property=\"og:title\" content=\"Messi y Maradona no se pueden comparar: Hierro -\" \/>\n<meta property=\"og:description\" content=\"(Fernando Hierro en Radio Continental) El legendario capit\u00e1n del Real Madrid y la Selecci\u00f3n de Espa\u00f1a, Fernando Hierro, asegur\u00f3 que es un privilegiado por todo lo que ha vivido del f\u00fatbol, especialmente, el hecho de no haberse enfrentado a Leo Messi durante su carrera. Hierro, que elogi\u00f3 al argentino por sus logros y brillante carrera, [&hellip;]\" \/>\n<meta property=\"og:url\" content=\"https:\/\/futbolhoy.co\/index.php\/2020\/06\/16\/messi-y-maradona-no-se-pueden-comparar-hierro\/\" \/>\n<meta property=\"article:publisher\" content=\"https:\/\/www.facebook.com\/FutbolHoyCol\/\" \/>\n<meta property=\"article:published_time\" content=\"2020-06-16T13:04:22+00:00\" \/>\n<meta property=\"article:modified_time\" content=\"2020-06-16T22:42:55+00:00\" \/>\n<meta property=\"og:image\" content=\"https:\/\/futbolhoy.co\/wp-content\/uploads\/2018\/06\/Hierro.jpg\" \/>\n\t<meta property=\"og:image:width\" content=\"866\" \/>\n\t<meta property=\"og:image:height\" content=\"517\" \/>\n\t<meta property=\"og:image:type\" content=\"image\/jpeg\" \/>\n<meta name=\"author\" content=\"Laura Hern\u00e1ndez\" \/>\n<meta name=\"twitter:card\" content=\"summary_large_image\" \/>\n<meta name=\"twitter:creator\" content=\"@FutbolHoyCol\" \/>\n<meta name=\"twitter:site\" content=\"@FutbolHoyCol\" \/>\n<meta name=\"twitter:label1\" content=\"Escrito por\" \/>\n\t<meta name=\"twitter:data1\" content=\"Laura Hern\u00e1ndez\" \/>\n\t<meta name=\"twitter:label2\" content=\"Tiempo de lectura\" \/>\n\t<meta name=\"twitter:data2\" content=\"1 minuto\" \/>\n<script type=\"application\/ld+json\" class=\"yoast-schema-graph\">{\"@context\":\"https:\/\/schema.org\",\"@graph\":[{\"@type\":\"Article\",\"@id\":\"https:\/\/futbolhoy.co\/index.php\/2020\/06\/16\/messi-y-maradona-no-se-pueden-comparar-hierro\/#article\",\"isPartOf\":{\"@id\":\"https:\/\/futbolhoy.co\/index.php\/2020\/06\/16\/messi-y-maradona-no-se-pueden-comparar-hierro\/\"},\"author\":{\"name\":\"Laura Hern\u00e1ndez\",\"@id\":\"https:\/\/futbolhoy.co\/#\/schema\/person\/c4a353a512b127643723a34bb1812f7d\"},\"headline\":\"Messi y Maradona no se pueden comparar: Hierro\",\"datePublished\":\"2020-06-16T13:04:22+00:00\",\"dateModified\":\"2020-06-16T22:42:55+00:00\",\"mainEntityOfPage\":{\"@id\":\"https:\/\/futbolhoy.co\/index.php\/2020\/06\/16\/messi-y-maradona-no-se-pueden-comparar-hierro\/\"},\"wordCount\":197,\"commentCount\":0,\"publisher\":{\"@id\":\"https:\/\/futbolhoy.co\/#organization\"},\"image\":{\"@id\":\"https:\/\/futbolhoy.co\/index.php\/2020\/06\/16\/messi-y-maradona-no-se-pueden-comparar-hierro\/#primaryimage\"},\"thumbnailUrl\":\"https:\/\/futbolhoy.co\/wp-content\/uploads\/2018\/06\/Hierro.jpg\",\"keywords\":[\"Diego Maradona\",\"Fernando Hierro\",\"Lionel Messi\"],\"articleSection\":[\"Mundo Futbol\"],\"inLanguage\":\"es\",\"potentialAction\":[{\"@type\":\"CommentAction\",\"name\":\"Comment\",\"target\":[\"https:\/\/futbolhoy.co\/index.php\/2020\/06\/16\/messi-y-maradona-no-se-pueden-comparar-hierro\/#respond\"]}]},{\"@type\":\"WebPage\",\"@id\":\"https:\/\/futbolhoy.co\/index.php\/2020\/06\/16\/messi-y-maradona-no-se-pueden-comparar-hierro\/\",\"url\":\"https:\/\/futbolhoy.co\/index.php\/2020\/06\/16\/messi-y-maradona-no-se-pueden-comparar-hierro\/\",\"name\":\"Messi y Maradona no se pueden comparar: Hierro -\",\"isPartOf\":{\"@id\":\"https:\/\/futbolhoy.co\/#website\"},\"primaryImageOfPage\":{\"@id\":\"https:\/\/futbolhoy.co\/index.php\/2020\/06\/16\/messi-y-maradona-no-se-pueden-comparar-hierro\/#primaryimage\"},\"image\":{\"@id\":\"https:\/\/futbolhoy.co\/index.php\/2020\/06\/16\/messi-y-maradona-no-se-pueden-comparar-hierro\/#primaryimage\"},\"thumbnailUrl\":\"https:\/\/futbolhoy.co\/wp-content\/uploads\/2018\/06\/Hierro.jpg\",\"datePublished\":\"2020-06-16T13:04:22+00:00\",\"dateModified\":\"2020-06-16T22:42:55+00:00\",\"breadcrumb\":{\"@id\":\"https:\/\/futbolhoy.co\/index.php\/2020\/06\/16\/messi-y-maradona-no-se-pueden-comparar-hierro\/#breadcrumb\"},\"inLanguage\":\"es\",\"potentialAction\":[{\"@type\":\"ReadAction\",\"target\":[\"https:\/\/futbolhoy.co\/index.php\/2020\/06\/16\/messi-y-maradona-no-se-pueden-comparar-hierro\/\"]}]},{\"@type\":\"ImageObject\",\"inLanguage\":\"es\",\"@id\":\"https:\/\/futbolhoy.co\/index.php\/2020\/06\/16\/messi-y-maradona-no-se-pueden-comparar-hierro\/#primaryimage\",\"url\":\"https:\/\/futbolhoy.co\/wp-content\/uploads\/2018\/06\/Hierro.jpg\",\"contentUrl\":\"https:\/\/futbolhoy.co\/wp-content\/uploads\/2018\/06\/Hierro.jpg\",\"width\":866,\"height\":517,\"caption\":\"sefutbol.com\"},{\"@type\":\"BreadcrumbList\",\"@id\":\"https:\/\/futbolhoy.co\/index.php\/2020\/06\/16\/messi-y-maradona-no-se-pueden-comparar-hierro\/#breadcrumb\",\"itemListElement\":[{\"@type\":\"ListItem\",\"position\":1,\"name\":\"Portada\",\"item\":\"https:\/\/futbolhoy.co\/\"},{\"@type\":\"ListItem\",\"position\":2,\"name\":\"Messi y Maradona no se pueden comparar: Hierro\"}]},{\"@type\":\"WebSite\",\"@id\":\"https:\/\/futbolhoy.co\/#website\",\"url\":\"https:\/\/futbolhoy.co\/\",\"name\":\"FutbolHoy\",\"description\":\"\",\"publisher\":{\"@id\":\"https:\/\/futbolhoy.co\/#organization\"},\"potentialAction\":[{\"@type\":\"SearchAction\",\"target\":{\"@type\":\"EntryPoint\",\"urlTemplate\":\"https:\/\/futbolhoy.co\/?s={search_term_string}\"},\"query-input\":{\"@type\":\"PropertyValueSpecification\",\"valueRequired\":true,\"valueName\":\"search_term_string\"}}],\"inLanguage\":\"es\"},{\"@type\":\"Organization\",\"@id\":\"https:\/\/futbolhoy.co\/#organization\",\"name\":\"Futbolhoy.co\",\"url\":\"https:\/\/futbolhoy.co\/\",\"logo\":{\"@type\":\"ImageObject\",\"inLanguage\":\"es\",\"@id\":\"https:\/\/futbolhoy.co\/#\/schema\/logo\/image\/\",\"url\":\"https:\/\/futbolhoy.co\/wp-content\/uploads\/2018\/08\/17426380_1906371736249227_6326180412931521141_n.jpg\",\"contentUrl\":\"https:\/\/futbolhoy.co\/wp-content\/uploads\/2018\/08\/17426380_1906371736249227_6326180412931521141_n.jpg\",\"width\":960,\"height\":960,\"caption\":\"Futbolhoy.co\"},\"image\":{\"@id\":\"https:\/\/futbolhoy.co\/#\/schema\/logo\/image\/\"},\"sameAs\":[\"https:\/\/www.facebook.com\/FutbolHoyCol\/\",\"https:\/\/x.com\/FutbolHoyCol\",\"https:\/\/www.instagram.com\/futbolhoycol\/\"]},{\"@type\":\"Person\",\"@id\":\"https:\/\/futbolhoy.co\/#\/schema\/person\/c4a353a512b127643723a34bb1812f7d\",\"name\":\"Laura Hern\u00e1ndez\",\"image\":{\"@type\":\"ImageObject\",\"inLanguage\":\"es\",\"@id\":\"https:\/\/futbolhoy.co\/#\/schema\/person\/image\/\",\"url\":\"https:\/\/secure.gravatar.com\/avatar\/d25959a15b9b293a743f99181c7cfd01?s=96&d=mm&r=g\",\"contentUrl\":\"https:\/\/secure.gravatar.com\/avatar\/d25959a15b9b293a743f99181c7cfd01?s=96&d=mm&r=g\",\"caption\":\"Laura Hern\u00e1ndez\"}}]}<\/script>\n<!-- \/ Yoast SEO plugin. -->","yoast_head_json":{"title":"Messi y Maradona no se pueden comparar: Hierro -","robots":{"index":"index","follow":"follow","max-snippet":"max-snippet:-1","max-image-preview":"max-image-preview:large","max-video-preview":"max-video-preview:-1"},"canonical":"https:\/\/futbolhoy.co\/index.php\/2020\/06\/16\/messi-y-maradona-no-se-pueden-comparar-hierro\/","og_locale":"es_ES","og_type":"article","og_title":"Messi y Maradona no se pueden comparar: Hierro -","og_description":"(Fernando Hierro en Radio Continental) El legendario capit\u00e1n del Real Madrid y la Selecci\u00f3n de Espa\u00f1a, Fernando Hierro, asegur\u00f3 que es un privilegiado por todo lo que ha vivido del f\u00fatbol, especialmente, el hecho de no haberse enfrentado a Leo Messi durante su carrera. Hierro, que elogi\u00f3 al argentino por sus logros y brillante carrera, [&hellip;]","og_url":"https:\/\/futbolhoy.co\/index.php\/2020\/06\/16\/messi-y-maradona-no-se-pueden-comparar-hierro\/","article_publisher":"https:\/\/www.facebook.com\/FutbolHoyCol\/","article_published_time":"2020-06-16T13:04:22+00:00","article_modified_time":"2020-06-16T22:42:55+00:00","og_image":[{"width":866,"height":517,"url":"https:\/\/futbolhoy.co\/wp-content\/uploads\/2018\/06\/Hierro.jpg","type":"image\/jpeg"}],"author":"Laura Hern\u00e1ndez","twitter_card":"summary_large_image","twitter_creator":"@FutbolHoyCol","twitter_site":"@FutbolHoyCol","twitter_misc":{"Escrito por":"Laura Hern\u00e1ndez","Tiempo de lectura":"1 minuto"},"schema":{"@context":"https:\/\/schema.org","@graph":[{"@type":"Article","@id":"https:\/\/futbolhoy.co\/index.php\/2020\/06\/16\/messi-y-maradona-no-se-pueden-comparar-hierro\/#article","isPartOf":{"@id":"https:\/\/futbolhoy.co\/index.php\/2020\/06\/16\/messi-y-maradona-no-se-pueden-comparar-hierro\/"},"author":{"name":"Laura Hern\u00e1ndez","@id":"https:\/\/futbolhoy.co\/#\/schema\/person\/c4a353a512b127643723a34bb1812f7d"},"headline":"Messi y Maradona no se pueden comparar: Hierro","datePublished":"2020-06-16T13:04:22+00:00","dateModified":"2020-06-16T22:42:55+00:00","mainEntityOfPage":{"@id":"https:\/\/futbolhoy.co\/index.php\/2020\/06\/16\/messi-y-maradona-no-se-pueden-comparar-hierro\/"},"wordCount":197,"commentCount":0,"publisher":{"@id":"https:\/\/futbolhoy.co\/#organization"},"image":{"@id":"https:\/\/futbolhoy.co\/index.php\/2020\/06\/16\/messi-y-maradona-no-se-pueden-comparar-hierro\/#primaryimage"},"thumbnailUrl":"https:\/\/futbolhoy.co\/wp-content\/uploads\/2018\/06\/Hierro.jpg","keywords":["Diego Maradona","Fernando Hierro","Lionel Messi"],"articleSection":["Mundo Futbol"],"inLanguage":"es","potentialAction":[{"@type":"CommentAction","name":"Comment","target":["https:\/\/futbolhoy.co\/index.php\/2020\/06\/16\/messi-y-maradona-no-se-pueden-comparar-hierro\/#respond"]}]},{"@type":"WebPage","@id":"https:\/\/futbolhoy.co\/index.php\/2020\/06\/16\/messi-y-maradona-no-se-pueden-comparar-hierro\/","url":"https:\/\/futbolhoy.co\/index.php\/2020\/06\/16\/messi-y-maradona-no-se-pueden-comparar-hierro\/","name":"Messi y Maradona no se pueden comparar: Hierro -","isPartOf":{"@id":"https:\/\/futbolhoy.co\/#website"},"primaryImageOfPage":{"@id":"https:\/\/futbolhoy.co\/index.php\/2020\/06\/16\/messi-y-maradona-no-se-pueden-comparar-hierro\/#primaryimage"},"image":{"@id":"https:\/\/futbolhoy.co\/index.php\/2020\/06\/16\/messi-y-maradona-no-se-pueden-comparar-hierro\/#primaryimage"},"thumbnailUrl":"https:\/\/futbolhoy.co\/wp-content\/uploads\/2018\/06\/Hierro.jpg","datePublished":"2020-06-16T13:04:22+00:00","dateModified":"2020-06-16T22:42:55+00:00","breadcrumb":{"@id":"https:\/\/futbolhoy.co\/index.php\/2020\/06\/16\/messi-y-maradona-no-se-pueden-comparar-hierro\/#breadcrumb"},"inLanguage":"es","potentialAction":[{"@type":"ReadAction","target":["https:\/\/futbolhoy.co\/index.php\/2020\/06\/16\/messi-y-maradona-no-se-pueden-comparar-hierro\/"]}]},{"@type":"ImageObject","inLanguage":"es","@id":"https:\/\/futbolhoy.co\/index.php\/2020\/06\/16\/messi-y-maradona-no-se-pueden-comparar-hierro\/#primaryimage","url":"https:\/\/futbolhoy.co\/wp-content\/uploads\/2018\/06\/Hierro.jpg","contentUrl":"https:\/\/futbolhoy.co\/wp-content\/uploads\/2018\/06\/Hierro.jpg","width":866,"height":517,"caption":"sefutbol.com"},{"@type":"BreadcrumbList","@id":"https:\/\/futbolhoy.co\/index.php\/2020\/06\/16\/messi-y-maradona-no-se-pueden-comparar-hierro\/#breadcrumb","itemListElement":[{"@type":"ListItem","position":1,"name":"Portada","item":"https:\/\/futbolhoy.co\/"},{"@type":"ListItem","position":2,"name":"Messi y Maradona no se pueden comparar: Hierro"}]},{"@type":"WebSite","@id":"https:\/\/futbolhoy.co\/#website","url":"https:\/\/futbolhoy.co\/","name":"FutbolHoy","description":"","publisher":{"@id":"https:\/\/futbolhoy.co\/#organization"},"potentialAction":[{"@type":"SearchAction","target":{"@type":"EntryPoint","urlTemplate":"https:\/\/futbolhoy.co\/?s={search_term_string}"},"query-input":{"@type":"PropertyValueSpecification","valueRequired":true,"valueName":"search_term_string"}}],"inLanguage":"es"},{"@type":"Organization","@id":"https:\/\/futbolhoy.co\/#organization","name":"Futbolhoy.co","url":"https:\/\/futbolhoy.co\/","logo":{"@type":"ImageObject","inLanguage":"es","@id":"https:\/\/futbolhoy.co\/#\/schema\/logo\/image\/","url":"https:\/\/futbolhoy.co\/wp-content\/uploads\/2018\/08\/17426380_1906371736249227_6326180412931521141_n.jpg","contentUrl":"https:\/\/futbolhoy.co\/wp-content\/uploads\/2018\/08\/17426380_1906371736249227_6326180412931521141_n.jpg","width":960,"height":960,"caption":"Futbolhoy.co"},"image":{"@id":"https:\/\/futbolhoy.co\/#\/schema\/logo\/image\/"},"sameAs":["https:\/\/www.facebook.com\/FutbolHoyCol\/","https:\/\/x.com\/FutbolHoyCol","https:\/\/www.instagram.com\/futbolhoycol\/"]},{"@type":"Person","@id":"https:\/\/futbolhoy.co\/#\/schema\/person\/c4a353a512b127643723a34bb1812f7d","name":"Laura Hern\u00e1ndez","image":{"@type":"ImageObject","inLanguage":"es","@id":"https:\/\/futbolhoy.co\/#\/schema\/person\/image\/","url":"https:\/\/secure.gravatar.com\/avatar\/d25959a15b9b293a743f99181c7cfd01?s=96&d=mm&r=g","contentUrl":"https:\/\/secure.gravatar.com\/avatar\/d25959a15b9b293a743f99181c7cfd01?s=96&d=mm&r=g","caption":"Laura Hern\u00e1ndez"}}]}},"publishpress_future_action":{"enabled":false,"date":"2026-05-04 03:50:48","action":"change-status","newStatus":"draft","terms":[],"taxonomy":"category","extraData":[]},"publishpress_future_workflow_manual_trigger":{"enabledWorkflows":[]},"_links":{"self":[{"href":"https:\/\/futbolhoy.co\/index.php\/wp-json\/wp\/v2\/posts\/52489","targetHints":{"allow":["GET"]}}],"collection":[{"href":"https:\/\/futbolhoy.co\/index.php\/wp-json\/wp\/v2\/posts"}],"about":[{"href":"https:\/\/futbolhoy.co\/index.php\/wp-json\/wp\/v2\/types\/post"}],"author":[{"embeddable":true,"href":"https:\/\/futbolhoy.co\/index.php\/wp-json\/wp\/v2\/users\/5"}],"replies":[{"embeddable":true,"href":"https:\/\/futbolhoy.co\/index.php\/wp-json\/wp\/v2\/comments?post=52489"}],"version-history":[{"count":4,"href":"https:\/\/futbolhoy.co\/index.php\/wp-json\/wp\/v2\/posts\/52489\/revisions"}],"predecessor-version":[{"id":52499,"href":"https:\/\/futbolhoy.co\/index.php\/wp-json\/wp\/v2\/posts\/52489\/revisions\/52499"}],"wp:featuredmedia":[{"embeddable":true,"href":"https:\/\/futbolhoy.co\/index.php\/wp-json\/wp\/v2\/media\/19915"}],"wp:attachment":[{"href":"https:\/\/futbolhoy.co\/index.php\/wp-json\/wp\/v2\/media?parent=52489"}],"wp:term":[{"taxonomy":"category","embeddable":true,"href":"https:\/\/futbolhoy.co\/index.php\/wp-json\/wp\/v2\/categories?post=52489"},{"taxonomy":"post_tag","embeddable":true,"href":"https:\/\/futbolhoy.co\/index.php\/wp-json\/wp\/v2\/tags?post=52489"}],"curies":[{"name":"wp","href":"https:\/\/api.w.org\/{rel}","templated":true}]}}