{"id":52526,"date":"2020-06-14T07:51:12","date_gmt":"2020-06-14T12:51:12","guid":{"rendered":"https:\/\/futbolhoy.co\/?p=52526"},"modified":"2020-06-17T16:56:03","modified_gmt":"2020-06-17T21:56:03","slug":"juventus-y-napoli-por-la-coppa","status":"publish","type":"post","link":"https:\/\/futbolhoy.co\/index.php\/2020\/06\/14\/juventus-y-napoli-por-la-coppa\/","title":{"rendered":"Juventus y Napoli, por la Coppa"},"content":{"rendered":"<p style=\"text-align: justify;\"><span style=\"font-family: helvetica, arial, sans-serif;\"><strong>Juventus<\/strong> y <strong>Napoli<\/strong> se enfrentar\u00e1n este mi\u00e9rcoles a las 2PM en el<strong> Estadio Ol\u00edmpico de Roma<\/strong>, sin p\u00fablico, por la final de la <strong>Coppa Italia,<\/strong> el primer t\u00edtulo de la temporada que se definir\u00e1 en el pa\u00eds en medio de la pandemia del <strong>coronavirus.<\/strong><\/span><\/p>\n<p style=\"text-align: justify;\"><span style=\"font-family: helvetica, arial, sans-serif;\">La Juventus, que tiene en duda la presencia del lateral colombiano <strong>Juan Guillermo Cuadrado<\/strong> por disposici\u00f3n del t\u00e9cnico <strong>Maurizio Sarri,<\/strong> buscar\u00e1 su t\u00edtulo n\u00famero 14 en este torneo, donde es el m\u00e1ximo campe\u00f3n.<\/span><\/p>\n<p style=\"text-align: justify;\"><span style=\"font-family: helvetica, arial, sans-serif;\">Por su parte, el portero antioque\u00f1o <strong>David Ospina<\/strong>, ser\u00e1 la principal baja del Napoli, al estar suspendido por acumulaci\u00f3n de tarjetas amarillas y tras ser la gran figura en el partido contra el <strong>Inter<\/strong> (1-1) que le dio la clasificaci\u00f3n al juego por el t\u00edtulo.<\/span><\/p>\n<p style=\"text-align: justify;\"><span style=\"font-family: helvetica, arial, sans-serif;\">El t\u00e9cnico napolitano <strong>Gennaro Gattuso<\/strong> no utilizar\u00eda al volante mexicano <strong>Fabi\u00e1n Ruiz,<\/strong> a quien separ\u00f3 del \u00faltimo entrenamiento por falta de motivaci\u00f3n.<\/span><\/p>\n<p style=\"text-align: justify;\"><strong><span style=\"font-family: helvetica, arial, sans-serif;\">Probables formaciones:<\/span><\/strong><\/p>\n<p style=\"text-align: justify;\"><span style=\"font-family: helvetica, arial, sans-serif;\"><strong>Juventus:<\/strong> Gianluigi Buffon; Danilo, Leonardo Bonucci, Matthijs De Ligt, Alex Sandro; Rodrigo Bentancur, Miralem Pjanic, Blaise Matuidi; Douglas Costa, Cristiano Ronaldo y Paulo Dybala.<\/span><\/p>\n<p style=\"text-align: justify;\"><span style=\"font-family: helvetica, arial, sans-serif;\"><strong>Napoli:<\/strong> Alex Meret; Giovanni Di Lorenzo, Nikole Maksimovic, Kalidou Koulibaly, Mario Rui; Elif Elmes, Diego Demme, Piotr Zielinski; Lorenzo Insigne, Dries Mertens y Jos\u00e9 Mar\u00eda Callej\u00f3n.<\/span><\/p>\n<p style=\"text-align: justify;\"><span style=\"font-family: helvetica, arial, sans-serif;\">\u00c1rbitro: Daniele Doveri.<\/span><\/p>\n","protected":false},"excerpt":{"rendered":"<p>Juventus y Napoli se enfrentar\u00e1n este mi\u00e9rcoles a las 2PM en el Estadio Ol\u00edmpico de Roma, sin p\u00fablico, por la final de la Coppa Italia, el primer t\u00edtulo de la temporada que se definir\u00e1 en el pa\u00eds en medio de la pandemia del coronavirus. La Juventus, que tiene en duda la presencia del lateral colombiano [&hellip;]<\/p>\n","protected":false},"author":5,"featured_media":52527,"comment_status":"open","ping_status":"closed","sticky":false,"template":"","format":"standard","meta":{"_acf_changed":false,"footnotes":""},"categories":[152],"tags":[789,254,847],"class_list":{"0":"post-52526","1":"post","2":"type-post","3":"status-publish","4":"format-standard","5":"has-post-thumbnail","7":"category-mundo-futbol","8":"tag-copa-italia","9":"tag-juventus","10":"tag-napoli"},"acf":[],"_links":{"self":[{"href":"https:\/\/futbolhoy.co\/index.php\/wp-json\/wp\/v2\/posts\/52526","targetHints":{"allow":["GET"]}}],"collection":[{"href":"https:\/\/futbolhoy.co\/index.php\/wp-json\/wp\/v2\/posts"}],"about":[{"href":"https:\/\/futbolhoy.co\/index.php\/wp-json\/wp\/v2\/types\/post"}],"author":[{"embeddable":true,"href":"https:\/\/futbolhoy.co\/index.php\/wp-json\/wp\/v2\/users\/5"}],"replies":[{"embeddable":true,"href":"https:\/\/futbolhoy.co\/index.php\/wp-json\/wp\/v2\/comments?post=52526"}],"version-history":[{"count":1,"href":"https:\/\/futbolhoy.co\/index.php\/wp-json\/wp\/v2\/posts\/52526\/revisions"}],"predecessor-version":[{"id":52528,"href":"https:\/\/futbolhoy.co\/index.php\/wp-json\/wp\/v2\/posts\/52526\/revisions\/52528"}],"wp:featuredmedia":[{"embeddable":true,"href":"https:\/\/futbolhoy.co\/index.php\/wp-json\/wp\/v2\/media\/52527"}],"wp:attachment":[{"href":"https:\/\/futbolhoy.co\/index.php\/wp-json\/wp\/v2\/media?parent=52526"}],"wp:term":[{"taxonomy":"category","embeddable":true,"href":"https:\/\/futbolhoy.co\/index.php\/wp-json\/wp\/v2\/categories?post=52526"},{"taxonomy":"post_tag","embeddable":true,"href":"https:\/\/futbolhoy.co\/index.php\/wp-json\/wp\/v2\/tags?post=52526"}],"curies":[{"name":"wp","href":"https:\/\/api.w.org\/{rel}","templated":true}]}}