{"id":52536,"date":"2020-06-17T18:13:00","date_gmt":"2020-06-17T23:13:00","guid":{"rendered":"https:\/\/futbolhoy.co\/?p=52536"},"modified":"2020-06-18T10:09:11","modified_gmt":"2020-06-18T15:09:11","slug":"napoli-de-ospina-se-llevo-la-copa","status":"publish","type":"post","link":"https:\/\/futbolhoy.co\/index.php\/2020\/06\/17\/napoli-de-ospina-se-llevo-la-copa\/","title":{"rendered":"Napoli de Ospina se llev\u00f3 la Copa"},"content":{"rendered":"<p style=\"text-align: justify;\"><span style=\"font-family: helvetica, arial, sans-serif;\"><strong>Napoli<\/strong> venci\u00f3 en los penales 4-2 a <strong>Juventus<\/strong> y logr\u00f3 su sexto t\u00edtulo en la <strong>Copa Italia<\/strong>, luego de empatar 0-0 en los 90 minutos de juego, en el partido disputado en el estadio Ol\u00edmpico de Roma.<\/span><\/p>\n<p style=\"text-align: justify;\"><span style=\"font-family: helvetica, arial, sans-serif;\">El equipo, que dirige <strong>Gennaro Gattusso<\/strong>, no pudo contar, por sanci\u00f3n, con el portero antioque\u00f1o <strong>David Ospina<\/strong>, gran figura en la semifinal del campeonato.<\/span><\/p>\n<p style=\"text-align: justify;\"><span style=\"font-family: helvetica, arial, sans-serif;\">En el tiempo reglamentario, <strong>Napoli<\/strong> tuvo las mejores oportunidades, pero se encontr\u00f3 con el poste tras un tiro libre de <strong>Lorenzo Insigne,<\/strong> adem\u00e1s de una gran actuaci\u00f3n de <strong>Gianlugi Buffon<\/strong> que tuvo tres excepcionales atajadas, la \u00faltima en el cierre del compromiso.<\/span><\/p>\n<p style=\"text-align: justify;\"><span style=\"font-family: helvetica, arial, sans-serif;\">La \u2018Juve\u2019, que tuvo al antioque\u00f1o <strong>Juan Guillermo Cuadrado<\/strong> durante 85 minutos, qued\u00f3 en deuda con los hinchas, que a trav\u00e9s de las redes criticaron el planteamiento de su t\u00e9cnico <strong>Maurizio Sarri.<\/strong><\/span><\/p>\n<p style=\"text-align: justify;\"><span style=\"font-family: helvetica, arial, sans-serif;\">El portugu\u00e9s <strong>Cristiano Ronaldo<\/strong>, la gran figura del equipo de <strong>Tur\u00edn,<\/strong> pas\u00f3 desapercibido a lo largo de los 90 minutos.<\/span><\/p>\n<p style=\"text-align: justify;\"><span style=\"font-family: helvetica, arial, sans-serif;\">En la definici\u00f3n, <strong>Napoli<\/strong> marc\u00f3 sus cuatro penales, con Insigne, Matteo Politano, el serbio Nemanja Maksimovic y el polaco Arkadiusz Milik; mientras que en <strong>Juventus<\/strong> fallaron el argentino Paulo Dybala y el brasile\u00f1o Danilo. Leonardo Bonucci y Aaron Ramsey anotaron sus cobros.<\/span><\/p>\n<p style=\"text-align: justify;\"><span style=\"font-family: helvetica, arial, sans-serif;\">Palmares:<\/span><\/p>\n<p style=\"text-align: justify;\"><span style=\"font-family: helvetica, arial, sans-serif;\"><strong>Sexto t\u00edtulo del Napoli<\/strong>: 1962 (era de la categor\u00eda B, solo dos equipos lo han conseguido) 1976, 1987, 2012, 2014 y 2020.<\/span><\/p>\n<p style=\"text-align: justify;\"><span style=\"font-family: helvetica, arial, sans-serif;\"><strong>David Ospina<\/strong>, que no estuvo en el \u00faltimo partido, ha levantado 9 t\u00edtulos en Europa, 6 oficiales y 3 amistosos.<\/span><\/p>\n<p style=\"text-align: justify;\"><strong><span style=\"font-family: helvetica, arial, sans-serif;\"><i>Oficiales:<\/i><\/span><\/strong><\/p>\n<p style=\"text-align: justify;\"><span style=\"font-family: helvetica, arial, sans-serif;\"><strong>Fa Cup<\/strong> en 2 oportunidades: 14\/15 y 16\/17<\/span><\/p>\n<p style=\"text-align: justify;\"><span style=\"font-family: helvetica, arial, sans-serif;\"><strong>Community Shield<\/strong> en tres oportunidades: 14\/15, 15\/16 y 17\/18<\/span><\/p>\n<p style=\"text-align: justify;\"><span style=\"font-family: helvetica, arial, sans-serif;\"><strong>Copa Italia<\/strong> 2020<\/span><\/p>\n<p style=\"text-align: justify;\"><strong><span style=\"font-family: helvetica, arial, sans-serif;\"><i>No oficiales:<\/i><\/span><\/strong><\/p>\n<p style=\"text-align: justify;\"><span style=\"font-family: helvetica, arial, sans-serif;\"><strong>Emirates Cup<\/strong> en 2 oportunidades: 2015 y 2017<\/span><\/p>\n<p style=\"text-align: justify;\"><span lang=\"EN-US\" style=\"font-family: helvetica, arial, sans-serif;\"><strong>Premier League Asia Trophy<\/strong>: 2015<\/span><\/p>\n<p style=\"text-align: justify;\"><strong><span lang=\"EN-US\" style=\"font-family: helvetica, arial, sans-serif;\">Formaciones:<\/span><\/strong><\/p>\n<p style=\"text-align: justify;\"><span style=\"font-family: helvetica, arial, sans-serif;\"><strong>Napoli:<\/strong> Alex Meret; Giovanni Di Lorenzo, Nikola Maksimovic, Kalidou Koulibaly, Mario Rui (Elseid Hysaj 81\u2019); Fabi\u00e1n Ruiz (Allan 80\u2019), Diego Demme, Piotr Zielinski (Eljif Elmas 88\u2019), Jos\u00e9 Callejon (Matteo Politano 66\u2019); Dries Mertens (Arkadiusz Milik 66\u2019), Lorenzo Insigne.<\/span><\/p>\n<p style=\"text-align: justify;\"><span style=\"font-family: helvetica, arial, sans-serif;\"><strong>Juventus:<\/strong> Gianluigi Buffon; Juan Guillermo Cuadrado (Aaron Ramsey 85\u2019), Leonardo Bonucci, Matthijs de Ligt y Alex Sandro; Miralem Pjanic (Federico Bernardeschi 74\u2019), Blaise Matuidi y Rodrigo Bentancur; Paulo Dybala, Douglas Costa (Danilo 64\u2019) y Cristiano Ronaldo.<\/span><\/p>\n","protected":false},"excerpt":{"rendered":"<p>Napoli venci\u00f3 en los penales 4-2 a Juventus y logr\u00f3 su sexto t\u00edtulo en la Copa Italia, luego de empatar 0-0 en los 90 minutos de juego, en el partido disputado en el estadio Ol\u00edmpico de Roma. El equipo, que dirige Gennaro Gattusso, no pudo contar, por sanci\u00f3n, con el portero antioque\u00f1o David Ospina, gran [&hellip;]<\/p>\n","protected":false},"author":5,"featured_media":52537,"comment_status":"open","ping_status":"closed","sticky":false,"template":"","format":"standard","meta":{"_acf_changed":false,"footnotes":""},"categories":[418],"tags":[],"class_list":["post-52536","post","type-post","status-publish","format-standard","has-post-thumbnail","category-colombia"],"acf":[],"yoast_head":"<!-- This site is optimized with the Yoast SEO plugin v28.4 - https:\/\/yoast.com\/product\/yoast-seo-wordpress\/ -->\n<title>Napoli de Ospina se llev\u00f3 la Copa -<\/title>\n<meta name=\"robots\" content=\"index, follow, max-snippet:-1, max-image-preview:large, max-video-preview:-1\" \/>\n<link rel=\"canonical\" href=\"https:\/\/futbolhoy.co\/index.php\/2020\/06\/17\/napoli-de-ospina-se-llevo-la-copa\/\" \/>\n<meta property=\"og:locale\" content=\"es_ES\" \/>\n<meta property=\"og:type\" content=\"article\" \/>\n<meta property=\"og:title\" content=\"Napoli de Ospina se llev\u00f3 la Copa -\" \/>\n<meta property=\"og:description\" content=\"Napoli venci\u00f3 en los penales 4-2 a Juventus y logr\u00f3 su sexto t\u00edtulo en la Copa Italia, luego de empatar 0-0 en los 90 minutos de juego, en el partido disputado en el estadio Ol\u00edmpico de Roma. El equipo, que dirige Gennaro Gattusso, no pudo contar, por sanci\u00f3n, con el portero antioque\u00f1o David Ospina, gran [&hellip;]\" \/>\n<meta property=\"og:url\" content=\"https:\/\/futbolhoy.co\/index.php\/2020\/06\/17\/napoli-de-ospina-se-llevo-la-copa\/\" \/>\n<meta property=\"article:publisher\" content=\"https:\/\/www.facebook.com\/FutbolHoyCol\/\" \/>\n<meta property=\"article:published_time\" content=\"2020-06-17T23:13:00+00:00\" \/>\n<meta property=\"article:modified_time\" content=\"2020-06-18T15:09:11+00:00\" \/>\n<meta property=\"og:image\" content=\"https:\/\/futbolhoy.co\/wp-content\/uploads\/2020\/06\/IMG-20200617-WA0039.jpg\" \/>\n\t<meta property=\"og:image:width\" content=\"1252\" \/>\n\t<meta property=\"og:image:height\" content=\"1058\" \/>\n\t<meta property=\"og:image:type\" content=\"image\/jpeg\" \/>\n<meta name=\"author\" content=\"Laura Hern\u00e1ndez\" \/>\n<meta name=\"twitter:card\" content=\"summary_large_image\" \/>\n<meta name=\"twitter:creator\" content=\"@FutbolHoyCol\" \/>\n<meta name=\"twitter:site\" content=\"@FutbolHoyCol\" \/>\n<meta name=\"twitter:label1\" content=\"Escrito por\" \/>\n\t<meta name=\"twitter:data1\" content=\"Laura Hern\u00e1ndez\" \/>\n\t<meta name=\"twitter:label2\" content=\"Tiempo de lectura\" \/>\n\t<meta name=\"twitter:data2\" content=\"2 minutos\" \/>\n<script type=\"application\/ld+json\" class=\"yoast-schema-graph\">{\"@context\":\"https:\\\/\\\/schema.org\",\"@graph\":[{\"@type\":\"Article\",\"@id\":\"https:\\\/\\\/futbolhoy.co\\\/index.php\\\/2020\\\/06\\\/17\\\/napoli-de-ospina-se-llevo-la-copa\\\/#article\",\"isPartOf\":{\"@id\":\"https:\\\/\\\/futbolhoy.co\\\/index.php\\\/2020\\\/06\\\/17\\\/napoli-de-ospina-se-llevo-la-copa\\\/\"},\"author\":{\"name\":\"Laura Hern\u00e1ndez\",\"@id\":\"https:\\\/\\\/futbolhoy.co\\\/#\\\/schema\\\/person\\\/c4a353a512b127643723a34bb1812f7d\"},\"headline\":\"Napoli de Ospina se llev\u00f3 la Copa\",\"datePublished\":\"2020-06-17T23:13:00+00:00\",\"dateModified\":\"2020-06-18T15:09:11+00:00\",\"mainEntityOfPage\":{\"@id\":\"https:\\\/\\\/futbolhoy.co\\\/index.php\\\/2020\\\/06\\\/17\\\/napoli-de-ospina-se-llevo-la-copa\\\/\"},\"wordCount\":344,\"commentCount\":0,\"image\":{\"@id\":\"https:\\\/\\\/futbolhoy.co\\\/index.php\\\/2020\\\/06\\\/17\\\/napoli-de-ospina-se-llevo-la-copa\\\/#primaryimage\"},\"thumbnailUrl\":\"https:\\\/\\\/futbolhoy.co\\\/wp-content\\\/uploads\\\/2020\\\/06\\\/IMG-20200617-WA0039.jpg\",\"articleSection\":[\"Colombia\"],\"inLanguage\":\"es\",\"potentialAction\":[{\"@type\":\"CommentAction\",\"name\":\"Comment\",\"target\":[\"https:\\\/\\\/futbolhoy.co\\\/index.php\\\/2020\\\/06\\\/17\\\/napoli-de-ospina-se-llevo-la-copa\\\/#respond\"]}]},{\"@type\":\"WebPage\",\"@id\":\"https:\\\/\\\/futbolhoy.co\\\/index.php\\\/2020\\\/06\\\/17\\\/napoli-de-ospina-se-llevo-la-copa\\\/\",\"url\":\"https:\\\/\\\/futbolhoy.co\\\/index.php\\\/2020\\\/06\\\/17\\\/napoli-de-ospina-se-llevo-la-copa\\\/\",\"name\":\"Napoli de Ospina se llev\u00f3 la Copa -\",\"isPartOf\":{\"@id\":\"https:\\\/\\\/futbolhoy.co\\\/#website\"},\"primaryImageOfPage\":{\"@id\":\"https:\\\/\\\/futbolhoy.co\\\/index.php\\\/2020\\\/06\\\/17\\\/napoli-de-ospina-se-llevo-la-copa\\\/#primaryimage\"},\"image\":{\"@id\":\"https:\\\/\\\/futbolhoy.co\\\/index.php\\\/2020\\\/06\\\/17\\\/napoli-de-ospina-se-llevo-la-copa\\\/#primaryimage\"},\"thumbnailUrl\":\"https:\\\/\\\/futbolhoy.co\\\/wp-content\\\/uploads\\\/2020\\\/06\\\/IMG-20200617-WA0039.jpg\",\"datePublished\":\"2020-06-17T23:13:00+00:00\",\"dateModified\":\"2020-06-18T15:09:11+00:00\",\"author\":{\"@id\":\"https:\\\/\\\/futbolhoy.co\\\/#\\\/schema\\\/person\\\/c4a353a512b127643723a34bb1812f7d\"},\"breadcrumb\":{\"@id\":\"https:\\\/\\\/futbolhoy.co\\\/index.php\\\/2020\\\/06\\\/17\\\/napoli-de-ospina-se-llevo-la-copa\\\/#breadcrumb\"},\"inLanguage\":\"es\",\"potentialAction\":[{\"@type\":\"ReadAction\",\"target\":[\"https:\\\/\\\/futbolhoy.co\\\/index.php\\\/2020\\\/06\\\/17\\\/napoli-de-ospina-se-llevo-la-copa\\\/\"]}]},{\"@type\":\"ImageObject\",\"inLanguage\":\"es\",\"@id\":\"https:\\\/\\\/futbolhoy.co\\\/index.php\\\/2020\\\/06\\\/17\\\/napoli-de-ospina-se-llevo-la-copa\\\/#primaryimage\",\"url\":\"https:\\\/\\\/futbolhoy.co\\\/wp-content\\\/uploads\\\/2020\\\/06\\\/IMG-20200617-WA0039.jpg\",\"contentUrl\":\"https:\\\/\\\/futbolhoy.co\\\/wp-content\\\/uploads\\\/2020\\\/06\\\/IMG-20200617-WA0039.jpg\",\"width\":1252,\"height\":1058},{\"@type\":\"BreadcrumbList\",\"@id\":\"https:\\\/\\\/futbolhoy.co\\\/index.php\\\/2020\\\/06\\\/17\\\/napoli-de-ospina-se-llevo-la-copa\\\/#breadcrumb\",\"itemListElement\":[{\"@type\":\"ListItem\",\"position\":1,\"name\":\"Portada\",\"item\":\"https:\\\/\\\/futbolhoy.co\\\/\"},{\"@type\":\"ListItem\",\"position\":2,\"name\":\"Napoli de Ospina se llev\u00f3 la Copa\"}]},{\"@type\":\"WebSite\",\"@id\":\"https:\\\/\\\/futbolhoy.co\\\/#website\",\"url\":\"https:\\\/\\\/futbolhoy.co\\\/\",\"name\":\"FutbolHoy\",\"description\":\"\",\"potentialAction\":[{\"@type\":\"SearchAction\",\"target\":{\"@type\":\"EntryPoint\",\"urlTemplate\":\"https:\\\/\\\/futbolhoy.co\\\/?s={search_term_string}\"},\"query-input\":{\"@type\":\"PropertyValueSpecification\",\"valueRequired\":true,\"valueName\":\"search_term_string\"}}],\"inLanguage\":\"es\"},{\"@type\":\"Person\",\"@id\":\"https:\\\/\\\/futbolhoy.co\\\/#\\\/schema\\\/person\\\/c4a353a512b127643723a34bb1812f7d\",\"name\":\"Laura Hern\u00e1ndez\",\"image\":{\"@type\":\"ImageObject\",\"inLanguage\":\"es\",\"@id\":\"https:\\\/\\\/secure.gravatar.com\\\/avatar\\\/1ae6b7966942c60c822ea71afe0e5cf4105b8e983193883c6d026db4d508431d?s=96&d=mm&r=g\",\"url\":\"https:\\\/\\\/secure.gravatar.com\\\/avatar\\\/1ae6b7966942c60c822ea71afe0e5cf4105b8e983193883c6d026db4d508431d?s=96&d=mm&r=g\",\"contentUrl\":\"https:\\\/\\\/secure.gravatar.com\\\/avatar\\\/1ae6b7966942c60c822ea71afe0e5cf4105b8e983193883c6d026db4d508431d?s=96&d=mm&r=g\",\"caption\":\"Laura Hern\u00e1ndez\"}}]}<\/script>\n<!-- \/ Yoast SEO plugin. -->","yoast_head_json":{"title":"Napoli de Ospina se llev\u00f3 la Copa -","robots":{"index":"index","follow":"follow","max-snippet":"max-snippet:-1","max-image-preview":"max-image-preview:large","max-video-preview":"max-video-preview:-1"},"canonical":"https:\/\/futbolhoy.co\/index.php\/2020\/06\/17\/napoli-de-ospina-se-llevo-la-copa\/","og_locale":"es_ES","og_type":"article","og_title":"Napoli de Ospina se llev\u00f3 la Copa -","og_description":"Napoli venci\u00f3 en los penales 4-2 a Juventus y logr\u00f3 su sexto t\u00edtulo en la Copa Italia, luego de empatar 0-0 en los 90 minutos de juego, en el partido disputado en el estadio Ol\u00edmpico de Roma. El equipo, que dirige Gennaro Gattusso, no pudo contar, por sanci\u00f3n, con el portero antioque\u00f1o David Ospina, gran [&hellip;]","og_url":"https:\/\/futbolhoy.co\/index.php\/2020\/06\/17\/napoli-de-ospina-se-llevo-la-copa\/","article_publisher":"https:\/\/www.facebook.com\/FutbolHoyCol\/","article_published_time":"2020-06-17T23:13:00+00:00","article_modified_time":"2020-06-18T15:09:11+00:00","og_image":[{"width":1252,"height":1058,"url":"https:\/\/futbolhoy.co\/wp-content\/uploads\/2020\/06\/IMG-20200617-WA0039.jpg","type":"image\/jpeg"}],"author":"Laura Hern\u00e1ndez","twitter_card":"summary_large_image","twitter_creator":"@FutbolHoyCol","twitter_site":"@FutbolHoyCol","twitter_misc":{"Escrito por":"Laura Hern\u00e1ndez","Tiempo de lectura":"2 minutos"},"schema":{"@context":"https:\/\/schema.org","@graph":[{"@type":"Article","@id":"https:\/\/futbolhoy.co\/index.php\/2020\/06\/17\/napoli-de-ospina-se-llevo-la-copa\/#article","isPartOf":{"@id":"https:\/\/futbolhoy.co\/index.php\/2020\/06\/17\/napoli-de-ospina-se-llevo-la-copa\/"},"author":{"name":"Laura Hern\u00e1ndez","@id":"https:\/\/futbolhoy.co\/#\/schema\/person\/c4a353a512b127643723a34bb1812f7d"},"headline":"Napoli de Ospina se llev\u00f3 la Copa","datePublished":"2020-06-17T23:13:00+00:00","dateModified":"2020-06-18T15:09:11+00:00","mainEntityOfPage":{"@id":"https:\/\/futbolhoy.co\/index.php\/2020\/06\/17\/napoli-de-ospina-se-llevo-la-copa\/"},"wordCount":344,"commentCount":0,"image":{"@id":"https:\/\/futbolhoy.co\/index.php\/2020\/06\/17\/napoli-de-ospina-se-llevo-la-copa\/#primaryimage"},"thumbnailUrl":"https:\/\/futbolhoy.co\/wp-content\/uploads\/2020\/06\/IMG-20200617-WA0039.jpg","articleSection":["Colombia"],"inLanguage":"es","potentialAction":[{"@type":"CommentAction","name":"Comment","target":["https:\/\/futbolhoy.co\/index.php\/2020\/06\/17\/napoli-de-ospina-se-llevo-la-copa\/#respond"]}]},{"@type":"WebPage","@id":"https:\/\/futbolhoy.co\/index.php\/2020\/06\/17\/napoli-de-ospina-se-llevo-la-copa\/","url":"https:\/\/futbolhoy.co\/index.php\/2020\/06\/17\/napoli-de-ospina-se-llevo-la-copa\/","name":"Napoli de Ospina se llev\u00f3 la Copa -","isPartOf":{"@id":"https:\/\/futbolhoy.co\/#website"},"primaryImageOfPage":{"@id":"https:\/\/futbolhoy.co\/index.php\/2020\/06\/17\/napoli-de-ospina-se-llevo-la-copa\/#primaryimage"},"image":{"@id":"https:\/\/futbolhoy.co\/index.php\/2020\/06\/17\/napoli-de-ospina-se-llevo-la-copa\/#primaryimage"},"thumbnailUrl":"https:\/\/futbolhoy.co\/wp-content\/uploads\/2020\/06\/IMG-20200617-WA0039.jpg","datePublished":"2020-06-17T23:13:00+00:00","dateModified":"2020-06-18T15:09:11+00:00","author":{"@id":"https:\/\/futbolhoy.co\/#\/schema\/person\/c4a353a512b127643723a34bb1812f7d"},"breadcrumb":{"@id":"https:\/\/futbolhoy.co\/index.php\/2020\/06\/17\/napoli-de-ospina-se-llevo-la-copa\/#breadcrumb"},"inLanguage":"es","potentialAction":[{"@type":"ReadAction","target":["https:\/\/futbolhoy.co\/index.php\/2020\/06\/17\/napoli-de-ospina-se-llevo-la-copa\/"]}]},{"@type":"ImageObject","inLanguage":"es","@id":"https:\/\/futbolhoy.co\/index.php\/2020\/06\/17\/napoli-de-ospina-se-llevo-la-copa\/#primaryimage","url":"https:\/\/futbolhoy.co\/wp-content\/uploads\/2020\/06\/IMG-20200617-WA0039.jpg","contentUrl":"https:\/\/futbolhoy.co\/wp-content\/uploads\/2020\/06\/IMG-20200617-WA0039.jpg","width":1252,"height":1058},{"@type":"BreadcrumbList","@id":"https:\/\/futbolhoy.co\/index.php\/2020\/06\/17\/napoli-de-ospina-se-llevo-la-copa\/#breadcrumb","itemListElement":[{"@type":"ListItem","position":1,"name":"Portada","item":"https:\/\/futbolhoy.co\/"},{"@type":"ListItem","position":2,"name":"Napoli de Ospina se llev\u00f3 la Copa"}]},{"@type":"WebSite","@id":"https:\/\/futbolhoy.co\/#website","url":"https:\/\/futbolhoy.co\/","name":"FutbolHoy","description":"","potentialAction":[{"@type":"SearchAction","target":{"@type":"EntryPoint","urlTemplate":"https:\/\/futbolhoy.co\/?s={search_term_string}"},"query-input":{"@type":"PropertyValueSpecification","valueRequired":true,"valueName":"search_term_string"}}],"inLanguage":"es"},{"@type":"Person","@id":"https:\/\/futbolhoy.co\/#\/schema\/person\/c4a353a512b127643723a34bb1812f7d","name":"Laura Hern\u00e1ndez","image":{"@type":"ImageObject","inLanguage":"es","@id":"https:\/\/secure.gravatar.com\/avatar\/1ae6b7966942c60c822ea71afe0e5cf4105b8e983193883c6d026db4d508431d?s=96&d=mm&r=g","url":"https:\/\/secure.gravatar.com\/avatar\/1ae6b7966942c60c822ea71afe0e5cf4105b8e983193883c6d026db4d508431d?s=96&d=mm&r=g","contentUrl":"https:\/\/secure.gravatar.com\/avatar\/1ae6b7966942c60c822ea71afe0e5cf4105b8e983193883c6d026db4d508431d?s=96&d=mm&r=g","caption":"Laura Hern\u00e1ndez"}}]}},"_links":{"self":[{"href":"https:\/\/futbolhoy.co\/index.php\/wp-json\/wp\/v2\/posts\/52536","targetHints":{"allow":["GET"]}}],"collection":[{"href":"https:\/\/futbolhoy.co\/index.php\/wp-json\/wp\/v2\/posts"}],"about":[{"href":"https:\/\/futbolhoy.co\/index.php\/wp-json\/wp\/v2\/types\/post"}],"author":[{"embeddable":true,"href":"https:\/\/futbolhoy.co\/index.php\/wp-json\/wp\/v2\/users\/5"}],"replies":[{"embeddable":true,"href":"https:\/\/futbolhoy.co\/index.php\/wp-json\/wp\/v2\/comments?post=52536"}],"version-history":[{"count":3,"href":"https:\/\/futbolhoy.co\/index.php\/wp-json\/wp\/v2\/posts\/52536\/revisions"}],"predecessor-version":[{"id":52540,"href":"https:\/\/futbolhoy.co\/index.php\/wp-json\/wp\/v2\/posts\/52536\/revisions\/52540"}],"wp:featuredmedia":[{"embeddable":true,"href":"https:\/\/futbolhoy.co\/index.php\/wp-json\/wp\/v2\/media\/52537"}],"wp:attachment":[{"href":"https:\/\/futbolhoy.co\/index.php\/wp-json\/wp\/v2\/media?parent=52536"}],"wp:term":[{"taxonomy":"category","embeddable":true,"href":"https:\/\/futbolhoy.co\/index.php\/wp-json\/wp\/v2\/categories?post=52536"},{"taxonomy":"post_tag","embeddable":true,"href":"https:\/\/futbolhoy.co\/index.php\/wp-json\/wp\/v2\/tags?post=52536"}],"curies":[{"name":"wp","href":"https:\/\/api.w.org\/{rel}","templated":true}]}}