{"id":52641,"date":"2020-06-20T10:11:34","date_gmt":"2020-06-20T15:11:34","guid":{"rendered":"https:\/\/futbolhoy.co\/?p=52641"},"modified":"2020-06-20T17:45:21","modified_gmt":"2020-06-20T22:45:21","slug":"camilo-vargas-seguira-en-atlas","status":"publish","type":"post","link":"https:\/\/futbolhoy.co\/index.php\/2020\/06\/20\/camilo-vargas-seguira-en-atlas\/","title":{"rendered":"Camilo Vargas seguir\u00e1 en Atlas"},"content":{"rendered":"<p style=\"text-align: justify;\"><span style=\"font-family: helvetica, arial, sans-serif;\">El portero bogotano <strong>Camilo Vargas<\/strong> seguir\u00e1 en <strong>Atlas<\/strong> de <strong>M\u00e9xico<\/strong> para la pr\u00f3xima temporada, confirm\u00f3 la directiva del club de <strong>Guadalajara.<\/strong><\/span><\/p>\n<p style=\"text-align: justify;\"><span style=\"font-family: helvetica, arial, sans-serif;\">Vargas, quien fue titular a lo largo del <strong>Torneo Clausura<\/strong>, recibi\u00f3 16 goles, pero demostr\u00f3 las condiciones por las que es convocado a la<strong> Selecci\u00f3n Colombia.<\/strong><\/span><\/p>\n<p style=\"text-align: justify;\"><span style=\"font-family: helvetica, arial, sans-serif;\">Entretanto, el extremo tumaque\u00f1o <strong>Mauricio Cuero<\/strong> encabeza la lista de jugadores que saldr\u00e1n del equipo.<\/span><\/p>\n<p style=\"text-align: justify;\"><span style=\"font-family: helvetica, arial, sans-serif;\">Cuero, quien alcanz\u00f3 a disputar 5 partidos este a\u00f1o y marcar dos goles antes de la cancelaci\u00f3n del campeonato, fue notificado por su t\u00e9cnico <strong>Rafael Puentes.<\/strong><\/span><\/p>\n<p style=\"text-align: justify;\"><span style=\"font-family: helvetica, arial, sans-serif;\">El Torneo Apertura de la <strong>Liga MX<\/strong> tiene previsto su inicio para el 24 de julio.<\/span><\/p>\n","protected":false},"excerpt":{"rendered":"<p>El portero bogotano Camilo Vargas seguir\u00e1 en Atlas de M\u00e9xico para la pr\u00f3xima temporada, confirm\u00f3 la directiva del club de Guadalajara. Vargas, quien fue titular a lo largo del Torneo Clausura, recibi\u00f3 16 goles, pero demostr\u00f3 las condiciones por las que es convocado a la Selecci\u00f3n Colombia. Entretanto, el extremo tumaque\u00f1o Mauricio Cuero encabeza la [&hellip;]<\/p>\n","protected":false},"author":5,"featured_media":41729,"comment_status":"open","ping_status":"closed","sticky":false,"template":"","format":"standard","meta":{"_acf_changed":false,"footnotes":""},"categories":[418],"tags":[1061,1097],"class_list":["post-52641","post","type-post","status-publish","format-standard","has-post-thumbnail","category-colombia","tag-atlas","tag-camilo-vargas"],"acf":[],"yoast_head":"<!-- This site is optimized with the Yoast SEO plugin v28.3 - https:\/\/yoast.com\/product\/yoast-seo-wordpress\/ -->\n<title>Camilo Vargas seguir\u00e1 en Atlas -<\/title>\n<meta name=\"robots\" content=\"index, follow, max-snippet:-1, max-image-preview:large, max-video-preview:-1\" \/>\n<link rel=\"canonical\" href=\"https:\/\/futbolhoy.co\/index.php\/2020\/06\/20\/camilo-vargas-seguira-en-atlas\/\" \/>\n<meta property=\"og:locale\" content=\"es_ES\" \/>\n<meta property=\"og:type\" content=\"article\" \/>\n<meta property=\"og:title\" content=\"Camilo Vargas seguir\u00e1 en Atlas -\" \/>\n<meta property=\"og:description\" content=\"El portero bogotano Camilo Vargas seguir\u00e1 en Atlas de M\u00e9xico para la pr\u00f3xima temporada, confirm\u00f3 la directiva del club de Guadalajara. Vargas, quien fue titular a lo largo del Torneo Clausura, recibi\u00f3 16 goles, pero demostr\u00f3 las condiciones por las que es convocado a la Selecci\u00f3n Colombia. Entretanto, el extremo tumaque\u00f1o Mauricio Cuero encabeza la [&hellip;]\" \/>\n<meta property=\"og:url\" content=\"https:\/\/futbolhoy.co\/index.php\/2020\/06\/20\/camilo-vargas-seguira-en-atlas\/\" \/>\n<meta property=\"article:publisher\" content=\"https:\/\/www.facebook.com\/FutbolHoyCol\/\" \/>\n<meta property=\"article:published_time\" content=\"2020-06-20T15:11:34+00:00\" \/>\n<meta property=\"article:modified_time\" content=\"2020-06-20T22:45:21+00:00\" \/>\n<meta property=\"og:image\" content=\"https:\/\/futbolhoy.co\/wp-content\/uploads\/2019\/09\/EFhupVBXUAUIqbj.jpg\" \/>\n\t<meta property=\"og:image:width\" content=\"680\" \/>\n\t<meta property=\"og:image:height\" content=\"454\" \/>\n\t<meta property=\"og:image:type\" content=\"image\/jpeg\" \/>\n<meta name=\"author\" content=\"Laura Hern\u00e1ndez\" \/>\n<meta name=\"twitter:card\" content=\"summary_large_image\" \/>\n<meta name=\"twitter:creator\" content=\"@FutbolHoyCol\" \/>\n<meta name=\"twitter:site\" content=\"@FutbolHoyCol\" \/>\n<meta name=\"twitter:label1\" content=\"Escrito por\" \/>\n\t<meta name=\"twitter:data1\" content=\"Laura Hern\u00e1ndez\" \/>\n\t<meta name=\"twitter:label2\" content=\"Tiempo de lectura\" \/>\n\t<meta name=\"twitter:data2\" content=\"1 minuto\" \/>\n<script type=\"application\/ld+json\" class=\"yoast-schema-graph\">{\"@context\":\"https:\\\/\\\/schema.org\",\"@graph\":[{\"@type\":\"Article\",\"@id\":\"https:\\\/\\\/futbolhoy.co\\\/index.php\\\/2020\\\/06\\\/20\\\/camilo-vargas-seguira-en-atlas\\\/#article\",\"isPartOf\":{\"@id\":\"https:\\\/\\\/futbolhoy.co\\\/index.php\\\/2020\\\/06\\\/20\\\/camilo-vargas-seguira-en-atlas\\\/\"},\"author\":{\"name\":\"Laura Hern\u00e1ndez\",\"@id\":\"https:\\\/\\\/futbolhoy.co\\\/#\\\/schema\\\/person\\\/c4a353a512b127643723a34bb1812f7d\"},\"headline\":\"Camilo Vargas seguir\u00e1 en Atlas\",\"datePublished\":\"2020-06-20T15:11:34+00:00\",\"dateModified\":\"2020-06-20T22:45:21+00:00\",\"mainEntityOfPage\":{\"@id\":\"https:\\\/\\\/futbolhoy.co\\\/index.php\\\/2020\\\/06\\\/20\\\/camilo-vargas-seguira-en-atlas\\\/\"},\"wordCount\":114,\"commentCount\":0,\"image\":{\"@id\":\"https:\\\/\\\/futbolhoy.co\\\/index.php\\\/2020\\\/06\\\/20\\\/camilo-vargas-seguira-en-atlas\\\/#primaryimage\"},\"thumbnailUrl\":\"https:\\\/\\\/futbolhoy.co\\\/wp-content\\\/uploads\\\/2019\\\/09\\\/EFhupVBXUAUIqbj.jpg\",\"keywords\":[\"atlas\",\"Camilo Vargas\"],\"articleSection\":[\"Colombia\"],\"inLanguage\":\"es\",\"potentialAction\":[{\"@type\":\"CommentAction\",\"name\":\"Comment\",\"target\":[\"https:\\\/\\\/futbolhoy.co\\\/index.php\\\/2020\\\/06\\\/20\\\/camilo-vargas-seguira-en-atlas\\\/#respond\"]}]},{\"@type\":\"WebPage\",\"@id\":\"https:\\\/\\\/futbolhoy.co\\\/index.php\\\/2020\\\/06\\\/20\\\/camilo-vargas-seguira-en-atlas\\\/\",\"url\":\"https:\\\/\\\/futbolhoy.co\\\/index.php\\\/2020\\\/06\\\/20\\\/camilo-vargas-seguira-en-atlas\\\/\",\"name\":\"Camilo Vargas seguir\u00e1 en Atlas -\",\"isPartOf\":{\"@id\":\"https:\\\/\\\/futbolhoy.co\\\/#website\"},\"primaryImageOfPage\":{\"@id\":\"https:\\\/\\\/futbolhoy.co\\\/index.php\\\/2020\\\/06\\\/20\\\/camilo-vargas-seguira-en-atlas\\\/#primaryimage\"},\"image\":{\"@id\":\"https:\\\/\\\/futbolhoy.co\\\/index.php\\\/2020\\\/06\\\/20\\\/camilo-vargas-seguira-en-atlas\\\/#primaryimage\"},\"thumbnailUrl\":\"https:\\\/\\\/futbolhoy.co\\\/wp-content\\\/uploads\\\/2019\\\/09\\\/EFhupVBXUAUIqbj.jpg\",\"datePublished\":\"2020-06-20T15:11:34+00:00\",\"dateModified\":\"2020-06-20T22:45:21+00:00\",\"author\":{\"@id\":\"https:\\\/\\\/futbolhoy.co\\\/#\\\/schema\\\/person\\\/c4a353a512b127643723a34bb1812f7d\"},\"breadcrumb\":{\"@id\":\"https:\\\/\\\/futbolhoy.co\\\/index.php\\\/2020\\\/06\\\/20\\\/camilo-vargas-seguira-en-atlas\\\/#breadcrumb\"},\"inLanguage\":\"es\",\"potentialAction\":[{\"@type\":\"ReadAction\",\"target\":[\"https:\\\/\\\/futbolhoy.co\\\/index.php\\\/2020\\\/06\\\/20\\\/camilo-vargas-seguira-en-atlas\\\/\"]}]},{\"@type\":\"ImageObject\",\"inLanguage\":\"es\",\"@id\":\"https:\\\/\\\/futbolhoy.co\\\/index.php\\\/2020\\\/06\\\/20\\\/camilo-vargas-seguira-en-atlas\\\/#primaryimage\",\"url\":\"https:\\\/\\\/futbolhoy.co\\\/wp-content\\\/uploads\\\/2019\\\/09\\\/EFhupVBXUAUIqbj.jpg\",\"contentUrl\":\"https:\\\/\\\/futbolhoy.co\\\/wp-content\\\/uploads\\\/2019\\\/09\\\/EFhupVBXUAUIqbj.jpg\",\"width\":680,\"height\":454,\"caption\":\"Twitter @AtlasFc\"},{\"@type\":\"BreadcrumbList\",\"@id\":\"https:\\\/\\\/futbolhoy.co\\\/index.php\\\/2020\\\/06\\\/20\\\/camilo-vargas-seguira-en-atlas\\\/#breadcrumb\",\"itemListElement\":[{\"@type\":\"ListItem\",\"position\":1,\"name\":\"Portada\",\"item\":\"https:\\\/\\\/futbolhoy.co\\\/\"},{\"@type\":\"ListItem\",\"position\":2,\"name\":\"Camilo Vargas seguir\u00e1 en Atlas\"}]},{\"@type\":\"WebSite\",\"@id\":\"https:\\\/\\\/futbolhoy.co\\\/#website\",\"url\":\"https:\\\/\\\/futbolhoy.co\\\/\",\"name\":\"FutbolHoy\",\"description\":\"\",\"potentialAction\":[{\"@type\":\"SearchAction\",\"target\":{\"@type\":\"EntryPoint\",\"urlTemplate\":\"https:\\\/\\\/futbolhoy.co\\\/?s={search_term_string}\"},\"query-input\":{\"@type\":\"PropertyValueSpecification\",\"valueRequired\":true,\"valueName\":\"search_term_string\"}}],\"inLanguage\":\"es\"},{\"@type\":\"Person\",\"@id\":\"https:\\\/\\\/futbolhoy.co\\\/#\\\/schema\\\/person\\\/c4a353a512b127643723a34bb1812f7d\",\"name\":\"Laura Hern\u00e1ndez\",\"image\":{\"@type\":\"ImageObject\",\"inLanguage\":\"es\",\"@id\":\"https:\\\/\\\/secure.gravatar.com\\\/avatar\\\/1ae6b7966942c60c822ea71afe0e5cf4105b8e983193883c6d026db4d508431d?s=96&d=mm&r=g\",\"url\":\"https:\\\/\\\/secure.gravatar.com\\\/avatar\\\/1ae6b7966942c60c822ea71afe0e5cf4105b8e983193883c6d026db4d508431d?s=96&d=mm&r=g\",\"contentUrl\":\"https:\\\/\\\/secure.gravatar.com\\\/avatar\\\/1ae6b7966942c60c822ea71afe0e5cf4105b8e983193883c6d026db4d508431d?s=96&d=mm&r=g\",\"caption\":\"Laura Hern\u00e1ndez\"}}]}<\/script>\n<!-- \/ Yoast SEO plugin. -->","yoast_head_json":{"title":"Camilo Vargas seguir\u00e1 en Atlas -","robots":{"index":"index","follow":"follow","max-snippet":"max-snippet:-1","max-image-preview":"max-image-preview:large","max-video-preview":"max-video-preview:-1"},"canonical":"https:\/\/futbolhoy.co\/index.php\/2020\/06\/20\/camilo-vargas-seguira-en-atlas\/","og_locale":"es_ES","og_type":"article","og_title":"Camilo Vargas seguir\u00e1 en Atlas -","og_description":"El portero bogotano Camilo Vargas seguir\u00e1 en Atlas de M\u00e9xico para la pr\u00f3xima temporada, confirm\u00f3 la directiva del club de Guadalajara. Vargas, quien fue titular a lo largo del Torneo Clausura, recibi\u00f3 16 goles, pero demostr\u00f3 las condiciones por las que es convocado a la Selecci\u00f3n Colombia. Entretanto, el extremo tumaque\u00f1o Mauricio Cuero encabeza la [&hellip;]","og_url":"https:\/\/futbolhoy.co\/index.php\/2020\/06\/20\/camilo-vargas-seguira-en-atlas\/","article_publisher":"https:\/\/www.facebook.com\/FutbolHoyCol\/","article_published_time":"2020-06-20T15:11:34+00:00","article_modified_time":"2020-06-20T22:45:21+00:00","og_image":[{"width":680,"height":454,"url":"https:\/\/futbolhoy.co\/wp-content\/uploads\/2019\/09\/EFhupVBXUAUIqbj.jpg","type":"image\/jpeg"}],"author":"Laura Hern\u00e1ndez","twitter_card":"summary_large_image","twitter_creator":"@FutbolHoyCol","twitter_site":"@FutbolHoyCol","twitter_misc":{"Escrito por":"Laura Hern\u00e1ndez","Tiempo de lectura":"1 minuto"},"schema":{"@context":"https:\/\/schema.org","@graph":[{"@type":"Article","@id":"https:\/\/futbolhoy.co\/index.php\/2020\/06\/20\/camilo-vargas-seguira-en-atlas\/#article","isPartOf":{"@id":"https:\/\/futbolhoy.co\/index.php\/2020\/06\/20\/camilo-vargas-seguira-en-atlas\/"},"author":{"name":"Laura Hern\u00e1ndez","@id":"https:\/\/futbolhoy.co\/#\/schema\/person\/c4a353a512b127643723a34bb1812f7d"},"headline":"Camilo Vargas seguir\u00e1 en Atlas","datePublished":"2020-06-20T15:11:34+00:00","dateModified":"2020-06-20T22:45:21+00:00","mainEntityOfPage":{"@id":"https:\/\/futbolhoy.co\/index.php\/2020\/06\/20\/camilo-vargas-seguira-en-atlas\/"},"wordCount":114,"commentCount":0,"image":{"@id":"https:\/\/futbolhoy.co\/index.php\/2020\/06\/20\/camilo-vargas-seguira-en-atlas\/#primaryimage"},"thumbnailUrl":"https:\/\/futbolhoy.co\/wp-content\/uploads\/2019\/09\/EFhupVBXUAUIqbj.jpg","keywords":["atlas","Camilo Vargas"],"articleSection":["Colombia"],"inLanguage":"es","potentialAction":[{"@type":"CommentAction","name":"Comment","target":["https:\/\/futbolhoy.co\/index.php\/2020\/06\/20\/camilo-vargas-seguira-en-atlas\/#respond"]}]},{"@type":"WebPage","@id":"https:\/\/futbolhoy.co\/index.php\/2020\/06\/20\/camilo-vargas-seguira-en-atlas\/","url":"https:\/\/futbolhoy.co\/index.php\/2020\/06\/20\/camilo-vargas-seguira-en-atlas\/","name":"Camilo Vargas seguir\u00e1 en Atlas -","isPartOf":{"@id":"https:\/\/futbolhoy.co\/#website"},"primaryImageOfPage":{"@id":"https:\/\/futbolhoy.co\/index.php\/2020\/06\/20\/camilo-vargas-seguira-en-atlas\/#primaryimage"},"image":{"@id":"https:\/\/futbolhoy.co\/index.php\/2020\/06\/20\/camilo-vargas-seguira-en-atlas\/#primaryimage"},"thumbnailUrl":"https:\/\/futbolhoy.co\/wp-content\/uploads\/2019\/09\/EFhupVBXUAUIqbj.jpg","datePublished":"2020-06-20T15:11:34+00:00","dateModified":"2020-06-20T22:45:21+00:00","author":{"@id":"https:\/\/futbolhoy.co\/#\/schema\/person\/c4a353a512b127643723a34bb1812f7d"},"breadcrumb":{"@id":"https:\/\/futbolhoy.co\/index.php\/2020\/06\/20\/camilo-vargas-seguira-en-atlas\/#breadcrumb"},"inLanguage":"es","potentialAction":[{"@type":"ReadAction","target":["https:\/\/futbolhoy.co\/index.php\/2020\/06\/20\/camilo-vargas-seguira-en-atlas\/"]}]},{"@type":"ImageObject","inLanguage":"es","@id":"https:\/\/futbolhoy.co\/index.php\/2020\/06\/20\/camilo-vargas-seguira-en-atlas\/#primaryimage","url":"https:\/\/futbolhoy.co\/wp-content\/uploads\/2019\/09\/EFhupVBXUAUIqbj.jpg","contentUrl":"https:\/\/futbolhoy.co\/wp-content\/uploads\/2019\/09\/EFhupVBXUAUIqbj.jpg","width":680,"height":454,"caption":"Twitter @AtlasFc"},{"@type":"BreadcrumbList","@id":"https:\/\/futbolhoy.co\/index.php\/2020\/06\/20\/camilo-vargas-seguira-en-atlas\/#breadcrumb","itemListElement":[{"@type":"ListItem","position":1,"name":"Portada","item":"https:\/\/futbolhoy.co\/"},{"@type":"ListItem","position":2,"name":"Camilo Vargas seguir\u00e1 en Atlas"}]},{"@type":"WebSite","@id":"https:\/\/futbolhoy.co\/#website","url":"https:\/\/futbolhoy.co\/","name":"FutbolHoy","description":"","potentialAction":[{"@type":"SearchAction","target":{"@type":"EntryPoint","urlTemplate":"https:\/\/futbolhoy.co\/?s={search_term_string}"},"query-input":{"@type":"PropertyValueSpecification","valueRequired":true,"valueName":"search_term_string"}}],"inLanguage":"es"},{"@type":"Person","@id":"https:\/\/futbolhoy.co\/#\/schema\/person\/c4a353a512b127643723a34bb1812f7d","name":"Laura Hern\u00e1ndez","image":{"@type":"ImageObject","inLanguage":"es","@id":"https:\/\/secure.gravatar.com\/avatar\/1ae6b7966942c60c822ea71afe0e5cf4105b8e983193883c6d026db4d508431d?s=96&d=mm&r=g","url":"https:\/\/secure.gravatar.com\/avatar\/1ae6b7966942c60c822ea71afe0e5cf4105b8e983193883c6d026db4d508431d?s=96&d=mm&r=g","contentUrl":"https:\/\/secure.gravatar.com\/avatar\/1ae6b7966942c60c822ea71afe0e5cf4105b8e983193883c6d026db4d508431d?s=96&d=mm&r=g","caption":"Laura Hern\u00e1ndez"}}]}},"_links":{"self":[{"href":"https:\/\/futbolhoy.co\/index.php\/wp-json\/wp\/v2\/posts\/52641","targetHints":{"allow":["GET"]}}],"collection":[{"href":"https:\/\/futbolhoy.co\/index.php\/wp-json\/wp\/v2\/posts"}],"about":[{"href":"https:\/\/futbolhoy.co\/index.php\/wp-json\/wp\/v2\/types\/post"}],"author":[{"embeddable":true,"href":"https:\/\/futbolhoy.co\/index.php\/wp-json\/wp\/v2\/users\/5"}],"replies":[{"embeddable":true,"href":"https:\/\/futbolhoy.co\/index.php\/wp-json\/wp\/v2\/comments?post=52641"}],"version-history":[{"count":1,"href":"https:\/\/futbolhoy.co\/index.php\/wp-json\/wp\/v2\/posts\/52641\/revisions"}],"predecessor-version":[{"id":52642,"href":"https:\/\/futbolhoy.co\/index.php\/wp-json\/wp\/v2\/posts\/52641\/revisions\/52642"}],"wp:featuredmedia":[{"embeddable":true,"href":"https:\/\/futbolhoy.co\/index.php\/wp-json\/wp\/v2\/media\/41729"}],"wp:attachment":[{"href":"https:\/\/futbolhoy.co\/index.php\/wp-json\/wp\/v2\/media?parent=52641"}],"wp:term":[{"taxonomy":"category","embeddable":true,"href":"https:\/\/futbolhoy.co\/index.php\/wp-json\/wp\/v2\/categories?post=52641"},{"taxonomy":"post_tag","embeddable":true,"href":"https:\/\/futbolhoy.co\/index.php\/wp-json\/wp\/v2\/tags?post=52641"}],"curies":[{"name":"wp","href":"https:\/\/api.w.org\/{rel}","templated":true}]}}