{"id":52654,"date":"2020-06-20T17:39:47","date_gmt":"2020-06-20T22:39:47","guid":{"rendered":"https:\/\/futbolhoy.co\/?p=52654"},"modified":"2020-06-21T15:23:10","modified_gmt":"2020-06-21T20:23:10","slug":"fifa-aterriza-candidatura-de-colombia","status":"publish","type":"post","link":"https:\/\/futbolhoy.co\/index.php\/2020\/06\/20\/fifa-aterriza-candidatura-de-colombia\/","title":{"rendered":"FIFA aterriz\u00f3 la candidatura de Colombia"},"content":{"rendered":"<p style=\"text-align: justify;\"><span style=\"font-family: helvetica, arial, sans-serif;\">La <strong>FIFA<\/strong> defendi\u00f3 su objetividad tanto en el proceso de candidaturas, como en la evaluaci\u00f3n de los pa\u00edses que se postularon para organizar el mundial femenino de 2023, cuya sede se elegir\u00e1 el pr\u00f3ximo jueves.<\/span><\/p>\n<p style=\"text-align: justify;\"><span style=\"font-family: helvetica, arial, sans-serif;\">En respuesta a una comunicaci\u00f3n del presidente de la Federaci\u00f3n Colombiana, <strong>Ram\u00f3n Jesur\u00fan<\/strong>, y el de <strong>Conmebol,<\/strong> <strong>Alejandro Dom\u00ednguez<\/strong>, que enviaron a la rectora, la <strong>FIFA<\/strong> asegur\u00f3 haber hecho una evaluaci\u00f3n t\u00e9cnica, de riesgos y con descripci\u00f3n similar a la del mundial masculino de 2026.<\/span><\/p>\n<p style=\"text-align: justify;\"><span style=\"font-family: helvetica, arial, sans-serif;\">La nota de la entidad, que tiene sede en Zurich, respondi\u00f3 a temas espec\u00edficos planteados por Colombia referentes a seguridad, salud y atenci\u00f3n m\u00e9dica.<\/span><\/p>\n<p style=\"text-align: justify;\"><span style=\"font-family: helvetica, arial, sans-serif;\">En materia de seguridad, admiti\u00f3 que Colombia ha mejorado su situaci\u00f3n, pero precis\u00f3 que las consultas de los expertos indican un elevado nivel de riesgo en comparaci\u00f3n con las otras candidaturas. Igualmente incide que el pa\u00eds no present\u00f3 garant\u00edas para este tema.<\/span><\/p>\n<p style=\"text-align: justify;\"><span style=\"font-family: helvetica, arial, sans-serif;\">Sobre la situaci\u00f3n m\u00e9dica, anot\u00f3 que pese a existir centros de atenci\u00f3n sanitaria cerca a los escenarios, al evaluar los riesgos de contraer enfermedades infecciosas los pacientes con cuadros graves podr\u00edan requerir la evacuaci\u00f3n a otro pa\u00eds.<\/span><\/p>\n<p style=\"text-align: justify;\"><span style=\"font-family: helvetica, arial, sans-serif;\">Adem\u00e1s, se tuvo en cuenta la altitud de Bogot\u00e1 y la necesidad de prolongar un periodo de adaptaci\u00f3n.<\/span><\/p>\n<p style=\"text-align: justify;\"><span style=\"font-family: helvetica, arial, sans-serif;\">Frente a un tema comercial, la FIFA precis\u00f3 que los ingresos estimados en 22.2 millones de d\u00f3lares ser\u00edan inferiores a lo que percibi\u00f3 en Francia 2019.<\/span><\/p>\n<p style=\"text-align: justify;\"><span style=\"font-family: helvetica, arial, sans-serif;\">Estos factores fueron definitivos para otorgar a Colombia una calificaci\u00f3n de\u00a0\u00a02.8, frente a lo que logr\u00f3 la candidatura conjunta de <strong>Australia-Nueva Zelanda<\/strong> de 4.1, seguida por <strong>Jap\u00f3n<\/strong> con 3.9.<\/span><\/p>\n","protected":false},"excerpt":{"rendered":"<p>La FIFA defendi\u00f3 su objetividad tanto en el proceso de candidaturas, como en la evaluaci\u00f3n de los pa\u00edses que se postularon para organizar el mundial femenino de 2023, cuya sede se elegir\u00e1 el pr\u00f3ximo jueves. En respuesta a una comunicaci\u00f3n del presidente de la Federaci\u00f3n Colombiana, Ram\u00f3n Jesur\u00fan, y el de Conmebol, Alejandro Dom\u00ednguez, que [&hellip;]<\/p>\n","protected":false},"author":5,"featured_media":52655,"comment_status":"open","ping_status":"open","sticky":false,"template":"","format":"standard","meta":{"_acf_changed":false,"footnotes":""},"categories":[418],"tags":[],"class_list":{"0":"post-52654","1":"post","2":"type-post","3":"status-publish","4":"format-standard","5":"has-post-thumbnail","7":"category-colombia"},"acf":[],"yoast_head":"<!-- This site is optimized with the Yoast SEO plugin v26.8 - https:\/\/yoast.com\/product\/yoast-seo-wordpress\/ -->\n<title>FIFA aterriz\u00f3 la candidatura de Colombia -<\/title>\n<meta name=\"robots\" content=\"index, follow, max-snippet:-1, max-image-preview:large, max-video-preview:-1\" \/>\n<link rel=\"canonical\" href=\"https:\/\/futbolhoy.co\/index.php\/2020\/06\/20\/fifa-aterriza-candidatura-de-colombia\/\" \/>\n<meta property=\"og:locale\" content=\"es_ES\" \/>\n<meta property=\"og:type\" content=\"article\" \/>\n<meta property=\"og:title\" content=\"FIFA aterriz\u00f3 la candidatura de Colombia -\" \/>\n<meta property=\"og:description\" content=\"La FIFA defendi\u00f3 su objetividad tanto en el proceso de candidaturas, como en la evaluaci\u00f3n de los pa\u00edses que se postularon para organizar el mundial femenino de 2023, cuya sede se elegir\u00e1 el pr\u00f3ximo jueves. En respuesta a una comunicaci\u00f3n del presidente de la Federaci\u00f3n Colombiana, Ram\u00f3n Jesur\u00fan, y el de Conmebol, Alejandro Dom\u00ednguez, que [&hellip;]\" \/>\n<meta property=\"og:url\" content=\"https:\/\/futbolhoy.co\/index.php\/2020\/06\/20\/fifa-aterriza-candidatura-de-colombia\/\" \/>\n<meta property=\"article:publisher\" content=\"https:\/\/www.facebook.com\/FutbolHoyCol\/\" \/>\n<meta property=\"article:published_time\" content=\"2020-06-20T22:39:47+00:00\" \/>\n<meta property=\"article:modified_time\" content=\"2020-06-21T20:23:10+00:00\" \/>\n<meta property=\"og:image\" content=\"https:\/\/futbolhoy.co\/wp-content\/uploads\/2020\/06\/fifa-oficina.jpg\" \/>\n\t<meta property=\"og:image:width\" content=\"600\" \/>\n\t<meta property=\"og:image:height\" content=\"337\" \/>\n\t<meta property=\"og:image:type\" content=\"image\/jpeg\" \/>\n<meta name=\"author\" content=\"Laura Hern\u00e1ndez\" \/>\n<meta name=\"twitter:card\" content=\"summary_large_image\" \/>\n<meta name=\"twitter:creator\" content=\"@FutbolHoyCol\" \/>\n<meta name=\"twitter:site\" content=\"@FutbolHoyCol\" \/>\n<meta name=\"twitter:label1\" content=\"Escrito por\" \/>\n\t<meta name=\"twitter:data1\" content=\"Laura Hern\u00e1ndez\" \/>\n\t<meta name=\"twitter:label2\" content=\"Tiempo de lectura\" \/>\n\t<meta name=\"twitter:data2\" content=\"1 minuto\" \/>\n<script type=\"application\/ld+json\" class=\"yoast-schema-graph\">{\"@context\":\"https:\/\/schema.org\",\"@graph\":[{\"@type\":\"Article\",\"@id\":\"https:\/\/futbolhoy.co\/index.php\/2020\/06\/20\/fifa-aterriza-candidatura-de-colombia\/#article\",\"isPartOf\":{\"@id\":\"https:\/\/futbolhoy.co\/index.php\/2020\/06\/20\/fifa-aterriza-candidatura-de-colombia\/\"},\"author\":{\"name\":\"Laura Hern\u00e1ndez\",\"@id\":\"https:\/\/futbolhoy.co\/#\/schema\/person\/c4a353a512b127643723a34bb1812f7d\"},\"headline\":\"FIFA aterriz\u00f3 la candidatura de Colombia\",\"datePublished\":\"2020-06-20T22:39:47+00:00\",\"dateModified\":\"2020-06-21T20:23:10+00:00\",\"mainEntityOfPage\":{\"@id\":\"https:\/\/futbolhoy.co\/index.php\/2020\/06\/20\/fifa-aterriza-candidatura-de-colombia\/\"},\"wordCount\":286,\"commentCount\":0,\"publisher\":{\"@id\":\"https:\/\/futbolhoy.co\/#organization\"},\"image\":{\"@id\":\"https:\/\/futbolhoy.co\/index.php\/2020\/06\/20\/fifa-aterriza-candidatura-de-colombia\/#primaryimage\"},\"thumbnailUrl\":\"https:\/\/futbolhoy.co\/wp-content\/uploads\/2020\/06\/fifa-oficina.jpg\",\"articleSection\":[\"Colombia\"],\"inLanguage\":\"es\",\"potentialAction\":[{\"@type\":\"CommentAction\",\"name\":\"Comment\",\"target\":[\"https:\/\/futbolhoy.co\/index.php\/2020\/06\/20\/fifa-aterriza-candidatura-de-colombia\/#respond\"]}]},{\"@type\":\"WebPage\",\"@id\":\"https:\/\/futbolhoy.co\/index.php\/2020\/06\/20\/fifa-aterriza-candidatura-de-colombia\/\",\"url\":\"https:\/\/futbolhoy.co\/index.php\/2020\/06\/20\/fifa-aterriza-candidatura-de-colombia\/\",\"name\":\"FIFA aterriz\u00f3 la candidatura de Colombia -\",\"isPartOf\":{\"@id\":\"https:\/\/futbolhoy.co\/#website\"},\"primaryImageOfPage\":{\"@id\":\"https:\/\/futbolhoy.co\/index.php\/2020\/06\/20\/fifa-aterriza-candidatura-de-colombia\/#primaryimage\"},\"image\":{\"@id\":\"https:\/\/futbolhoy.co\/index.php\/2020\/06\/20\/fifa-aterriza-candidatura-de-colombia\/#primaryimage\"},\"thumbnailUrl\":\"https:\/\/futbolhoy.co\/wp-content\/uploads\/2020\/06\/fifa-oficina.jpg\",\"datePublished\":\"2020-06-20T22:39:47+00:00\",\"dateModified\":\"2020-06-21T20:23:10+00:00\",\"breadcrumb\":{\"@id\":\"https:\/\/futbolhoy.co\/index.php\/2020\/06\/20\/fifa-aterriza-candidatura-de-colombia\/#breadcrumb\"},\"inLanguage\":\"es\",\"potentialAction\":[{\"@type\":\"ReadAction\",\"target\":[\"https:\/\/futbolhoy.co\/index.php\/2020\/06\/20\/fifa-aterriza-candidatura-de-colombia\/\"]}]},{\"@type\":\"ImageObject\",\"inLanguage\":\"es\",\"@id\":\"https:\/\/futbolhoy.co\/index.php\/2020\/06\/20\/fifa-aterriza-candidatura-de-colombia\/#primaryimage\",\"url\":\"https:\/\/futbolhoy.co\/wp-content\/uploads\/2020\/06\/fifa-oficina.jpg\",\"contentUrl\":\"https:\/\/futbolhoy.co\/wp-content\/uploads\/2020\/06\/fifa-oficina.jpg\",\"width\":600,\"height\":337},{\"@type\":\"BreadcrumbList\",\"@id\":\"https:\/\/futbolhoy.co\/index.php\/2020\/06\/20\/fifa-aterriza-candidatura-de-colombia\/#breadcrumb\",\"itemListElement\":[{\"@type\":\"ListItem\",\"position\":1,\"name\":\"Portada\",\"item\":\"https:\/\/futbolhoy.co\/\"},{\"@type\":\"ListItem\",\"position\":2,\"name\":\"FIFA aterriz\u00f3 la candidatura de Colombia\"}]},{\"@type\":\"WebSite\",\"@id\":\"https:\/\/futbolhoy.co\/#website\",\"url\":\"https:\/\/futbolhoy.co\/\",\"name\":\"FutbolHoy\",\"description\":\"\",\"publisher\":{\"@id\":\"https:\/\/futbolhoy.co\/#organization\"},\"potentialAction\":[{\"@type\":\"SearchAction\",\"target\":{\"@type\":\"EntryPoint\",\"urlTemplate\":\"https:\/\/futbolhoy.co\/?s={search_term_string}\"},\"query-input\":{\"@type\":\"PropertyValueSpecification\",\"valueRequired\":true,\"valueName\":\"search_term_string\"}}],\"inLanguage\":\"es\"},{\"@type\":\"Organization\",\"@id\":\"https:\/\/futbolhoy.co\/#organization\",\"name\":\"Futbolhoy.co\",\"url\":\"https:\/\/futbolhoy.co\/\",\"logo\":{\"@type\":\"ImageObject\",\"inLanguage\":\"es\",\"@id\":\"https:\/\/futbolhoy.co\/#\/schema\/logo\/image\/\",\"url\":\"https:\/\/futbolhoy.co\/wp-content\/uploads\/2018\/08\/17426380_1906371736249227_6326180412931521141_n.jpg\",\"contentUrl\":\"https:\/\/futbolhoy.co\/wp-content\/uploads\/2018\/08\/17426380_1906371736249227_6326180412931521141_n.jpg\",\"width\":960,\"height\":960,\"caption\":\"Futbolhoy.co\"},\"image\":{\"@id\":\"https:\/\/futbolhoy.co\/#\/schema\/logo\/image\/\"},\"sameAs\":[\"https:\/\/www.facebook.com\/FutbolHoyCol\/\",\"https:\/\/x.com\/FutbolHoyCol\",\"https:\/\/www.instagram.com\/futbolhoycol\/\"]},{\"@type\":\"Person\",\"@id\":\"https:\/\/futbolhoy.co\/#\/schema\/person\/c4a353a512b127643723a34bb1812f7d\",\"name\":\"Laura Hern\u00e1ndez\",\"image\":{\"@type\":\"ImageObject\",\"inLanguage\":\"es\",\"@id\":\"https:\/\/futbolhoy.co\/#\/schema\/person\/image\/\",\"url\":\"https:\/\/secure.gravatar.com\/avatar\/d25959a15b9b293a743f99181c7cfd01?s=96&d=mm&r=g\",\"contentUrl\":\"https:\/\/secure.gravatar.com\/avatar\/d25959a15b9b293a743f99181c7cfd01?s=96&d=mm&r=g\",\"caption\":\"Laura Hern\u00e1ndez\"}}]}<\/script>\n<!-- \/ Yoast SEO plugin. -->","yoast_head_json":{"title":"FIFA aterriz\u00f3 la candidatura de Colombia -","robots":{"index":"index","follow":"follow","max-snippet":"max-snippet:-1","max-image-preview":"max-image-preview:large","max-video-preview":"max-video-preview:-1"},"canonical":"https:\/\/futbolhoy.co\/index.php\/2020\/06\/20\/fifa-aterriza-candidatura-de-colombia\/","og_locale":"es_ES","og_type":"article","og_title":"FIFA aterriz\u00f3 la candidatura de Colombia -","og_description":"La FIFA defendi\u00f3 su objetividad tanto en el proceso de candidaturas, como en la evaluaci\u00f3n de los pa\u00edses que se postularon para organizar el mundial femenino de 2023, cuya sede se elegir\u00e1 el pr\u00f3ximo jueves. En respuesta a una comunicaci\u00f3n del presidente de la Federaci\u00f3n Colombiana, Ram\u00f3n Jesur\u00fan, y el de Conmebol, Alejandro Dom\u00ednguez, que [&hellip;]","og_url":"https:\/\/futbolhoy.co\/index.php\/2020\/06\/20\/fifa-aterriza-candidatura-de-colombia\/","article_publisher":"https:\/\/www.facebook.com\/FutbolHoyCol\/","article_published_time":"2020-06-20T22:39:47+00:00","article_modified_time":"2020-06-21T20:23:10+00:00","og_image":[{"width":600,"height":337,"url":"https:\/\/futbolhoy.co\/wp-content\/uploads\/2020\/06\/fifa-oficina.jpg","type":"image\/jpeg"}],"author":"Laura Hern\u00e1ndez","twitter_card":"summary_large_image","twitter_creator":"@FutbolHoyCol","twitter_site":"@FutbolHoyCol","twitter_misc":{"Escrito por":"Laura Hern\u00e1ndez","Tiempo de lectura":"1 minuto"},"schema":{"@context":"https:\/\/schema.org","@graph":[{"@type":"Article","@id":"https:\/\/futbolhoy.co\/index.php\/2020\/06\/20\/fifa-aterriza-candidatura-de-colombia\/#article","isPartOf":{"@id":"https:\/\/futbolhoy.co\/index.php\/2020\/06\/20\/fifa-aterriza-candidatura-de-colombia\/"},"author":{"name":"Laura Hern\u00e1ndez","@id":"https:\/\/futbolhoy.co\/#\/schema\/person\/c4a353a512b127643723a34bb1812f7d"},"headline":"FIFA aterriz\u00f3 la candidatura de Colombia","datePublished":"2020-06-20T22:39:47+00:00","dateModified":"2020-06-21T20:23:10+00:00","mainEntityOfPage":{"@id":"https:\/\/futbolhoy.co\/index.php\/2020\/06\/20\/fifa-aterriza-candidatura-de-colombia\/"},"wordCount":286,"commentCount":0,"publisher":{"@id":"https:\/\/futbolhoy.co\/#organization"},"image":{"@id":"https:\/\/futbolhoy.co\/index.php\/2020\/06\/20\/fifa-aterriza-candidatura-de-colombia\/#primaryimage"},"thumbnailUrl":"https:\/\/futbolhoy.co\/wp-content\/uploads\/2020\/06\/fifa-oficina.jpg","articleSection":["Colombia"],"inLanguage":"es","potentialAction":[{"@type":"CommentAction","name":"Comment","target":["https:\/\/futbolhoy.co\/index.php\/2020\/06\/20\/fifa-aterriza-candidatura-de-colombia\/#respond"]}]},{"@type":"WebPage","@id":"https:\/\/futbolhoy.co\/index.php\/2020\/06\/20\/fifa-aterriza-candidatura-de-colombia\/","url":"https:\/\/futbolhoy.co\/index.php\/2020\/06\/20\/fifa-aterriza-candidatura-de-colombia\/","name":"FIFA aterriz\u00f3 la candidatura de Colombia -","isPartOf":{"@id":"https:\/\/futbolhoy.co\/#website"},"primaryImageOfPage":{"@id":"https:\/\/futbolhoy.co\/index.php\/2020\/06\/20\/fifa-aterriza-candidatura-de-colombia\/#primaryimage"},"image":{"@id":"https:\/\/futbolhoy.co\/index.php\/2020\/06\/20\/fifa-aterriza-candidatura-de-colombia\/#primaryimage"},"thumbnailUrl":"https:\/\/futbolhoy.co\/wp-content\/uploads\/2020\/06\/fifa-oficina.jpg","datePublished":"2020-06-20T22:39:47+00:00","dateModified":"2020-06-21T20:23:10+00:00","breadcrumb":{"@id":"https:\/\/futbolhoy.co\/index.php\/2020\/06\/20\/fifa-aterriza-candidatura-de-colombia\/#breadcrumb"},"inLanguage":"es","potentialAction":[{"@type":"ReadAction","target":["https:\/\/futbolhoy.co\/index.php\/2020\/06\/20\/fifa-aterriza-candidatura-de-colombia\/"]}]},{"@type":"ImageObject","inLanguage":"es","@id":"https:\/\/futbolhoy.co\/index.php\/2020\/06\/20\/fifa-aterriza-candidatura-de-colombia\/#primaryimage","url":"https:\/\/futbolhoy.co\/wp-content\/uploads\/2020\/06\/fifa-oficina.jpg","contentUrl":"https:\/\/futbolhoy.co\/wp-content\/uploads\/2020\/06\/fifa-oficina.jpg","width":600,"height":337},{"@type":"BreadcrumbList","@id":"https:\/\/futbolhoy.co\/index.php\/2020\/06\/20\/fifa-aterriza-candidatura-de-colombia\/#breadcrumb","itemListElement":[{"@type":"ListItem","position":1,"name":"Portada","item":"https:\/\/futbolhoy.co\/"},{"@type":"ListItem","position":2,"name":"FIFA aterriz\u00f3 la candidatura de Colombia"}]},{"@type":"WebSite","@id":"https:\/\/futbolhoy.co\/#website","url":"https:\/\/futbolhoy.co\/","name":"FutbolHoy","description":"","publisher":{"@id":"https:\/\/futbolhoy.co\/#organization"},"potentialAction":[{"@type":"SearchAction","target":{"@type":"EntryPoint","urlTemplate":"https:\/\/futbolhoy.co\/?s={search_term_string}"},"query-input":{"@type":"PropertyValueSpecification","valueRequired":true,"valueName":"search_term_string"}}],"inLanguage":"es"},{"@type":"Organization","@id":"https:\/\/futbolhoy.co\/#organization","name":"Futbolhoy.co","url":"https:\/\/futbolhoy.co\/","logo":{"@type":"ImageObject","inLanguage":"es","@id":"https:\/\/futbolhoy.co\/#\/schema\/logo\/image\/","url":"https:\/\/futbolhoy.co\/wp-content\/uploads\/2018\/08\/17426380_1906371736249227_6326180412931521141_n.jpg","contentUrl":"https:\/\/futbolhoy.co\/wp-content\/uploads\/2018\/08\/17426380_1906371736249227_6326180412931521141_n.jpg","width":960,"height":960,"caption":"Futbolhoy.co"},"image":{"@id":"https:\/\/futbolhoy.co\/#\/schema\/logo\/image\/"},"sameAs":["https:\/\/www.facebook.com\/FutbolHoyCol\/","https:\/\/x.com\/FutbolHoyCol","https:\/\/www.instagram.com\/futbolhoycol\/"]},{"@type":"Person","@id":"https:\/\/futbolhoy.co\/#\/schema\/person\/c4a353a512b127643723a34bb1812f7d","name":"Laura Hern\u00e1ndez","image":{"@type":"ImageObject","inLanguage":"es","@id":"https:\/\/futbolhoy.co\/#\/schema\/person\/image\/","url":"https:\/\/secure.gravatar.com\/avatar\/d25959a15b9b293a743f99181c7cfd01?s=96&d=mm&r=g","contentUrl":"https:\/\/secure.gravatar.com\/avatar\/d25959a15b9b293a743f99181c7cfd01?s=96&d=mm&r=g","caption":"Laura Hern\u00e1ndez"}}]}},"publishpress_future_action":{"enabled":false,"date":"2026-05-06 05:29:55","action":"change-status","newStatus":"draft","terms":[],"taxonomy":"category","extraData":[]},"publishpress_future_workflow_manual_trigger":{"enabledWorkflows":[]},"_links":{"self":[{"href":"https:\/\/futbolhoy.co\/index.php\/wp-json\/wp\/v2\/posts\/52654","targetHints":{"allow":["GET"]}}],"collection":[{"href":"https:\/\/futbolhoy.co\/index.php\/wp-json\/wp\/v2\/posts"}],"about":[{"href":"https:\/\/futbolhoy.co\/index.php\/wp-json\/wp\/v2\/types\/post"}],"author":[{"embeddable":true,"href":"https:\/\/futbolhoy.co\/index.php\/wp-json\/wp\/v2\/users\/5"}],"replies":[{"embeddable":true,"href":"https:\/\/futbolhoy.co\/index.php\/wp-json\/wp\/v2\/comments?post=52654"}],"version-history":[{"count":2,"href":"https:\/\/futbolhoy.co\/index.php\/wp-json\/wp\/v2\/posts\/52654\/revisions"}],"predecessor-version":[{"id":52661,"href":"https:\/\/futbolhoy.co\/index.php\/wp-json\/wp\/v2\/posts\/52654\/revisions\/52661"}],"wp:featuredmedia":[{"embeddable":true,"href":"https:\/\/futbolhoy.co\/index.php\/wp-json\/wp\/v2\/media\/52655"}],"wp:attachment":[{"href":"https:\/\/futbolhoy.co\/index.php\/wp-json\/wp\/v2\/media?parent=52654"}],"wp:term":[{"taxonomy":"category","embeddable":true,"href":"https:\/\/futbolhoy.co\/index.php\/wp-json\/wp\/v2\/categories?post=52654"},{"taxonomy":"post_tag","embeddable":true,"href":"https:\/\/futbolhoy.co\/index.php\/wp-json\/wp\/v2\/tags?post=52654"}],"curies":[{"name":"wp","href":"https:\/\/api.w.org\/{rel}","templated":true}]}}