{"id":52710,"date":"2020-06-22T16:17:39","date_gmt":"2020-06-22T21:17:39","guid":{"rendered":"https:\/\/futbolhoy.co\/?p=52710"},"modified":"2020-06-23T08:53:15","modified_gmt":"2020-06-23T13:53:15","slug":"city-goleo-y-guarda-esperanzas","status":"publish","type":"post","link":"https:\/\/futbolhoy.co\/index.php\/2020\/06\/22\/city-goleo-y-guarda-esperanzas\/","title":{"rendered":"City gole\u00f3 y guarda esperanzas"},"content":{"rendered":"<div id=\"m#msg-f:1670235090232509209\" class=\"mail-message expanded\">\n<div class=\"mail-message-content collapsible zoom-normal mail-show-images \">\n<div class=\"clear\">\n<div>\n<div>\n<div dir=\"ltr\">\n<div>\n<p style=\"text-align: justify;\"><span style=\"font-family: helvetica, arial, sans-serif;\"><b>M\u00e1nchester City<\/b>\u00a0venci\u00f3 5-0 al\u00a0<b>Burnley<\/b>\u00a0en el cierre de la jornada 30 de la\u00a0<b>Liga Premier<\/b>\u00a0y mantiene una lejana opci\u00f3n de arrebatarle el t\u00edtulo al\u00a0<b>Liverpool<\/b>\u00a0en\u00a0<b>Inglaterra<\/b>, cuando restan 8 fechas para terminar la temporada 2019-2020.<\/span><\/p>\n<p style=\"text-align: justify;\"><span style=\"font-family: helvetica, arial, sans-serif;\">El equipo \u2018ciudadano\u2019, que dirige el espa\u00f1ol\u00a0<b>Pep Guardiola<\/b>, acumula 63 puntos, 20 menos que el l\u00edder Liverpool, con 24 unidades por disputar.<\/span><\/p>\n<p style=\"text-align: justify;\"><span style=\"font-family: helvetica, arial, sans-serif;\">Los goles del City fueron marcados por el joven ingl\u00e9s\u00a0<b>Phil Foden<\/b>\u00a0(22\u2019 y 63\u2019), el argelino\u00a0<b>Riyad Mahrez<\/b>\u00a0(43\u2019 y 48\u2019) y el espa\u00f1ol\u00a0<b>David Silva<\/b>\u00a0(51\u2019); mientras que el delantero argentino\u00a0<b>Sergio \u2018Kun\u2019 Ag\u00fcero<\/b>\u00a0fue sustituido a los 49 minutos por un problema en la rodilla izquierda.<\/span><\/p>\n<p style=\"text-align: justify;\"><span style=\"font-family: helvetica, arial, sans-serif;\">El equipo local domin\u00f3 la totalidad del compromiso y concret\u00f3 las opciones creadas, teniendo una posesi\u00f3n del 71,5 %.<\/span><\/p>\n<p style=\"text-align: justify;\"><span style=\"font-family: helvetica, arial, sans-serif;\">Liverpool jugar\u00e1 el mi\u00e9rcoles de local en\u00a0<b>Anfield<\/b>\u00a0ante el\u00a0<b>Crystal Palace<\/b>\u00a0(2.15PM) en la fecha 31; mientras que el City visitar\u00e1 el jueves al\u00a0<b>Chelsea<\/b>\u00a0(2.15PM).<\/span><\/p>\n<\/div>\n<\/div>\n<\/div>\n<\/div>\n<\/div>\n<\/div>\n<div class=\"mail-message-footer spacer collapsible\" style=\"text-align: justify;\"><\/div>\n<\/div>\n","protected":false},"excerpt":{"rendered":"<p>M\u00e1nchester City\u00a0venci\u00f3 5-0 al\u00a0Burnley\u00a0en el cierre de la jornada 30 de la\u00a0Liga Premier\u00a0y mantiene una lejana opci\u00f3n de arrebatarle el t\u00edtulo al\u00a0Liverpool\u00a0en\u00a0Inglaterra, cuando restan 8 fechas para terminar la temporada 2019-2020. El equipo \u2018ciudadano\u2019, que dirige el espa\u00f1ol\u00a0Pep Guardiola, acumula 63 puntos, 20 menos que el l\u00edder Liverpool, con 24 unidades por disputar. Los goles [&hellip;]<\/p>\n","protected":false},"author":5,"featured_media":52711,"comment_status":"open","ping_status":"open","sticky":false,"template":"","format":"standard","meta":{"_acf_changed":false,"footnotes":""},"categories":[152],"tags":[],"class_list":{"0":"post-52710","1":"post","2":"type-post","3":"status-publish","4":"format-standard","5":"has-post-thumbnail","7":"category-mundo-futbol"},"acf":[],"yoast_head":"<!-- This site is optimized with the Yoast SEO plugin v26.8 - https:\/\/yoast.com\/product\/yoast-seo-wordpress\/ -->\n<title>City gole\u00f3 y guarda esperanzas -<\/title>\n<meta name=\"robots\" content=\"index, follow, max-snippet:-1, max-image-preview:large, max-video-preview:-1\" \/>\n<link rel=\"canonical\" href=\"https:\/\/futbolhoy.co\/index.php\/2020\/06\/22\/city-goleo-y-guarda-esperanzas\/\" \/>\n<meta property=\"og:locale\" content=\"es_ES\" \/>\n<meta property=\"og:type\" content=\"article\" \/>\n<meta property=\"og:title\" content=\"City gole\u00f3 y guarda esperanzas -\" \/>\n<meta property=\"og:description\" content=\"M\u00e1nchester City\u00a0venci\u00f3 5-0 al\u00a0Burnley\u00a0en el cierre de la jornada 30 de la\u00a0Liga Premier\u00a0y mantiene una lejana opci\u00f3n de arrebatarle el t\u00edtulo al\u00a0Liverpool\u00a0en\u00a0Inglaterra, cuando restan 8 fechas para terminar la temporada 2019-2020. El equipo \u2018ciudadano\u2019, que dirige el espa\u00f1ol\u00a0Pep Guardiola, acumula 63 puntos, 20 menos que el l\u00edder Liverpool, con 24 unidades por disputar. Los goles [&hellip;]\" \/>\n<meta property=\"og:url\" content=\"https:\/\/futbolhoy.co\/index.php\/2020\/06\/22\/city-goleo-y-guarda-esperanzas\/\" \/>\n<meta property=\"article:publisher\" content=\"https:\/\/www.facebook.com\/FutbolHoyCol\/\" \/>\n<meta property=\"article:published_time\" content=\"2020-06-22T21:17:39+00:00\" \/>\n<meta property=\"article:modified_time\" content=\"2020-06-23T13:53:15+00:00\" \/>\n<meta property=\"og:image\" content=\"https:\/\/futbolhoy.co\/wp-content\/uploads\/2020\/06\/20200622_161704.jpg\" \/>\n\t<meta property=\"og:image:width\" content=\"1920\" \/>\n\t<meta property=\"og:image:height\" content=\"1080\" \/>\n\t<meta property=\"og:image:type\" content=\"image\/jpeg\" \/>\n<meta name=\"author\" content=\"Laura Hern\u00e1ndez\" \/>\n<meta name=\"twitter:card\" content=\"summary_large_image\" \/>\n<meta name=\"twitter:creator\" content=\"@FutbolHoyCol\" \/>\n<meta name=\"twitter:site\" content=\"@FutbolHoyCol\" \/>\n<meta name=\"twitter:label1\" content=\"Escrito por\" \/>\n\t<meta name=\"twitter:data1\" content=\"Laura Hern\u00e1ndez\" \/>\n\t<meta name=\"twitter:label2\" content=\"Tiempo de lectura\" \/>\n\t<meta name=\"twitter:data2\" content=\"1 minuto\" \/>\n<script type=\"application\/ld+json\" class=\"yoast-schema-graph\">{\"@context\":\"https:\/\/schema.org\",\"@graph\":[{\"@type\":\"Article\",\"@id\":\"https:\/\/futbolhoy.co\/index.php\/2020\/06\/22\/city-goleo-y-guarda-esperanzas\/#article\",\"isPartOf\":{\"@id\":\"https:\/\/futbolhoy.co\/index.php\/2020\/06\/22\/city-goleo-y-guarda-esperanzas\/\"},\"author\":{\"name\":\"Laura Hern\u00e1ndez\",\"@id\":\"https:\/\/futbolhoy.co\/#\/schema\/person\/c4a353a512b127643723a34bb1812f7d\"},\"headline\":\"City gole\u00f3 y guarda esperanzas\",\"datePublished\":\"2020-06-22T21:17:39+00:00\",\"dateModified\":\"2020-06-23T13:53:15+00:00\",\"mainEntityOfPage\":{\"@id\":\"https:\/\/futbolhoy.co\/index.php\/2020\/06\/22\/city-goleo-y-guarda-esperanzas\/\"},\"wordCount\":158,\"commentCount\":0,\"publisher\":{\"@id\":\"https:\/\/futbolhoy.co\/#organization\"},\"image\":{\"@id\":\"https:\/\/futbolhoy.co\/index.php\/2020\/06\/22\/city-goleo-y-guarda-esperanzas\/#primaryimage\"},\"thumbnailUrl\":\"https:\/\/futbolhoy.co\/wp-content\/uploads\/2020\/06\/20200622_161704.jpg\",\"articleSection\":[\"Mundo Futbol\"],\"inLanguage\":\"es\",\"potentialAction\":[{\"@type\":\"CommentAction\",\"name\":\"Comment\",\"target\":[\"https:\/\/futbolhoy.co\/index.php\/2020\/06\/22\/city-goleo-y-guarda-esperanzas\/#respond\"]}]},{\"@type\":\"WebPage\",\"@id\":\"https:\/\/futbolhoy.co\/index.php\/2020\/06\/22\/city-goleo-y-guarda-esperanzas\/\",\"url\":\"https:\/\/futbolhoy.co\/index.php\/2020\/06\/22\/city-goleo-y-guarda-esperanzas\/\",\"name\":\"City gole\u00f3 y guarda esperanzas -\",\"isPartOf\":{\"@id\":\"https:\/\/futbolhoy.co\/#website\"},\"primaryImageOfPage\":{\"@id\":\"https:\/\/futbolhoy.co\/index.php\/2020\/06\/22\/city-goleo-y-guarda-esperanzas\/#primaryimage\"},\"image\":{\"@id\":\"https:\/\/futbolhoy.co\/index.php\/2020\/06\/22\/city-goleo-y-guarda-esperanzas\/#primaryimage\"},\"thumbnailUrl\":\"https:\/\/futbolhoy.co\/wp-content\/uploads\/2020\/06\/20200622_161704.jpg\",\"datePublished\":\"2020-06-22T21:17:39+00:00\",\"dateModified\":\"2020-06-23T13:53:15+00:00\",\"breadcrumb\":{\"@id\":\"https:\/\/futbolhoy.co\/index.php\/2020\/06\/22\/city-goleo-y-guarda-esperanzas\/#breadcrumb\"},\"inLanguage\":\"es\",\"potentialAction\":[{\"@type\":\"ReadAction\",\"target\":[\"https:\/\/futbolhoy.co\/index.php\/2020\/06\/22\/city-goleo-y-guarda-esperanzas\/\"]}]},{\"@type\":\"ImageObject\",\"inLanguage\":\"es\",\"@id\":\"https:\/\/futbolhoy.co\/index.php\/2020\/06\/22\/city-goleo-y-guarda-esperanzas\/#primaryimage\",\"url\":\"https:\/\/futbolhoy.co\/wp-content\/uploads\/2020\/06\/20200622_161704.jpg\",\"contentUrl\":\"https:\/\/futbolhoy.co\/wp-content\/uploads\/2020\/06\/20200622_161704.jpg\",\"width\":1920,\"height\":1080},{\"@type\":\"BreadcrumbList\",\"@id\":\"https:\/\/futbolhoy.co\/index.php\/2020\/06\/22\/city-goleo-y-guarda-esperanzas\/#breadcrumb\",\"itemListElement\":[{\"@type\":\"ListItem\",\"position\":1,\"name\":\"Portada\",\"item\":\"https:\/\/futbolhoy.co\/\"},{\"@type\":\"ListItem\",\"position\":2,\"name\":\"City gole\u00f3 y guarda esperanzas\"}]},{\"@type\":\"WebSite\",\"@id\":\"https:\/\/futbolhoy.co\/#website\",\"url\":\"https:\/\/futbolhoy.co\/\",\"name\":\"FutbolHoy\",\"description\":\"\",\"publisher\":{\"@id\":\"https:\/\/futbolhoy.co\/#organization\"},\"potentialAction\":[{\"@type\":\"SearchAction\",\"target\":{\"@type\":\"EntryPoint\",\"urlTemplate\":\"https:\/\/futbolhoy.co\/?s={search_term_string}\"},\"query-input\":{\"@type\":\"PropertyValueSpecification\",\"valueRequired\":true,\"valueName\":\"search_term_string\"}}],\"inLanguage\":\"es\"},{\"@type\":\"Organization\",\"@id\":\"https:\/\/futbolhoy.co\/#organization\",\"name\":\"Futbolhoy.co\",\"url\":\"https:\/\/futbolhoy.co\/\",\"logo\":{\"@type\":\"ImageObject\",\"inLanguage\":\"es\",\"@id\":\"https:\/\/futbolhoy.co\/#\/schema\/logo\/image\/\",\"url\":\"https:\/\/futbolhoy.co\/wp-content\/uploads\/2018\/08\/17426380_1906371736249227_6326180412931521141_n.jpg\",\"contentUrl\":\"https:\/\/futbolhoy.co\/wp-content\/uploads\/2018\/08\/17426380_1906371736249227_6326180412931521141_n.jpg\",\"width\":960,\"height\":960,\"caption\":\"Futbolhoy.co\"},\"image\":{\"@id\":\"https:\/\/futbolhoy.co\/#\/schema\/logo\/image\/\"},\"sameAs\":[\"https:\/\/www.facebook.com\/FutbolHoyCol\/\",\"https:\/\/x.com\/FutbolHoyCol\",\"https:\/\/www.instagram.com\/futbolhoycol\/\"]},{\"@type\":\"Person\",\"@id\":\"https:\/\/futbolhoy.co\/#\/schema\/person\/c4a353a512b127643723a34bb1812f7d\",\"name\":\"Laura Hern\u00e1ndez\",\"image\":{\"@type\":\"ImageObject\",\"inLanguage\":\"es\",\"@id\":\"https:\/\/futbolhoy.co\/#\/schema\/person\/image\/\",\"url\":\"https:\/\/secure.gravatar.com\/avatar\/d25959a15b9b293a743f99181c7cfd01?s=96&d=mm&r=g\",\"contentUrl\":\"https:\/\/secure.gravatar.com\/avatar\/d25959a15b9b293a743f99181c7cfd01?s=96&d=mm&r=g\",\"caption\":\"Laura Hern\u00e1ndez\"}}]}<\/script>\n<!-- \/ Yoast SEO plugin. -->","yoast_head_json":{"title":"City gole\u00f3 y guarda esperanzas -","robots":{"index":"index","follow":"follow","max-snippet":"max-snippet:-1","max-image-preview":"max-image-preview:large","max-video-preview":"max-video-preview:-1"},"canonical":"https:\/\/futbolhoy.co\/index.php\/2020\/06\/22\/city-goleo-y-guarda-esperanzas\/","og_locale":"es_ES","og_type":"article","og_title":"City gole\u00f3 y guarda esperanzas -","og_description":"M\u00e1nchester City\u00a0venci\u00f3 5-0 al\u00a0Burnley\u00a0en el cierre de la jornada 30 de la\u00a0Liga Premier\u00a0y mantiene una lejana opci\u00f3n de arrebatarle el t\u00edtulo al\u00a0Liverpool\u00a0en\u00a0Inglaterra, cuando restan 8 fechas para terminar la temporada 2019-2020. El equipo \u2018ciudadano\u2019, que dirige el espa\u00f1ol\u00a0Pep Guardiola, acumula 63 puntos, 20 menos que el l\u00edder Liverpool, con 24 unidades por disputar. Los goles [&hellip;]","og_url":"https:\/\/futbolhoy.co\/index.php\/2020\/06\/22\/city-goleo-y-guarda-esperanzas\/","article_publisher":"https:\/\/www.facebook.com\/FutbolHoyCol\/","article_published_time":"2020-06-22T21:17:39+00:00","article_modified_time":"2020-06-23T13:53:15+00:00","og_image":[{"width":1920,"height":1080,"url":"https:\/\/futbolhoy.co\/wp-content\/uploads\/2020\/06\/20200622_161704.jpg","type":"image\/jpeg"}],"author":"Laura Hern\u00e1ndez","twitter_card":"summary_large_image","twitter_creator":"@FutbolHoyCol","twitter_site":"@FutbolHoyCol","twitter_misc":{"Escrito por":"Laura Hern\u00e1ndez","Tiempo de lectura":"1 minuto"},"schema":{"@context":"https:\/\/schema.org","@graph":[{"@type":"Article","@id":"https:\/\/futbolhoy.co\/index.php\/2020\/06\/22\/city-goleo-y-guarda-esperanzas\/#article","isPartOf":{"@id":"https:\/\/futbolhoy.co\/index.php\/2020\/06\/22\/city-goleo-y-guarda-esperanzas\/"},"author":{"name":"Laura Hern\u00e1ndez","@id":"https:\/\/futbolhoy.co\/#\/schema\/person\/c4a353a512b127643723a34bb1812f7d"},"headline":"City gole\u00f3 y guarda esperanzas","datePublished":"2020-06-22T21:17:39+00:00","dateModified":"2020-06-23T13:53:15+00:00","mainEntityOfPage":{"@id":"https:\/\/futbolhoy.co\/index.php\/2020\/06\/22\/city-goleo-y-guarda-esperanzas\/"},"wordCount":158,"commentCount":0,"publisher":{"@id":"https:\/\/futbolhoy.co\/#organization"},"image":{"@id":"https:\/\/futbolhoy.co\/index.php\/2020\/06\/22\/city-goleo-y-guarda-esperanzas\/#primaryimage"},"thumbnailUrl":"https:\/\/futbolhoy.co\/wp-content\/uploads\/2020\/06\/20200622_161704.jpg","articleSection":["Mundo Futbol"],"inLanguage":"es","potentialAction":[{"@type":"CommentAction","name":"Comment","target":["https:\/\/futbolhoy.co\/index.php\/2020\/06\/22\/city-goleo-y-guarda-esperanzas\/#respond"]}]},{"@type":"WebPage","@id":"https:\/\/futbolhoy.co\/index.php\/2020\/06\/22\/city-goleo-y-guarda-esperanzas\/","url":"https:\/\/futbolhoy.co\/index.php\/2020\/06\/22\/city-goleo-y-guarda-esperanzas\/","name":"City gole\u00f3 y guarda esperanzas -","isPartOf":{"@id":"https:\/\/futbolhoy.co\/#website"},"primaryImageOfPage":{"@id":"https:\/\/futbolhoy.co\/index.php\/2020\/06\/22\/city-goleo-y-guarda-esperanzas\/#primaryimage"},"image":{"@id":"https:\/\/futbolhoy.co\/index.php\/2020\/06\/22\/city-goleo-y-guarda-esperanzas\/#primaryimage"},"thumbnailUrl":"https:\/\/futbolhoy.co\/wp-content\/uploads\/2020\/06\/20200622_161704.jpg","datePublished":"2020-06-22T21:17:39+00:00","dateModified":"2020-06-23T13:53:15+00:00","breadcrumb":{"@id":"https:\/\/futbolhoy.co\/index.php\/2020\/06\/22\/city-goleo-y-guarda-esperanzas\/#breadcrumb"},"inLanguage":"es","potentialAction":[{"@type":"ReadAction","target":["https:\/\/futbolhoy.co\/index.php\/2020\/06\/22\/city-goleo-y-guarda-esperanzas\/"]}]},{"@type":"ImageObject","inLanguage":"es","@id":"https:\/\/futbolhoy.co\/index.php\/2020\/06\/22\/city-goleo-y-guarda-esperanzas\/#primaryimage","url":"https:\/\/futbolhoy.co\/wp-content\/uploads\/2020\/06\/20200622_161704.jpg","contentUrl":"https:\/\/futbolhoy.co\/wp-content\/uploads\/2020\/06\/20200622_161704.jpg","width":1920,"height":1080},{"@type":"BreadcrumbList","@id":"https:\/\/futbolhoy.co\/index.php\/2020\/06\/22\/city-goleo-y-guarda-esperanzas\/#breadcrumb","itemListElement":[{"@type":"ListItem","position":1,"name":"Portada","item":"https:\/\/futbolhoy.co\/"},{"@type":"ListItem","position":2,"name":"City gole\u00f3 y guarda esperanzas"}]},{"@type":"WebSite","@id":"https:\/\/futbolhoy.co\/#website","url":"https:\/\/futbolhoy.co\/","name":"FutbolHoy","description":"","publisher":{"@id":"https:\/\/futbolhoy.co\/#organization"},"potentialAction":[{"@type":"SearchAction","target":{"@type":"EntryPoint","urlTemplate":"https:\/\/futbolhoy.co\/?s={search_term_string}"},"query-input":{"@type":"PropertyValueSpecification","valueRequired":true,"valueName":"search_term_string"}}],"inLanguage":"es"},{"@type":"Organization","@id":"https:\/\/futbolhoy.co\/#organization","name":"Futbolhoy.co","url":"https:\/\/futbolhoy.co\/","logo":{"@type":"ImageObject","inLanguage":"es","@id":"https:\/\/futbolhoy.co\/#\/schema\/logo\/image\/","url":"https:\/\/futbolhoy.co\/wp-content\/uploads\/2018\/08\/17426380_1906371736249227_6326180412931521141_n.jpg","contentUrl":"https:\/\/futbolhoy.co\/wp-content\/uploads\/2018\/08\/17426380_1906371736249227_6326180412931521141_n.jpg","width":960,"height":960,"caption":"Futbolhoy.co"},"image":{"@id":"https:\/\/futbolhoy.co\/#\/schema\/logo\/image\/"},"sameAs":["https:\/\/www.facebook.com\/FutbolHoyCol\/","https:\/\/x.com\/FutbolHoyCol","https:\/\/www.instagram.com\/futbolhoycol\/"]},{"@type":"Person","@id":"https:\/\/futbolhoy.co\/#\/schema\/person\/c4a353a512b127643723a34bb1812f7d","name":"Laura Hern\u00e1ndez","image":{"@type":"ImageObject","inLanguage":"es","@id":"https:\/\/futbolhoy.co\/#\/schema\/person\/image\/","url":"https:\/\/secure.gravatar.com\/avatar\/d25959a15b9b293a743f99181c7cfd01?s=96&d=mm&r=g","contentUrl":"https:\/\/secure.gravatar.com\/avatar\/d25959a15b9b293a743f99181c7cfd01?s=96&d=mm&r=g","caption":"Laura Hern\u00e1ndez"}}]}},"publishpress_future_action":{"enabled":false,"date":"2026-05-03 22:46:46","action":"change-status","newStatus":"draft","terms":[],"taxonomy":"category","extraData":[]},"publishpress_future_workflow_manual_trigger":{"enabledWorkflows":[]},"_links":{"self":[{"href":"https:\/\/futbolhoy.co\/index.php\/wp-json\/wp\/v2\/posts\/52710","targetHints":{"allow":["GET"]}}],"collection":[{"href":"https:\/\/futbolhoy.co\/index.php\/wp-json\/wp\/v2\/posts"}],"about":[{"href":"https:\/\/futbolhoy.co\/index.php\/wp-json\/wp\/v2\/types\/post"}],"author":[{"embeddable":true,"href":"https:\/\/futbolhoy.co\/index.php\/wp-json\/wp\/v2\/users\/5"}],"replies":[{"embeddable":true,"href":"https:\/\/futbolhoy.co\/index.php\/wp-json\/wp\/v2\/comments?post=52710"}],"version-history":[{"count":1,"href":"https:\/\/futbolhoy.co\/index.php\/wp-json\/wp\/v2\/posts\/52710\/revisions"}],"predecessor-version":[{"id":52712,"href":"https:\/\/futbolhoy.co\/index.php\/wp-json\/wp\/v2\/posts\/52710\/revisions\/52712"}],"wp:featuredmedia":[{"embeddable":true,"href":"https:\/\/futbolhoy.co\/index.php\/wp-json\/wp\/v2\/media\/52711"}],"wp:attachment":[{"href":"https:\/\/futbolhoy.co\/index.php\/wp-json\/wp\/v2\/media?parent=52710"}],"wp:term":[{"taxonomy":"category","embeddable":true,"href":"https:\/\/futbolhoy.co\/index.php\/wp-json\/wp\/v2\/categories?post=52710"},{"taxonomy":"post_tag","embeddable":true,"href":"https:\/\/futbolhoy.co\/index.php\/wp-json\/wp\/v2\/tags?post=52710"}],"curies":[{"name":"wp","href":"https:\/\/api.w.org\/{rel}","templated":true}]}}