{"id":52717,"date":"2020-06-22T17:10:25","date_gmt":"2020-06-22T22:10:25","guid":{"rendered":"https:\/\/futbolhoy.co\/?p=52717"},"modified":"2020-06-23T12:37:43","modified_gmt":"2020-06-23T17:37:43","slug":"bruno-soriano-regreso-despues-de-tres-anos","status":"publish","type":"post","link":"https:\/\/futbolhoy.co\/index.php\/2020\/06\/22\/bruno-soriano-regreso-despues-de-tres-anos\/","title":{"rendered":"Bruno Soriano regres\u00f3 despu\u00e9s de tres a\u00f1os"},"content":{"rendered":"<!--[if lt IE 9]><script>document.createElement('audio');<\/script><![endif]-->\n<audio class=\"wp-audio-shortcode\" id=\"audio-52717-1\" preload=\"none\" style=\"width: 100%;\" controls=\"controls\"><source type=\"audio\/mpeg\" src=\"https:\/\/futbolhoy.co\/wp-content\/uploads\/2020\/06\/Bruno-Soriano-Capit\u00e1n-Villarreal.mp3?_=1\" \/><a href=\"https:\/\/futbolhoy.co\/wp-content\/uploads\/2020\/06\/Bruno-Soriano-Capit\u00e1n-Villarreal.mp3\">https:\/\/futbolhoy.co\/wp-content\/uploads\/2020\/06\/Bruno-Soriano-Capit\u00e1n-Villarreal.mp3<\/a><\/audio>\n<p>&nbsp;<\/p>\n<p><strong><em><span style=\"font-family: helvetica, arial, sans-serif; font-size: 10pt;\">Bruno Soriano - Capit\u00e1n Villarreal\u00a0<\/span><\/em><\/strong><\/p>\n<p style=\"text-align: justify;\"><span style=\"font-family: helvetica, arial, sans-serif;\">El eterno capit\u00e1n del\u00a0<b>Villarreal<\/b>,\u00a0<b>Bruno Soriano<\/b>, volvi\u00f3 a disputar minutos en competencia oficial despu\u00e9s de tres a\u00f1os,\u00a0<b>1.128 d\u00edas<\/b>; en los cuales debi\u00f3 superar dos operaciones de rodilla izquierda.<\/span><\/p>\n<p style=\"text-align: justify;\"><span style=\"font-family: helvetica, arial, sans-serif;\">Soriano ingres\u00f3 por\u00a0<b>Paco Alcacer<\/b>\u00a0a los 88 minutos del partido en que el\u00a0<i>\u2018submarino amarillo\u2019<\/i>\u00a0igual\u00f3 en\u00a0<b>La Cer\u00e1mica<\/b>\u00a02-2 con el\u00a0<b>Sevilla<\/b>, en la fecha 31 de\u00a0<b>LaLiga<\/b>; donde fue amonestado a los 90\u2019 +3\u2019.<\/span><\/p>\n<p style=\"text-align: justify;\"><span style=\"font-family: helvetica, arial, sans-serif;\">El jugador, de 36 a\u00f1os, sufri\u00f3 una lesi\u00f3n de rodilla en mayo de 2017, que deb\u00eda alejarlo de las canchas durante cuatro meses, pero m\u00faltiples reca\u00eddas, lo obligaron a doble intervenci\u00f3n quir\u00fargica y permanecer tres temporadas sin actuar.<\/span><\/p>\n<p style=\"text-align: justify;\"><span style=\"font-family: helvetica, arial, sans-serif;\">La primera cirug\u00eda, en julio de 2017, consisti\u00f3 en la extirpaci\u00f3n del osteofito en tuberosidad anterior tibial; mientras que en la segunda se intervino el tend\u00f3n rotuliano, ambos de la pierna izquierda.<\/span><\/p>\n<p style=\"text-align: justify;\"><span style=\"font-family: helvetica, arial, sans-serif;\">\u201cNo s\u00e9 ni qu\u00e9 decir, tanto tiempo que no jugaba, que casi no puedo hablar. Estoy muy contento por todo, por m\u00ed, claro. Hab\u00eda intentado volver y no se hab\u00eda podido dar. Es una alegr\u00eda muy grande para m\u00ed, para la gente del club y mi familia\u201d, declar\u00f3 Soriano al borde de las l\u00e1grimas.<\/span><\/p>\n","protected":false},"excerpt":{"rendered":"<p>&nbsp; Bruno Soriano - Capit\u00e1n Villarreal\u00a0 El eterno capit\u00e1n del\u00a0Villarreal,\u00a0Bruno Soriano, volvi\u00f3 a disputar minutos en competencia oficial despu\u00e9s de tres a\u00f1os,\u00a01.128 d\u00edas; en los cuales debi\u00f3 superar dos operaciones de rodilla izquierda. Soriano ingres\u00f3 por\u00a0Paco Alcacer\u00a0a los 88 minutos del partido en que el\u00a0\u2018submarino amarillo\u2019\u00a0igual\u00f3 en\u00a0La Cer\u00e1mica\u00a02-2 con el\u00a0Sevilla, en la fecha 31 de\u00a0LaLiga; [&hellip;]<\/p>\n","protected":false},"author":5,"featured_media":52718,"comment_status":"open","ping_status":"open","sticky":false,"template":"","format":"video","meta":{"_acf_changed":false,"footnotes":""},"categories":[152],"tags":[],"class_list":{"0":"post-52717","1":"post","2":"type-post","3":"status-publish","4":"format-video","5":"has-post-thumbnail","7":"category-mundo-futbol","8":"post_format-post-format-video"},"acf":[],"yoast_head":"<!-- This site is optimized with the Yoast SEO plugin v26.8 - https:\/\/yoast.com\/product\/yoast-seo-wordpress\/ -->\n<title>Bruno Soriano regres\u00f3 despu\u00e9s de tres a\u00f1os -<\/title>\n<meta name=\"robots\" content=\"index, follow, max-snippet:-1, max-image-preview:large, max-video-preview:-1\" \/>\n<link rel=\"canonical\" href=\"https:\/\/futbolhoy.co\/index.php\/2020\/06\/22\/bruno-soriano-regreso-despues-de-tres-anos\/\" \/>\n<meta property=\"og:locale\" content=\"es_ES\" \/>\n<meta property=\"og:type\" content=\"article\" \/>\n<meta property=\"og:title\" content=\"Bruno Soriano regres\u00f3 despu\u00e9s de tres a\u00f1os -\" \/>\n<meta property=\"og:description\" content=\"&nbsp; Bruno Soriano - Capit\u00e1n Villarreal\u00a0 El eterno capit\u00e1n del\u00a0Villarreal,\u00a0Bruno Soriano, volvi\u00f3 a disputar minutos en competencia oficial despu\u00e9s de tres a\u00f1os,\u00a01.128 d\u00edas; en los cuales debi\u00f3 superar dos operaciones de rodilla izquierda. Soriano ingres\u00f3 por\u00a0Paco Alcacer\u00a0a los 88 minutos del partido en que el\u00a0\u2018submarino amarillo\u2019\u00a0igual\u00f3 en\u00a0La Cer\u00e1mica\u00a02-2 con el\u00a0Sevilla, en la fecha 31 de\u00a0LaLiga; [&hellip;]\" \/>\n<meta property=\"og:url\" content=\"https:\/\/futbolhoy.co\/index.php\/2020\/06\/22\/bruno-soriano-regreso-despues-de-tres-anos\/\" \/>\n<meta property=\"article:publisher\" content=\"https:\/\/www.facebook.com\/FutbolHoyCol\/\" \/>\n<meta property=\"article:published_time\" content=\"2020-06-22T22:10:25+00:00\" \/>\n<meta property=\"article:modified_time\" content=\"2020-06-23T17:37:43+00:00\" \/>\n<meta property=\"og:image\" content=\"https:\/\/futbolhoy.co\/wp-content\/uploads\/2020\/06\/20200622_172742.jpg\" \/>\n\t<meta property=\"og:image:width\" content=\"2362\" \/>\n\t<meta property=\"og:image:height\" content=\"1575\" \/>\n\t<meta property=\"og:image:type\" content=\"image\/jpeg\" \/>\n<meta name=\"author\" content=\"Laura Hern\u00e1ndez\" \/>\n<meta name=\"twitter:card\" content=\"summary_large_image\" \/>\n<meta name=\"twitter:creator\" content=\"@FutbolHoyCol\" \/>\n<meta name=\"twitter:site\" content=\"@FutbolHoyCol\" \/>\n<meta name=\"twitter:label1\" content=\"Escrito por\" \/>\n\t<meta name=\"twitter:data1\" content=\"Laura Hern\u00e1ndez\" \/>\n\t<meta name=\"twitter:label2\" content=\"Tiempo de lectura\" \/>\n\t<meta name=\"twitter:data2\" content=\"1 minuto\" \/>\n<script type=\"application\/ld+json\" class=\"yoast-schema-graph\">{\"@context\":\"https:\/\/schema.org\",\"@graph\":[{\"@type\":\"Article\",\"@id\":\"https:\/\/futbolhoy.co\/index.php\/2020\/06\/22\/bruno-soriano-regreso-despues-de-tres-anos\/#article\",\"isPartOf\":{\"@id\":\"https:\/\/futbolhoy.co\/index.php\/2020\/06\/22\/bruno-soriano-regreso-despues-de-tres-anos\/\"},\"author\":{\"name\":\"Laura Hern\u00e1ndez\",\"@id\":\"https:\/\/futbolhoy.co\/#\/schema\/person\/c4a353a512b127643723a34bb1812f7d\"},\"headline\":\"Bruno Soriano regres\u00f3 despu\u00e9s de tres a\u00f1os\",\"datePublished\":\"2020-06-22T22:10:25+00:00\",\"dateModified\":\"2020-06-23T17:37:43+00:00\",\"mainEntityOfPage\":{\"@id\":\"https:\/\/futbolhoy.co\/index.php\/2020\/06\/22\/bruno-soriano-regreso-despues-de-tres-anos\/\"},\"wordCount\":229,\"commentCount\":0,\"publisher\":{\"@id\":\"https:\/\/futbolhoy.co\/#organization\"},\"image\":{\"@id\":\"https:\/\/futbolhoy.co\/index.php\/2020\/06\/22\/bruno-soriano-regreso-despues-de-tres-anos\/#primaryimage\"},\"thumbnailUrl\":\"https:\/\/futbolhoy.co\/wp-content\/uploads\/2020\/06\/20200622_172742.jpg\",\"articleSection\":[\"Mundo Futbol\"],\"inLanguage\":\"es\",\"potentialAction\":[{\"@type\":\"CommentAction\",\"name\":\"Comment\",\"target\":[\"https:\/\/futbolhoy.co\/index.php\/2020\/06\/22\/bruno-soriano-regreso-despues-de-tres-anos\/#respond\"]}]},{\"@type\":\"WebPage\",\"@id\":\"https:\/\/futbolhoy.co\/index.php\/2020\/06\/22\/bruno-soriano-regreso-despues-de-tres-anos\/\",\"url\":\"https:\/\/futbolhoy.co\/index.php\/2020\/06\/22\/bruno-soriano-regreso-despues-de-tres-anos\/\",\"name\":\"Bruno Soriano regres\u00f3 despu\u00e9s de tres a\u00f1os -\",\"isPartOf\":{\"@id\":\"https:\/\/futbolhoy.co\/#website\"},\"primaryImageOfPage\":{\"@id\":\"https:\/\/futbolhoy.co\/index.php\/2020\/06\/22\/bruno-soriano-regreso-despues-de-tres-anos\/#primaryimage\"},\"image\":{\"@id\":\"https:\/\/futbolhoy.co\/index.php\/2020\/06\/22\/bruno-soriano-regreso-despues-de-tres-anos\/#primaryimage\"},\"thumbnailUrl\":\"https:\/\/futbolhoy.co\/wp-content\/uploads\/2020\/06\/20200622_172742.jpg\",\"datePublished\":\"2020-06-22T22:10:25+00:00\",\"dateModified\":\"2020-06-23T17:37:43+00:00\",\"breadcrumb\":{\"@id\":\"https:\/\/futbolhoy.co\/index.php\/2020\/06\/22\/bruno-soriano-regreso-despues-de-tres-anos\/#breadcrumb\"},\"inLanguage\":\"es\",\"potentialAction\":[{\"@type\":\"ReadAction\",\"target\":[\"https:\/\/futbolhoy.co\/index.php\/2020\/06\/22\/bruno-soriano-regreso-despues-de-tres-anos\/\"]}]},{\"@type\":\"ImageObject\",\"inLanguage\":\"es\",\"@id\":\"https:\/\/futbolhoy.co\/index.php\/2020\/06\/22\/bruno-soriano-regreso-despues-de-tres-anos\/#primaryimage\",\"url\":\"https:\/\/futbolhoy.co\/wp-content\/uploads\/2020\/06\/20200622_172742.jpg\",\"contentUrl\":\"https:\/\/futbolhoy.co\/wp-content\/uploads\/2020\/06\/20200622_172742.jpg\",\"width\":2362,\"height\":1575},{\"@type\":\"BreadcrumbList\",\"@id\":\"https:\/\/futbolhoy.co\/index.php\/2020\/06\/22\/bruno-soriano-regreso-despues-de-tres-anos\/#breadcrumb\",\"itemListElement\":[{\"@type\":\"ListItem\",\"position\":1,\"name\":\"Portada\",\"item\":\"https:\/\/futbolhoy.co\/\"},{\"@type\":\"ListItem\",\"position\":2,\"name\":\"Bruno Soriano regres\u00f3 despu\u00e9s de tres a\u00f1os\"}]},{\"@type\":\"WebSite\",\"@id\":\"https:\/\/futbolhoy.co\/#website\",\"url\":\"https:\/\/futbolhoy.co\/\",\"name\":\"FutbolHoy\",\"description\":\"\",\"publisher\":{\"@id\":\"https:\/\/futbolhoy.co\/#organization\"},\"potentialAction\":[{\"@type\":\"SearchAction\",\"target\":{\"@type\":\"EntryPoint\",\"urlTemplate\":\"https:\/\/futbolhoy.co\/?s={search_term_string}\"},\"query-input\":{\"@type\":\"PropertyValueSpecification\",\"valueRequired\":true,\"valueName\":\"search_term_string\"}}],\"inLanguage\":\"es\"},{\"@type\":\"Organization\",\"@id\":\"https:\/\/futbolhoy.co\/#organization\",\"name\":\"Futbolhoy.co\",\"url\":\"https:\/\/futbolhoy.co\/\",\"logo\":{\"@type\":\"ImageObject\",\"inLanguage\":\"es\",\"@id\":\"https:\/\/futbolhoy.co\/#\/schema\/logo\/image\/\",\"url\":\"https:\/\/futbolhoy.co\/wp-content\/uploads\/2018\/08\/17426380_1906371736249227_6326180412931521141_n.jpg\",\"contentUrl\":\"https:\/\/futbolhoy.co\/wp-content\/uploads\/2018\/08\/17426380_1906371736249227_6326180412931521141_n.jpg\",\"width\":960,\"height\":960,\"caption\":\"Futbolhoy.co\"},\"image\":{\"@id\":\"https:\/\/futbolhoy.co\/#\/schema\/logo\/image\/\"},\"sameAs\":[\"https:\/\/www.facebook.com\/FutbolHoyCol\/\",\"https:\/\/x.com\/FutbolHoyCol\",\"https:\/\/www.instagram.com\/futbolhoycol\/\"]},{\"@type\":\"Person\",\"@id\":\"https:\/\/futbolhoy.co\/#\/schema\/person\/c4a353a512b127643723a34bb1812f7d\",\"name\":\"Laura Hern\u00e1ndez\",\"image\":{\"@type\":\"ImageObject\",\"inLanguage\":\"es\",\"@id\":\"https:\/\/futbolhoy.co\/#\/schema\/person\/image\/\",\"url\":\"https:\/\/secure.gravatar.com\/avatar\/d25959a15b9b293a743f99181c7cfd01?s=96&d=mm&r=g\",\"contentUrl\":\"https:\/\/secure.gravatar.com\/avatar\/d25959a15b9b293a743f99181c7cfd01?s=96&d=mm&r=g\",\"caption\":\"Laura Hern\u00e1ndez\"}}]}<\/script>\n<!-- \/ Yoast SEO plugin. -->","yoast_head_json":{"title":"Bruno Soriano regres\u00f3 despu\u00e9s de tres a\u00f1os -","robots":{"index":"index","follow":"follow","max-snippet":"max-snippet:-1","max-image-preview":"max-image-preview:large","max-video-preview":"max-video-preview:-1"},"canonical":"https:\/\/futbolhoy.co\/index.php\/2020\/06\/22\/bruno-soriano-regreso-despues-de-tres-anos\/","og_locale":"es_ES","og_type":"article","og_title":"Bruno Soriano regres\u00f3 despu\u00e9s de tres a\u00f1os -","og_description":"&nbsp; Bruno Soriano - Capit\u00e1n Villarreal\u00a0 El eterno capit\u00e1n del\u00a0Villarreal,\u00a0Bruno Soriano, volvi\u00f3 a disputar minutos en competencia oficial despu\u00e9s de tres a\u00f1os,\u00a01.128 d\u00edas; en los cuales debi\u00f3 superar dos operaciones de rodilla izquierda. Soriano ingres\u00f3 por\u00a0Paco Alcacer\u00a0a los 88 minutos del partido en que el\u00a0\u2018submarino amarillo\u2019\u00a0igual\u00f3 en\u00a0La Cer\u00e1mica\u00a02-2 con el\u00a0Sevilla, en la fecha 31 de\u00a0LaLiga; [&hellip;]","og_url":"https:\/\/futbolhoy.co\/index.php\/2020\/06\/22\/bruno-soriano-regreso-despues-de-tres-anos\/","article_publisher":"https:\/\/www.facebook.com\/FutbolHoyCol\/","article_published_time":"2020-06-22T22:10:25+00:00","article_modified_time":"2020-06-23T17:37:43+00:00","og_image":[{"width":2362,"height":1575,"url":"https:\/\/futbolhoy.co\/wp-content\/uploads\/2020\/06\/20200622_172742.jpg","type":"image\/jpeg"}],"author":"Laura Hern\u00e1ndez","twitter_card":"summary_large_image","twitter_creator":"@FutbolHoyCol","twitter_site":"@FutbolHoyCol","twitter_misc":{"Escrito por":"Laura Hern\u00e1ndez","Tiempo de lectura":"1 minuto"},"schema":{"@context":"https:\/\/schema.org","@graph":[{"@type":"Article","@id":"https:\/\/futbolhoy.co\/index.php\/2020\/06\/22\/bruno-soriano-regreso-despues-de-tres-anos\/#article","isPartOf":{"@id":"https:\/\/futbolhoy.co\/index.php\/2020\/06\/22\/bruno-soriano-regreso-despues-de-tres-anos\/"},"author":{"name":"Laura Hern\u00e1ndez","@id":"https:\/\/futbolhoy.co\/#\/schema\/person\/c4a353a512b127643723a34bb1812f7d"},"headline":"Bruno Soriano regres\u00f3 despu\u00e9s de tres a\u00f1os","datePublished":"2020-06-22T22:10:25+00:00","dateModified":"2020-06-23T17:37:43+00:00","mainEntityOfPage":{"@id":"https:\/\/futbolhoy.co\/index.php\/2020\/06\/22\/bruno-soriano-regreso-despues-de-tres-anos\/"},"wordCount":229,"commentCount":0,"publisher":{"@id":"https:\/\/futbolhoy.co\/#organization"},"image":{"@id":"https:\/\/futbolhoy.co\/index.php\/2020\/06\/22\/bruno-soriano-regreso-despues-de-tres-anos\/#primaryimage"},"thumbnailUrl":"https:\/\/futbolhoy.co\/wp-content\/uploads\/2020\/06\/20200622_172742.jpg","articleSection":["Mundo Futbol"],"inLanguage":"es","potentialAction":[{"@type":"CommentAction","name":"Comment","target":["https:\/\/futbolhoy.co\/index.php\/2020\/06\/22\/bruno-soriano-regreso-despues-de-tres-anos\/#respond"]}]},{"@type":"WebPage","@id":"https:\/\/futbolhoy.co\/index.php\/2020\/06\/22\/bruno-soriano-regreso-despues-de-tres-anos\/","url":"https:\/\/futbolhoy.co\/index.php\/2020\/06\/22\/bruno-soriano-regreso-despues-de-tres-anos\/","name":"Bruno Soriano regres\u00f3 despu\u00e9s de tres a\u00f1os -","isPartOf":{"@id":"https:\/\/futbolhoy.co\/#website"},"primaryImageOfPage":{"@id":"https:\/\/futbolhoy.co\/index.php\/2020\/06\/22\/bruno-soriano-regreso-despues-de-tres-anos\/#primaryimage"},"image":{"@id":"https:\/\/futbolhoy.co\/index.php\/2020\/06\/22\/bruno-soriano-regreso-despues-de-tres-anos\/#primaryimage"},"thumbnailUrl":"https:\/\/futbolhoy.co\/wp-content\/uploads\/2020\/06\/20200622_172742.jpg","datePublished":"2020-06-22T22:10:25+00:00","dateModified":"2020-06-23T17:37:43+00:00","breadcrumb":{"@id":"https:\/\/futbolhoy.co\/index.php\/2020\/06\/22\/bruno-soriano-regreso-despues-de-tres-anos\/#breadcrumb"},"inLanguage":"es","potentialAction":[{"@type":"ReadAction","target":["https:\/\/futbolhoy.co\/index.php\/2020\/06\/22\/bruno-soriano-regreso-despues-de-tres-anos\/"]}]},{"@type":"ImageObject","inLanguage":"es","@id":"https:\/\/futbolhoy.co\/index.php\/2020\/06\/22\/bruno-soriano-regreso-despues-de-tres-anos\/#primaryimage","url":"https:\/\/futbolhoy.co\/wp-content\/uploads\/2020\/06\/20200622_172742.jpg","contentUrl":"https:\/\/futbolhoy.co\/wp-content\/uploads\/2020\/06\/20200622_172742.jpg","width":2362,"height":1575},{"@type":"BreadcrumbList","@id":"https:\/\/futbolhoy.co\/index.php\/2020\/06\/22\/bruno-soriano-regreso-despues-de-tres-anos\/#breadcrumb","itemListElement":[{"@type":"ListItem","position":1,"name":"Portada","item":"https:\/\/futbolhoy.co\/"},{"@type":"ListItem","position":2,"name":"Bruno Soriano regres\u00f3 despu\u00e9s de tres a\u00f1os"}]},{"@type":"WebSite","@id":"https:\/\/futbolhoy.co\/#website","url":"https:\/\/futbolhoy.co\/","name":"FutbolHoy","description":"","publisher":{"@id":"https:\/\/futbolhoy.co\/#organization"},"potentialAction":[{"@type":"SearchAction","target":{"@type":"EntryPoint","urlTemplate":"https:\/\/futbolhoy.co\/?s={search_term_string}"},"query-input":{"@type":"PropertyValueSpecification","valueRequired":true,"valueName":"search_term_string"}}],"inLanguage":"es"},{"@type":"Organization","@id":"https:\/\/futbolhoy.co\/#organization","name":"Futbolhoy.co","url":"https:\/\/futbolhoy.co\/","logo":{"@type":"ImageObject","inLanguage":"es","@id":"https:\/\/futbolhoy.co\/#\/schema\/logo\/image\/","url":"https:\/\/futbolhoy.co\/wp-content\/uploads\/2018\/08\/17426380_1906371736249227_6326180412931521141_n.jpg","contentUrl":"https:\/\/futbolhoy.co\/wp-content\/uploads\/2018\/08\/17426380_1906371736249227_6326180412931521141_n.jpg","width":960,"height":960,"caption":"Futbolhoy.co"},"image":{"@id":"https:\/\/futbolhoy.co\/#\/schema\/logo\/image\/"},"sameAs":["https:\/\/www.facebook.com\/FutbolHoyCol\/","https:\/\/x.com\/FutbolHoyCol","https:\/\/www.instagram.com\/futbolhoycol\/"]},{"@type":"Person","@id":"https:\/\/futbolhoy.co\/#\/schema\/person\/c4a353a512b127643723a34bb1812f7d","name":"Laura Hern\u00e1ndez","image":{"@type":"ImageObject","inLanguage":"es","@id":"https:\/\/futbolhoy.co\/#\/schema\/person\/image\/","url":"https:\/\/secure.gravatar.com\/avatar\/d25959a15b9b293a743f99181c7cfd01?s=96&d=mm&r=g","contentUrl":"https:\/\/secure.gravatar.com\/avatar\/d25959a15b9b293a743f99181c7cfd01?s=96&d=mm&r=g","caption":"Laura Hern\u00e1ndez"}}]}},"publishpress_future_action":{"enabled":false,"date":"2026-05-03 19:50:46","action":"change-status","newStatus":"draft","terms":[],"taxonomy":"category","extraData":[]},"publishpress_future_workflow_manual_trigger":{"enabledWorkflows":[]},"_links":{"self":[{"href":"https:\/\/futbolhoy.co\/index.php\/wp-json\/wp\/v2\/posts\/52717","targetHints":{"allow":["GET"]}}],"collection":[{"href":"https:\/\/futbolhoy.co\/index.php\/wp-json\/wp\/v2\/posts"}],"about":[{"href":"https:\/\/futbolhoy.co\/index.php\/wp-json\/wp\/v2\/types\/post"}],"author":[{"embeddable":true,"href":"https:\/\/futbolhoy.co\/index.php\/wp-json\/wp\/v2\/users\/5"}],"replies":[{"embeddable":true,"href":"https:\/\/futbolhoy.co\/index.php\/wp-json\/wp\/v2\/comments?post=52717"}],"version-history":[{"count":1,"href":"https:\/\/futbolhoy.co\/index.php\/wp-json\/wp\/v2\/posts\/52717\/revisions"}],"predecessor-version":[{"id":52719,"href":"https:\/\/futbolhoy.co\/index.php\/wp-json\/wp\/v2\/posts\/52717\/revisions\/52719"}],"wp:featuredmedia":[{"embeddable":true,"href":"https:\/\/futbolhoy.co\/index.php\/wp-json\/wp\/v2\/media\/52718"}],"wp:attachment":[{"href":"https:\/\/futbolhoy.co\/index.php\/wp-json\/wp\/v2\/media?parent=52717"}],"wp:term":[{"taxonomy":"category","embeddable":true,"href":"https:\/\/futbolhoy.co\/index.php\/wp-json\/wp\/v2\/categories?post=52717"},{"taxonomy":"post_tag","embeddable":true,"href":"https:\/\/futbolhoy.co\/index.php\/wp-json\/wp\/v2\/tags?post=52717"}],"curies":[{"name":"wp","href":"https:\/\/api.w.org\/{rel}","templated":true}]}}