{"id":52728,"date":"2020-06-23T07:47:21","date_gmt":"2020-06-23T12:47:21","guid":{"rendered":"https:\/\/futbolhoy.co\/?p=52728"},"modified":"2020-06-23T18:21:31","modified_gmt":"2020-06-23T23:21:31","slug":"setien-cree-que-laliga-no-se-ha-perdido","status":"publish","type":"post","link":"https:\/\/futbolhoy.co\/index.php\/2020\/06\/23\/setien-cree-que-laliga-no-se-ha-perdido\/","title":{"rendered":"Seti\u00e9n cree que LaLiga no se ha perdido"},"content":{"rendered":"<!--[if lt IE 9]><script>document.createElement('audio');<\/script><![endif]-->\n<audio class=\"wp-audio-shortcode\" id=\"audio-52728-1\" preload=\"none\" style=\"width: 100%;\" controls=\"controls\"><source type=\"audio\/mpeg\" src=\"https:\/\/futbolhoy.co\/wp-content\/uploads\/2020\/06\/ACERO-SETIEN-OK.1329-1.mp3?_=1\" \/><a href=\"https:\/\/futbolhoy.co\/wp-content\/uploads\/2020\/06\/ACERO-SETIEN-OK.1329-1.mp3\">https:\/\/futbolhoy.co\/wp-content\/uploads\/2020\/06\/ACERO-SETIEN-OK.1329-1.mp3<\/a><\/audio>\n<p>(Quique Seti\u00e9n, t\u00e9cnico del Barcelona)<\/p>\n<p style=\"text-align: justify;\"><span style=\"font-family: helvetica, arial, sans-serif;\">El t\u00e9cnico del <strong>Barcelona,<\/strong> <strong>Quique Seti\u00e9n,<\/strong> asegur\u00f3 que <strong>LaLiga<\/strong> no est\u00e1 perdida y est\u00e1 convencido que se puede ganar, a pesar que el <strong>Real Madrid<\/strong> le arrebat\u00f3 el liderato durante el fin de semana.<\/span><\/p>\n<p style=\"text-align: justify;\"><span style=\"font-family: helvetica, arial, sans-serif;\">\u201cEs verdad que la diferencia de gol nos pone por debajo, pero seguimos teniendo los mismos puntos. Evidentemente el margen de error es menor, pero tambi\u00e9n para ellos\u201d, sostuvo.<\/span><\/p>\n<p style=\"text-align: justify;\"><span style=\"font-family: helvetica, arial, sans-serif;\">\"Seguimos y trataremos de mantener esa ilusi\u00f3n y esas expectativas que tenemos que tener porque realmente estamos convencidos de que podemos ganar el campeonato\", agreg\u00f3 Seti\u00e9n.<\/span><\/p>\n<p style=\"text-align: justify;\"><span style=\"font-family: helvetica, arial, sans-serif;\">Barcelona recibir\u00e1 este martes al <strong>Athletic de Bilbao<\/strong>, desde las 3pm \u2013hora colombiana-, mientras que Real Madrid ma\u00f1ana ser\u00e1 anfitri\u00f3n de <strong>Mallorca,<\/strong> en el mismo horario.<\/span><\/p>\n<p style=\"text-align: justify;\"><span style=\"font-family: helvetica, arial, sans-serif;\">El Madrid y Barcelona suman 65 puntos al tope de la tabla.<\/span><\/p>\n","protected":false},"excerpt":{"rendered":"<p>(Quique Seti\u00e9n, t\u00e9cnico del Barcelona) El t\u00e9cnico del Barcelona, Quique Seti\u00e9n, asegur\u00f3 que LaLiga no est\u00e1 perdida y est\u00e1 convencido que se puede ganar, a pesar que el Real Madrid le arrebat\u00f3 el liderato durante el fin de semana. \u201cEs verdad que la diferencia de gol nos pone por debajo, pero seguimos teniendo los mismos [&hellip;]<\/p>\n","protected":false},"author":5,"featured_media":50176,"comment_status":"open","ping_status":"open","sticky":false,"template":"","format":"video","meta":{"_acf_changed":false,"footnotes":""},"categories":[152],"tags":[722,1218,1812],"class_list":{"0":"post-52728","1":"post","2":"type-post","3":"status-publish","4":"format-video","5":"has-post-thumbnail","7":"category-mundo-futbol","8":"tag-barcelona","9":"tag-laliga","10":"tag-quique-setien","11":"post_format-post-format-video"},"acf":[],"yoast_head":"<!-- This site is optimized with the Yoast SEO plugin v26.8 - https:\/\/yoast.com\/product\/yoast-seo-wordpress\/ -->\n<title>Seti\u00e9n cree que LaLiga no se ha perdido -<\/title>\n<meta name=\"robots\" content=\"index, follow, max-snippet:-1, max-image-preview:large, max-video-preview:-1\" \/>\n<link rel=\"canonical\" href=\"https:\/\/futbolhoy.co\/index.php\/2020\/06\/23\/setien-cree-que-laliga-no-se-ha-perdido\/\" \/>\n<meta property=\"og:locale\" content=\"es_ES\" \/>\n<meta property=\"og:type\" content=\"article\" \/>\n<meta property=\"og:title\" content=\"Seti\u00e9n cree que LaLiga no se ha perdido -\" \/>\n<meta property=\"og:description\" content=\"(Quique Seti\u00e9n, t\u00e9cnico del Barcelona) El t\u00e9cnico del Barcelona, Quique Seti\u00e9n, asegur\u00f3 que LaLiga no est\u00e1 perdida y est\u00e1 convencido que se puede ganar, a pesar que el Real Madrid le arrebat\u00f3 el liderato durante el fin de semana. \u201cEs verdad que la diferencia de gol nos pone por debajo, pero seguimos teniendo los mismos [&hellip;]\" \/>\n<meta property=\"og:url\" content=\"https:\/\/futbolhoy.co\/index.php\/2020\/06\/23\/setien-cree-que-laliga-no-se-ha-perdido\/\" \/>\n<meta property=\"article:publisher\" content=\"https:\/\/www.facebook.com\/FutbolHoyCol\/\" \/>\n<meta property=\"article:published_time\" content=\"2020-06-23T12:47:21+00:00\" \/>\n<meta property=\"article:modified_time\" content=\"2020-06-23T23:21:31+00:00\" \/>\n<meta property=\"og:image\" content=\"https:\/\/futbolhoy.co\/wp-content\/uploads\/2020\/04\/setien.jpg\" \/>\n\t<meta property=\"og:image:width\" content=\"1152\" \/>\n\t<meta property=\"og:image:height\" content=\"768\" \/>\n\t<meta property=\"og:image:type\" content=\"image\/jpeg\" \/>\n<meta name=\"author\" content=\"Laura Hern\u00e1ndez\" \/>\n<meta name=\"twitter:card\" content=\"summary_large_image\" \/>\n<meta name=\"twitter:creator\" content=\"@FutbolHoyCol\" \/>\n<meta name=\"twitter:site\" content=\"@FutbolHoyCol\" \/>\n<meta name=\"twitter:label1\" content=\"Escrito por\" \/>\n\t<meta name=\"twitter:data1\" content=\"Laura Hern\u00e1ndez\" \/>\n\t<meta name=\"twitter:label2\" content=\"Tiempo de lectura\" \/>\n\t<meta name=\"twitter:data2\" content=\"1 minuto\" \/>\n<script type=\"application\/ld+json\" class=\"yoast-schema-graph\">{\"@context\":\"https:\/\/schema.org\",\"@graph\":[{\"@type\":\"Article\",\"@id\":\"https:\/\/futbolhoy.co\/index.php\/2020\/06\/23\/setien-cree-que-laliga-no-se-ha-perdido\/#article\",\"isPartOf\":{\"@id\":\"https:\/\/futbolhoy.co\/index.php\/2020\/06\/23\/setien-cree-que-laliga-no-se-ha-perdido\/\"},\"author\":{\"name\":\"Laura Hern\u00e1ndez\",\"@id\":\"https:\/\/futbolhoy.co\/#\/schema\/person\/c4a353a512b127643723a34bb1812f7d\"},\"headline\":\"Seti\u00e9n cree que LaLiga no se ha perdido\",\"datePublished\":\"2020-06-23T12:47:21+00:00\",\"dateModified\":\"2020-06-23T23:21:31+00:00\",\"mainEntityOfPage\":{\"@id\":\"https:\/\/futbolhoy.co\/index.php\/2020\/06\/23\/setien-cree-que-laliga-no-se-ha-perdido\/\"},\"wordCount\":160,\"commentCount\":0,\"publisher\":{\"@id\":\"https:\/\/futbolhoy.co\/#organization\"},\"image\":{\"@id\":\"https:\/\/futbolhoy.co\/index.php\/2020\/06\/23\/setien-cree-que-laliga-no-se-ha-perdido\/#primaryimage\"},\"thumbnailUrl\":\"https:\/\/futbolhoy.co\/wp-content\/uploads\/2020\/04\/setien.jpg\",\"keywords\":[\"Barcelona\",\"LaLiga\",\"Quique Seti\u00e9n\"],\"articleSection\":[\"Mundo Futbol\"],\"inLanguage\":\"es\",\"potentialAction\":[{\"@type\":\"CommentAction\",\"name\":\"Comment\",\"target\":[\"https:\/\/futbolhoy.co\/index.php\/2020\/06\/23\/setien-cree-que-laliga-no-se-ha-perdido\/#respond\"]}]},{\"@type\":\"WebPage\",\"@id\":\"https:\/\/futbolhoy.co\/index.php\/2020\/06\/23\/setien-cree-que-laliga-no-se-ha-perdido\/\",\"url\":\"https:\/\/futbolhoy.co\/index.php\/2020\/06\/23\/setien-cree-que-laliga-no-se-ha-perdido\/\",\"name\":\"Seti\u00e9n cree que LaLiga no se ha perdido -\",\"isPartOf\":{\"@id\":\"https:\/\/futbolhoy.co\/#website\"},\"primaryImageOfPage\":{\"@id\":\"https:\/\/futbolhoy.co\/index.php\/2020\/06\/23\/setien-cree-que-laliga-no-se-ha-perdido\/#primaryimage\"},\"image\":{\"@id\":\"https:\/\/futbolhoy.co\/index.php\/2020\/06\/23\/setien-cree-que-laliga-no-se-ha-perdido\/#primaryimage\"},\"thumbnailUrl\":\"https:\/\/futbolhoy.co\/wp-content\/uploads\/2020\/04\/setien.jpg\",\"datePublished\":\"2020-06-23T12:47:21+00:00\",\"dateModified\":\"2020-06-23T23:21:31+00:00\",\"breadcrumb\":{\"@id\":\"https:\/\/futbolhoy.co\/index.php\/2020\/06\/23\/setien-cree-que-laliga-no-se-ha-perdido\/#breadcrumb\"},\"inLanguage\":\"es\",\"potentialAction\":[{\"@type\":\"ReadAction\",\"target\":[\"https:\/\/futbolhoy.co\/index.php\/2020\/06\/23\/setien-cree-que-laliga-no-se-ha-perdido\/\"]}]},{\"@type\":\"ImageObject\",\"inLanguage\":\"es\",\"@id\":\"https:\/\/futbolhoy.co\/index.php\/2020\/06\/23\/setien-cree-que-laliga-no-se-ha-perdido\/#primaryimage\",\"url\":\"https:\/\/futbolhoy.co\/wp-content\/uploads\/2020\/04\/setien.jpg\",\"contentUrl\":\"https:\/\/futbolhoy.co\/wp-content\/uploads\/2020\/04\/setien.jpg\",\"width\":1152,\"height\":768},{\"@type\":\"BreadcrumbList\",\"@id\":\"https:\/\/futbolhoy.co\/index.php\/2020\/06\/23\/setien-cree-que-laliga-no-se-ha-perdido\/#breadcrumb\",\"itemListElement\":[{\"@type\":\"ListItem\",\"position\":1,\"name\":\"Portada\",\"item\":\"https:\/\/futbolhoy.co\/\"},{\"@type\":\"ListItem\",\"position\":2,\"name\":\"Seti\u00e9n cree que LaLiga no se ha perdido\"}]},{\"@type\":\"WebSite\",\"@id\":\"https:\/\/futbolhoy.co\/#website\",\"url\":\"https:\/\/futbolhoy.co\/\",\"name\":\"FutbolHoy\",\"description\":\"\",\"publisher\":{\"@id\":\"https:\/\/futbolhoy.co\/#organization\"},\"potentialAction\":[{\"@type\":\"SearchAction\",\"target\":{\"@type\":\"EntryPoint\",\"urlTemplate\":\"https:\/\/futbolhoy.co\/?s={search_term_string}\"},\"query-input\":{\"@type\":\"PropertyValueSpecification\",\"valueRequired\":true,\"valueName\":\"search_term_string\"}}],\"inLanguage\":\"es\"},{\"@type\":\"Organization\",\"@id\":\"https:\/\/futbolhoy.co\/#organization\",\"name\":\"Futbolhoy.co\",\"url\":\"https:\/\/futbolhoy.co\/\",\"logo\":{\"@type\":\"ImageObject\",\"inLanguage\":\"es\",\"@id\":\"https:\/\/futbolhoy.co\/#\/schema\/logo\/image\/\",\"url\":\"https:\/\/futbolhoy.co\/wp-content\/uploads\/2018\/08\/17426380_1906371736249227_6326180412931521141_n.jpg\",\"contentUrl\":\"https:\/\/futbolhoy.co\/wp-content\/uploads\/2018\/08\/17426380_1906371736249227_6326180412931521141_n.jpg\",\"width\":960,\"height\":960,\"caption\":\"Futbolhoy.co\"},\"image\":{\"@id\":\"https:\/\/futbolhoy.co\/#\/schema\/logo\/image\/\"},\"sameAs\":[\"https:\/\/www.facebook.com\/FutbolHoyCol\/\",\"https:\/\/x.com\/FutbolHoyCol\",\"https:\/\/www.instagram.com\/futbolhoycol\/\"]},{\"@type\":\"Person\",\"@id\":\"https:\/\/futbolhoy.co\/#\/schema\/person\/c4a353a512b127643723a34bb1812f7d\",\"name\":\"Laura Hern\u00e1ndez\",\"image\":{\"@type\":\"ImageObject\",\"inLanguage\":\"es\",\"@id\":\"https:\/\/futbolhoy.co\/#\/schema\/person\/image\/\",\"url\":\"https:\/\/secure.gravatar.com\/avatar\/d25959a15b9b293a743f99181c7cfd01?s=96&d=mm&r=g\",\"contentUrl\":\"https:\/\/secure.gravatar.com\/avatar\/d25959a15b9b293a743f99181c7cfd01?s=96&d=mm&r=g\",\"caption\":\"Laura Hern\u00e1ndez\"}}]}<\/script>\n<!-- \/ Yoast SEO plugin. -->","yoast_head_json":{"title":"Seti\u00e9n cree que LaLiga no se ha perdido -","robots":{"index":"index","follow":"follow","max-snippet":"max-snippet:-1","max-image-preview":"max-image-preview:large","max-video-preview":"max-video-preview:-1"},"canonical":"https:\/\/futbolhoy.co\/index.php\/2020\/06\/23\/setien-cree-que-laliga-no-se-ha-perdido\/","og_locale":"es_ES","og_type":"article","og_title":"Seti\u00e9n cree que LaLiga no se ha perdido -","og_description":"(Quique Seti\u00e9n, t\u00e9cnico del Barcelona) El t\u00e9cnico del Barcelona, Quique Seti\u00e9n, asegur\u00f3 que LaLiga no est\u00e1 perdida y est\u00e1 convencido que se puede ganar, a pesar que el Real Madrid le arrebat\u00f3 el liderato durante el fin de semana. \u201cEs verdad que la diferencia de gol nos pone por debajo, pero seguimos teniendo los mismos [&hellip;]","og_url":"https:\/\/futbolhoy.co\/index.php\/2020\/06\/23\/setien-cree-que-laliga-no-se-ha-perdido\/","article_publisher":"https:\/\/www.facebook.com\/FutbolHoyCol\/","article_published_time":"2020-06-23T12:47:21+00:00","article_modified_time":"2020-06-23T23:21:31+00:00","og_image":[{"width":1152,"height":768,"url":"https:\/\/futbolhoy.co\/wp-content\/uploads\/2020\/04\/setien.jpg","type":"image\/jpeg"}],"author":"Laura Hern\u00e1ndez","twitter_card":"summary_large_image","twitter_creator":"@FutbolHoyCol","twitter_site":"@FutbolHoyCol","twitter_misc":{"Escrito por":"Laura Hern\u00e1ndez","Tiempo de lectura":"1 minuto"},"schema":{"@context":"https:\/\/schema.org","@graph":[{"@type":"Article","@id":"https:\/\/futbolhoy.co\/index.php\/2020\/06\/23\/setien-cree-que-laliga-no-se-ha-perdido\/#article","isPartOf":{"@id":"https:\/\/futbolhoy.co\/index.php\/2020\/06\/23\/setien-cree-que-laliga-no-se-ha-perdido\/"},"author":{"name":"Laura Hern\u00e1ndez","@id":"https:\/\/futbolhoy.co\/#\/schema\/person\/c4a353a512b127643723a34bb1812f7d"},"headline":"Seti\u00e9n cree que LaLiga no se ha perdido","datePublished":"2020-06-23T12:47:21+00:00","dateModified":"2020-06-23T23:21:31+00:00","mainEntityOfPage":{"@id":"https:\/\/futbolhoy.co\/index.php\/2020\/06\/23\/setien-cree-que-laliga-no-se-ha-perdido\/"},"wordCount":160,"commentCount":0,"publisher":{"@id":"https:\/\/futbolhoy.co\/#organization"},"image":{"@id":"https:\/\/futbolhoy.co\/index.php\/2020\/06\/23\/setien-cree-que-laliga-no-se-ha-perdido\/#primaryimage"},"thumbnailUrl":"https:\/\/futbolhoy.co\/wp-content\/uploads\/2020\/04\/setien.jpg","keywords":["Barcelona","LaLiga","Quique Seti\u00e9n"],"articleSection":["Mundo Futbol"],"inLanguage":"es","potentialAction":[{"@type":"CommentAction","name":"Comment","target":["https:\/\/futbolhoy.co\/index.php\/2020\/06\/23\/setien-cree-que-laliga-no-se-ha-perdido\/#respond"]}]},{"@type":"WebPage","@id":"https:\/\/futbolhoy.co\/index.php\/2020\/06\/23\/setien-cree-que-laliga-no-se-ha-perdido\/","url":"https:\/\/futbolhoy.co\/index.php\/2020\/06\/23\/setien-cree-que-laliga-no-se-ha-perdido\/","name":"Seti\u00e9n cree que LaLiga no se ha perdido -","isPartOf":{"@id":"https:\/\/futbolhoy.co\/#website"},"primaryImageOfPage":{"@id":"https:\/\/futbolhoy.co\/index.php\/2020\/06\/23\/setien-cree-que-laliga-no-se-ha-perdido\/#primaryimage"},"image":{"@id":"https:\/\/futbolhoy.co\/index.php\/2020\/06\/23\/setien-cree-que-laliga-no-se-ha-perdido\/#primaryimage"},"thumbnailUrl":"https:\/\/futbolhoy.co\/wp-content\/uploads\/2020\/04\/setien.jpg","datePublished":"2020-06-23T12:47:21+00:00","dateModified":"2020-06-23T23:21:31+00:00","breadcrumb":{"@id":"https:\/\/futbolhoy.co\/index.php\/2020\/06\/23\/setien-cree-que-laliga-no-se-ha-perdido\/#breadcrumb"},"inLanguage":"es","potentialAction":[{"@type":"ReadAction","target":["https:\/\/futbolhoy.co\/index.php\/2020\/06\/23\/setien-cree-que-laliga-no-se-ha-perdido\/"]}]},{"@type":"ImageObject","inLanguage":"es","@id":"https:\/\/futbolhoy.co\/index.php\/2020\/06\/23\/setien-cree-que-laliga-no-se-ha-perdido\/#primaryimage","url":"https:\/\/futbolhoy.co\/wp-content\/uploads\/2020\/04\/setien.jpg","contentUrl":"https:\/\/futbolhoy.co\/wp-content\/uploads\/2020\/04\/setien.jpg","width":1152,"height":768},{"@type":"BreadcrumbList","@id":"https:\/\/futbolhoy.co\/index.php\/2020\/06\/23\/setien-cree-que-laliga-no-se-ha-perdido\/#breadcrumb","itemListElement":[{"@type":"ListItem","position":1,"name":"Portada","item":"https:\/\/futbolhoy.co\/"},{"@type":"ListItem","position":2,"name":"Seti\u00e9n cree que LaLiga no se ha perdido"}]},{"@type":"WebSite","@id":"https:\/\/futbolhoy.co\/#website","url":"https:\/\/futbolhoy.co\/","name":"FutbolHoy","description":"","publisher":{"@id":"https:\/\/futbolhoy.co\/#organization"},"potentialAction":[{"@type":"SearchAction","target":{"@type":"EntryPoint","urlTemplate":"https:\/\/futbolhoy.co\/?s={search_term_string}"},"query-input":{"@type":"PropertyValueSpecification","valueRequired":true,"valueName":"search_term_string"}}],"inLanguage":"es"},{"@type":"Organization","@id":"https:\/\/futbolhoy.co\/#organization","name":"Futbolhoy.co","url":"https:\/\/futbolhoy.co\/","logo":{"@type":"ImageObject","inLanguage":"es","@id":"https:\/\/futbolhoy.co\/#\/schema\/logo\/image\/","url":"https:\/\/futbolhoy.co\/wp-content\/uploads\/2018\/08\/17426380_1906371736249227_6326180412931521141_n.jpg","contentUrl":"https:\/\/futbolhoy.co\/wp-content\/uploads\/2018\/08\/17426380_1906371736249227_6326180412931521141_n.jpg","width":960,"height":960,"caption":"Futbolhoy.co"},"image":{"@id":"https:\/\/futbolhoy.co\/#\/schema\/logo\/image\/"},"sameAs":["https:\/\/www.facebook.com\/FutbolHoyCol\/","https:\/\/x.com\/FutbolHoyCol","https:\/\/www.instagram.com\/futbolhoycol\/"]},{"@type":"Person","@id":"https:\/\/futbolhoy.co\/#\/schema\/person\/c4a353a512b127643723a34bb1812f7d","name":"Laura Hern\u00e1ndez","image":{"@type":"ImageObject","inLanguage":"es","@id":"https:\/\/futbolhoy.co\/#\/schema\/person\/image\/","url":"https:\/\/secure.gravatar.com\/avatar\/d25959a15b9b293a743f99181c7cfd01?s=96&d=mm&r=g","contentUrl":"https:\/\/secure.gravatar.com\/avatar\/d25959a15b9b293a743f99181c7cfd01?s=96&d=mm&r=g","caption":"Laura Hern\u00e1ndez"}}]}},"publishpress_future_action":{"enabled":false,"date":"2026-05-03 04:24:59","action":"change-status","newStatus":"draft","terms":[],"taxonomy":"category","extraData":[]},"publishpress_future_workflow_manual_trigger":{"enabledWorkflows":[]},"_links":{"self":[{"href":"https:\/\/futbolhoy.co\/index.php\/wp-json\/wp\/v2\/posts\/52728","targetHints":{"allow":["GET"]}}],"collection":[{"href":"https:\/\/futbolhoy.co\/index.php\/wp-json\/wp\/v2\/posts"}],"about":[{"href":"https:\/\/futbolhoy.co\/index.php\/wp-json\/wp\/v2\/types\/post"}],"author":[{"embeddable":true,"href":"https:\/\/futbolhoy.co\/index.php\/wp-json\/wp\/v2\/users\/5"}],"replies":[{"embeddable":true,"href":"https:\/\/futbolhoy.co\/index.php\/wp-json\/wp\/v2\/comments?post=52728"}],"version-history":[{"count":1,"href":"https:\/\/futbolhoy.co\/index.php\/wp-json\/wp\/v2\/posts\/52728\/revisions"}],"predecessor-version":[{"id":52730,"href":"https:\/\/futbolhoy.co\/index.php\/wp-json\/wp\/v2\/posts\/52728\/revisions\/52730"}],"wp:featuredmedia":[{"embeddable":true,"href":"https:\/\/futbolhoy.co\/index.php\/wp-json\/wp\/v2\/media\/50176"}],"wp:attachment":[{"href":"https:\/\/futbolhoy.co\/index.php\/wp-json\/wp\/v2\/media?parent=52728"}],"wp:term":[{"taxonomy":"category","embeddable":true,"href":"https:\/\/futbolhoy.co\/index.php\/wp-json\/wp\/v2\/categories?post=52728"},{"taxonomy":"post_tag","embeddable":true,"href":"https:\/\/futbolhoy.co\/index.php\/wp-json\/wp\/v2\/tags?post=52728"}],"curies":[{"name":"wp","href":"https:\/\/api.w.org\/{rel}","templated":true}]}}