{"id":52760,"date":"2020-06-24T10:49:07","date_gmt":"2020-06-24T15:49:07","guid":{"rendered":"https:\/\/futbolhoy.co\/?p=52760"},"modified":"2020-06-25T08:14:05","modified_gmt":"2020-06-25T13:14:05","slug":"santos-borre-quiere-regresar-pronto-a-europa","status":"publish","type":"post","link":"https:\/\/futbolhoy.co\/index.php\/2020\/06\/24\/santos-borre-quiere-regresar-pronto-a-europa\/","title":{"rendered":"Santos Borr\u00e9 quiere regresar pronto a Europa"},"content":{"rendered":"<p style=\"text-align: justify;\"><span style=\"font-family: helvetica, arial, sans-serif;\">El delantero barranquillero <strong>Rafael Santos Borr\u00e9<\/strong> se fij\u00f3 como objetivo su pronto regreso al f\u00fatbol europeo, asegur\u00f3 su preparador f\u00edsico, <strong>Jaime Pab\u00f3n.<\/strong><\/span><\/p>\n<p style=\"text-align: justify;\"><span style=\"font-family: helvetica, arial, sans-serif;\">\u201c\u00c9l se traz\u00f3 metas que de a poco se han ido cumpliendo: ser titular en River, ganarse una posici\u00f3n, llegar a la selecci\u00f3n, y ahora parece estar cerca a otro de esos objetivos trazados, que es ser transferido a Europa, aunque mucho m\u00e1s fuerte y maduro\u201d, asegur\u00f3 Pab\u00f3n en entrevista con el diario <em>Ol\u00e9<\/em> de <strong>Buenos Aires.<\/strong><\/span><\/p>\n<p style=\"text-align: justify;\"><span style=\"font-family: helvetica, arial, sans-serif;\">\u201cYo lo veo bien. Los que estamos con el ojo puesto en \u00e9l sabemos que est\u00e1 en su momento. La vida es de momentos, y si \u00e9ste es el suyo para volver a Europa, estoy seguro que va a triunfar. Porque no va a regresar para tomarse revancha sino con un mayor conocimiento, sabe a lo que va a enfrentarse. Y una vez que eso ocurra, seguramente habr\u00e1 m\u00e1s, porque Rafael no puede conformarse volver a <strong>Europa.<\/strong> Queremos que sea top, que se convierta en uno de los grandes goleadores del mundo\u201d, agreg\u00f3.<\/span><\/p>\n<p style=\"text-align: justify;\"><span style=\"font-family: helvetica, arial, sans-serif;\">Santos Borre regres\u00f3 a principios de junio a <strong>Colombia,<\/strong> a la espera definir su futuro deportivo. Los derechos son compartidos por <strong>Atl\u00e9tico de Madrid<\/strong> y <strong>River Plate.<\/strong><\/span><\/p>\n","protected":false},"excerpt":{"rendered":"<p>El delantero barranquillero Rafael Santos Borr\u00e9 se fij\u00f3 como objetivo su pronto regreso al f\u00fatbol europeo, asegur\u00f3 su preparador f\u00edsico, Jaime Pab\u00f3n. \u201c\u00c9l se traz\u00f3 metas que de a poco se han ido cumpliendo: ser titular en River, ganarse una posici\u00f3n, llegar a la selecci\u00f3n, y ahora parece estar cerca a otro de esos objetivos [&hellip;]<\/p>\n","protected":false},"author":5,"featured_media":42283,"comment_status":"open","ping_status":"open","sticky":false,"template":"","format":"standard","meta":{"_acf_changed":false,"footnotes":""},"categories":[418],"tags":[905,588,84],"class_list":{"0":"post-52760","1":"post","2":"type-post","3":"status-publish","4":"format-standard","5":"has-post-thumbnail","7":"category-colombia","8":"tag-atletico-madrid","9":"tag-rafael-santos-borre","10":"tag-river-plate"},"acf":[],"yoast_head":"<!-- This site is optimized with the Yoast SEO plugin v26.8 - https:\/\/yoast.com\/product\/yoast-seo-wordpress\/ -->\n<title>Santos Borr\u00e9 quiere regresar pronto a Europa -<\/title>\n<meta name=\"robots\" content=\"index, follow, max-snippet:-1, max-image-preview:large, max-video-preview:-1\" \/>\n<link rel=\"canonical\" href=\"https:\/\/futbolhoy.co\/index.php\/2020\/06\/24\/santos-borre-quiere-regresar-pronto-a-europa\/\" \/>\n<meta property=\"og:locale\" content=\"es_ES\" \/>\n<meta property=\"og:type\" content=\"article\" \/>\n<meta property=\"og:title\" content=\"Santos Borr\u00e9 quiere regresar pronto a Europa -\" \/>\n<meta property=\"og:description\" content=\"El delantero barranquillero Rafael Santos Borr\u00e9 se fij\u00f3 como objetivo su pronto regreso al f\u00fatbol europeo, asegur\u00f3 su preparador f\u00edsico, Jaime Pab\u00f3n. \u201c\u00c9l se traz\u00f3 metas que de a poco se han ido cumpliendo: ser titular en River, ganarse una posici\u00f3n, llegar a la selecci\u00f3n, y ahora parece estar cerca a otro de esos objetivos [&hellip;]\" \/>\n<meta property=\"og:url\" content=\"https:\/\/futbolhoy.co\/index.php\/2020\/06\/24\/santos-borre-quiere-regresar-pronto-a-europa\/\" \/>\n<meta property=\"article:publisher\" content=\"https:\/\/www.facebook.com\/FutbolHoyCol\/\" \/>\n<meta property=\"article:published_time\" content=\"2020-06-24T15:49:07+00:00\" \/>\n<meta property=\"article:modified_time\" content=\"2020-06-25T13:14:05+00:00\" \/>\n<meta property=\"og:image\" content=\"https:\/\/futbolhoy.co\/wp-content\/uploads\/2019\/10\/Borr\u00e9-q.jpg\" \/>\n\t<meta property=\"og:image:width\" content=\"1280\" \/>\n\t<meta property=\"og:image:height\" content=\"853\" \/>\n\t<meta property=\"og:image:type\" content=\"image\/jpeg\" \/>\n<meta name=\"author\" content=\"Laura Hern\u00e1ndez\" \/>\n<meta name=\"twitter:card\" content=\"summary_large_image\" \/>\n<meta name=\"twitter:creator\" content=\"@FutbolHoyCol\" \/>\n<meta name=\"twitter:site\" content=\"@FutbolHoyCol\" \/>\n<meta name=\"twitter:label1\" content=\"Escrito por\" \/>\n\t<meta name=\"twitter:data1\" content=\"Laura Hern\u00e1ndez\" \/>\n\t<meta name=\"twitter:label2\" content=\"Tiempo de lectura\" \/>\n\t<meta name=\"twitter:data2\" content=\"1 minuto\" \/>\n<script type=\"application\/ld+json\" class=\"yoast-schema-graph\">{\"@context\":\"https:\/\/schema.org\",\"@graph\":[{\"@type\":\"Article\",\"@id\":\"https:\/\/futbolhoy.co\/index.php\/2020\/06\/24\/santos-borre-quiere-regresar-pronto-a-europa\/#article\",\"isPartOf\":{\"@id\":\"https:\/\/futbolhoy.co\/index.php\/2020\/06\/24\/santos-borre-quiere-regresar-pronto-a-europa\/\"},\"author\":{\"name\":\"Laura Hern\u00e1ndez\",\"@id\":\"https:\/\/futbolhoy.co\/#\/schema\/person\/c4a353a512b127643723a34bb1812f7d\"},\"headline\":\"Santos Borr\u00e9 quiere regresar pronto a Europa\",\"datePublished\":\"2020-06-24T15:49:07+00:00\",\"dateModified\":\"2020-06-25T13:14:05+00:00\",\"mainEntityOfPage\":{\"@id\":\"https:\/\/futbolhoy.co\/index.php\/2020\/06\/24\/santos-borre-quiere-regresar-pronto-a-europa\/\"},\"wordCount\":215,\"commentCount\":0,\"publisher\":{\"@id\":\"https:\/\/futbolhoy.co\/#organization\"},\"image\":{\"@id\":\"https:\/\/futbolhoy.co\/index.php\/2020\/06\/24\/santos-borre-quiere-regresar-pronto-a-europa\/#primaryimage\"},\"thumbnailUrl\":\"https:\/\/futbolhoy.co\/wp-content\/uploads\/2019\/10\/Borr\u00e9-q.jpg\",\"keywords\":[\"Atl\u00e9tico Madrid\",\"Rafael Santos Borr\u00e9\",\"River Plate\"],\"articleSection\":[\"Colombia\"],\"inLanguage\":\"es\",\"potentialAction\":[{\"@type\":\"CommentAction\",\"name\":\"Comment\",\"target\":[\"https:\/\/futbolhoy.co\/index.php\/2020\/06\/24\/santos-borre-quiere-regresar-pronto-a-europa\/#respond\"]}]},{\"@type\":\"WebPage\",\"@id\":\"https:\/\/futbolhoy.co\/index.php\/2020\/06\/24\/santos-borre-quiere-regresar-pronto-a-europa\/\",\"url\":\"https:\/\/futbolhoy.co\/index.php\/2020\/06\/24\/santos-borre-quiere-regresar-pronto-a-europa\/\",\"name\":\"Santos Borr\u00e9 quiere regresar pronto a Europa -\",\"isPartOf\":{\"@id\":\"https:\/\/futbolhoy.co\/#website\"},\"primaryImageOfPage\":{\"@id\":\"https:\/\/futbolhoy.co\/index.php\/2020\/06\/24\/santos-borre-quiere-regresar-pronto-a-europa\/#primaryimage\"},\"image\":{\"@id\":\"https:\/\/futbolhoy.co\/index.php\/2020\/06\/24\/santos-borre-quiere-regresar-pronto-a-europa\/#primaryimage\"},\"thumbnailUrl\":\"https:\/\/futbolhoy.co\/wp-content\/uploads\/2019\/10\/Borr\u00e9-q.jpg\",\"datePublished\":\"2020-06-24T15:49:07+00:00\",\"dateModified\":\"2020-06-25T13:14:05+00:00\",\"breadcrumb\":{\"@id\":\"https:\/\/futbolhoy.co\/index.php\/2020\/06\/24\/santos-borre-quiere-regresar-pronto-a-europa\/#breadcrumb\"},\"inLanguage\":\"es\",\"potentialAction\":[{\"@type\":\"ReadAction\",\"target\":[\"https:\/\/futbolhoy.co\/index.php\/2020\/06\/24\/santos-borre-quiere-regresar-pronto-a-europa\/\"]}]},{\"@type\":\"ImageObject\",\"inLanguage\":\"es\",\"@id\":\"https:\/\/futbolhoy.co\/index.php\/2020\/06\/24\/santos-borre-quiere-regresar-pronto-a-europa\/#primaryimage\",\"url\":\"https:\/\/futbolhoy.co\/wp-content\/uploads\/2019\/10\/Borr\u00e9-q.jpg\",\"contentUrl\":\"https:\/\/futbolhoy.co\/wp-content\/uploads\/2019\/10\/Borr\u00e9-q.jpg\",\"width\":1280,\"height\":853},{\"@type\":\"BreadcrumbList\",\"@id\":\"https:\/\/futbolhoy.co\/index.php\/2020\/06\/24\/santos-borre-quiere-regresar-pronto-a-europa\/#breadcrumb\",\"itemListElement\":[{\"@type\":\"ListItem\",\"position\":1,\"name\":\"Portada\",\"item\":\"https:\/\/futbolhoy.co\/\"},{\"@type\":\"ListItem\",\"position\":2,\"name\":\"Santos Borr\u00e9 quiere regresar pronto a Europa\"}]},{\"@type\":\"WebSite\",\"@id\":\"https:\/\/futbolhoy.co\/#website\",\"url\":\"https:\/\/futbolhoy.co\/\",\"name\":\"FutbolHoy\",\"description\":\"\",\"publisher\":{\"@id\":\"https:\/\/futbolhoy.co\/#organization\"},\"potentialAction\":[{\"@type\":\"SearchAction\",\"target\":{\"@type\":\"EntryPoint\",\"urlTemplate\":\"https:\/\/futbolhoy.co\/?s={search_term_string}\"},\"query-input\":{\"@type\":\"PropertyValueSpecification\",\"valueRequired\":true,\"valueName\":\"search_term_string\"}}],\"inLanguage\":\"es\"},{\"@type\":\"Organization\",\"@id\":\"https:\/\/futbolhoy.co\/#organization\",\"name\":\"Futbolhoy.co\",\"url\":\"https:\/\/futbolhoy.co\/\",\"logo\":{\"@type\":\"ImageObject\",\"inLanguage\":\"es\",\"@id\":\"https:\/\/futbolhoy.co\/#\/schema\/logo\/image\/\",\"url\":\"https:\/\/futbolhoy.co\/wp-content\/uploads\/2018\/08\/17426380_1906371736249227_6326180412931521141_n.jpg\",\"contentUrl\":\"https:\/\/futbolhoy.co\/wp-content\/uploads\/2018\/08\/17426380_1906371736249227_6326180412931521141_n.jpg\",\"width\":960,\"height\":960,\"caption\":\"Futbolhoy.co\"},\"image\":{\"@id\":\"https:\/\/futbolhoy.co\/#\/schema\/logo\/image\/\"},\"sameAs\":[\"https:\/\/www.facebook.com\/FutbolHoyCol\/\",\"https:\/\/x.com\/FutbolHoyCol\",\"https:\/\/www.instagram.com\/futbolhoycol\/\"]},{\"@type\":\"Person\",\"@id\":\"https:\/\/futbolhoy.co\/#\/schema\/person\/c4a353a512b127643723a34bb1812f7d\",\"name\":\"Laura Hern\u00e1ndez\",\"image\":{\"@type\":\"ImageObject\",\"inLanguage\":\"es\",\"@id\":\"https:\/\/futbolhoy.co\/#\/schema\/person\/image\/\",\"url\":\"https:\/\/secure.gravatar.com\/avatar\/d25959a15b9b293a743f99181c7cfd01?s=96&d=mm&r=g\",\"contentUrl\":\"https:\/\/secure.gravatar.com\/avatar\/d25959a15b9b293a743f99181c7cfd01?s=96&d=mm&r=g\",\"caption\":\"Laura Hern\u00e1ndez\"}}]}<\/script>\n<!-- \/ Yoast SEO plugin. -->","yoast_head_json":{"title":"Santos Borr\u00e9 quiere regresar pronto a Europa -","robots":{"index":"index","follow":"follow","max-snippet":"max-snippet:-1","max-image-preview":"max-image-preview:large","max-video-preview":"max-video-preview:-1"},"canonical":"https:\/\/futbolhoy.co\/index.php\/2020\/06\/24\/santos-borre-quiere-regresar-pronto-a-europa\/","og_locale":"es_ES","og_type":"article","og_title":"Santos Borr\u00e9 quiere regresar pronto a Europa -","og_description":"El delantero barranquillero Rafael Santos Borr\u00e9 se fij\u00f3 como objetivo su pronto regreso al f\u00fatbol europeo, asegur\u00f3 su preparador f\u00edsico, Jaime Pab\u00f3n. \u201c\u00c9l se traz\u00f3 metas que de a poco se han ido cumpliendo: ser titular en River, ganarse una posici\u00f3n, llegar a la selecci\u00f3n, y ahora parece estar cerca a otro de esos objetivos [&hellip;]","og_url":"https:\/\/futbolhoy.co\/index.php\/2020\/06\/24\/santos-borre-quiere-regresar-pronto-a-europa\/","article_publisher":"https:\/\/www.facebook.com\/FutbolHoyCol\/","article_published_time":"2020-06-24T15:49:07+00:00","article_modified_time":"2020-06-25T13:14:05+00:00","og_image":[{"width":1280,"height":853,"url":"https:\/\/futbolhoy.co\/wp-content\/uploads\/2019\/10\/Borr\u00e9-q.jpg","type":"image\/jpeg"}],"author":"Laura Hern\u00e1ndez","twitter_card":"summary_large_image","twitter_creator":"@FutbolHoyCol","twitter_site":"@FutbolHoyCol","twitter_misc":{"Escrito por":"Laura Hern\u00e1ndez","Tiempo de lectura":"1 minuto"},"schema":{"@context":"https:\/\/schema.org","@graph":[{"@type":"Article","@id":"https:\/\/futbolhoy.co\/index.php\/2020\/06\/24\/santos-borre-quiere-regresar-pronto-a-europa\/#article","isPartOf":{"@id":"https:\/\/futbolhoy.co\/index.php\/2020\/06\/24\/santos-borre-quiere-regresar-pronto-a-europa\/"},"author":{"name":"Laura Hern\u00e1ndez","@id":"https:\/\/futbolhoy.co\/#\/schema\/person\/c4a353a512b127643723a34bb1812f7d"},"headline":"Santos Borr\u00e9 quiere regresar pronto a Europa","datePublished":"2020-06-24T15:49:07+00:00","dateModified":"2020-06-25T13:14:05+00:00","mainEntityOfPage":{"@id":"https:\/\/futbolhoy.co\/index.php\/2020\/06\/24\/santos-borre-quiere-regresar-pronto-a-europa\/"},"wordCount":215,"commentCount":0,"publisher":{"@id":"https:\/\/futbolhoy.co\/#organization"},"image":{"@id":"https:\/\/futbolhoy.co\/index.php\/2020\/06\/24\/santos-borre-quiere-regresar-pronto-a-europa\/#primaryimage"},"thumbnailUrl":"https:\/\/futbolhoy.co\/wp-content\/uploads\/2019\/10\/Borr\u00e9-q.jpg","keywords":["Atl\u00e9tico Madrid","Rafael Santos Borr\u00e9","River Plate"],"articleSection":["Colombia"],"inLanguage":"es","potentialAction":[{"@type":"CommentAction","name":"Comment","target":["https:\/\/futbolhoy.co\/index.php\/2020\/06\/24\/santos-borre-quiere-regresar-pronto-a-europa\/#respond"]}]},{"@type":"WebPage","@id":"https:\/\/futbolhoy.co\/index.php\/2020\/06\/24\/santos-borre-quiere-regresar-pronto-a-europa\/","url":"https:\/\/futbolhoy.co\/index.php\/2020\/06\/24\/santos-borre-quiere-regresar-pronto-a-europa\/","name":"Santos Borr\u00e9 quiere regresar pronto a Europa -","isPartOf":{"@id":"https:\/\/futbolhoy.co\/#website"},"primaryImageOfPage":{"@id":"https:\/\/futbolhoy.co\/index.php\/2020\/06\/24\/santos-borre-quiere-regresar-pronto-a-europa\/#primaryimage"},"image":{"@id":"https:\/\/futbolhoy.co\/index.php\/2020\/06\/24\/santos-borre-quiere-regresar-pronto-a-europa\/#primaryimage"},"thumbnailUrl":"https:\/\/futbolhoy.co\/wp-content\/uploads\/2019\/10\/Borr\u00e9-q.jpg","datePublished":"2020-06-24T15:49:07+00:00","dateModified":"2020-06-25T13:14:05+00:00","breadcrumb":{"@id":"https:\/\/futbolhoy.co\/index.php\/2020\/06\/24\/santos-borre-quiere-regresar-pronto-a-europa\/#breadcrumb"},"inLanguage":"es","potentialAction":[{"@type":"ReadAction","target":["https:\/\/futbolhoy.co\/index.php\/2020\/06\/24\/santos-borre-quiere-regresar-pronto-a-europa\/"]}]},{"@type":"ImageObject","inLanguage":"es","@id":"https:\/\/futbolhoy.co\/index.php\/2020\/06\/24\/santos-borre-quiere-regresar-pronto-a-europa\/#primaryimage","url":"https:\/\/futbolhoy.co\/wp-content\/uploads\/2019\/10\/Borr\u00e9-q.jpg","contentUrl":"https:\/\/futbolhoy.co\/wp-content\/uploads\/2019\/10\/Borr\u00e9-q.jpg","width":1280,"height":853},{"@type":"BreadcrumbList","@id":"https:\/\/futbolhoy.co\/index.php\/2020\/06\/24\/santos-borre-quiere-regresar-pronto-a-europa\/#breadcrumb","itemListElement":[{"@type":"ListItem","position":1,"name":"Portada","item":"https:\/\/futbolhoy.co\/"},{"@type":"ListItem","position":2,"name":"Santos Borr\u00e9 quiere regresar pronto a Europa"}]},{"@type":"WebSite","@id":"https:\/\/futbolhoy.co\/#website","url":"https:\/\/futbolhoy.co\/","name":"FutbolHoy","description":"","publisher":{"@id":"https:\/\/futbolhoy.co\/#organization"},"potentialAction":[{"@type":"SearchAction","target":{"@type":"EntryPoint","urlTemplate":"https:\/\/futbolhoy.co\/?s={search_term_string}"},"query-input":{"@type":"PropertyValueSpecification","valueRequired":true,"valueName":"search_term_string"}}],"inLanguage":"es"},{"@type":"Organization","@id":"https:\/\/futbolhoy.co\/#organization","name":"Futbolhoy.co","url":"https:\/\/futbolhoy.co\/","logo":{"@type":"ImageObject","inLanguage":"es","@id":"https:\/\/futbolhoy.co\/#\/schema\/logo\/image\/","url":"https:\/\/futbolhoy.co\/wp-content\/uploads\/2018\/08\/17426380_1906371736249227_6326180412931521141_n.jpg","contentUrl":"https:\/\/futbolhoy.co\/wp-content\/uploads\/2018\/08\/17426380_1906371736249227_6326180412931521141_n.jpg","width":960,"height":960,"caption":"Futbolhoy.co"},"image":{"@id":"https:\/\/futbolhoy.co\/#\/schema\/logo\/image\/"},"sameAs":["https:\/\/www.facebook.com\/FutbolHoyCol\/","https:\/\/x.com\/FutbolHoyCol","https:\/\/www.instagram.com\/futbolhoycol\/"]},{"@type":"Person","@id":"https:\/\/futbolhoy.co\/#\/schema\/person\/c4a353a512b127643723a34bb1812f7d","name":"Laura Hern\u00e1ndez","image":{"@type":"ImageObject","inLanguage":"es","@id":"https:\/\/futbolhoy.co\/#\/schema\/person\/image\/","url":"https:\/\/secure.gravatar.com\/avatar\/d25959a15b9b293a743f99181c7cfd01?s=96&d=mm&r=g","contentUrl":"https:\/\/secure.gravatar.com\/avatar\/d25959a15b9b293a743f99181c7cfd01?s=96&d=mm&r=g","caption":"Laura Hern\u00e1ndez"}}]}},"publishpress_future_action":{"enabled":false,"date":"2026-05-06 07:43:31","action":"change-status","newStatus":"draft","terms":[],"taxonomy":"category","extraData":[]},"publishpress_future_workflow_manual_trigger":{"enabledWorkflows":[]},"_links":{"self":[{"href":"https:\/\/futbolhoy.co\/index.php\/wp-json\/wp\/v2\/posts\/52760","targetHints":{"allow":["GET"]}}],"collection":[{"href":"https:\/\/futbolhoy.co\/index.php\/wp-json\/wp\/v2\/posts"}],"about":[{"href":"https:\/\/futbolhoy.co\/index.php\/wp-json\/wp\/v2\/types\/post"}],"author":[{"embeddable":true,"href":"https:\/\/futbolhoy.co\/index.php\/wp-json\/wp\/v2\/users\/5"}],"replies":[{"embeddable":true,"href":"https:\/\/futbolhoy.co\/index.php\/wp-json\/wp\/v2\/comments?post=52760"}],"version-history":[{"count":1,"href":"https:\/\/futbolhoy.co\/index.php\/wp-json\/wp\/v2\/posts\/52760\/revisions"}],"predecessor-version":[{"id":52761,"href":"https:\/\/futbolhoy.co\/index.php\/wp-json\/wp\/v2\/posts\/52760\/revisions\/52761"}],"wp:featuredmedia":[{"embeddable":true,"href":"https:\/\/futbolhoy.co\/index.php\/wp-json\/wp\/v2\/media\/42283"}],"wp:attachment":[{"href":"https:\/\/futbolhoy.co\/index.php\/wp-json\/wp\/v2\/media?parent=52760"}],"wp:term":[{"taxonomy":"category","embeddable":true,"href":"https:\/\/futbolhoy.co\/index.php\/wp-json\/wp\/v2\/categories?post=52760"},{"taxonomy":"post_tag","embeddable":true,"href":"https:\/\/futbolhoy.co\/index.php\/wp-json\/wp\/v2\/tags?post=52760"}],"curies":[{"name":"wp","href":"https:\/\/api.w.org\/{rel}","templated":true}]}}