{"id":52763,"date":"2020-06-24T17:42:10","date_gmt":"2020-06-24T22:42:10","guid":{"rendered":"https:\/\/futbolhoy.co\/?p=52763"},"modified":"2020-06-25T10:35:20","modified_gmt":"2020-06-25T15:35:20","slug":"atalanta-paro-a-la-lazio-en-italia","status":"publish","type":"post","link":"https:\/\/futbolhoy.co\/index.php\/2020\/06\/24\/atalanta-paro-a-la-lazio-en-italia\/","title":{"rendered":"Atalanta par\u00f3 a la Lazio en Italia"},"content":{"rendered":"<div class=\"gs\">\n<div class=\"\">\n<div id=\":oa\" class=\"ii gt\">\n<div id=\":o9\" class=\"a3s aXjCH \">\n<div>\n<div>\n<div dir=\"ltr\">\n<p style=\"text-align: justify;\"><span style=\"font-family: helvetica, arial, sans-serif;\"><b>Atalanta<\/b>\u00a0dio vuelta al marcador y super\u00f3 3-2 a la\u00a0<b>Lazio<\/b>\u00a0en el cierre de la fecha 27 de la\u00a0<b>Serie A<\/b>\u00a0de\u00a0<b>Italia<\/b>, donde le quit\u00f3 al equipo romano un invicto de 21 partidos en el\u00a0<b>Calcio<\/b>, donde no perd\u00eda desde septiembre.<\/span><\/p>\n<p style=\"text-align: justify;\"><span style=\"font-family: helvetica, arial, sans-serif;\">En el equipo anfitri\u00f3n fue titular el colombiano\u00a0<b>Duv\u00e1n Zapata<\/b>, quien particip\u00f3 en la jugada del primer gol, y dio pas\u00f3 a los 70 minutos al otro atacante nacional\u00a0<b>Luis Fernando Muriel<\/b>.<\/span><\/p>\n<p style=\"text-align: justify;\"><span style=\"font-family: helvetica, arial, sans-serif;\">Los goles de Atalanta fueron obra de\u00a0<b>Robin Gosens<\/b>\u00a0(38\u2019),\u00a0<b>Rusian Malinovskiy<\/b>\u00a0de potente remate (66\u2019) y\u00a0<b>Jos\u00e9 Luis Palomino<\/b>\u00a0(80\u2019); mientras que por el visitante convirtieron\u00a0<b>Marten De Roon<\/b>\u00a0(en propia puerta 5\u2019) y\u00a0<b>Sergej Milinkovic-Savis<\/b>\u00a0(11\u2019).<\/span><\/p>\n<p style=\"text-align: justify;\"><span style=\"font-family: helvetica, arial, sans-serif;\">El club de\u00a0<b>B\u00e9rgamo<\/b>\u00a0domino el partido con un 60,8 % de posesi\u00f3n y control de las acciones de juego despu\u00e9s de los 15 minutos, tiempo en el cual Lazio fue eficaz en el arco rival.<\/span><\/p>\n<p style=\"text-align: justify;\"><span style=\"font-family: helvetica, arial, sans-serif;\">Atalanta, el equipo m\u00e1s goleador de Italia con 77 anotaciones, se consolid\u00f3 en el cuarto lugar del torneo con 54 puntos; a 12 del l\u00edder\u00a0<b>Juventus<\/b>; mientras que Lazio se mantuvo en el segundo lugar con 62.<\/span><\/p>\n<p style=\"text-align: justify;\"><span style=\"font-family: helvetica, arial, sans-serif;\">La pr\u00f3xima jornada Lazio recibir\u00e1 a la\u00a0<b>Fiorentina<\/b>\u00a0el s\u00e1bado (2.45PM) y Atalanta visitar\u00e1 al\u00a0<b>Udinese<\/b> el domingo (12.30PM).<\/span><\/p>\n<\/div>\n<\/div>\n<\/div>\n<\/div>\n<\/div>\n<\/div>\n<\/div>\n","protected":false},"excerpt":{"rendered":"<p>Atalanta\u00a0dio vuelta al marcador y super\u00f3 3-2 a la\u00a0Lazio\u00a0en el cierre de la fecha 27 de la\u00a0Serie A\u00a0de\u00a0Italia, donde le quit\u00f3 al equipo romano un invicto de 21 partidos en el\u00a0Calcio, donde no perd\u00eda desde septiembre. En el equipo anfitri\u00f3n fue titular el colombiano\u00a0Duv\u00e1n Zapata, quien particip\u00f3 en la jugada del primer gol, y dio [&hellip;]<\/p>\n","protected":false},"author":5,"featured_media":52766,"comment_status":"open","ping_status":"open","sticky":false,"template":"","format":"standard","meta":{"_acf_changed":false,"footnotes":""},"categories":[152],"tags":[],"class_list":{"0":"post-52763","1":"post","2":"type-post","3":"status-publish","4":"format-standard","5":"has-post-thumbnail","7":"category-mundo-futbol"},"acf":[],"yoast_head":"<!-- This site is optimized with the Yoast SEO plugin v26.8 - https:\/\/yoast.com\/product\/yoast-seo-wordpress\/ -->\n<title>Atalanta par\u00f3 a la Lazio en Italia -<\/title>\n<meta name=\"robots\" content=\"index, follow, max-snippet:-1, max-image-preview:large, max-video-preview:-1\" \/>\n<link rel=\"canonical\" href=\"https:\/\/futbolhoy.co\/index.php\/2020\/06\/24\/atalanta-paro-a-la-lazio-en-italia\/\" \/>\n<meta property=\"og:locale\" content=\"es_ES\" \/>\n<meta property=\"og:type\" content=\"article\" \/>\n<meta property=\"og:title\" content=\"Atalanta par\u00f3 a la Lazio en Italia -\" \/>\n<meta property=\"og:description\" content=\"Atalanta\u00a0dio vuelta al marcador y super\u00f3 3-2 a la\u00a0Lazio\u00a0en el cierre de la fecha 27 de la\u00a0Serie A\u00a0de\u00a0Italia, donde le quit\u00f3 al equipo romano un invicto de 21 partidos en el\u00a0Calcio, donde no perd\u00eda desde septiembre. En el equipo anfitri\u00f3n fue titular el colombiano\u00a0Duv\u00e1n Zapata, quien particip\u00f3 en la jugada del primer gol, y dio [&hellip;]\" \/>\n<meta property=\"og:url\" content=\"https:\/\/futbolhoy.co\/index.php\/2020\/06\/24\/atalanta-paro-a-la-lazio-en-italia\/\" \/>\n<meta property=\"article:publisher\" content=\"https:\/\/www.facebook.com\/FutbolHoyCol\/\" \/>\n<meta property=\"article:published_time\" content=\"2020-06-24T22:42:10+00:00\" \/>\n<meta property=\"article:modified_time\" content=\"2020-06-25T15:35:20+00:00\" \/>\n<meta property=\"og:image\" content=\"https:\/\/futbolhoy.co\/wp-content\/uploads\/2020\/06\/EbTtlYjXYAE1_5_.jpg\" \/>\n\t<meta property=\"og:image:width\" content=\"680\" \/>\n\t<meta property=\"og:image:height\" content=\"680\" \/>\n\t<meta property=\"og:image:type\" content=\"image\/jpeg\" \/>\n<meta name=\"author\" content=\"Laura Hern\u00e1ndez\" \/>\n<meta name=\"twitter:card\" content=\"summary_large_image\" \/>\n<meta name=\"twitter:creator\" content=\"@FutbolHoyCol\" \/>\n<meta name=\"twitter:site\" content=\"@FutbolHoyCol\" \/>\n<meta name=\"twitter:label1\" content=\"Escrito por\" \/>\n\t<meta name=\"twitter:data1\" content=\"Laura Hern\u00e1ndez\" \/>\n\t<meta name=\"twitter:label2\" content=\"Tiempo de lectura\" \/>\n\t<meta name=\"twitter:data2\" content=\"1 minuto\" \/>\n<script type=\"application\/ld+json\" class=\"yoast-schema-graph\">{\"@context\":\"https:\/\/schema.org\",\"@graph\":[{\"@type\":\"Article\",\"@id\":\"https:\/\/futbolhoy.co\/index.php\/2020\/06\/24\/atalanta-paro-a-la-lazio-en-italia\/#article\",\"isPartOf\":{\"@id\":\"https:\/\/futbolhoy.co\/index.php\/2020\/06\/24\/atalanta-paro-a-la-lazio-en-italia\/\"},\"author\":{\"name\":\"Laura Hern\u00e1ndez\",\"@id\":\"https:\/\/futbolhoy.co\/#\/schema\/person\/c4a353a512b127643723a34bb1812f7d\"},\"headline\":\"Atalanta par\u00f3 a la Lazio en Italia\",\"datePublished\":\"2020-06-24T22:42:10+00:00\",\"dateModified\":\"2020-06-25T15:35:20+00:00\",\"mainEntityOfPage\":{\"@id\":\"https:\/\/futbolhoy.co\/index.php\/2020\/06\/24\/atalanta-paro-a-la-lazio-en-italia\/\"},\"wordCount\":207,\"commentCount\":0,\"publisher\":{\"@id\":\"https:\/\/futbolhoy.co\/#organization\"},\"image\":{\"@id\":\"https:\/\/futbolhoy.co\/index.php\/2020\/06\/24\/atalanta-paro-a-la-lazio-en-italia\/#primaryimage\"},\"thumbnailUrl\":\"https:\/\/futbolhoy.co\/wp-content\/uploads\/2020\/06\/EbTtlYjXYAE1_5_.jpg\",\"articleSection\":[\"Mundo Futbol\"],\"inLanguage\":\"es\",\"potentialAction\":[{\"@type\":\"CommentAction\",\"name\":\"Comment\",\"target\":[\"https:\/\/futbolhoy.co\/index.php\/2020\/06\/24\/atalanta-paro-a-la-lazio-en-italia\/#respond\"]}]},{\"@type\":\"WebPage\",\"@id\":\"https:\/\/futbolhoy.co\/index.php\/2020\/06\/24\/atalanta-paro-a-la-lazio-en-italia\/\",\"url\":\"https:\/\/futbolhoy.co\/index.php\/2020\/06\/24\/atalanta-paro-a-la-lazio-en-italia\/\",\"name\":\"Atalanta par\u00f3 a la Lazio en Italia -\",\"isPartOf\":{\"@id\":\"https:\/\/futbolhoy.co\/#website\"},\"primaryImageOfPage\":{\"@id\":\"https:\/\/futbolhoy.co\/index.php\/2020\/06\/24\/atalanta-paro-a-la-lazio-en-italia\/#primaryimage\"},\"image\":{\"@id\":\"https:\/\/futbolhoy.co\/index.php\/2020\/06\/24\/atalanta-paro-a-la-lazio-en-italia\/#primaryimage\"},\"thumbnailUrl\":\"https:\/\/futbolhoy.co\/wp-content\/uploads\/2020\/06\/EbTtlYjXYAE1_5_.jpg\",\"datePublished\":\"2020-06-24T22:42:10+00:00\",\"dateModified\":\"2020-06-25T15:35:20+00:00\",\"breadcrumb\":{\"@id\":\"https:\/\/futbolhoy.co\/index.php\/2020\/06\/24\/atalanta-paro-a-la-lazio-en-italia\/#breadcrumb\"},\"inLanguage\":\"es\",\"potentialAction\":[{\"@type\":\"ReadAction\",\"target\":[\"https:\/\/futbolhoy.co\/index.php\/2020\/06\/24\/atalanta-paro-a-la-lazio-en-italia\/\"]}]},{\"@type\":\"ImageObject\",\"inLanguage\":\"es\",\"@id\":\"https:\/\/futbolhoy.co\/index.php\/2020\/06\/24\/atalanta-paro-a-la-lazio-en-italia\/#primaryimage\",\"url\":\"https:\/\/futbolhoy.co\/wp-content\/uploads\/2020\/06\/EbTtlYjXYAE1_5_.jpg\",\"contentUrl\":\"https:\/\/futbolhoy.co\/wp-content\/uploads\/2020\/06\/EbTtlYjXYAE1_5_.jpg\",\"width\":680,\"height\":680},{\"@type\":\"BreadcrumbList\",\"@id\":\"https:\/\/futbolhoy.co\/index.php\/2020\/06\/24\/atalanta-paro-a-la-lazio-en-italia\/#breadcrumb\",\"itemListElement\":[{\"@type\":\"ListItem\",\"position\":1,\"name\":\"Portada\",\"item\":\"https:\/\/futbolhoy.co\/\"},{\"@type\":\"ListItem\",\"position\":2,\"name\":\"Atalanta par\u00f3 a la Lazio en Italia\"}]},{\"@type\":\"WebSite\",\"@id\":\"https:\/\/futbolhoy.co\/#website\",\"url\":\"https:\/\/futbolhoy.co\/\",\"name\":\"FutbolHoy\",\"description\":\"\",\"publisher\":{\"@id\":\"https:\/\/futbolhoy.co\/#organization\"},\"potentialAction\":[{\"@type\":\"SearchAction\",\"target\":{\"@type\":\"EntryPoint\",\"urlTemplate\":\"https:\/\/futbolhoy.co\/?s={search_term_string}\"},\"query-input\":{\"@type\":\"PropertyValueSpecification\",\"valueRequired\":true,\"valueName\":\"search_term_string\"}}],\"inLanguage\":\"es\"},{\"@type\":\"Organization\",\"@id\":\"https:\/\/futbolhoy.co\/#organization\",\"name\":\"Futbolhoy.co\",\"url\":\"https:\/\/futbolhoy.co\/\",\"logo\":{\"@type\":\"ImageObject\",\"inLanguage\":\"es\",\"@id\":\"https:\/\/futbolhoy.co\/#\/schema\/logo\/image\/\",\"url\":\"https:\/\/futbolhoy.co\/wp-content\/uploads\/2018\/08\/17426380_1906371736249227_6326180412931521141_n.jpg\",\"contentUrl\":\"https:\/\/futbolhoy.co\/wp-content\/uploads\/2018\/08\/17426380_1906371736249227_6326180412931521141_n.jpg\",\"width\":960,\"height\":960,\"caption\":\"Futbolhoy.co\"},\"image\":{\"@id\":\"https:\/\/futbolhoy.co\/#\/schema\/logo\/image\/\"},\"sameAs\":[\"https:\/\/www.facebook.com\/FutbolHoyCol\/\",\"https:\/\/x.com\/FutbolHoyCol\",\"https:\/\/www.instagram.com\/futbolhoycol\/\"]},{\"@type\":\"Person\",\"@id\":\"https:\/\/futbolhoy.co\/#\/schema\/person\/c4a353a512b127643723a34bb1812f7d\",\"name\":\"Laura Hern\u00e1ndez\",\"image\":{\"@type\":\"ImageObject\",\"inLanguage\":\"es\",\"@id\":\"https:\/\/futbolhoy.co\/#\/schema\/person\/image\/\",\"url\":\"https:\/\/secure.gravatar.com\/avatar\/d25959a15b9b293a743f99181c7cfd01?s=96&d=mm&r=g\",\"contentUrl\":\"https:\/\/secure.gravatar.com\/avatar\/d25959a15b9b293a743f99181c7cfd01?s=96&d=mm&r=g\",\"caption\":\"Laura Hern\u00e1ndez\"}}]}<\/script>\n<!-- \/ Yoast SEO plugin. -->","yoast_head_json":{"title":"Atalanta par\u00f3 a la Lazio en Italia -","robots":{"index":"index","follow":"follow","max-snippet":"max-snippet:-1","max-image-preview":"max-image-preview:large","max-video-preview":"max-video-preview:-1"},"canonical":"https:\/\/futbolhoy.co\/index.php\/2020\/06\/24\/atalanta-paro-a-la-lazio-en-italia\/","og_locale":"es_ES","og_type":"article","og_title":"Atalanta par\u00f3 a la Lazio en Italia -","og_description":"Atalanta\u00a0dio vuelta al marcador y super\u00f3 3-2 a la\u00a0Lazio\u00a0en el cierre de la fecha 27 de la\u00a0Serie A\u00a0de\u00a0Italia, donde le quit\u00f3 al equipo romano un invicto de 21 partidos en el\u00a0Calcio, donde no perd\u00eda desde septiembre. En el equipo anfitri\u00f3n fue titular el colombiano\u00a0Duv\u00e1n Zapata, quien particip\u00f3 en la jugada del primer gol, y dio [&hellip;]","og_url":"https:\/\/futbolhoy.co\/index.php\/2020\/06\/24\/atalanta-paro-a-la-lazio-en-italia\/","article_publisher":"https:\/\/www.facebook.com\/FutbolHoyCol\/","article_published_time":"2020-06-24T22:42:10+00:00","article_modified_time":"2020-06-25T15:35:20+00:00","og_image":[{"width":680,"height":680,"url":"https:\/\/futbolhoy.co\/wp-content\/uploads\/2020\/06\/EbTtlYjXYAE1_5_.jpg","type":"image\/jpeg"}],"author":"Laura Hern\u00e1ndez","twitter_card":"summary_large_image","twitter_creator":"@FutbolHoyCol","twitter_site":"@FutbolHoyCol","twitter_misc":{"Escrito por":"Laura Hern\u00e1ndez","Tiempo de lectura":"1 minuto"},"schema":{"@context":"https:\/\/schema.org","@graph":[{"@type":"Article","@id":"https:\/\/futbolhoy.co\/index.php\/2020\/06\/24\/atalanta-paro-a-la-lazio-en-italia\/#article","isPartOf":{"@id":"https:\/\/futbolhoy.co\/index.php\/2020\/06\/24\/atalanta-paro-a-la-lazio-en-italia\/"},"author":{"name":"Laura Hern\u00e1ndez","@id":"https:\/\/futbolhoy.co\/#\/schema\/person\/c4a353a512b127643723a34bb1812f7d"},"headline":"Atalanta par\u00f3 a la Lazio en Italia","datePublished":"2020-06-24T22:42:10+00:00","dateModified":"2020-06-25T15:35:20+00:00","mainEntityOfPage":{"@id":"https:\/\/futbolhoy.co\/index.php\/2020\/06\/24\/atalanta-paro-a-la-lazio-en-italia\/"},"wordCount":207,"commentCount":0,"publisher":{"@id":"https:\/\/futbolhoy.co\/#organization"},"image":{"@id":"https:\/\/futbolhoy.co\/index.php\/2020\/06\/24\/atalanta-paro-a-la-lazio-en-italia\/#primaryimage"},"thumbnailUrl":"https:\/\/futbolhoy.co\/wp-content\/uploads\/2020\/06\/EbTtlYjXYAE1_5_.jpg","articleSection":["Mundo Futbol"],"inLanguage":"es","potentialAction":[{"@type":"CommentAction","name":"Comment","target":["https:\/\/futbolhoy.co\/index.php\/2020\/06\/24\/atalanta-paro-a-la-lazio-en-italia\/#respond"]}]},{"@type":"WebPage","@id":"https:\/\/futbolhoy.co\/index.php\/2020\/06\/24\/atalanta-paro-a-la-lazio-en-italia\/","url":"https:\/\/futbolhoy.co\/index.php\/2020\/06\/24\/atalanta-paro-a-la-lazio-en-italia\/","name":"Atalanta par\u00f3 a la Lazio en Italia -","isPartOf":{"@id":"https:\/\/futbolhoy.co\/#website"},"primaryImageOfPage":{"@id":"https:\/\/futbolhoy.co\/index.php\/2020\/06\/24\/atalanta-paro-a-la-lazio-en-italia\/#primaryimage"},"image":{"@id":"https:\/\/futbolhoy.co\/index.php\/2020\/06\/24\/atalanta-paro-a-la-lazio-en-italia\/#primaryimage"},"thumbnailUrl":"https:\/\/futbolhoy.co\/wp-content\/uploads\/2020\/06\/EbTtlYjXYAE1_5_.jpg","datePublished":"2020-06-24T22:42:10+00:00","dateModified":"2020-06-25T15:35:20+00:00","breadcrumb":{"@id":"https:\/\/futbolhoy.co\/index.php\/2020\/06\/24\/atalanta-paro-a-la-lazio-en-italia\/#breadcrumb"},"inLanguage":"es","potentialAction":[{"@type":"ReadAction","target":["https:\/\/futbolhoy.co\/index.php\/2020\/06\/24\/atalanta-paro-a-la-lazio-en-italia\/"]}]},{"@type":"ImageObject","inLanguage":"es","@id":"https:\/\/futbolhoy.co\/index.php\/2020\/06\/24\/atalanta-paro-a-la-lazio-en-italia\/#primaryimage","url":"https:\/\/futbolhoy.co\/wp-content\/uploads\/2020\/06\/EbTtlYjXYAE1_5_.jpg","contentUrl":"https:\/\/futbolhoy.co\/wp-content\/uploads\/2020\/06\/EbTtlYjXYAE1_5_.jpg","width":680,"height":680},{"@type":"BreadcrumbList","@id":"https:\/\/futbolhoy.co\/index.php\/2020\/06\/24\/atalanta-paro-a-la-lazio-en-italia\/#breadcrumb","itemListElement":[{"@type":"ListItem","position":1,"name":"Portada","item":"https:\/\/futbolhoy.co\/"},{"@type":"ListItem","position":2,"name":"Atalanta par\u00f3 a la Lazio en Italia"}]},{"@type":"WebSite","@id":"https:\/\/futbolhoy.co\/#website","url":"https:\/\/futbolhoy.co\/","name":"FutbolHoy","description":"","publisher":{"@id":"https:\/\/futbolhoy.co\/#organization"},"potentialAction":[{"@type":"SearchAction","target":{"@type":"EntryPoint","urlTemplate":"https:\/\/futbolhoy.co\/?s={search_term_string}"},"query-input":{"@type":"PropertyValueSpecification","valueRequired":true,"valueName":"search_term_string"}}],"inLanguage":"es"},{"@type":"Organization","@id":"https:\/\/futbolhoy.co\/#organization","name":"Futbolhoy.co","url":"https:\/\/futbolhoy.co\/","logo":{"@type":"ImageObject","inLanguage":"es","@id":"https:\/\/futbolhoy.co\/#\/schema\/logo\/image\/","url":"https:\/\/futbolhoy.co\/wp-content\/uploads\/2018\/08\/17426380_1906371736249227_6326180412931521141_n.jpg","contentUrl":"https:\/\/futbolhoy.co\/wp-content\/uploads\/2018\/08\/17426380_1906371736249227_6326180412931521141_n.jpg","width":960,"height":960,"caption":"Futbolhoy.co"},"image":{"@id":"https:\/\/futbolhoy.co\/#\/schema\/logo\/image\/"},"sameAs":["https:\/\/www.facebook.com\/FutbolHoyCol\/","https:\/\/x.com\/FutbolHoyCol","https:\/\/www.instagram.com\/futbolhoycol\/"]},{"@type":"Person","@id":"https:\/\/futbolhoy.co\/#\/schema\/person\/c4a353a512b127643723a34bb1812f7d","name":"Laura Hern\u00e1ndez","image":{"@type":"ImageObject","inLanguage":"es","@id":"https:\/\/futbolhoy.co\/#\/schema\/person\/image\/","url":"https:\/\/secure.gravatar.com\/avatar\/d25959a15b9b293a743f99181c7cfd01?s=96&d=mm&r=g","contentUrl":"https:\/\/secure.gravatar.com\/avatar\/d25959a15b9b293a743f99181c7cfd01?s=96&d=mm&r=g","caption":"Laura Hern\u00e1ndez"}}]}},"publishpress_future_action":{"enabled":false,"date":"2026-05-06 05:36:06","action":"change-status","newStatus":"draft","terms":[],"taxonomy":"category","extraData":[]},"publishpress_future_workflow_manual_trigger":{"enabledWorkflows":[]},"_links":{"self":[{"href":"https:\/\/futbolhoy.co\/index.php\/wp-json\/wp\/v2\/posts\/52763","targetHints":{"allow":["GET"]}}],"collection":[{"href":"https:\/\/futbolhoy.co\/index.php\/wp-json\/wp\/v2\/posts"}],"about":[{"href":"https:\/\/futbolhoy.co\/index.php\/wp-json\/wp\/v2\/types\/post"}],"author":[{"embeddable":true,"href":"https:\/\/futbolhoy.co\/index.php\/wp-json\/wp\/v2\/users\/5"}],"replies":[{"embeddable":true,"href":"https:\/\/futbolhoy.co\/index.php\/wp-json\/wp\/v2\/comments?post=52763"}],"version-history":[{"count":1,"href":"https:\/\/futbolhoy.co\/index.php\/wp-json\/wp\/v2\/posts\/52763\/revisions"}],"predecessor-version":[{"id":52768,"href":"https:\/\/futbolhoy.co\/index.php\/wp-json\/wp\/v2\/posts\/52763\/revisions\/52768"}],"wp:featuredmedia":[{"embeddable":true,"href":"https:\/\/futbolhoy.co\/index.php\/wp-json\/wp\/v2\/media\/52766"}],"wp:attachment":[{"href":"https:\/\/futbolhoy.co\/index.php\/wp-json\/wp\/v2\/media?parent=52763"}],"wp:term":[{"taxonomy":"category","embeddable":true,"href":"https:\/\/futbolhoy.co\/index.php\/wp-json\/wp\/v2\/categories?post=52763"},{"taxonomy":"post_tag","embeddable":true,"href":"https:\/\/futbolhoy.co\/index.php\/wp-json\/wp\/v2\/tags?post=52763"}],"curies":[{"name":"wp","href":"https:\/\/api.w.org\/{rel}","templated":true}]}}