{"id":52764,"date":"2020-06-24T18:36:19","date_gmt":"2020-06-24T23:36:19","guid":{"rendered":"https:\/\/futbolhoy.co\/?p=52764"},"modified":"2020-06-25T17:22:28","modified_gmt":"2020-06-25T22:22:28","slug":"real-madrid-no-fallo-ante-mallorca","status":"publish","type":"post","link":"https:\/\/futbolhoy.co\/index.php\/2020\/06\/24\/real-madrid-no-fallo-ante-mallorca\/","title":{"rendered":"Real Madrid no fall\u00f3 ante Mallorca"},"content":{"rendered":"<!--[if lt IE 9]><script>document.createElement('audio');<\/script><![endif]-->\n<audio class=\"wp-audio-shortcode\" id=\"audio-52764-1\" preload=\"none\" style=\"width: 100%;\" controls=\"controls\"><source type=\"audio\/mpeg\" src=\"https:\/\/futbolhoy.co\/wp-content\/uploads\/2020\/06\/Sergio-Ramos-Capit\u00e1n-Real-Madrid-.mp3?_=1\" \/><a href=\"https:\/\/futbolhoy.co\/wp-content\/uploads\/2020\/06\/Sergio-Ramos-Capit\u00e1n-Real-Madrid-.mp3\">https:\/\/futbolhoy.co\/wp-content\/uploads\/2020\/06\/Sergio-Ramos-Capit\u00e1n-Real-Madrid-.mp3<\/a><\/audio>\n<p><span style=\"font-family: helvetica, arial, sans-serif;\"><strong><em><span style=\"font-size: 10pt;\">Sergio Ramos - Capit\u00e1n Real Madrid<\/span><\/em><\/strong><\/span><\/p>\n<p style=\"text-align: justify;\"><span style=\"font-family: helvetica, arial, sans-serif;\">El\u00a0<b>Real Madrid<\/b>\u00a0volvi\u00f3 a ser l\u00edder de\u00a0<b>LaLiga<\/b>\u00a0al cumplir con su partido de la jornada 30 de Espa\u00f1a, donde super\u00f3 2-0 al\u00a0<b>Mallorca<\/b>, en partido donde el volante colombiano\u00a0<b>James Rodr\u00edguez<\/b>\u00a0volvi\u00f3 a ser suplente y no tuvo minutos en cancha.<\/span><\/p>\n<p style=\"text-align: justify;\"><span style=\"font-family: helvetica, arial, sans-serif;\">El equipo madridista se impuso con goles del brasile\u00f1o\u00a0<b>Vinicius Jr<\/b>\u00a0(19\u2019) y el capit\u00e1n\u00a0<b>Sergio Ramos<\/b>\u00a0de tiro libre (56\u2019).<\/span><\/p>\n<p style=\"text-align: justify;\"><span style=\"font-family: helvetica, arial, sans-serif;\">El entrenador\u00a0<b>Zinedine Zidane<\/b>\u00a0volvi\u00f3 a utilizar al delantero gal\u00e9s\u00a0<b>Gareth Bale<\/b>\u00a0como titular actuando 71 minutos, cuando dio paso a\u00a0<b>Isco<\/b>, recuperado de sus problemas f\u00edsicos.<\/span><\/p>\n<p style=\"text-align: justify;\"><span style=\"font-family: helvetica, arial, sans-serif;\">En el equipo visitante el atacante colombiano\u00a0<b>Juan Camilo \u2018Cucho\u2019 Hern\u00e1ndez<\/b>\u00a0ingres\u00f3 a los 61 minutos por\u00a0<b>Ante Budimir<\/b>\u00a0y el t\u00e9cnico\u00a0<b>Vicente Moreno<\/b>\u00a0hizo debutar en primera divisi\u00f3n a\u00a0<b>Luka Romero<\/b>, mexicano de 15 a\u00f1os y 219 d\u00edas, quien act\u00faa para\u00a0<b>Argentina<\/b>\u00a0y se convirti\u00f3 en el jugador m\u00e1s joven de la historia del campeonato.<\/span><\/p>\n<p style=\"text-align: justify;\"><span style=\"font-family: helvetica, arial, sans-serif;\">El Madrid sum\u00f3 68 puntos, los mismos que el\u00a0<b>Barcelona<\/b>; mientras que Mallorca tiene 26 y contin\u00faa en zona de descenso.<\/span><\/p>\n<p style=\"text-align: justify;\"><span style=\"font-family: helvetica, arial, sans-serif;\">Real Madrid visitar\u00e1 el domingo al\u00a0<b>Espanyol<\/b>\u00a0(3PM) y el conjunto \u2018blaugrana\u2019 visitar\u00e1 en\u00a0<b>Vigo<\/b>\u00a0el s\u00e1bado al\u00a0<b>Celta<\/b>\u00a0(10AM).<\/span><\/p>\n","protected":false},"excerpt":{"rendered":"<p>Sergio Ramos - Capit\u00e1n Real Madrid El\u00a0Real Madrid\u00a0volvi\u00f3 a ser l\u00edder de\u00a0LaLiga\u00a0al cumplir con su partido de la jornada 30 de Espa\u00f1a, donde super\u00f3 2-0 al\u00a0Mallorca, en partido donde el volante colombiano\u00a0James Rodr\u00edguez\u00a0volvi\u00f3 a ser suplente y no tuvo minutos en cancha. El equipo madridista se impuso con goles del brasile\u00f1o\u00a0Vinicius Jr\u00a0(19\u2019) y el capit\u00e1n\u00a0Sergio [&hellip;]<\/p>\n","protected":false},"author":5,"featured_media":52765,"comment_status":"open","ping_status":"open","sticky":false,"template":"","format":"video","meta":{"_acf_changed":false,"footnotes":""},"categories":[152],"tags":[],"class_list":{"0":"post-52764","1":"post","2":"type-post","3":"status-publish","4":"format-video","5":"has-post-thumbnail","7":"category-mundo-futbol","8":"post_format-post-format-video"},"acf":[],"yoast_head":"<!-- This site is optimized with the Yoast SEO plugin v26.8 - https:\/\/yoast.com\/product\/yoast-seo-wordpress\/ -->\n<title>Real Madrid no fall\u00f3 ante Mallorca -<\/title>\n<meta name=\"robots\" content=\"index, follow, max-snippet:-1, max-image-preview:large, max-video-preview:-1\" \/>\n<link rel=\"canonical\" href=\"https:\/\/futbolhoy.co\/index.php\/2020\/06\/24\/real-madrid-no-fallo-ante-mallorca\/\" \/>\n<meta property=\"og:locale\" content=\"es_ES\" \/>\n<meta property=\"og:type\" content=\"article\" \/>\n<meta property=\"og:title\" content=\"Real Madrid no fall\u00f3 ante Mallorca -\" \/>\n<meta property=\"og:description\" content=\"Sergio Ramos - Capit\u00e1n Real Madrid El\u00a0Real Madrid\u00a0volvi\u00f3 a ser l\u00edder de\u00a0LaLiga\u00a0al cumplir con su partido de la jornada 30 de Espa\u00f1a, donde super\u00f3 2-0 al\u00a0Mallorca, en partido donde el volante colombiano\u00a0James Rodr\u00edguez\u00a0volvi\u00f3 a ser suplente y no tuvo minutos en cancha. El equipo madridista se impuso con goles del brasile\u00f1o\u00a0Vinicius Jr\u00a0(19\u2019) y el capit\u00e1n\u00a0Sergio [&hellip;]\" \/>\n<meta property=\"og:url\" content=\"https:\/\/futbolhoy.co\/index.php\/2020\/06\/24\/real-madrid-no-fallo-ante-mallorca\/\" \/>\n<meta property=\"article:publisher\" content=\"https:\/\/www.facebook.com\/FutbolHoyCol\/\" \/>\n<meta property=\"article:published_time\" content=\"2020-06-24T23:36:19+00:00\" \/>\n<meta property=\"article:modified_time\" content=\"2020-06-25T22:22:28+00:00\" \/>\n<meta property=\"og:image\" content=\"https:\/\/futbolhoy.co\/wp-content\/uploads\/2020\/06\/EbT0RsvWsAARQxM.jpg\" \/>\n\t<meta property=\"og:image:width\" content=\"680\" \/>\n\t<meta property=\"og:image:height\" content=\"383\" \/>\n\t<meta property=\"og:image:type\" content=\"image\/jpeg\" \/>\n<meta name=\"author\" content=\"Laura Hern\u00e1ndez\" \/>\n<meta name=\"twitter:card\" content=\"summary_large_image\" \/>\n<meta name=\"twitter:creator\" content=\"@FutbolHoyCol\" \/>\n<meta name=\"twitter:site\" content=\"@FutbolHoyCol\" \/>\n<meta name=\"twitter:label1\" content=\"Escrito por\" \/>\n\t<meta name=\"twitter:data1\" content=\"Laura Hern\u00e1ndez\" \/>\n\t<meta name=\"twitter:label2\" content=\"Tiempo de lectura\" \/>\n\t<meta name=\"twitter:data2\" content=\"1 minuto\" \/>\n<script type=\"application\/ld+json\" class=\"yoast-schema-graph\">{\"@context\":\"https:\/\/schema.org\",\"@graph\":[{\"@type\":\"Article\",\"@id\":\"https:\/\/futbolhoy.co\/index.php\/2020\/06\/24\/real-madrid-no-fallo-ante-mallorca\/#article\",\"isPartOf\":{\"@id\":\"https:\/\/futbolhoy.co\/index.php\/2020\/06\/24\/real-madrid-no-fallo-ante-mallorca\/\"},\"author\":{\"name\":\"Laura Hern\u00e1ndez\",\"@id\":\"https:\/\/futbolhoy.co\/#\/schema\/person\/c4a353a512b127643723a34bb1812f7d\"},\"headline\":\"Real Madrid no fall\u00f3 ante Mallorca\",\"datePublished\":\"2020-06-24T23:36:19+00:00\",\"dateModified\":\"2020-06-25T22:22:28+00:00\",\"mainEntityOfPage\":{\"@id\":\"https:\/\/futbolhoy.co\/index.php\/2020\/06\/24\/real-madrid-no-fallo-ante-mallorca\/\"},\"wordCount\":219,\"commentCount\":0,\"publisher\":{\"@id\":\"https:\/\/futbolhoy.co\/#organization\"},\"image\":{\"@id\":\"https:\/\/futbolhoy.co\/index.php\/2020\/06\/24\/real-madrid-no-fallo-ante-mallorca\/#primaryimage\"},\"thumbnailUrl\":\"https:\/\/futbolhoy.co\/wp-content\/uploads\/2020\/06\/EbT0RsvWsAARQxM.jpg\",\"articleSection\":[\"Mundo Futbol\"],\"inLanguage\":\"es\",\"potentialAction\":[{\"@type\":\"CommentAction\",\"name\":\"Comment\",\"target\":[\"https:\/\/futbolhoy.co\/index.php\/2020\/06\/24\/real-madrid-no-fallo-ante-mallorca\/#respond\"]}]},{\"@type\":\"WebPage\",\"@id\":\"https:\/\/futbolhoy.co\/index.php\/2020\/06\/24\/real-madrid-no-fallo-ante-mallorca\/\",\"url\":\"https:\/\/futbolhoy.co\/index.php\/2020\/06\/24\/real-madrid-no-fallo-ante-mallorca\/\",\"name\":\"Real Madrid no fall\u00f3 ante Mallorca -\",\"isPartOf\":{\"@id\":\"https:\/\/futbolhoy.co\/#website\"},\"primaryImageOfPage\":{\"@id\":\"https:\/\/futbolhoy.co\/index.php\/2020\/06\/24\/real-madrid-no-fallo-ante-mallorca\/#primaryimage\"},\"image\":{\"@id\":\"https:\/\/futbolhoy.co\/index.php\/2020\/06\/24\/real-madrid-no-fallo-ante-mallorca\/#primaryimage\"},\"thumbnailUrl\":\"https:\/\/futbolhoy.co\/wp-content\/uploads\/2020\/06\/EbT0RsvWsAARQxM.jpg\",\"datePublished\":\"2020-06-24T23:36:19+00:00\",\"dateModified\":\"2020-06-25T22:22:28+00:00\",\"breadcrumb\":{\"@id\":\"https:\/\/futbolhoy.co\/index.php\/2020\/06\/24\/real-madrid-no-fallo-ante-mallorca\/#breadcrumb\"},\"inLanguage\":\"es\",\"potentialAction\":[{\"@type\":\"ReadAction\",\"target\":[\"https:\/\/futbolhoy.co\/index.php\/2020\/06\/24\/real-madrid-no-fallo-ante-mallorca\/\"]}]},{\"@type\":\"ImageObject\",\"inLanguage\":\"es\",\"@id\":\"https:\/\/futbolhoy.co\/index.php\/2020\/06\/24\/real-madrid-no-fallo-ante-mallorca\/#primaryimage\",\"url\":\"https:\/\/futbolhoy.co\/wp-content\/uploads\/2020\/06\/EbT0RsvWsAARQxM.jpg\",\"contentUrl\":\"https:\/\/futbolhoy.co\/wp-content\/uploads\/2020\/06\/EbT0RsvWsAARQxM.jpg\",\"width\":680,\"height\":383},{\"@type\":\"BreadcrumbList\",\"@id\":\"https:\/\/futbolhoy.co\/index.php\/2020\/06\/24\/real-madrid-no-fallo-ante-mallorca\/#breadcrumb\",\"itemListElement\":[{\"@type\":\"ListItem\",\"position\":1,\"name\":\"Portada\",\"item\":\"https:\/\/futbolhoy.co\/\"},{\"@type\":\"ListItem\",\"position\":2,\"name\":\"Real Madrid no fall\u00f3 ante Mallorca\"}]},{\"@type\":\"WebSite\",\"@id\":\"https:\/\/futbolhoy.co\/#website\",\"url\":\"https:\/\/futbolhoy.co\/\",\"name\":\"FutbolHoy\",\"description\":\"\",\"publisher\":{\"@id\":\"https:\/\/futbolhoy.co\/#organization\"},\"potentialAction\":[{\"@type\":\"SearchAction\",\"target\":{\"@type\":\"EntryPoint\",\"urlTemplate\":\"https:\/\/futbolhoy.co\/?s={search_term_string}\"},\"query-input\":{\"@type\":\"PropertyValueSpecification\",\"valueRequired\":true,\"valueName\":\"search_term_string\"}}],\"inLanguage\":\"es\"},{\"@type\":\"Organization\",\"@id\":\"https:\/\/futbolhoy.co\/#organization\",\"name\":\"Futbolhoy.co\",\"url\":\"https:\/\/futbolhoy.co\/\",\"logo\":{\"@type\":\"ImageObject\",\"inLanguage\":\"es\",\"@id\":\"https:\/\/futbolhoy.co\/#\/schema\/logo\/image\/\",\"url\":\"https:\/\/futbolhoy.co\/wp-content\/uploads\/2018\/08\/17426380_1906371736249227_6326180412931521141_n.jpg\",\"contentUrl\":\"https:\/\/futbolhoy.co\/wp-content\/uploads\/2018\/08\/17426380_1906371736249227_6326180412931521141_n.jpg\",\"width\":960,\"height\":960,\"caption\":\"Futbolhoy.co\"},\"image\":{\"@id\":\"https:\/\/futbolhoy.co\/#\/schema\/logo\/image\/\"},\"sameAs\":[\"https:\/\/www.facebook.com\/FutbolHoyCol\/\",\"https:\/\/x.com\/FutbolHoyCol\",\"https:\/\/www.instagram.com\/futbolhoycol\/\"]},{\"@type\":\"Person\",\"@id\":\"https:\/\/futbolhoy.co\/#\/schema\/person\/c4a353a512b127643723a34bb1812f7d\",\"name\":\"Laura Hern\u00e1ndez\",\"image\":{\"@type\":\"ImageObject\",\"inLanguage\":\"es\",\"@id\":\"https:\/\/futbolhoy.co\/#\/schema\/person\/image\/\",\"url\":\"https:\/\/secure.gravatar.com\/avatar\/d25959a15b9b293a743f99181c7cfd01?s=96&d=mm&r=g\",\"contentUrl\":\"https:\/\/secure.gravatar.com\/avatar\/d25959a15b9b293a743f99181c7cfd01?s=96&d=mm&r=g\",\"caption\":\"Laura Hern\u00e1ndez\"}}]}<\/script>\n<!-- \/ Yoast SEO plugin. -->","yoast_head_json":{"title":"Real Madrid no fall\u00f3 ante Mallorca -","robots":{"index":"index","follow":"follow","max-snippet":"max-snippet:-1","max-image-preview":"max-image-preview:large","max-video-preview":"max-video-preview:-1"},"canonical":"https:\/\/futbolhoy.co\/index.php\/2020\/06\/24\/real-madrid-no-fallo-ante-mallorca\/","og_locale":"es_ES","og_type":"article","og_title":"Real Madrid no fall\u00f3 ante Mallorca -","og_description":"Sergio Ramos - Capit\u00e1n Real Madrid El\u00a0Real Madrid\u00a0volvi\u00f3 a ser l\u00edder de\u00a0LaLiga\u00a0al cumplir con su partido de la jornada 30 de Espa\u00f1a, donde super\u00f3 2-0 al\u00a0Mallorca, en partido donde el volante colombiano\u00a0James Rodr\u00edguez\u00a0volvi\u00f3 a ser suplente y no tuvo minutos en cancha. El equipo madridista se impuso con goles del brasile\u00f1o\u00a0Vinicius Jr\u00a0(19\u2019) y el capit\u00e1n\u00a0Sergio [&hellip;]","og_url":"https:\/\/futbolhoy.co\/index.php\/2020\/06\/24\/real-madrid-no-fallo-ante-mallorca\/","article_publisher":"https:\/\/www.facebook.com\/FutbolHoyCol\/","article_published_time":"2020-06-24T23:36:19+00:00","article_modified_time":"2020-06-25T22:22:28+00:00","og_image":[{"width":680,"height":383,"url":"https:\/\/futbolhoy.co\/wp-content\/uploads\/2020\/06\/EbT0RsvWsAARQxM.jpg","type":"image\/jpeg"}],"author":"Laura Hern\u00e1ndez","twitter_card":"summary_large_image","twitter_creator":"@FutbolHoyCol","twitter_site":"@FutbolHoyCol","twitter_misc":{"Escrito por":"Laura Hern\u00e1ndez","Tiempo de lectura":"1 minuto"},"schema":{"@context":"https:\/\/schema.org","@graph":[{"@type":"Article","@id":"https:\/\/futbolhoy.co\/index.php\/2020\/06\/24\/real-madrid-no-fallo-ante-mallorca\/#article","isPartOf":{"@id":"https:\/\/futbolhoy.co\/index.php\/2020\/06\/24\/real-madrid-no-fallo-ante-mallorca\/"},"author":{"name":"Laura Hern\u00e1ndez","@id":"https:\/\/futbolhoy.co\/#\/schema\/person\/c4a353a512b127643723a34bb1812f7d"},"headline":"Real Madrid no fall\u00f3 ante Mallorca","datePublished":"2020-06-24T23:36:19+00:00","dateModified":"2020-06-25T22:22:28+00:00","mainEntityOfPage":{"@id":"https:\/\/futbolhoy.co\/index.php\/2020\/06\/24\/real-madrid-no-fallo-ante-mallorca\/"},"wordCount":219,"commentCount":0,"publisher":{"@id":"https:\/\/futbolhoy.co\/#organization"},"image":{"@id":"https:\/\/futbolhoy.co\/index.php\/2020\/06\/24\/real-madrid-no-fallo-ante-mallorca\/#primaryimage"},"thumbnailUrl":"https:\/\/futbolhoy.co\/wp-content\/uploads\/2020\/06\/EbT0RsvWsAARQxM.jpg","articleSection":["Mundo Futbol"],"inLanguage":"es","potentialAction":[{"@type":"CommentAction","name":"Comment","target":["https:\/\/futbolhoy.co\/index.php\/2020\/06\/24\/real-madrid-no-fallo-ante-mallorca\/#respond"]}]},{"@type":"WebPage","@id":"https:\/\/futbolhoy.co\/index.php\/2020\/06\/24\/real-madrid-no-fallo-ante-mallorca\/","url":"https:\/\/futbolhoy.co\/index.php\/2020\/06\/24\/real-madrid-no-fallo-ante-mallorca\/","name":"Real Madrid no fall\u00f3 ante Mallorca -","isPartOf":{"@id":"https:\/\/futbolhoy.co\/#website"},"primaryImageOfPage":{"@id":"https:\/\/futbolhoy.co\/index.php\/2020\/06\/24\/real-madrid-no-fallo-ante-mallorca\/#primaryimage"},"image":{"@id":"https:\/\/futbolhoy.co\/index.php\/2020\/06\/24\/real-madrid-no-fallo-ante-mallorca\/#primaryimage"},"thumbnailUrl":"https:\/\/futbolhoy.co\/wp-content\/uploads\/2020\/06\/EbT0RsvWsAARQxM.jpg","datePublished":"2020-06-24T23:36:19+00:00","dateModified":"2020-06-25T22:22:28+00:00","breadcrumb":{"@id":"https:\/\/futbolhoy.co\/index.php\/2020\/06\/24\/real-madrid-no-fallo-ante-mallorca\/#breadcrumb"},"inLanguage":"es","potentialAction":[{"@type":"ReadAction","target":["https:\/\/futbolhoy.co\/index.php\/2020\/06\/24\/real-madrid-no-fallo-ante-mallorca\/"]}]},{"@type":"ImageObject","inLanguage":"es","@id":"https:\/\/futbolhoy.co\/index.php\/2020\/06\/24\/real-madrid-no-fallo-ante-mallorca\/#primaryimage","url":"https:\/\/futbolhoy.co\/wp-content\/uploads\/2020\/06\/EbT0RsvWsAARQxM.jpg","contentUrl":"https:\/\/futbolhoy.co\/wp-content\/uploads\/2020\/06\/EbT0RsvWsAARQxM.jpg","width":680,"height":383},{"@type":"BreadcrumbList","@id":"https:\/\/futbolhoy.co\/index.php\/2020\/06\/24\/real-madrid-no-fallo-ante-mallorca\/#breadcrumb","itemListElement":[{"@type":"ListItem","position":1,"name":"Portada","item":"https:\/\/futbolhoy.co\/"},{"@type":"ListItem","position":2,"name":"Real Madrid no fall\u00f3 ante Mallorca"}]},{"@type":"WebSite","@id":"https:\/\/futbolhoy.co\/#website","url":"https:\/\/futbolhoy.co\/","name":"FutbolHoy","description":"","publisher":{"@id":"https:\/\/futbolhoy.co\/#organization"},"potentialAction":[{"@type":"SearchAction","target":{"@type":"EntryPoint","urlTemplate":"https:\/\/futbolhoy.co\/?s={search_term_string}"},"query-input":{"@type":"PropertyValueSpecification","valueRequired":true,"valueName":"search_term_string"}}],"inLanguage":"es"},{"@type":"Organization","@id":"https:\/\/futbolhoy.co\/#organization","name":"Futbolhoy.co","url":"https:\/\/futbolhoy.co\/","logo":{"@type":"ImageObject","inLanguage":"es","@id":"https:\/\/futbolhoy.co\/#\/schema\/logo\/image\/","url":"https:\/\/futbolhoy.co\/wp-content\/uploads\/2018\/08\/17426380_1906371736249227_6326180412931521141_n.jpg","contentUrl":"https:\/\/futbolhoy.co\/wp-content\/uploads\/2018\/08\/17426380_1906371736249227_6326180412931521141_n.jpg","width":960,"height":960,"caption":"Futbolhoy.co"},"image":{"@id":"https:\/\/futbolhoy.co\/#\/schema\/logo\/image\/"},"sameAs":["https:\/\/www.facebook.com\/FutbolHoyCol\/","https:\/\/x.com\/FutbolHoyCol","https:\/\/www.instagram.com\/futbolhoycol\/"]},{"@type":"Person","@id":"https:\/\/futbolhoy.co\/#\/schema\/person\/c4a353a512b127643723a34bb1812f7d","name":"Laura Hern\u00e1ndez","image":{"@type":"ImageObject","inLanguage":"es","@id":"https:\/\/futbolhoy.co\/#\/schema\/person\/image\/","url":"https:\/\/secure.gravatar.com\/avatar\/d25959a15b9b293a743f99181c7cfd01?s=96&d=mm&r=g","contentUrl":"https:\/\/secure.gravatar.com\/avatar\/d25959a15b9b293a743f99181c7cfd01?s=96&d=mm&r=g","caption":"Laura Hern\u00e1ndez"}}]}},"publishpress_future_action":{"enabled":false,"date":"2026-05-06 05:28:25","action":"change-status","newStatus":"draft","terms":[],"taxonomy":"category","extraData":[]},"publishpress_future_workflow_manual_trigger":{"enabledWorkflows":[]},"_links":{"self":[{"href":"https:\/\/futbolhoy.co\/index.php\/wp-json\/wp\/v2\/posts\/52764","targetHints":{"allow":["GET"]}}],"collection":[{"href":"https:\/\/futbolhoy.co\/index.php\/wp-json\/wp\/v2\/posts"}],"about":[{"href":"https:\/\/futbolhoy.co\/index.php\/wp-json\/wp\/v2\/types\/post"}],"author":[{"embeddable":true,"href":"https:\/\/futbolhoy.co\/index.php\/wp-json\/wp\/v2\/users\/5"}],"replies":[{"embeddable":true,"href":"https:\/\/futbolhoy.co\/index.php\/wp-json\/wp\/v2\/comments?post=52764"}],"version-history":[{"count":3,"href":"https:\/\/futbolhoy.co\/index.php\/wp-json\/wp\/v2\/posts\/52764\/revisions"}],"predecessor-version":[{"id":52776,"href":"https:\/\/futbolhoy.co\/index.php\/wp-json\/wp\/v2\/posts\/52764\/revisions\/52776"}],"wp:featuredmedia":[{"embeddable":true,"href":"https:\/\/futbolhoy.co\/index.php\/wp-json\/wp\/v2\/media\/52765"}],"wp:attachment":[{"href":"https:\/\/futbolhoy.co\/index.php\/wp-json\/wp\/v2\/media?parent=52764"}],"wp:term":[{"taxonomy":"category","embeddable":true,"href":"https:\/\/futbolhoy.co\/index.php\/wp-json\/wp\/v2\/categories?post=52764"},{"taxonomy":"post_tag","embeddable":true,"href":"https:\/\/futbolhoy.co\/index.php\/wp-json\/wp\/v2\/tags?post=52764"}],"curies":[{"name":"wp","href":"https:\/\/api.w.org\/{rel}","templated":true}]}}