{"id":52782,"date":"2020-06-25T07:10:21","date_gmt":"2020-06-25T12:10:21","guid":{"rendered":"https:\/\/futbolhoy.co\/?p=52782"},"modified":"2020-06-25T17:17:23","modified_gmt":"2020-06-25T22:17:23","slug":"tenemos-7-finales-para-volver-a-primera-daniel-torres","status":"publish","type":"post","link":"https:\/\/futbolhoy.co\/index.php\/2020\/06\/25\/tenemos-7-finales-para-volver-a-primera-daniel-torres\/","title":{"rendered":"Tenemos 7 finales para volver a primera: Daniel Torres"},"content":{"rendered":"<!--[if lt IE 9]><script>document.createElement('audio');<\/script><![endif]-->\n<audio class=\"wp-audio-shortcode\" id=\"audio-52782-1\" preload=\"none\" style=\"width: 100%;\" controls=\"controls\"><source type=\"audio\/mpeg\" src=\"https:\/\/futbolhoy.co\/wp-content\/uploads\/2020\/06\/ACERO-TORRES-OK.1329.mp3?_=1\" \/><a href=\"https:\/\/futbolhoy.co\/wp-content\/uploads\/2020\/06\/ACERO-TORRES-OK.1329.mp3\">https:\/\/futbolhoy.co\/wp-content\/uploads\/2020\/06\/ACERO-TORRES-OK.1329.mp3<\/a><\/audio>\n<p>(Daniel Torres, volante colombiano del Real Zaragoza)<\/p>\n<p style=\"text-align: justify;\"><span style=\"font-family: helvetica, arial, sans-serif;\">El volante cundinamarqu\u00e9s del <strong>Zaragoza, Daniel Torres,<\/strong> es consciente que a su equipo le restan por disputar siete finales, para lograr el retorno a la primera divisi\u00f3n despu\u00e9s de siete a\u00f1os consecutivos en la categor\u00eda B.<\/span><\/p>\n<p style=\"text-align: justify;\"><span style=\"font-family: helvetica, arial, sans-serif;\">\"Siete finales que nos van a exigir el m\u00e1ximo. Para ello necesitamos combatir en cada una de ellas, y con esa uni\u00f3n y esa convicci\u00f3n vamos a conseguir cosas muy importantes y para conseguirlo ser\u00e1 necesario estar mentalizados y concentrados\", asegur\u00f3 el colombiano a la web del club.<\/span><\/p>\n<p style=\"text-align: justify;\"><span style=\"font-family: helvetica, arial, sans-serif;\">Zaragoza, que viene de vencer 1-2 a <strong>Extremadura,<\/strong> con anotaci\u00f3n del tambi\u00e9n colombiano <strong>Luis<\/strong> <strong>Su\u00e1rez<\/strong>, se alista para recibir a <strong>Huesca<\/strong> en la pr\u00f3xima jornada.<\/span><\/p>\n<p style=\"text-align: justify;\"><span style=\"font-family: helvetica, arial, sans-serif;\">El torneo lo domina <strong>C\u00e1diz<\/strong> con 62 puntos, seguido por Zaragoza con 61.<\/span><\/p>\n","protected":false},"excerpt":{"rendered":"<p>(Daniel Torres, volante colombiano del Real Zaragoza) El volante cundinamarqu\u00e9s del Zaragoza, Daniel Torres, es consciente que a su equipo le restan por disputar siete finales, para lograr el retorno a la primera divisi\u00f3n despu\u00e9s de siete a\u00f1os consecutivos en la categor\u00eda B. \"Siete finales que nos van a exigir el m\u00e1ximo. Para ello necesitamos [&hellip;]<\/p>\n","protected":false},"author":5,"featured_media":52785,"comment_status":"open","ping_status":"open","sticky":false,"template":"","format":"video","meta":{"_acf_changed":false,"footnotes":""},"categories":[152],"tags":[710,1766],"class_list":{"0":"post-52782","1":"post","2":"type-post","3":"status-publish","4":"format-video","5":"has-post-thumbnail","7":"category-mundo-futbol","8":"tag-daniel-torres","9":"tag-real-zaragoza","10":"post_format-post-format-video"},"acf":[],"yoast_head":"<!-- This site is optimized with the Yoast SEO plugin v26.8 - https:\/\/yoast.com\/product\/yoast-seo-wordpress\/ -->\n<title>Tenemos 7 finales para volver a primera: Daniel Torres -<\/title>\n<meta name=\"robots\" content=\"index, follow, max-snippet:-1, max-image-preview:large, max-video-preview:-1\" \/>\n<link rel=\"canonical\" href=\"https:\/\/futbolhoy.co\/index.php\/2020\/06\/25\/tenemos-7-finales-para-volver-a-primera-daniel-torres\/\" \/>\n<meta property=\"og:locale\" content=\"es_ES\" \/>\n<meta property=\"og:type\" content=\"article\" \/>\n<meta property=\"og:title\" content=\"Tenemos 7 finales para volver a primera: Daniel Torres -\" \/>\n<meta property=\"og:description\" content=\"(Daniel Torres, volante colombiano del Real Zaragoza) El volante cundinamarqu\u00e9s del Zaragoza, Daniel Torres, es consciente que a su equipo le restan por disputar siete finales, para lograr el retorno a la primera divisi\u00f3n despu\u00e9s de siete a\u00f1os consecutivos en la categor\u00eda B. &quot;Siete finales que nos van a exigir el m\u00e1ximo. Para ello necesitamos [&hellip;]\" \/>\n<meta property=\"og:url\" content=\"https:\/\/futbolhoy.co\/index.php\/2020\/06\/25\/tenemos-7-finales-para-volver-a-primera-daniel-torres\/\" \/>\n<meta property=\"article:publisher\" content=\"https:\/\/www.facebook.com\/FutbolHoyCol\/\" \/>\n<meta property=\"article:published_time\" content=\"2020-06-25T12:10:21+00:00\" \/>\n<meta property=\"article:modified_time\" content=\"2020-06-25T22:17:23+00:00\" \/>\n<meta property=\"og:image\" content=\"https:\/\/futbolhoy.co\/wp-content\/uploads\/2020\/06\/Daniel-Torres.png\" \/>\n\t<meta property=\"og:image:width\" content=\"834\" \/>\n\t<meta property=\"og:image:height\" content=\"464\" \/>\n\t<meta property=\"og:image:type\" content=\"image\/png\" \/>\n<meta name=\"author\" content=\"Laura Hern\u00e1ndez\" \/>\n<meta name=\"twitter:card\" content=\"summary_large_image\" \/>\n<meta name=\"twitter:creator\" content=\"@FutbolHoyCol\" \/>\n<meta name=\"twitter:site\" content=\"@FutbolHoyCol\" \/>\n<meta name=\"twitter:label1\" content=\"Escrito por\" \/>\n\t<meta name=\"twitter:data1\" content=\"Laura Hern\u00e1ndez\" \/>\n\t<meta name=\"twitter:label2\" content=\"Tiempo de lectura\" \/>\n\t<meta name=\"twitter:data2\" content=\"1 minuto\" \/>\n<script type=\"application\/ld+json\" class=\"yoast-schema-graph\">{\"@context\":\"https:\/\/schema.org\",\"@graph\":[{\"@type\":\"Article\",\"@id\":\"https:\/\/futbolhoy.co\/index.php\/2020\/06\/25\/tenemos-7-finales-para-volver-a-primera-daniel-torres\/#article\",\"isPartOf\":{\"@id\":\"https:\/\/futbolhoy.co\/index.php\/2020\/06\/25\/tenemos-7-finales-para-volver-a-primera-daniel-torres\/\"},\"author\":{\"name\":\"Laura Hern\u00e1ndez\",\"@id\":\"https:\/\/futbolhoy.co\/#\/schema\/person\/c4a353a512b127643723a34bb1812f7d\"},\"headline\":\"Tenemos 7 finales para volver a primera: Daniel Torres\",\"datePublished\":\"2020-06-25T12:10:21+00:00\",\"dateModified\":\"2020-06-25T22:17:23+00:00\",\"mainEntityOfPage\":{\"@id\":\"https:\/\/futbolhoy.co\/index.php\/2020\/06\/25\/tenemos-7-finales-para-volver-a-primera-daniel-torres\/\"},\"wordCount\":158,\"commentCount\":0,\"publisher\":{\"@id\":\"https:\/\/futbolhoy.co\/#organization\"},\"image\":{\"@id\":\"https:\/\/futbolhoy.co\/index.php\/2020\/06\/25\/tenemos-7-finales-para-volver-a-primera-daniel-torres\/#primaryimage\"},\"thumbnailUrl\":\"https:\/\/futbolhoy.co\/wp-content\/uploads\/2020\/06\/Daniel-Torres.png\",\"keywords\":[\"Daniel Torres\",\"Real Zaragoza\"],\"articleSection\":[\"Mundo Futbol\"],\"inLanguage\":\"es\",\"potentialAction\":[{\"@type\":\"CommentAction\",\"name\":\"Comment\",\"target\":[\"https:\/\/futbolhoy.co\/index.php\/2020\/06\/25\/tenemos-7-finales-para-volver-a-primera-daniel-torres\/#respond\"]}]},{\"@type\":\"WebPage\",\"@id\":\"https:\/\/futbolhoy.co\/index.php\/2020\/06\/25\/tenemos-7-finales-para-volver-a-primera-daniel-torres\/\",\"url\":\"https:\/\/futbolhoy.co\/index.php\/2020\/06\/25\/tenemos-7-finales-para-volver-a-primera-daniel-torres\/\",\"name\":\"Tenemos 7 finales para volver a primera: Daniel Torres -\",\"isPartOf\":{\"@id\":\"https:\/\/futbolhoy.co\/#website\"},\"primaryImageOfPage\":{\"@id\":\"https:\/\/futbolhoy.co\/index.php\/2020\/06\/25\/tenemos-7-finales-para-volver-a-primera-daniel-torres\/#primaryimage\"},\"image\":{\"@id\":\"https:\/\/futbolhoy.co\/index.php\/2020\/06\/25\/tenemos-7-finales-para-volver-a-primera-daniel-torres\/#primaryimage\"},\"thumbnailUrl\":\"https:\/\/futbolhoy.co\/wp-content\/uploads\/2020\/06\/Daniel-Torres.png\",\"datePublished\":\"2020-06-25T12:10:21+00:00\",\"dateModified\":\"2020-06-25T22:17:23+00:00\",\"breadcrumb\":{\"@id\":\"https:\/\/futbolhoy.co\/index.php\/2020\/06\/25\/tenemos-7-finales-para-volver-a-primera-daniel-torres\/#breadcrumb\"},\"inLanguage\":\"es\",\"potentialAction\":[{\"@type\":\"ReadAction\",\"target\":[\"https:\/\/futbolhoy.co\/index.php\/2020\/06\/25\/tenemos-7-finales-para-volver-a-primera-daniel-torres\/\"]}]},{\"@type\":\"ImageObject\",\"inLanguage\":\"es\",\"@id\":\"https:\/\/futbolhoy.co\/index.php\/2020\/06\/25\/tenemos-7-finales-para-volver-a-primera-daniel-torres\/#primaryimage\",\"url\":\"https:\/\/futbolhoy.co\/wp-content\/uploads\/2020\/06\/Daniel-Torres.png\",\"contentUrl\":\"https:\/\/futbolhoy.co\/wp-content\/uploads\/2020\/06\/Daniel-Torres.png\",\"width\":834,\"height\":464},{\"@type\":\"BreadcrumbList\",\"@id\":\"https:\/\/futbolhoy.co\/index.php\/2020\/06\/25\/tenemos-7-finales-para-volver-a-primera-daniel-torres\/#breadcrumb\",\"itemListElement\":[{\"@type\":\"ListItem\",\"position\":1,\"name\":\"Portada\",\"item\":\"https:\/\/futbolhoy.co\/\"},{\"@type\":\"ListItem\",\"position\":2,\"name\":\"Tenemos 7 finales para volver a primera: Daniel Torres\"}]},{\"@type\":\"WebSite\",\"@id\":\"https:\/\/futbolhoy.co\/#website\",\"url\":\"https:\/\/futbolhoy.co\/\",\"name\":\"FutbolHoy\",\"description\":\"\",\"publisher\":{\"@id\":\"https:\/\/futbolhoy.co\/#organization\"},\"potentialAction\":[{\"@type\":\"SearchAction\",\"target\":{\"@type\":\"EntryPoint\",\"urlTemplate\":\"https:\/\/futbolhoy.co\/?s={search_term_string}\"},\"query-input\":{\"@type\":\"PropertyValueSpecification\",\"valueRequired\":true,\"valueName\":\"search_term_string\"}}],\"inLanguage\":\"es\"},{\"@type\":\"Organization\",\"@id\":\"https:\/\/futbolhoy.co\/#organization\",\"name\":\"Futbolhoy.co\",\"url\":\"https:\/\/futbolhoy.co\/\",\"logo\":{\"@type\":\"ImageObject\",\"inLanguage\":\"es\",\"@id\":\"https:\/\/futbolhoy.co\/#\/schema\/logo\/image\/\",\"url\":\"https:\/\/futbolhoy.co\/wp-content\/uploads\/2018\/08\/17426380_1906371736249227_6326180412931521141_n.jpg\",\"contentUrl\":\"https:\/\/futbolhoy.co\/wp-content\/uploads\/2018\/08\/17426380_1906371736249227_6326180412931521141_n.jpg\",\"width\":960,\"height\":960,\"caption\":\"Futbolhoy.co\"},\"image\":{\"@id\":\"https:\/\/futbolhoy.co\/#\/schema\/logo\/image\/\"},\"sameAs\":[\"https:\/\/www.facebook.com\/FutbolHoyCol\/\",\"https:\/\/x.com\/FutbolHoyCol\",\"https:\/\/www.instagram.com\/futbolhoycol\/\"]},{\"@type\":\"Person\",\"@id\":\"https:\/\/futbolhoy.co\/#\/schema\/person\/c4a353a512b127643723a34bb1812f7d\",\"name\":\"Laura Hern\u00e1ndez\",\"image\":{\"@type\":\"ImageObject\",\"inLanguage\":\"es\",\"@id\":\"https:\/\/futbolhoy.co\/#\/schema\/person\/image\/\",\"url\":\"https:\/\/secure.gravatar.com\/avatar\/d25959a15b9b293a743f99181c7cfd01?s=96&d=mm&r=g\",\"contentUrl\":\"https:\/\/secure.gravatar.com\/avatar\/d25959a15b9b293a743f99181c7cfd01?s=96&d=mm&r=g\",\"caption\":\"Laura Hern\u00e1ndez\"}}]}<\/script>\n<!-- \/ Yoast SEO plugin. -->","yoast_head_json":{"title":"Tenemos 7 finales para volver a primera: Daniel Torres -","robots":{"index":"index","follow":"follow","max-snippet":"max-snippet:-1","max-image-preview":"max-image-preview:large","max-video-preview":"max-video-preview:-1"},"canonical":"https:\/\/futbolhoy.co\/index.php\/2020\/06\/25\/tenemos-7-finales-para-volver-a-primera-daniel-torres\/","og_locale":"es_ES","og_type":"article","og_title":"Tenemos 7 finales para volver a primera: Daniel Torres -","og_description":"(Daniel Torres, volante colombiano del Real Zaragoza) El volante cundinamarqu\u00e9s del Zaragoza, Daniel Torres, es consciente que a su equipo le restan por disputar siete finales, para lograr el retorno a la primera divisi\u00f3n despu\u00e9s de siete a\u00f1os consecutivos en la categor\u00eda B. \"Siete finales que nos van a exigir el m\u00e1ximo. Para ello necesitamos [&hellip;]","og_url":"https:\/\/futbolhoy.co\/index.php\/2020\/06\/25\/tenemos-7-finales-para-volver-a-primera-daniel-torres\/","article_publisher":"https:\/\/www.facebook.com\/FutbolHoyCol\/","article_published_time":"2020-06-25T12:10:21+00:00","article_modified_time":"2020-06-25T22:17:23+00:00","og_image":[{"width":834,"height":464,"url":"https:\/\/futbolhoy.co\/wp-content\/uploads\/2020\/06\/Daniel-Torres.png","type":"image\/png"}],"author":"Laura Hern\u00e1ndez","twitter_card":"summary_large_image","twitter_creator":"@FutbolHoyCol","twitter_site":"@FutbolHoyCol","twitter_misc":{"Escrito por":"Laura Hern\u00e1ndez","Tiempo de lectura":"1 minuto"},"schema":{"@context":"https:\/\/schema.org","@graph":[{"@type":"Article","@id":"https:\/\/futbolhoy.co\/index.php\/2020\/06\/25\/tenemos-7-finales-para-volver-a-primera-daniel-torres\/#article","isPartOf":{"@id":"https:\/\/futbolhoy.co\/index.php\/2020\/06\/25\/tenemos-7-finales-para-volver-a-primera-daniel-torres\/"},"author":{"name":"Laura Hern\u00e1ndez","@id":"https:\/\/futbolhoy.co\/#\/schema\/person\/c4a353a512b127643723a34bb1812f7d"},"headline":"Tenemos 7 finales para volver a primera: Daniel Torres","datePublished":"2020-06-25T12:10:21+00:00","dateModified":"2020-06-25T22:17:23+00:00","mainEntityOfPage":{"@id":"https:\/\/futbolhoy.co\/index.php\/2020\/06\/25\/tenemos-7-finales-para-volver-a-primera-daniel-torres\/"},"wordCount":158,"commentCount":0,"publisher":{"@id":"https:\/\/futbolhoy.co\/#organization"},"image":{"@id":"https:\/\/futbolhoy.co\/index.php\/2020\/06\/25\/tenemos-7-finales-para-volver-a-primera-daniel-torres\/#primaryimage"},"thumbnailUrl":"https:\/\/futbolhoy.co\/wp-content\/uploads\/2020\/06\/Daniel-Torres.png","keywords":["Daniel Torres","Real Zaragoza"],"articleSection":["Mundo Futbol"],"inLanguage":"es","potentialAction":[{"@type":"CommentAction","name":"Comment","target":["https:\/\/futbolhoy.co\/index.php\/2020\/06\/25\/tenemos-7-finales-para-volver-a-primera-daniel-torres\/#respond"]}]},{"@type":"WebPage","@id":"https:\/\/futbolhoy.co\/index.php\/2020\/06\/25\/tenemos-7-finales-para-volver-a-primera-daniel-torres\/","url":"https:\/\/futbolhoy.co\/index.php\/2020\/06\/25\/tenemos-7-finales-para-volver-a-primera-daniel-torres\/","name":"Tenemos 7 finales para volver a primera: Daniel Torres -","isPartOf":{"@id":"https:\/\/futbolhoy.co\/#website"},"primaryImageOfPage":{"@id":"https:\/\/futbolhoy.co\/index.php\/2020\/06\/25\/tenemos-7-finales-para-volver-a-primera-daniel-torres\/#primaryimage"},"image":{"@id":"https:\/\/futbolhoy.co\/index.php\/2020\/06\/25\/tenemos-7-finales-para-volver-a-primera-daniel-torres\/#primaryimage"},"thumbnailUrl":"https:\/\/futbolhoy.co\/wp-content\/uploads\/2020\/06\/Daniel-Torres.png","datePublished":"2020-06-25T12:10:21+00:00","dateModified":"2020-06-25T22:17:23+00:00","breadcrumb":{"@id":"https:\/\/futbolhoy.co\/index.php\/2020\/06\/25\/tenemos-7-finales-para-volver-a-primera-daniel-torres\/#breadcrumb"},"inLanguage":"es","potentialAction":[{"@type":"ReadAction","target":["https:\/\/futbolhoy.co\/index.php\/2020\/06\/25\/tenemos-7-finales-para-volver-a-primera-daniel-torres\/"]}]},{"@type":"ImageObject","inLanguage":"es","@id":"https:\/\/futbolhoy.co\/index.php\/2020\/06\/25\/tenemos-7-finales-para-volver-a-primera-daniel-torres\/#primaryimage","url":"https:\/\/futbolhoy.co\/wp-content\/uploads\/2020\/06\/Daniel-Torres.png","contentUrl":"https:\/\/futbolhoy.co\/wp-content\/uploads\/2020\/06\/Daniel-Torres.png","width":834,"height":464},{"@type":"BreadcrumbList","@id":"https:\/\/futbolhoy.co\/index.php\/2020\/06\/25\/tenemos-7-finales-para-volver-a-primera-daniel-torres\/#breadcrumb","itemListElement":[{"@type":"ListItem","position":1,"name":"Portada","item":"https:\/\/futbolhoy.co\/"},{"@type":"ListItem","position":2,"name":"Tenemos 7 finales para volver a primera: Daniel Torres"}]},{"@type":"WebSite","@id":"https:\/\/futbolhoy.co\/#website","url":"https:\/\/futbolhoy.co\/","name":"FutbolHoy","description":"","publisher":{"@id":"https:\/\/futbolhoy.co\/#organization"},"potentialAction":[{"@type":"SearchAction","target":{"@type":"EntryPoint","urlTemplate":"https:\/\/futbolhoy.co\/?s={search_term_string}"},"query-input":{"@type":"PropertyValueSpecification","valueRequired":true,"valueName":"search_term_string"}}],"inLanguage":"es"},{"@type":"Organization","@id":"https:\/\/futbolhoy.co\/#organization","name":"Futbolhoy.co","url":"https:\/\/futbolhoy.co\/","logo":{"@type":"ImageObject","inLanguage":"es","@id":"https:\/\/futbolhoy.co\/#\/schema\/logo\/image\/","url":"https:\/\/futbolhoy.co\/wp-content\/uploads\/2018\/08\/17426380_1906371736249227_6326180412931521141_n.jpg","contentUrl":"https:\/\/futbolhoy.co\/wp-content\/uploads\/2018\/08\/17426380_1906371736249227_6326180412931521141_n.jpg","width":960,"height":960,"caption":"Futbolhoy.co"},"image":{"@id":"https:\/\/futbolhoy.co\/#\/schema\/logo\/image\/"},"sameAs":["https:\/\/www.facebook.com\/FutbolHoyCol\/","https:\/\/x.com\/FutbolHoyCol","https:\/\/www.instagram.com\/futbolhoycol\/"]},{"@type":"Person","@id":"https:\/\/futbolhoy.co\/#\/schema\/person\/c4a353a512b127643723a34bb1812f7d","name":"Laura Hern\u00e1ndez","image":{"@type":"ImageObject","inLanguage":"es","@id":"https:\/\/futbolhoy.co\/#\/schema\/person\/image\/","url":"https:\/\/secure.gravatar.com\/avatar\/d25959a15b9b293a743f99181c7cfd01?s=96&d=mm&r=g","contentUrl":"https:\/\/secure.gravatar.com\/avatar\/d25959a15b9b293a743f99181c7cfd01?s=96&d=mm&r=g","caption":"Laura Hern\u00e1ndez"}}]}},"publishpress_future_action":{"enabled":false,"date":"2026-05-06 06:15:31","action":"change-status","newStatus":"draft","terms":[],"taxonomy":"category","extraData":[]},"publishpress_future_workflow_manual_trigger":{"enabledWorkflows":[]},"_links":{"self":[{"href":"https:\/\/futbolhoy.co\/index.php\/wp-json\/wp\/v2\/posts\/52782","targetHints":{"allow":["GET"]}}],"collection":[{"href":"https:\/\/futbolhoy.co\/index.php\/wp-json\/wp\/v2\/posts"}],"about":[{"href":"https:\/\/futbolhoy.co\/index.php\/wp-json\/wp\/v2\/types\/post"}],"author":[{"embeddable":true,"href":"https:\/\/futbolhoy.co\/index.php\/wp-json\/wp\/v2\/users\/5"}],"replies":[{"embeddable":true,"href":"https:\/\/futbolhoy.co\/index.php\/wp-json\/wp\/v2\/comments?post=52782"}],"version-history":[{"count":2,"href":"https:\/\/futbolhoy.co\/index.php\/wp-json\/wp\/v2\/posts\/52782\/revisions"}],"predecessor-version":[{"id":52786,"href":"https:\/\/futbolhoy.co\/index.php\/wp-json\/wp\/v2\/posts\/52782\/revisions\/52786"}],"wp:featuredmedia":[{"embeddable":true,"href":"https:\/\/futbolhoy.co\/index.php\/wp-json\/wp\/v2\/media\/52785"}],"wp:attachment":[{"href":"https:\/\/futbolhoy.co\/index.php\/wp-json\/wp\/v2\/media?parent=52782"}],"wp:term":[{"taxonomy":"category","embeddable":true,"href":"https:\/\/futbolhoy.co\/index.php\/wp-json\/wp\/v2\/categories?post=52782"},{"taxonomy":"post_tag","embeddable":true,"href":"https:\/\/futbolhoy.co\/index.php\/wp-json\/wp\/v2\/tags?post=52782"}],"curies":[{"name":"wp","href":"https:\/\/api.w.org\/{rel}","templated":true}]}}