{"id":52802,"date":"2020-06-26T16:43:55","date_gmt":"2020-06-26T21:43:55","guid":{"rendered":"https:\/\/futbolhoy.co\/?p=52802"},"modified":"2020-06-26T16:43:49","modified_gmt":"2020-06-26T21:43:49","slug":"pinto-dirigira-emiratos-arabes-unidos","status":"publish","type":"post","link":"https:\/\/futbolhoy.co\/index.php\/2020\/06\/26\/pinto-dirigira-emiratos-arabes-unidos\/","title":{"rendered":"Pinto dirigir\u00e1 Emiratos \u00c1rabes Unidos"},"content":{"rendered":"<!--[if lt IE 9]><script>document.createElement('audio');<\/script><![endif]-->\n<audio class=\"wp-audio-shortcode\" id=\"audio-52802-1\" preload=\"none\" style=\"width: 100%;\" controls=\"controls\"><source type=\"audio\/mpeg\" src=\"https:\/\/futbolhoy.co\/wp-content\/uploads\/2020\/06\/Jorge-Luis-Pinto-en-Blu-Radio.mp3?_=1\" \/><a href=\"https:\/\/futbolhoy.co\/wp-content\/uploads\/2020\/06\/Jorge-Luis-Pinto-en-Blu-Radio.mp3\">https:\/\/futbolhoy.co\/wp-content\/uploads\/2020\/06\/Jorge-Luis-Pinto-en-Blu-Radio.mp3<\/a><\/audio>\n<p style=\"text-align: justify;\"><strong><span style=\"font-size: 10pt;\"><em><span style=\"font-family: helvetica, arial, sans-serif;\">Jorge Luis Pinto - T\u00e9cnico \/ Cortes\u00eda Blu Radio\u00a0<\/span><\/em><\/span><\/strong><\/p>\n<p style=\"text-align: justify;\"><span lang=\"ES\" style=\"font-family: helvetica, arial, sans-serif;\">El t\u00e9cnico santandereano\u00a0<b>Jorge Luis Pinto<\/b>\u00a0anunci\u00f3 que tiene un pre acuerdo con la\u00a0<b>Federaci\u00f3n de F\u00fatbol de Emiratos \u00c1rabes Unidos<\/b>\u00a0para dirigir la selecci\u00f3n absoluta en las eliminatorias al\u00a0<b>Mundial Qatar 2022<\/b>.<\/span><\/p>\n<p style=\"text-align: justify;\"><span lang=\"ES\" style=\"font-family: helvetica, arial, sans-serif;\">Pinto, de 67 a\u00f1os, quien dirigi\u00f3 a\u00a0<b>Millonarios<\/b>\u00a0el a\u00f1o 2019, ha estado al frente de las selecciones de\u00a0<b>Costa Rica<\/b>,\u00a0<b>Colombia<\/b>\u00a0y\u00a0<b>Honduras<\/b>.<\/span><\/p>\n<p style=\"text-align: justify;\"><span lang=\"ES\" style=\"font-family: helvetica, arial, sans-serif;\">\u201cHay un acuerdo, podr\u00edamos decir que es un precontrato firmado, faltan algunas cosas de lo del viaje y valorar el tema del coronavirus, la situaci\u00f3n el pa\u00eds, principalmente del nuestro, pero tambi\u00e9n el de ellos. Hace tiempo, cuando estaba en Honduras me quisieron llevar, no fue posible, pero felizmente en este momento se dio la oportunidad, faltan peque\u00f1o detalles\u201d, declar\u00f3 Pinto en\u00a0<i>Blu Radio<\/i>.<\/span><\/p>\n<p style=\"text-align: justify;\"><span lang=\"ES\" style=\"font-family: helvetica, arial, sans-serif;\">El entrenador agreg\u00f3 respecto a este nuevo reto profesional: \u201cMe gusta, una regi\u00f3n que est\u00e1 progresando, que va a estar muy cerca del Mundial, vi videos de ellos y me gusta su t\u00e9cnica y su velocidad, tiene cosas buenas y me sorprendieron para bien, faltaran otras, que se las vamos a inyectar\u201d.<\/span><\/p>\n","protected":false},"excerpt":{"rendered":"<p>Jorge Luis Pinto - T\u00e9cnico \/ Cortes\u00eda Blu Radio\u00a0 El t\u00e9cnico santandereano\u00a0Jorge Luis Pinto\u00a0anunci\u00f3 que tiene un pre acuerdo con la\u00a0Federaci\u00f3n de F\u00fatbol de Emiratos \u00c1rabes Unidos\u00a0para dirigir la selecci\u00f3n absoluta en las eliminatorias al\u00a0Mundial Qatar 2022. Pinto, de 67 a\u00f1os, quien dirigi\u00f3 a\u00a0Millonarios\u00a0el a\u00f1o 2019, ha estado al frente de las selecciones de\u00a0Costa Rica,\u00a0Colombia\u00a0y\u00a0Honduras. [&hellip;]<\/p>\n","protected":false},"author":5,"featured_media":52804,"comment_status":"open","ping_status":"open","sticky":false,"template":"","format":"video","meta":{"_acf_changed":false,"footnotes":""},"categories":[152],"tags":[],"class_list":{"0":"post-52802","1":"post","2":"type-post","3":"status-publish","4":"format-video","5":"has-post-thumbnail","7":"category-mundo-futbol","8":"post_format-post-format-video"},"acf":[],"yoast_head":"<!-- This site is optimized with the Yoast SEO plugin v26.8 - https:\/\/yoast.com\/product\/yoast-seo-wordpress\/ -->\n<title>Pinto dirigir\u00e1 Emiratos \u00c1rabes Unidos -<\/title>\n<meta name=\"robots\" content=\"index, follow, max-snippet:-1, max-image-preview:large, max-video-preview:-1\" \/>\n<link rel=\"canonical\" href=\"https:\/\/futbolhoy.co\/index.php\/2020\/06\/26\/pinto-dirigira-emiratos-arabes-unidos\/\" \/>\n<meta property=\"og:locale\" content=\"es_ES\" \/>\n<meta property=\"og:type\" content=\"article\" \/>\n<meta property=\"og:title\" content=\"Pinto dirigir\u00e1 Emiratos \u00c1rabes Unidos -\" \/>\n<meta property=\"og:description\" content=\"Jorge Luis Pinto - T\u00e9cnico \/ Cortes\u00eda Blu Radio\u00a0 El t\u00e9cnico santandereano\u00a0Jorge Luis Pinto\u00a0anunci\u00f3 que tiene un pre acuerdo con la\u00a0Federaci\u00f3n de F\u00fatbol de Emiratos \u00c1rabes Unidos\u00a0para dirigir la selecci\u00f3n absoluta en las eliminatorias al\u00a0Mundial Qatar 2022. Pinto, de 67 a\u00f1os, quien dirigi\u00f3 a\u00a0Millonarios\u00a0el a\u00f1o 2019, ha estado al frente de las selecciones de\u00a0Costa Rica,\u00a0Colombia\u00a0y\u00a0Honduras. [&hellip;]\" \/>\n<meta property=\"og:url\" content=\"https:\/\/futbolhoy.co\/index.php\/2020\/06\/26\/pinto-dirigira-emiratos-arabes-unidos\/\" \/>\n<meta property=\"article:publisher\" content=\"https:\/\/www.facebook.com\/FutbolHoyCol\/\" \/>\n<meta property=\"article:published_time\" content=\"2020-06-26T21:43:55+00:00\" \/>\n<meta property=\"og:image\" content=\"https:\/\/futbolhoy.co\/wp-content\/uploads\/2020\/06\/20200625_185208.jpg\" \/>\n\t<meta property=\"og:image:width\" content=\"512\" \/>\n\t<meta property=\"og:image:height\" content=\"384\" \/>\n\t<meta property=\"og:image:type\" content=\"image\/jpeg\" \/>\n<meta name=\"author\" content=\"Laura Hern\u00e1ndez\" \/>\n<meta name=\"twitter:card\" content=\"summary_large_image\" \/>\n<meta name=\"twitter:creator\" content=\"@FutbolHoyCol\" \/>\n<meta name=\"twitter:site\" content=\"@FutbolHoyCol\" \/>\n<meta name=\"twitter:label1\" content=\"Escrito por\" \/>\n\t<meta name=\"twitter:data1\" content=\"Laura Hern\u00e1ndez\" \/>\n\t<meta name=\"twitter:label2\" content=\"Tiempo de lectura\" \/>\n\t<meta name=\"twitter:data2\" content=\"1 minuto\" \/>\n<script type=\"application\/ld+json\" class=\"yoast-schema-graph\">{\"@context\":\"https:\/\/schema.org\",\"@graph\":[{\"@type\":\"Article\",\"@id\":\"https:\/\/futbolhoy.co\/index.php\/2020\/06\/26\/pinto-dirigira-emiratos-arabes-unidos\/#article\",\"isPartOf\":{\"@id\":\"https:\/\/futbolhoy.co\/index.php\/2020\/06\/26\/pinto-dirigira-emiratos-arabes-unidos\/\"},\"author\":{\"name\":\"Laura Hern\u00e1ndez\",\"@id\":\"https:\/\/futbolhoy.co\/#\/schema\/person\/c4a353a512b127643723a34bb1812f7d\"},\"headline\":\"Pinto dirigir\u00e1 Emiratos \u00c1rabes Unidos\",\"datePublished\":\"2020-06-26T21:43:55+00:00\",\"mainEntityOfPage\":{\"@id\":\"https:\/\/futbolhoy.co\/index.php\/2020\/06\/26\/pinto-dirigira-emiratos-arabes-unidos\/\"},\"wordCount\":208,\"commentCount\":0,\"publisher\":{\"@id\":\"https:\/\/futbolhoy.co\/#organization\"},\"image\":{\"@id\":\"https:\/\/futbolhoy.co\/index.php\/2020\/06\/26\/pinto-dirigira-emiratos-arabes-unidos\/#primaryimage\"},\"thumbnailUrl\":\"https:\/\/futbolhoy.co\/wp-content\/uploads\/2020\/06\/20200625_185208.jpg\",\"articleSection\":[\"Mundo Futbol\"],\"inLanguage\":\"es\",\"potentialAction\":[{\"@type\":\"CommentAction\",\"name\":\"Comment\",\"target\":[\"https:\/\/futbolhoy.co\/index.php\/2020\/06\/26\/pinto-dirigira-emiratos-arabes-unidos\/#respond\"]}]},{\"@type\":\"WebPage\",\"@id\":\"https:\/\/futbolhoy.co\/index.php\/2020\/06\/26\/pinto-dirigira-emiratos-arabes-unidos\/\",\"url\":\"https:\/\/futbolhoy.co\/index.php\/2020\/06\/26\/pinto-dirigira-emiratos-arabes-unidos\/\",\"name\":\"Pinto dirigir\u00e1 Emiratos \u00c1rabes Unidos -\",\"isPartOf\":{\"@id\":\"https:\/\/futbolhoy.co\/#website\"},\"primaryImageOfPage\":{\"@id\":\"https:\/\/futbolhoy.co\/index.php\/2020\/06\/26\/pinto-dirigira-emiratos-arabes-unidos\/#primaryimage\"},\"image\":{\"@id\":\"https:\/\/futbolhoy.co\/index.php\/2020\/06\/26\/pinto-dirigira-emiratos-arabes-unidos\/#primaryimage\"},\"thumbnailUrl\":\"https:\/\/futbolhoy.co\/wp-content\/uploads\/2020\/06\/20200625_185208.jpg\",\"datePublished\":\"2020-06-26T21:43:55+00:00\",\"breadcrumb\":{\"@id\":\"https:\/\/futbolhoy.co\/index.php\/2020\/06\/26\/pinto-dirigira-emiratos-arabes-unidos\/#breadcrumb\"},\"inLanguage\":\"es\",\"potentialAction\":[{\"@type\":\"ReadAction\",\"target\":[\"https:\/\/futbolhoy.co\/index.php\/2020\/06\/26\/pinto-dirigira-emiratos-arabes-unidos\/\"]}]},{\"@type\":\"ImageObject\",\"inLanguage\":\"es\",\"@id\":\"https:\/\/futbolhoy.co\/index.php\/2020\/06\/26\/pinto-dirigira-emiratos-arabes-unidos\/#primaryimage\",\"url\":\"https:\/\/futbolhoy.co\/wp-content\/uploads\/2020\/06\/20200625_185208.jpg\",\"contentUrl\":\"https:\/\/futbolhoy.co\/wp-content\/uploads\/2020\/06\/20200625_185208.jpg\",\"width\":512,\"height\":384},{\"@type\":\"BreadcrumbList\",\"@id\":\"https:\/\/futbolhoy.co\/index.php\/2020\/06\/26\/pinto-dirigira-emiratos-arabes-unidos\/#breadcrumb\",\"itemListElement\":[{\"@type\":\"ListItem\",\"position\":1,\"name\":\"Portada\",\"item\":\"https:\/\/futbolhoy.co\/\"},{\"@type\":\"ListItem\",\"position\":2,\"name\":\"Pinto dirigir\u00e1 Emiratos \u00c1rabes Unidos\"}]},{\"@type\":\"WebSite\",\"@id\":\"https:\/\/futbolhoy.co\/#website\",\"url\":\"https:\/\/futbolhoy.co\/\",\"name\":\"FutbolHoy\",\"description\":\"\",\"publisher\":{\"@id\":\"https:\/\/futbolhoy.co\/#organization\"},\"potentialAction\":[{\"@type\":\"SearchAction\",\"target\":{\"@type\":\"EntryPoint\",\"urlTemplate\":\"https:\/\/futbolhoy.co\/?s={search_term_string}\"},\"query-input\":{\"@type\":\"PropertyValueSpecification\",\"valueRequired\":true,\"valueName\":\"search_term_string\"}}],\"inLanguage\":\"es\"},{\"@type\":\"Organization\",\"@id\":\"https:\/\/futbolhoy.co\/#organization\",\"name\":\"Futbolhoy.co\",\"url\":\"https:\/\/futbolhoy.co\/\",\"logo\":{\"@type\":\"ImageObject\",\"inLanguage\":\"es\",\"@id\":\"https:\/\/futbolhoy.co\/#\/schema\/logo\/image\/\",\"url\":\"https:\/\/futbolhoy.co\/wp-content\/uploads\/2018\/08\/17426380_1906371736249227_6326180412931521141_n.jpg\",\"contentUrl\":\"https:\/\/futbolhoy.co\/wp-content\/uploads\/2018\/08\/17426380_1906371736249227_6326180412931521141_n.jpg\",\"width\":960,\"height\":960,\"caption\":\"Futbolhoy.co\"},\"image\":{\"@id\":\"https:\/\/futbolhoy.co\/#\/schema\/logo\/image\/\"},\"sameAs\":[\"https:\/\/www.facebook.com\/FutbolHoyCol\/\",\"https:\/\/x.com\/FutbolHoyCol\",\"https:\/\/www.instagram.com\/futbolhoycol\/\"]},{\"@type\":\"Person\",\"@id\":\"https:\/\/futbolhoy.co\/#\/schema\/person\/c4a353a512b127643723a34bb1812f7d\",\"name\":\"Laura Hern\u00e1ndez\",\"image\":{\"@type\":\"ImageObject\",\"inLanguage\":\"es\",\"@id\":\"https:\/\/futbolhoy.co\/#\/schema\/person\/image\/\",\"url\":\"https:\/\/secure.gravatar.com\/avatar\/d25959a15b9b293a743f99181c7cfd01?s=96&d=mm&r=g\",\"contentUrl\":\"https:\/\/secure.gravatar.com\/avatar\/d25959a15b9b293a743f99181c7cfd01?s=96&d=mm&r=g\",\"caption\":\"Laura Hern\u00e1ndez\"}}]}<\/script>\n<!-- \/ Yoast SEO plugin. -->","yoast_head_json":{"title":"Pinto dirigir\u00e1 Emiratos \u00c1rabes Unidos -","robots":{"index":"index","follow":"follow","max-snippet":"max-snippet:-1","max-image-preview":"max-image-preview:large","max-video-preview":"max-video-preview:-1"},"canonical":"https:\/\/futbolhoy.co\/index.php\/2020\/06\/26\/pinto-dirigira-emiratos-arabes-unidos\/","og_locale":"es_ES","og_type":"article","og_title":"Pinto dirigir\u00e1 Emiratos \u00c1rabes Unidos -","og_description":"Jorge Luis Pinto - T\u00e9cnico \/ Cortes\u00eda Blu Radio\u00a0 El t\u00e9cnico santandereano\u00a0Jorge Luis Pinto\u00a0anunci\u00f3 que tiene un pre acuerdo con la\u00a0Federaci\u00f3n de F\u00fatbol de Emiratos \u00c1rabes Unidos\u00a0para dirigir la selecci\u00f3n absoluta en las eliminatorias al\u00a0Mundial Qatar 2022. Pinto, de 67 a\u00f1os, quien dirigi\u00f3 a\u00a0Millonarios\u00a0el a\u00f1o 2019, ha estado al frente de las selecciones de\u00a0Costa Rica,\u00a0Colombia\u00a0y\u00a0Honduras. [&hellip;]","og_url":"https:\/\/futbolhoy.co\/index.php\/2020\/06\/26\/pinto-dirigira-emiratos-arabes-unidos\/","article_publisher":"https:\/\/www.facebook.com\/FutbolHoyCol\/","article_published_time":"2020-06-26T21:43:55+00:00","og_image":[{"width":512,"height":384,"url":"https:\/\/futbolhoy.co\/wp-content\/uploads\/2020\/06\/20200625_185208.jpg","type":"image\/jpeg"}],"author":"Laura Hern\u00e1ndez","twitter_card":"summary_large_image","twitter_creator":"@FutbolHoyCol","twitter_site":"@FutbolHoyCol","twitter_misc":{"Escrito por":"Laura Hern\u00e1ndez","Tiempo de lectura":"1 minuto"},"schema":{"@context":"https:\/\/schema.org","@graph":[{"@type":"Article","@id":"https:\/\/futbolhoy.co\/index.php\/2020\/06\/26\/pinto-dirigira-emiratos-arabes-unidos\/#article","isPartOf":{"@id":"https:\/\/futbolhoy.co\/index.php\/2020\/06\/26\/pinto-dirigira-emiratos-arabes-unidos\/"},"author":{"name":"Laura Hern\u00e1ndez","@id":"https:\/\/futbolhoy.co\/#\/schema\/person\/c4a353a512b127643723a34bb1812f7d"},"headline":"Pinto dirigir\u00e1 Emiratos \u00c1rabes Unidos","datePublished":"2020-06-26T21:43:55+00:00","mainEntityOfPage":{"@id":"https:\/\/futbolhoy.co\/index.php\/2020\/06\/26\/pinto-dirigira-emiratos-arabes-unidos\/"},"wordCount":208,"commentCount":0,"publisher":{"@id":"https:\/\/futbolhoy.co\/#organization"},"image":{"@id":"https:\/\/futbolhoy.co\/index.php\/2020\/06\/26\/pinto-dirigira-emiratos-arabes-unidos\/#primaryimage"},"thumbnailUrl":"https:\/\/futbolhoy.co\/wp-content\/uploads\/2020\/06\/20200625_185208.jpg","articleSection":["Mundo Futbol"],"inLanguage":"es","potentialAction":[{"@type":"CommentAction","name":"Comment","target":["https:\/\/futbolhoy.co\/index.php\/2020\/06\/26\/pinto-dirigira-emiratos-arabes-unidos\/#respond"]}]},{"@type":"WebPage","@id":"https:\/\/futbolhoy.co\/index.php\/2020\/06\/26\/pinto-dirigira-emiratos-arabes-unidos\/","url":"https:\/\/futbolhoy.co\/index.php\/2020\/06\/26\/pinto-dirigira-emiratos-arabes-unidos\/","name":"Pinto dirigir\u00e1 Emiratos \u00c1rabes Unidos -","isPartOf":{"@id":"https:\/\/futbolhoy.co\/#website"},"primaryImageOfPage":{"@id":"https:\/\/futbolhoy.co\/index.php\/2020\/06\/26\/pinto-dirigira-emiratos-arabes-unidos\/#primaryimage"},"image":{"@id":"https:\/\/futbolhoy.co\/index.php\/2020\/06\/26\/pinto-dirigira-emiratos-arabes-unidos\/#primaryimage"},"thumbnailUrl":"https:\/\/futbolhoy.co\/wp-content\/uploads\/2020\/06\/20200625_185208.jpg","datePublished":"2020-06-26T21:43:55+00:00","breadcrumb":{"@id":"https:\/\/futbolhoy.co\/index.php\/2020\/06\/26\/pinto-dirigira-emiratos-arabes-unidos\/#breadcrumb"},"inLanguage":"es","potentialAction":[{"@type":"ReadAction","target":["https:\/\/futbolhoy.co\/index.php\/2020\/06\/26\/pinto-dirigira-emiratos-arabes-unidos\/"]}]},{"@type":"ImageObject","inLanguage":"es","@id":"https:\/\/futbolhoy.co\/index.php\/2020\/06\/26\/pinto-dirigira-emiratos-arabes-unidos\/#primaryimage","url":"https:\/\/futbolhoy.co\/wp-content\/uploads\/2020\/06\/20200625_185208.jpg","contentUrl":"https:\/\/futbolhoy.co\/wp-content\/uploads\/2020\/06\/20200625_185208.jpg","width":512,"height":384},{"@type":"BreadcrumbList","@id":"https:\/\/futbolhoy.co\/index.php\/2020\/06\/26\/pinto-dirigira-emiratos-arabes-unidos\/#breadcrumb","itemListElement":[{"@type":"ListItem","position":1,"name":"Portada","item":"https:\/\/futbolhoy.co\/"},{"@type":"ListItem","position":2,"name":"Pinto dirigir\u00e1 Emiratos \u00c1rabes Unidos"}]},{"@type":"WebSite","@id":"https:\/\/futbolhoy.co\/#website","url":"https:\/\/futbolhoy.co\/","name":"FutbolHoy","description":"","publisher":{"@id":"https:\/\/futbolhoy.co\/#organization"},"potentialAction":[{"@type":"SearchAction","target":{"@type":"EntryPoint","urlTemplate":"https:\/\/futbolhoy.co\/?s={search_term_string}"},"query-input":{"@type":"PropertyValueSpecification","valueRequired":true,"valueName":"search_term_string"}}],"inLanguage":"es"},{"@type":"Organization","@id":"https:\/\/futbolhoy.co\/#organization","name":"Futbolhoy.co","url":"https:\/\/futbolhoy.co\/","logo":{"@type":"ImageObject","inLanguage":"es","@id":"https:\/\/futbolhoy.co\/#\/schema\/logo\/image\/","url":"https:\/\/futbolhoy.co\/wp-content\/uploads\/2018\/08\/17426380_1906371736249227_6326180412931521141_n.jpg","contentUrl":"https:\/\/futbolhoy.co\/wp-content\/uploads\/2018\/08\/17426380_1906371736249227_6326180412931521141_n.jpg","width":960,"height":960,"caption":"Futbolhoy.co"},"image":{"@id":"https:\/\/futbolhoy.co\/#\/schema\/logo\/image\/"},"sameAs":["https:\/\/www.facebook.com\/FutbolHoyCol\/","https:\/\/x.com\/FutbolHoyCol","https:\/\/www.instagram.com\/futbolhoycol\/"]},{"@type":"Person","@id":"https:\/\/futbolhoy.co\/#\/schema\/person\/c4a353a512b127643723a34bb1812f7d","name":"Laura Hern\u00e1ndez","image":{"@type":"ImageObject","inLanguage":"es","@id":"https:\/\/futbolhoy.co\/#\/schema\/person\/image\/","url":"https:\/\/secure.gravatar.com\/avatar\/d25959a15b9b293a743f99181c7cfd01?s=96&d=mm&r=g","contentUrl":"https:\/\/secure.gravatar.com\/avatar\/d25959a15b9b293a743f99181c7cfd01?s=96&d=mm&r=g","caption":"Laura Hern\u00e1ndez"}}]}},"publishpress_future_action":{"enabled":false,"date":"2026-05-06 06:15:14","action":"change-status","newStatus":"draft","terms":[],"taxonomy":"category","extraData":[]},"publishpress_future_workflow_manual_trigger":{"enabledWorkflows":[]},"_links":{"self":[{"href":"https:\/\/futbolhoy.co\/index.php\/wp-json\/wp\/v2\/posts\/52802","targetHints":{"allow":["GET"]}}],"collection":[{"href":"https:\/\/futbolhoy.co\/index.php\/wp-json\/wp\/v2\/posts"}],"about":[{"href":"https:\/\/futbolhoy.co\/index.php\/wp-json\/wp\/v2\/types\/post"}],"author":[{"embeddable":true,"href":"https:\/\/futbolhoy.co\/index.php\/wp-json\/wp\/v2\/users\/5"}],"replies":[{"embeddable":true,"href":"https:\/\/futbolhoy.co\/index.php\/wp-json\/wp\/v2\/comments?post=52802"}],"version-history":[{"count":1,"href":"https:\/\/futbolhoy.co\/index.php\/wp-json\/wp\/v2\/posts\/52802\/revisions"}],"predecessor-version":[{"id":52805,"href":"https:\/\/futbolhoy.co\/index.php\/wp-json\/wp\/v2\/posts\/52802\/revisions\/52805"}],"wp:featuredmedia":[{"embeddable":true,"href":"https:\/\/futbolhoy.co\/index.php\/wp-json\/wp\/v2\/media\/52804"}],"wp:attachment":[{"href":"https:\/\/futbolhoy.co\/index.php\/wp-json\/wp\/v2\/media?parent=52802"}],"wp:term":[{"taxonomy":"category","embeddable":true,"href":"https:\/\/futbolhoy.co\/index.php\/wp-json\/wp\/v2\/categories?post=52802"},{"taxonomy":"post_tag","embeddable":true,"href":"https:\/\/futbolhoy.co\/index.php\/wp-json\/wp\/v2\/tags?post=52802"}],"curies":[{"name":"wp","href":"https:\/\/api.w.org\/{rel}","templated":true}]}}