{"id":5282,"date":"2017-09-12T21:01:39","date_gmt":"2017-09-13T02:01:39","guid":{"rendered":"http:\/\/futbolhoy.co\/?p=5282"},"modified":"2017-09-18T21:41:59","modified_gmt":"2017-09-19T02:41:59","slug":"destacada-actuacion-de-james-en-inicio-de-la-champions","status":"publish","type":"post","link":"https:\/\/futbolhoy.co\/index.php\/2017\/09\/12\/destacada-actuacion-de-james-en-inicio-de-la-champions\/","title":{"rendered":"Destacada actuaci\u00f3n de James en inicio de la Champions"},"content":{"rendered":"<p style=\"text-align: justify;\">James Rodr\u00edguez, con Bayern Munich, y Felipe Pardo, con Olympiacos, \u00a0fueron los colombianos m\u00e1s destacados en el inicio de la fase de grupos de la Liga de Campeones.<\/p>\n<p style=\"text-align: justify;\">Bayern, con James durante 85 minutos, venci\u00f3 3-0 al Anderlecht y junto a PSG dominan el grupo B del torneo con 3 puntos, cada uno.<\/p>\n<p style=\"text-align: justify;\">Par\u00eds Saint-Germain sum\u00f3 tras golear 5-0 al Celtic.<\/p>\n<p style=\"text-align: justify;\">Rodr\u00edguez, que jug\u00f3 como volante central acompa\u00f1ando de Franck Ribery y Arjen Robben, tuvo dos remates claros al arco del portero Matz Sels que se exigi\u00f3 para controlar.<\/p>\n<p style=\"text-align: justify;\">El colombiano, que apenas debut\u00f3 el fin de semana en la Bundesliga debido a una lesi\u00f3n muscular, organiz\u00f3 desde la mitad del campo, pis\u00f3 en algunas oportunidades el \u00e1rea y particip\u00f3 en varias acciones de riesgo junto a Robert Lewandowski.<\/p>\n<p style=\"text-align: justify;\">James fue aplaudido cuando dej\u00f3 el campo, a cinco minutos del final.<\/p>\n<p style=\"text-align: justify;\">Entretanto, Olympiacos con doblete de Pardo cay\u00f3 en casa 3-2 ante Sporting de Lisboa.<\/p>\n<p style=\"text-align: justify;\">Pardo ingres\u00f3 al minuto 78 y logr\u00f3 los goles de su club al minuto 89 y 93 de juego.<\/p>\n<p style=\"text-align: justify;\">En otro partido de la fecha, Manchester United se impuso 3-0 a Basilea, que cont\u00f3 durante todo el juego con \u00c9der \u00c1lvarez Balanta, amonestado a los 28 minutos.<\/p>\n<p style=\"text-align: justify;\"><em>Resultados de la jornada:<\/em><\/p>\n<p style=\"text-align: justify;\">Barcelona\u00a0 3 \u2013 0\u00a0 Juventus (Juan Guillermo Cuadrado suspendido)<\/p>\n<p style=\"text-align: justify;\">Olympiakos (Felipe Pardo ingres\u00f3 al 78m y dos goles)\u00a0 2 \u2013 3\u00a0 Sporting de Lisboa<\/p>\n<p style=\"text-align: justify;\">Chelsea\u00a0 6 \u2013 0\u00a0 Qarabag<\/p>\n<p style=\"text-align: justify;\">Roma\u00a0 0 \u2013 0\u00a0 Atl.Madrid<\/p>\n<p style=\"text-align: justify;\">Bayern Munich (James Rodr\u00edguez 85m)\u00a0 3 \u2013 0\u00a0 Anderlecht<\/p>\n<p style=\"text-align: justify;\">Celtic\u00a0 0 \u2013 5\u00a0 PSG<\/p>\n<p style=\"text-align: justify;\">Benfica\u00a0 1 \u2013 2\u00a0 CSKA Mosc\u00fa<\/p>\n<p style=\"text-align: justify;\">Manchester Utd.\u00a0\u00a03 \u2013 0\u00a0 Basilea (\u00c9der \u00c1lvarez Balanta 90m y amarilla).<\/p>\n","protected":false},"excerpt":{"rendered":"<p>James Rodr\u00edguez, con Bayern Munich, y Felipe Pardo, con Olympiacos, \u00a0fueron los colombianos m\u00e1s destacados en el inicio de la fase de grupos de la Liga de Campeones. Bayern, con James durante 85 minutos, venci\u00f3 3-0 al Anderlecht y junto a PSG dominan el grupo B del torneo con 3 puntos, cada uno. Par\u00eds Saint-Germain [&hellip;]<\/p>\n","protected":false},"author":4,"featured_media":5283,"comment_status":"open","ping_status":"closed","sticky":false,"template":"","format":"standard","meta":{"_acf_changed":false,"footnotes":""},"categories":[153],"tags":[88,81,87],"class_list":{"0":"post-5282","1":"post","2":"type-post","3":"status-publish","4":"format-standard","5":"has-post-thumbnail","7":"category-selecion-colombia","8":"tag-bayern-munich","9":"tag-champions-league","10":"tag-james-rodriguez"},"acf":[],"_links":{"self":[{"href":"https:\/\/futbolhoy.co\/index.php\/wp-json\/wp\/v2\/posts\/5282","targetHints":{"allow":["GET"]}}],"collection":[{"href":"https:\/\/futbolhoy.co\/index.php\/wp-json\/wp\/v2\/posts"}],"about":[{"href":"https:\/\/futbolhoy.co\/index.php\/wp-json\/wp\/v2\/types\/post"}],"author":[{"embeddable":true,"href":"https:\/\/futbolhoy.co\/index.php\/wp-json\/wp\/v2\/users\/4"}],"replies":[{"embeddable":true,"href":"https:\/\/futbolhoy.co\/index.php\/wp-json\/wp\/v2\/comments?post=5282"}],"version-history":[{"count":1,"href":"https:\/\/futbolhoy.co\/index.php\/wp-json\/wp\/v2\/posts\/5282\/revisions"}],"predecessor-version":[{"id":5284,"href":"https:\/\/futbolhoy.co\/index.php\/wp-json\/wp\/v2\/posts\/5282\/revisions\/5284"}],"wp:featuredmedia":[{"embeddable":true,"href":"https:\/\/futbolhoy.co\/index.php\/wp-json\/wp\/v2\/media\/5283"}],"wp:attachment":[{"href":"https:\/\/futbolhoy.co\/index.php\/wp-json\/wp\/v2\/media?parent=5282"}],"wp:term":[{"taxonomy":"category","embeddable":true,"href":"https:\/\/futbolhoy.co\/index.php\/wp-json\/wp\/v2\/categories?post=5282"},{"taxonomy":"post_tag","embeddable":true,"href":"https:\/\/futbolhoy.co\/index.php\/wp-json\/wp\/v2\/tags?post=5282"}],"curies":[{"name":"wp","href":"https:\/\/api.w.org\/{rel}","templated":true}]}}