{"id":52827,"date":"2020-06-26T16:53:49","date_gmt":"2020-06-26T21:53:49","guid":{"rendered":"https:\/\/futbolhoy.co\/?p=52827"},"modified":"2020-06-26T17:22:46","modified_gmt":"2020-06-26T22:22:46","slug":"un-dia-como-hoy-se-profesionalizo-el-futbol-colombiano","status":"publish","type":"post","link":"https:\/\/futbolhoy.co\/index.php\/2020\/06\/26\/un-dia-como-hoy-se-profesionalizo-el-futbol-colombiano\/","title":{"rendered":"Un d\u00eda como hoy: se profesionaliz\u00f3 el f\u00fatbol colombiano"},"content":{"rendered":"<p style=\"text-align: justify;\"><span style=\"font-family: helvetica, arial, sans-serif;\">El 26 de junio de 1948, hace 72 a\u00f1os, se decidi\u00f3 profesionalizar el f\u00fatbol colombiano y agremiarlo en una sola entidad, naciendo lo que hoy se conoce como la <strong>Dimayor.<\/strong><\/span><\/p>\n<p style=\"text-align: justify;\"><span style=\"font-family: helvetica, arial, sans-serif;\">Desde entonces se han disputado 91 campeonatos, coronando 14 equipos distintos. <strong>Atl\u00e9tico Nacional<\/strong> es el cuadro m\u00e1s ganador de la Liga con 16 t\u00edtulos, seguido de <strong>Millonarios<\/strong> con 15 y de <strong>Am\u00e9rica<\/strong> con 14.<\/span><\/p>\n<p style=\"text-align: justify;\"><span style=\"font-family: helvetica, arial, sans-serif;\">A trav\u00e9s de los a\u00f1os se han sumado distintas competencias profesionales, como la <strong>Copa Colombia,<\/strong> la <strong>Superliga<\/strong> y, desde el 2017, la<strong> Liga femenina<\/strong>.<\/span><\/p>\n<p style=\"text-align: justify;\"><span style=\"font-family: helvetica, arial, sans-serif;\">En el torneo local, <strong>Sergio Galv\u00e1n Rey<\/strong> es el m\u00e1ximo goleador hist\u00f3rico, con 224 anotaciones; mientras que <strong>Gabriel Berdugo<\/strong> conserva el r\u00e9cord de jugador con m\u00e1s partidos, con 733 disputados.<\/span><\/p>\n<p style=\"text-align: justify;\"><span style=\"font-family: helvetica, arial, sans-serif;\">En 72 a\u00f1os de historia, los equipos que m\u00e1s puntos han sumado a lo largo de todos los torneos son: Millonarios (5338), Nacional (5245), Cali (5197), Am\u00e9rica (4735) y Santa Fe (4714).<\/span><\/p>\n<blockquote class=\"twitter-tweet\">\n<p dir=\"ltr\" lang=\"es\"><a href=\"https:\/\/twitter.com\/hashtag\/72A%C3%B1osDeHistoria?src=hash&amp;ref_src=twsrc%5Etfw\">#72A\u00f1osDeHistoria<\/a><\/p>\n<p>\u26bd\ufe0f\ud83e\udd73 La historia del FPC comenz\u00f3 a escribirse hace 72 a\u00f1os. El 26 de junio de 1948 decidieron profesionalizar el balompi\u00e9 nacional y de esa forma crear la Divisi\u00f3n Mayor del F\u00fatbol Colombiano \u2013 DIMAYOR. \u26bd\ufe0f\ud83e\udd73<\/p>\n<p>Toda la historia\ud83d\udc49<a href=\"https:\/\/t.co\/4WqCaRtb96\">https:\/\/t.co\/4WqCaRtb96<\/a> <a href=\"https:\/\/t.co\/yqDYmYEdai\">pic.twitter.com\/yqDYmYEdai<\/a><\/p>\n<p>\u2014 DIMAYOR (@Dimayor) <a href=\"https:\/\/twitter.com\/Dimayor\/status\/1276506993763717120?ref_src=twsrc%5Etfw\">June 26, 2020<\/a><\/p><\/blockquote>\n<p><script async src=\"https:\/\/platform.twitter.com\/widgets.js\" charset=\"utf-8\"><\/script><\/p>\n","protected":false},"excerpt":{"rendered":"<p>El 26 de junio de 1948, hace 72 a\u00f1os, se decidi\u00f3 profesionalizar el f\u00fatbol colombiano y agremiarlo en una sola entidad, naciendo lo que hoy se conoce como la Dimayor. Desde entonces se han disputado 91 campeonatos, coronando 14 equipos distintos. Atl\u00e9tico Nacional es el cuadro m\u00e1s ganador de la Liga con 16 t\u00edtulos, seguido [&hellip;]<\/p>\n","protected":false},"author":5,"featured_media":52828,"comment_status":"open","ping_status":"open","sticky":false,"template":"","format":"video","meta":{"_acf_changed":false,"footnotes":""},"categories":[7],"tags":[117],"class_list":{"0":"post-52827","1":"post","2":"type-post","3":"status-publish","4":"format-video","5":"has-post-thumbnail","7":"category-liga-betplay","8":"tag-dimayor","9":"post_format-post-format-video"},"acf":[],"yoast_head":"<!-- This site is optimized with the Yoast SEO plugin v26.8 - https:\/\/yoast.com\/product\/yoast-seo-wordpress\/ -->\n<title>Un d\u00eda como hoy: se profesionaliz\u00f3 el f\u00fatbol colombiano -<\/title>\n<meta name=\"robots\" content=\"index, follow, max-snippet:-1, max-image-preview:large, max-video-preview:-1\" \/>\n<link rel=\"canonical\" href=\"https:\/\/futbolhoy.co\/index.php\/2020\/06\/26\/un-dia-como-hoy-se-profesionalizo-el-futbol-colombiano\/\" \/>\n<meta property=\"og:locale\" content=\"es_ES\" \/>\n<meta property=\"og:type\" content=\"article\" \/>\n<meta property=\"og:title\" content=\"Un d\u00eda como hoy: se profesionaliz\u00f3 el f\u00fatbol colombiano -\" \/>\n<meta property=\"og:description\" content=\"El 26 de junio de 1948, hace 72 a\u00f1os, se decidi\u00f3 profesionalizar el f\u00fatbol colombiano y agremiarlo en una sola entidad, naciendo lo que hoy se conoce como la Dimayor. Desde entonces se han disputado 91 campeonatos, coronando 14 equipos distintos. Atl\u00e9tico Nacional es el cuadro m\u00e1s ganador de la Liga con 16 t\u00edtulos, seguido [&hellip;]\" \/>\n<meta property=\"og:url\" content=\"https:\/\/futbolhoy.co\/index.php\/2020\/06\/26\/un-dia-como-hoy-se-profesionalizo-el-futbol-colombiano\/\" \/>\n<meta property=\"article:publisher\" content=\"https:\/\/www.facebook.com\/FutbolHoyCol\/\" \/>\n<meta property=\"article:published_time\" content=\"2020-06-26T21:53:49+00:00\" \/>\n<meta property=\"article:modified_time\" content=\"2020-06-26T22:22:46+00:00\" \/>\n<meta property=\"og:image\" content=\"https:\/\/futbolhoy.co\/wp-content\/uploads\/2020\/06\/EbcvTnHWoAA6e-P.jpg\" \/>\n\t<meta property=\"og:image:width\" content=\"900\" \/>\n\t<meta property=\"og:image:height\" content=\"900\" \/>\n\t<meta property=\"og:image:type\" content=\"image\/jpeg\" \/>\n<meta name=\"author\" content=\"Laura Hern\u00e1ndez\" \/>\n<meta name=\"twitter:card\" content=\"summary_large_image\" \/>\n<meta name=\"twitter:creator\" content=\"@FutbolHoyCol\" \/>\n<meta name=\"twitter:site\" content=\"@FutbolHoyCol\" \/>\n<meta name=\"twitter:label1\" content=\"Escrito por\" \/>\n\t<meta name=\"twitter:data1\" content=\"Laura Hern\u00e1ndez\" \/>\n\t<meta name=\"twitter:label2\" content=\"Tiempo de lectura\" \/>\n\t<meta name=\"twitter:data2\" content=\"1 minuto\" \/>\n<script type=\"application\/ld+json\" class=\"yoast-schema-graph\">{\"@context\":\"https:\/\/schema.org\",\"@graph\":[{\"@type\":\"Article\",\"@id\":\"https:\/\/futbolhoy.co\/index.php\/2020\/06\/26\/un-dia-como-hoy-se-profesionalizo-el-futbol-colombiano\/#article\",\"isPartOf\":{\"@id\":\"https:\/\/futbolhoy.co\/index.php\/2020\/06\/26\/un-dia-como-hoy-se-profesionalizo-el-futbol-colombiano\/\"},\"author\":{\"name\":\"Laura Hern\u00e1ndez\",\"@id\":\"https:\/\/futbolhoy.co\/#\/schema\/person\/c4a353a512b127643723a34bb1812f7d\"},\"headline\":\"Un d\u00eda como hoy: se profesionaliz\u00f3 el f\u00fatbol colombiano\",\"datePublished\":\"2020-06-26T21:53:49+00:00\",\"dateModified\":\"2020-06-26T22:22:46+00:00\",\"mainEntityOfPage\":{\"@id\":\"https:\/\/futbolhoy.co\/index.php\/2020\/06\/26\/un-dia-como-hoy-se-profesionalizo-el-futbol-colombiano\/\"},\"wordCount\":209,\"commentCount\":0,\"publisher\":{\"@id\":\"https:\/\/futbolhoy.co\/#organization\"},\"image\":{\"@id\":\"https:\/\/futbolhoy.co\/index.php\/2020\/06\/26\/un-dia-como-hoy-se-profesionalizo-el-futbol-colombiano\/#primaryimage\"},\"thumbnailUrl\":\"https:\/\/futbolhoy.co\/wp-content\/uploads\/2020\/06\/EbcvTnHWoAA6e-P.jpg\",\"keywords\":[\"Dimayor\"],\"articleSection\":[\"Liga BetPlay\"],\"inLanguage\":\"es\",\"potentialAction\":[{\"@type\":\"CommentAction\",\"name\":\"Comment\",\"target\":[\"https:\/\/futbolhoy.co\/index.php\/2020\/06\/26\/un-dia-como-hoy-se-profesionalizo-el-futbol-colombiano\/#respond\"]}]},{\"@type\":\"WebPage\",\"@id\":\"https:\/\/futbolhoy.co\/index.php\/2020\/06\/26\/un-dia-como-hoy-se-profesionalizo-el-futbol-colombiano\/\",\"url\":\"https:\/\/futbolhoy.co\/index.php\/2020\/06\/26\/un-dia-como-hoy-se-profesionalizo-el-futbol-colombiano\/\",\"name\":\"Un d\u00eda como hoy: se profesionaliz\u00f3 el f\u00fatbol colombiano -\",\"isPartOf\":{\"@id\":\"https:\/\/futbolhoy.co\/#website\"},\"primaryImageOfPage\":{\"@id\":\"https:\/\/futbolhoy.co\/index.php\/2020\/06\/26\/un-dia-como-hoy-se-profesionalizo-el-futbol-colombiano\/#primaryimage\"},\"image\":{\"@id\":\"https:\/\/futbolhoy.co\/index.php\/2020\/06\/26\/un-dia-como-hoy-se-profesionalizo-el-futbol-colombiano\/#primaryimage\"},\"thumbnailUrl\":\"https:\/\/futbolhoy.co\/wp-content\/uploads\/2020\/06\/EbcvTnHWoAA6e-P.jpg\",\"datePublished\":\"2020-06-26T21:53:49+00:00\",\"dateModified\":\"2020-06-26T22:22:46+00:00\",\"breadcrumb\":{\"@id\":\"https:\/\/futbolhoy.co\/index.php\/2020\/06\/26\/un-dia-como-hoy-se-profesionalizo-el-futbol-colombiano\/#breadcrumb\"},\"inLanguage\":\"es\",\"potentialAction\":[{\"@type\":\"ReadAction\",\"target\":[\"https:\/\/futbolhoy.co\/index.php\/2020\/06\/26\/un-dia-como-hoy-se-profesionalizo-el-futbol-colombiano\/\"]}]},{\"@type\":\"ImageObject\",\"inLanguage\":\"es\",\"@id\":\"https:\/\/futbolhoy.co\/index.php\/2020\/06\/26\/un-dia-como-hoy-se-profesionalizo-el-futbol-colombiano\/#primaryimage\",\"url\":\"https:\/\/futbolhoy.co\/wp-content\/uploads\/2020\/06\/EbcvTnHWoAA6e-P.jpg\",\"contentUrl\":\"https:\/\/futbolhoy.co\/wp-content\/uploads\/2020\/06\/EbcvTnHWoAA6e-P.jpg\",\"width\":900,\"height\":900},{\"@type\":\"BreadcrumbList\",\"@id\":\"https:\/\/futbolhoy.co\/index.php\/2020\/06\/26\/un-dia-como-hoy-se-profesionalizo-el-futbol-colombiano\/#breadcrumb\",\"itemListElement\":[{\"@type\":\"ListItem\",\"position\":1,\"name\":\"Portada\",\"item\":\"https:\/\/futbolhoy.co\/\"},{\"@type\":\"ListItem\",\"position\":2,\"name\":\"Un d\u00eda como hoy: se profesionaliz\u00f3 el f\u00fatbol colombiano\"}]},{\"@type\":\"WebSite\",\"@id\":\"https:\/\/futbolhoy.co\/#website\",\"url\":\"https:\/\/futbolhoy.co\/\",\"name\":\"FutbolHoy\",\"description\":\"\",\"publisher\":{\"@id\":\"https:\/\/futbolhoy.co\/#organization\"},\"potentialAction\":[{\"@type\":\"SearchAction\",\"target\":{\"@type\":\"EntryPoint\",\"urlTemplate\":\"https:\/\/futbolhoy.co\/?s={search_term_string}\"},\"query-input\":{\"@type\":\"PropertyValueSpecification\",\"valueRequired\":true,\"valueName\":\"search_term_string\"}}],\"inLanguage\":\"es\"},{\"@type\":\"Organization\",\"@id\":\"https:\/\/futbolhoy.co\/#organization\",\"name\":\"Futbolhoy.co\",\"url\":\"https:\/\/futbolhoy.co\/\",\"logo\":{\"@type\":\"ImageObject\",\"inLanguage\":\"es\",\"@id\":\"https:\/\/futbolhoy.co\/#\/schema\/logo\/image\/\",\"url\":\"https:\/\/futbolhoy.co\/wp-content\/uploads\/2018\/08\/17426380_1906371736249227_6326180412931521141_n.jpg\",\"contentUrl\":\"https:\/\/futbolhoy.co\/wp-content\/uploads\/2018\/08\/17426380_1906371736249227_6326180412931521141_n.jpg\",\"width\":960,\"height\":960,\"caption\":\"Futbolhoy.co\"},\"image\":{\"@id\":\"https:\/\/futbolhoy.co\/#\/schema\/logo\/image\/\"},\"sameAs\":[\"https:\/\/www.facebook.com\/FutbolHoyCol\/\",\"https:\/\/x.com\/FutbolHoyCol\",\"https:\/\/www.instagram.com\/futbolhoycol\/\"]},{\"@type\":\"Person\",\"@id\":\"https:\/\/futbolhoy.co\/#\/schema\/person\/c4a353a512b127643723a34bb1812f7d\",\"name\":\"Laura Hern\u00e1ndez\",\"image\":{\"@type\":\"ImageObject\",\"inLanguage\":\"es\",\"@id\":\"https:\/\/futbolhoy.co\/#\/schema\/person\/image\/\",\"url\":\"https:\/\/secure.gravatar.com\/avatar\/d25959a15b9b293a743f99181c7cfd01?s=96&d=mm&r=g\",\"contentUrl\":\"https:\/\/secure.gravatar.com\/avatar\/d25959a15b9b293a743f99181c7cfd01?s=96&d=mm&r=g\",\"caption\":\"Laura Hern\u00e1ndez\"}}]}<\/script>\n<!-- \/ Yoast SEO plugin. -->","yoast_head_json":{"title":"Un d\u00eda como hoy: se profesionaliz\u00f3 el f\u00fatbol colombiano -","robots":{"index":"index","follow":"follow","max-snippet":"max-snippet:-1","max-image-preview":"max-image-preview:large","max-video-preview":"max-video-preview:-1"},"canonical":"https:\/\/futbolhoy.co\/index.php\/2020\/06\/26\/un-dia-como-hoy-se-profesionalizo-el-futbol-colombiano\/","og_locale":"es_ES","og_type":"article","og_title":"Un d\u00eda como hoy: se profesionaliz\u00f3 el f\u00fatbol colombiano -","og_description":"El 26 de junio de 1948, hace 72 a\u00f1os, se decidi\u00f3 profesionalizar el f\u00fatbol colombiano y agremiarlo en una sola entidad, naciendo lo que hoy se conoce como la Dimayor. Desde entonces se han disputado 91 campeonatos, coronando 14 equipos distintos. Atl\u00e9tico Nacional es el cuadro m\u00e1s ganador de la Liga con 16 t\u00edtulos, seguido [&hellip;]","og_url":"https:\/\/futbolhoy.co\/index.php\/2020\/06\/26\/un-dia-como-hoy-se-profesionalizo-el-futbol-colombiano\/","article_publisher":"https:\/\/www.facebook.com\/FutbolHoyCol\/","article_published_time":"2020-06-26T21:53:49+00:00","article_modified_time":"2020-06-26T22:22:46+00:00","og_image":[{"width":900,"height":900,"url":"https:\/\/futbolhoy.co\/wp-content\/uploads\/2020\/06\/EbcvTnHWoAA6e-P.jpg","type":"image\/jpeg"}],"author":"Laura Hern\u00e1ndez","twitter_card":"summary_large_image","twitter_creator":"@FutbolHoyCol","twitter_site":"@FutbolHoyCol","twitter_misc":{"Escrito por":"Laura Hern\u00e1ndez","Tiempo de lectura":"1 minuto"},"schema":{"@context":"https:\/\/schema.org","@graph":[{"@type":"Article","@id":"https:\/\/futbolhoy.co\/index.php\/2020\/06\/26\/un-dia-como-hoy-se-profesionalizo-el-futbol-colombiano\/#article","isPartOf":{"@id":"https:\/\/futbolhoy.co\/index.php\/2020\/06\/26\/un-dia-como-hoy-se-profesionalizo-el-futbol-colombiano\/"},"author":{"name":"Laura Hern\u00e1ndez","@id":"https:\/\/futbolhoy.co\/#\/schema\/person\/c4a353a512b127643723a34bb1812f7d"},"headline":"Un d\u00eda como hoy: se profesionaliz\u00f3 el f\u00fatbol colombiano","datePublished":"2020-06-26T21:53:49+00:00","dateModified":"2020-06-26T22:22:46+00:00","mainEntityOfPage":{"@id":"https:\/\/futbolhoy.co\/index.php\/2020\/06\/26\/un-dia-como-hoy-se-profesionalizo-el-futbol-colombiano\/"},"wordCount":209,"commentCount":0,"publisher":{"@id":"https:\/\/futbolhoy.co\/#organization"},"image":{"@id":"https:\/\/futbolhoy.co\/index.php\/2020\/06\/26\/un-dia-como-hoy-se-profesionalizo-el-futbol-colombiano\/#primaryimage"},"thumbnailUrl":"https:\/\/futbolhoy.co\/wp-content\/uploads\/2020\/06\/EbcvTnHWoAA6e-P.jpg","keywords":["Dimayor"],"articleSection":["Liga BetPlay"],"inLanguage":"es","potentialAction":[{"@type":"CommentAction","name":"Comment","target":["https:\/\/futbolhoy.co\/index.php\/2020\/06\/26\/un-dia-como-hoy-se-profesionalizo-el-futbol-colombiano\/#respond"]}]},{"@type":"WebPage","@id":"https:\/\/futbolhoy.co\/index.php\/2020\/06\/26\/un-dia-como-hoy-se-profesionalizo-el-futbol-colombiano\/","url":"https:\/\/futbolhoy.co\/index.php\/2020\/06\/26\/un-dia-como-hoy-se-profesionalizo-el-futbol-colombiano\/","name":"Un d\u00eda como hoy: se profesionaliz\u00f3 el f\u00fatbol colombiano -","isPartOf":{"@id":"https:\/\/futbolhoy.co\/#website"},"primaryImageOfPage":{"@id":"https:\/\/futbolhoy.co\/index.php\/2020\/06\/26\/un-dia-como-hoy-se-profesionalizo-el-futbol-colombiano\/#primaryimage"},"image":{"@id":"https:\/\/futbolhoy.co\/index.php\/2020\/06\/26\/un-dia-como-hoy-se-profesionalizo-el-futbol-colombiano\/#primaryimage"},"thumbnailUrl":"https:\/\/futbolhoy.co\/wp-content\/uploads\/2020\/06\/EbcvTnHWoAA6e-P.jpg","datePublished":"2020-06-26T21:53:49+00:00","dateModified":"2020-06-26T22:22:46+00:00","breadcrumb":{"@id":"https:\/\/futbolhoy.co\/index.php\/2020\/06\/26\/un-dia-como-hoy-se-profesionalizo-el-futbol-colombiano\/#breadcrumb"},"inLanguage":"es","potentialAction":[{"@type":"ReadAction","target":["https:\/\/futbolhoy.co\/index.php\/2020\/06\/26\/un-dia-como-hoy-se-profesionalizo-el-futbol-colombiano\/"]}]},{"@type":"ImageObject","inLanguage":"es","@id":"https:\/\/futbolhoy.co\/index.php\/2020\/06\/26\/un-dia-como-hoy-se-profesionalizo-el-futbol-colombiano\/#primaryimage","url":"https:\/\/futbolhoy.co\/wp-content\/uploads\/2020\/06\/EbcvTnHWoAA6e-P.jpg","contentUrl":"https:\/\/futbolhoy.co\/wp-content\/uploads\/2020\/06\/EbcvTnHWoAA6e-P.jpg","width":900,"height":900},{"@type":"BreadcrumbList","@id":"https:\/\/futbolhoy.co\/index.php\/2020\/06\/26\/un-dia-como-hoy-se-profesionalizo-el-futbol-colombiano\/#breadcrumb","itemListElement":[{"@type":"ListItem","position":1,"name":"Portada","item":"https:\/\/futbolhoy.co\/"},{"@type":"ListItem","position":2,"name":"Un d\u00eda como hoy: se profesionaliz\u00f3 el f\u00fatbol colombiano"}]},{"@type":"WebSite","@id":"https:\/\/futbolhoy.co\/#website","url":"https:\/\/futbolhoy.co\/","name":"FutbolHoy","description":"","publisher":{"@id":"https:\/\/futbolhoy.co\/#organization"},"potentialAction":[{"@type":"SearchAction","target":{"@type":"EntryPoint","urlTemplate":"https:\/\/futbolhoy.co\/?s={search_term_string}"},"query-input":{"@type":"PropertyValueSpecification","valueRequired":true,"valueName":"search_term_string"}}],"inLanguage":"es"},{"@type":"Organization","@id":"https:\/\/futbolhoy.co\/#organization","name":"Futbolhoy.co","url":"https:\/\/futbolhoy.co\/","logo":{"@type":"ImageObject","inLanguage":"es","@id":"https:\/\/futbolhoy.co\/#\/schema\/logo\/image\/","url":"https:\/\/futbolhoy.co\/wp-content\/uploads\/2018\/08\/17426380_1906371736249227_6326180412931521141_n.jpg","contentUrl":"https:\/\/futbolhoy.co\/wp-content\/uploads\/2018\/08\/17426380_1906371736249227_6326180412931521141_n.jpg","width":960,"height":960,"caption":"Futbolhoy.co"},"image":{"@id":"https:\/\/futbolhoy.co\/#\/schema\/logo\/image\/"},"sameAs":["https:\/\/www.facebook.com\/FutbolHoyCol\/","https:\/\/x.com\/FutbolHoyCol","https:\/\/www.instagram.com\/futbolhoycol\/"]},{"@type":"Person","@id":"https:\/\/futbolhoy.co\/#\/schema\/person\/c4a353a512b127643723a34bb1812f7d","name":"Laura Hern\u00e1ndez","image":{"@type":"ImageObject","inLanguage":"es","@id":"https:\/\/futbolhoy.co\/#\/schema\/person\/image\/","url":"https:\/\/secure.gravatar.com\/avatar\/d25959a15b9b293a743f99181c7cfd01?s=96&d=mm&r=g","contentUrl":"https:\/\/secure.gravatar.com\/avatar\/d25959a15b9b293a743f99181c7cfd01?s=96&d=mm&r=g","caption":"Laura Hern\u00e1ndez"}}]}},"publishpress_future_action":{"enabled":false,"date":"2026-05-06 06:35:58","action":"change-status","newStatus":"draft","terms":[],"taxonomy":"category","extraData":[]},"publishpress_future_workflow_manual_trigger":{"enabledWorkflows":[]},"_links":{"self":[{"href":"https:\/\/futbolhoy.co\/index.php\/wp-json\/wp\/v2\/posts\/52827","targetHints":{"allow":["GET"]}}],"collection":[{"href":"https:\/\/futbolhoy.co\/index.php\/wp-json\/wp\/v2\/posts"}],"about":[{"href":"https:\/\/futbolhoy.co\/index.php\/wp-json\/wp\/v2\/types\/post"}],"author":[{"embeddable":true,"href":"https:\/\/futbolhoy.co\/index.php\/wp-json\/wp\/v2\/users\/5"}],"replies":[{"embeddable":true,"href":"https:\/\/futbolhoy.co\/index.php\/wp-json\/wp\/v2\/comments?post=52827"}],"version-history":[{"count":2,"href":"https:\/\/futbolhoy.co\/index.php\/wp-json\/wp\/v2\/posts\/52827\/revisions"}],"predecessor-version":[{"id":52851,"href":"https:\/\/futbolhoy.co\/index.php\/wp-json\/wp\/v2\/posts\/52827\/revisions\/52851"}],"wp:featuredmedia":[{"embeddable":true,"href":"https:\/\/futbolhoy.co\/index.php\/wp-json\/wp\/v2\/media\/52828"}],"wp:attachment":[{"href":"https:\/\/futbolhoy.co\/index.php\/wp-json\/wp\/v2\/media?parent=52827"}],"wp:term":[{"taxonomy":"category","embeddable":true,"href":"https:\/\/futbolhoy.co\/index.php\/wp-json\/wp\/v2\/categories?post=52827"},{"taxonomy":"post_tag","embeddable":true,"href":"https:\/\/futbolhoy.co\/index.php\/wp-json\/wp\/v2\/tags?post=52827"}],"curies":[{"name":"wp","href":"https:\/\/api.w.org\/{rel}","templated":true}]}}