{"id":52898,"date":"2020-06-29T10:07:56","date_gmt":"2020-06-29T15:07:56","guid":{"rendered":"https:\/\/futbolhoy.co\/?p=52898"},"modified":"2020-06-29T18:58:47","modified_gmt":"2020-06-29T23:58:47","slug":"estoy-convencido-de-lo-que-hago-tecnico-del-barcelona","status":"publish","type":"post","link":"https:\/\/futbolhoy.co\/index.php\/2020\/06\/29\/estoy-convencido-de-lo-que-hago-tecnico-del-barcelona\/","title":{"rendered":"Estoy convencido de lo que hago: t\u00e9cnico del Barcelona"},"content":{"rendered":"<!--[if lt IE 9]><script>document.createElement('audio');<\/script><![endif]-->\n<audio class=\"wp-audio-shortcode\" id=\"audio-52898-1\" preload=\"none\" style=\"width: 100%;\" controls=\"controls\"><source type=\"audio\/mpeg\" src=\"https:\/\/futbolhoy.co\/wp-content\/uploads\/2020\/06\/ACERO-SETIEN-OK.1329-2.mp3?_=1\" \/><a href=\"https:\/\/futbolhoy.co\/wp-content\/uploads\/2020\/06\/ACERO-SETIEN-OK.1329-2.mp3\">https:\/\/futbolhoy.co\/wp-content\/uploads\/2020\/06\/ACERO-SETIEN-OK.1329-2.mp3<\/a><\/audio>\n<p>(Quique Seti\u00e9n, director t\u00e9cnico del Barcelona)<\/p>\n<p style=\"text-align: justify;\"><span style=\"font-family: helvetica, arial, sans-serif;\">El t\u00e9cnico del <strong>Barcelona, Quique Seti\u00e9n,<\/strong> asegur\u00f3 que tiene la conciencia tranquila y est\u00e1 convencido de su trabajo en el equipo, a pesar de haber perdido el liderato en <strong>Espa\u00f1a.<\/strong><\/span><\/p>\n<p style=\"text-align: justify;\"><span style=\"font-family: helvetica, arial, sans-serif;\">Al ser preguntado sobre el ambiente que se vive, previo al juego frente al <strong>Atl\u00e9tico de Madrid<\/strong> de este martes, sostuvo \u201cme siento exactamente igual (al momento en que lleg\u00f3 a dirigir al equipo) y me voy a sentir as\u00ed hasta el \u00faltimo d\u00eda. Lo primero que tengo que hacer es liberar mi conciencia y creo que estoy haciendo todo lo que puedo para que esto vaya bien, para ganar los partidos y poder jugar todo lo mejor que podamos y esto es lo que a m\u00ed me tranquiliza y me alivia. A veces los resultados puntualmente no dependen de m\u00ed\u201d, sostuvo Seti\u00e9n en rueda de prensa.<\/span><\/p>\n<p style=\"text-align: justify;\"><span style=\"font-family: helvetica, arial, sans-serif;\">\u201cEl f\u00fatbol ya sabemos como es. Estoy convencido que estamos haciendo un buen trabajo, que hay muchas cosas que estamos mejorando, pero tambi\u00e9n se como funciona esto. S\u00e9 que las victorias ocultan muchas cosas y que las derrotas siempre conllevan a esto que estamos viviendo\u201d, puntualiz\u00f3 el entrenador.<\/span><\/p>\n<p style=\"text-align: justify;\"><span style=\"font-family: helvetica, arial, sans-serif;\">Barcelona, que el fin de semana empat\u00f3 2-2 en su visita al <strong>Celta de Vigo,<\/strong> perdi\u00f3 el liderato frente al <strong>Real Madrid.<\/strong><\/span><\/p>\n<p style=\"text-align: justify;\"><span style=\"font-family: helvetica, arial, sans-serif;\">El equipo, que dirige <strong>Zinedine Zidane,<\/strong> venci\u00f3 0-1 al <strong>Espanyol<\/strong> y le saco dos puntos de ventaja a los catalanes.<\/span><\/p>\n<p style=\"text-align: justify;\"><span style=\"font-family: helvetica, arial, sans-serif;\">Real lidera con 71 puntos, seguido por Barcelona con 69, a seis fechas del final de <strong>LaLiga.<\/strong><\/span><\/p>\n","protected":false},"excerpt":{"rendered":"<p>(Quique Seti\u00e9n, director t\u00e9cnico del Barcelona) El t\u00e9cnico del Barcelona, Quique Seti\u00e9n, asegur\u00f3 que tiene la conciencia tranquila y est\u00e1 convencido de su trabajo en el equipo, a pesar de haber perdido el liderato en Espa\u00f1a. Al ser preguntado sobre el ambiente que se vive, previo al juego frente al Atl\u00e9tico de Madrid de este [&hellip;]<\/p>\n","protected":false},"author":5,"featured_media":50176,"comment_status":"open","ping_status":"open","sticky":false,"template":"","format":"video","meta":{"_acf_changed":false,"footnotes":""},"categories":[152],"tags":[722,1812],"class_list":{"0":"post-52898","1":"post","2":"type-post","3":"status-publish","4":"format-video","5":"has-post-thumbnail","7":"category-mundo-futbol","8":"tag-barcelona","9":"tag-quique-setien","10":"post_format-post-format-video"},"acf":[],"yoast_head":"<!-- This site is optimized with the Yoast SEO plugin v26.8 - https:\/\/yoast.com\/product\/yoast-seo-wordpress\/ -->\n<title>Estoy convencido de lo que hago: t\u00e9cnico del Barcelona -<\/title>\n<meta name=\"robots\" content=\"index, follow, max-snippet:-1, max-image-preview:large, max-video-preview:-1\" \/>\n<link rel=\"canonical\" href=\"https:\/\/futbolhoy.co\/index.php\/2020\/06\/29\/estoy-convencido-de-lo-que-hago-tecnico-del-barcelona\/\" \/>\n<meta property=\"og:locale\" content=\"es_ES\" \/>\n<meta property=\"og:type\" content=\"article\" \/>\n<meta property=\"og:title\" content=\"Estoy convencido de lo que hago: t\u00e9cnico del Barcelona -\" \/>\n<meta property=\"og:description\" content=\"(Quique Seti\u00e9n, director t\u00e9cnico del Barcelona) El t\u00e9cnico del Barcelona, Quique Seti\u00e9n, asegur\u00f3 que tiene la conciencia tranquila y est\u00e1 convencido de su trabajo en el equipo, a pesar de haber perdido el liderato en Espa\u00f1a. Al ser preguntado sobre el ambiente que se vive, previo al juego frente al Atl\u00e9tico de Madrid de este [&hellip;]\" \/>\n<meta property=\"og:url\" content=\"https:\/\/futbolhoy.co\/index.php\/2020\/06\/29\/estoy-convencido-de-lo-que-hago-tecnico-del-barcelona\/\" \/>\n<meta property=\"article:publisher\" content=\"https:\/\/www.facebook.com\/FutbolHoyCol\/\" \/>\n<meta property=\"article:published_time\" content=\"2020-06-29T15:07:56+00:00\" \/>\n<meta property=\"article:modified_time\" content=\"2020-06-29T23:58:47+00:00\" \/>\n<meta property=\"og:image\" content=\"https:\/\/futbolhoy.co\/wp-content\/uploads\/2020\/04\/setien.jpg\" \/>\n\t<meta property=\"og:image:width\" content=\"1152\" \/>\n\t<meta property=\"og:image:height\" content=\"768\" \/>\n\t<meta property=\"og:image:type\" content=\"image\/jpeg\" \/>\n<meta name=\"author\" content=\"Laura Hern\u00e1ndez\" \/>\n<meta name=\"twitter:card\" content=\"summary_large_image\" \/>\n<meta name=\"twitter:creator\" content=\"@FutbolHoyCol\" \/>\n<meta name=\"twitter:site\" content=\"@FutbolHoyCol\" \/>\n<meta name=\"twitter:label1\" content=\"Escrito por\" \/>\n\t<meta name=\"twitter:data1\" content=\"Laura Hern\u00e1ndez\" \/>\n\t<meta name=\"twitter:label2\" content=\"Tiempo de lectura\" \/>\n\t<meta name=\"twitter:data2\" content=\"1 minuto\" \/>\n<script type=\"application\/ld+json\" class=\"yoast-schema-graph\">{\"@context\":\"https:\/\/schema.org\",\"@graph\":[{\"@type\":\"Article\",\"@id\":\"https:\/\/futbolhoy.co\/index.php\/2020\/06\/29\/estoy-convencido-de-lo-que-hago-tecnico-del-barcelona\/#article\",\"isPartOf\":{\"@id\":\"https:\/\/futbolhoy.co\/index.php\/2020\/06\/29\/estoy-convencido-de-lo-que-hago-tecnico-del-barcelona\/\"},\"author\":{\"name\":\"Laura Hern\u00e1ndez\",\"@id\":\"https:\/\/futbolhoy.co\/#\/schema\/person\/c4a353a512b127643723a34bb1812f7d\"},\"headline\":\"Estoy convencido de lo que hago: t\u00e9cnico del Barcelona\",\"datePublished\":\"2020-06-29T15:07:56+00:00\",\"dateModified\":\"2020-06-29T23:58:47+00:00\",\"mainEntityOfPage\":{\"@id\":\"https:\/\/futbolhoy.co\/index.php\/2020\/06\/29\/estoy-convencido-de-lo-que-hago-tecnico-del-barcelona\/\"},\"wordCount\":279,\"commentCount\":0,\"publisher\":{\"@id\":\"https:\/\/futbolhoy.co\/#organization\"},\"image\":{\"@id\":\"https:\/\/futbolhoy.co\/index.php\/2020\/06\/29\/estoy-convencido-de-lo-que-hago-tecnico-del-barcelona\/#primaryimage\"},\"thumbnailUrl\":\"https:\/\/futbolhoy.co\/wp-content\/uploads\/2020\/04\/setien.jpg\",\"keywords\":[\"Barcelona\",\"Quique Seti\u00e9n\"],\"articleSection\":[\"Mundo Futbol\"],\"inLanguage\":\"es\",\"potentialAction\":[{\"@type\":\"CommentAction\",\"name\":\"Comment\",\"target\":[\"https:\/\/futbolhoy.co\/index.php\/2020\/06\/29\/estoy-convencido-de-lo-que-hago-tecnico-del-barcelona\/#respond\"]}]},{\"@type\":\"WebPage\",\"@id\":\"https:\/\/futbolhoy.co\/index.php\/2020\/06\/29\/estoy-convencido-de-lo-que-hago-tecnico-del-barcelona\/\",\"url\":\"https:\/\/futbolhoy.co\/index.php\/2020\/06\/29\/estoy-convencido-de-lo-que-hago-tecnico-del-barcelona\/\",\"name\":\"Estoy convencido de lo que hago: t\u00e9cnico del Barcelona -\",\"isPartOf\":{\"@id\":\"https:\/\/futbolhoy.co\/#website\"},\"primaryImageOfPage\":{\"@id\":\"https:\/\/futbolhoy.co\/index.php\/2020\/06\/29\/estoy-convencido-de-lo-que-hago-tecnico-del-barcelona\/#primaryimage\"},\"image\":{\"@id\":\"https:\/\/futbolhoy.co\/index.php\/2020\/06\/29\/estoy-convencido-de-lo-que-hago-tecnico-del-barcelona\/#primaryimage\"},\"thumbnailUrl\":\"https:\/\/futbolhoy.co\/wp-content\/uploads\/2020\/04\/setien.jpg\",\"datePublished\":\"2020-06-29T15:07:56+00:00\",\"dateModified\":\"2020-06-29T23:58:47+00:00\",\"breadcrumb\":{\"@id\":\"https:\/\/futbolhoy.co\/index.php\/2020\/06\/29\/estoy-convencido-de-lo-que-hago-tecnico-del-barcelona\/#breadcrumb\"},\"inLanguage\":\"es\",\"potentialAction\":[{\"@type\":\"ReadAction\",\"target\":[\"https:\/\/futbolhoy.co\/index.php\/2020\/06\/29\/estoy-convencido-de-lo-que-hago-tecnico-del-barcelona\/\"]}]},{\"@type\":\"ImageObject\",\"inLanguage\":\"es\",\"@id\":\"https:\/\/futbolhoy.co\/index.php\/2020\/06\/29\/estoy-convencido-de-lo-que-hago-tecnico-del-barcelona\/#primaryimage\",\"url\":\"https:\/\/futbolhoy.co\/wp-content\/uploads\/2020\/04\/setien.jpg\",\"contentUrl\":\"https:\/\/futbolhoy.co\/wp-content\/uploads\/2020\/04\/setien.jpg\",\"width\":1152,\"height\":768},{\"@type\":\"BreadcrumbList\",\"@id\":\"https:\/\/futbolhoy.co\/index.php\/2020\/06\/29\/estoy-convencido-de-lo-que-hago-tecnico-del-barcelona\/#breadcrumb\",\"itemListElement\":[{\"@type\":\"ListItem\",\"position\":1,\"name\":\"Portada\",\"item\":\"https:\/\/futbolhoy.co\/\"},{\"@type\":\"ListItem\",\"position\":2,\"name\":\"Estoy convencido de lo que hago: t\u00e9cnico del Barcelona\"}]},{\"@type\":\"WebSite\",\"@id\":\"https:\/\/futbolhoy.co\/#website\",\"url\":\"https:\/\/futbolhoy.co\/\",\"name\":\"FutbolHoy\",\"description\":\"\",\"publisher\":{\"@id\":\"https:\/\/futbolhoy.co\/#organization\"},\"potentialAction\":[{\"@type\":\"SearchAction\",\"target\":{\"@type\":\"EntryPoint\",\"urlTemplate\":\"https:\/\/futbolhoy.co\/?s={search_term_string}\"},\"query-input\":{\"@type\":\"PropertyValueSpecification\",\"valueRequired\":true,\"valueName\":\"search_term_string\"}}],\"inLanguage\":\"es\"},{\"@type\":\"Organization\",\"@id\":\"https:\/\/futbolhoy.co\/#organization\",\"name\":\"Futbolhoy.co\",\"url\":\"https:\/\/futbolhoy.co\/\",\"logo\":{\"@type\":\"ImageObject\",\"inLanguage\":\"es\",\"@id\":\"https:\/\/futbolhoy.co\/#\/schema\/logo\/image\/\",\"url\":\"https:\/\/futbolhoy.co\/wp-content\/uploads\/2018\/08\/17426380_1906371736249227_6326180412931521141_n.jpg\",\"contentUrl\":\"https:\/\/futbolhoy.co\/wp-content\/uploads\/2018\/08\/17426380_1906371736249227_6326180412931521141_n.jpg\",\"width\":960,\"height\":960,\"caption\":\"Futbolhoy.co\"},\"image\":{\"@id\":\"https:\/\/futbolhoy.co\/#\/schema\/logo\/image\/\"},\"sameAs\":[\"https:\/\/www.facebook.com\/FutbolHoyCol\/\",\"https:\/\/x.com\/FutbolHoyCol\",\"https:\/\/www.instagram.com\/futbolhoycol\/\"]},{\"@type\":\"Person\",\"@id\":\"https:\/\/futbolhoy.co\/#\/schema\/person\/c4a353a512b127643723a34bb1812f7d\",\"name\":\"Laura Hern\u00e1ndez\",\"image\":{\"@type\":\"ImageObject\",\"inLanguage\":\"es\",\"@id\":\"https:\/\/futbolhoy.co\/#\/schema\/person\/image\/\",\"url\":\"https:\/\/secure.gravatar.com\/avatar\/d25959a15b9b293a743f99181c7cfd01?s=96&d=mm&r=g\",\"contentUrl\":\"https:\/\/secure.gravatar.com\/avatar\/d25959a15b9b293a743f99181c7cfd01?s=96&d=mm&r=g\",\"caption\":\"Laura Hern\u00e1ndez\"}}]}<\/script>\n<!-- \/ Yoast SEO plugin. -->","yoast_head_json":{"title":"Estoy convencido de lo que hago: t\u00e9cnico del Barcelona -","robots":{"index":"index","follow":"follow","max-snippet":"max-snippet:-1","max-image-preview":"max-image-preview:large","max-video-preview":"max-video-preview:-1"},"canonical":"https:\/\/futbolhoy.co\/index.php\/2020\/06\/29\/estoy-convencido-de-lo-que-hago-tecnico-del-barcelona\/","og_locale":"es_ES","og_type":"article","og_title":"Estoy convencido de lo que hago: t\u00e9cnico del Barcelona -","og_description":"(Quique Seti\u00e9n, director t\u00e9cnico del Barcelona) El t\u00e9cnico del Barcelona, Quique Seti\u00e9n, asegur\u00f3 que tiene la conciencia tranquila y est\u00e1 convencido de su trabajo en el equipo, a pesar de haber perdido el liderato en Espa\u00f1a. Al ser preguntado sobre el ambiente que se vive, previo al juego frente al Atl\u00e9tico de Madrid de este [&hellip;]","og_url":"https:\/\/futbolhoy.co\/index.php\/2020\/06\/29\/estoy-convencido-de-lo-que-hago-tecnico-del-barcelona\/","article_publisher":"https:\/\/www.facebook.com\/FutbolHoyCol\/","article_published_time":"2020-06-29T15:07:56+00:00","article_modified_time":"2020-06-29T23:58:47+00:00","og_image":[{"width":1152,"height":768,"url":"https:\/\/futbolhoy.co\/wp-content\/uploads\/2020\/04\/setien.jpg","type":"image\/jpeg"}],"author":"Laura Hern\u00e1ndez","twitter_card":"summary_large_image","twitter_creator":"@FutbolHoyCol","twitter_site":"@FutbolHoyCol","twitter_misc":{"Escrito por":"Laura Hern\u00e1ndez","Tiempo de lectura":"1 minuto"},"schema":{"@context":"https:\/\/schema.org","@graph":[{"@type":"Article","@id":"https:\/\/futbolhoy.co\/index.php\/2020\/06\/29\/estoy-convencido-de-lo-que-hago-tecnico-del-barcelona\/#article","isPartOf":{"@id":"https:\/\/futbolhoy.co\/index.php\/2020\/06\/29\/estoy-convencido-de-lo-que-hago-tecnico-del-barcelona\/"},"author":{"name":"Laura Hern\u00e1ndez","@id":"https:\/\/futbolhoy.co\/#\/schema\/person\/c4a353a512b127643723a34bb1812f7d"},"headline":"Estoy convencido de lo que hago: t\u00e9cnico del Barcelona","datePublished":"2020-06-29T15:07:56+00:00","dateModified":"2020-06-29T23:58:47+00:00","mainEntityOfPage":{"@id":"https:\/\/futbolhoy.co\/index.php\/2020\/06\/29\/estoy-convencido-de-lo-que-hago-tecnico-del-barcelona\/"},"wordCount":279,"commentCount":0,"publisher":{"@id":"https:\/\/futbolhoy.co\/#organization"},"image":{"@id":"https:\/\/futbolhoy.co\/index.php\/2020\/06\/29\/estoy-convencido-de-lo-que-hago-tecnico-del-barcelona\/#primaryimage"},"thumbnailUrl":"https:\/\/futbolhoy.co\/wp-content\/uploads\/2020\/04\/setien.jpg","keywords":["Barcelona","Quique Seti\u00e9n"],"articleSection":["Mundo Futbol"],"inLanguage":"es","potentialAction":[{"@type":"CommentAction","name":"Comment","target":["https:\/\/futbolhoy.co\/index.php\/2020\/06\/29\/estoy-convencido-de-lo-que-hago-tecnico-del-barcelona\/#respond"]}]},{"@type":"WebPage","@id":"https:\/\/futbolhoy.co\/index.php\/2020\/06\/29\/estoy-convencido-de-lo-que-hago-tecnico-del-barcelona\/","url":"https:\/\/futbolhoy.co\/index.php\/2020\/06\/29\/estoy-convencido-de-lo-que-hago-tecnico-del-barcelona\/","name":"Estoy convencido de lo que hago: t\u00e9cnico del Barcelona -","isPartOf":{"@id":"https:\/\/futbolhoy.co\/#website"},"primaryImageOfPage":{"@id":"https:\/\/futbolhoy.co\/index.php\/2020\/06\/29\/estoy-convencido-de-lo-que-hago-tecnico-del-barcelona\/#primaryimage"},"image":{"@id":"https:\/\/futbolhoy.co\/index.php\/2020\/06\/29\/estoy-convencido-de-lo-que-hago-tecnico-del-barcelona\/#primaryimage"},"thumbnailUrl":"https:\/\/futbolhoy.co\/wp-content\/uploads\/2020\/04\/setien.jpg","datePublished":"2020-06-29T15:07:56+00:00","dateModified":"2020-06-29T23:58:47+00:00","breadcrumb":{"@id":"https:\/\/futbolhoy.co\/index.php\/2020\/06\/29\/estoy-convencido-de-lo-que-hago-tecnico-del-barcelona\/#breadcrumb"},"inLanguage":"es","potentialAction":[{"@type":"ReadAction","target":["https:\/\/futbolhoy.co\/index.php\/2020\/06\/29\/estoy-convencido-de-lo-que-hago-tecnico-del-barcelona\/"]}]},{"@type":"ImageObject","inLanguage":"es","@id":"https:\/\/futbolhoy.co\/index.php\/2020\/06\/29\/estoy-convencido-de-lo-que-hago-tecnico-del-barcelona\/#primaryimage","url":"https:\/\/futbolhoy.co\/wp-content\/uploads\/2020\/04\/setien.jpg","contentUrl":"https:\/\/futbolhoy.co\/wp-content\/uploads\/2020\/04\/setien.jpg","width":1152,"height":768},{"@type":"BreadcrumbList","@id":"https:\/\/futbolhoy.co\/index.php\/2020\/06\/29\/estoy-convencido-de-lo-que-hago-tecnico-del-barcelona\/#breadcrumb","itemListElement":[{"@type":"ListItem","position":1,"name":"Portada","item":"https:\/\/futbolhoy.co\/"},{"@type":"ListItem","position":2,"name":"Estoy convencido de lo que hago: t\u00e9cnico del Barcelona"}]},{"@type":"WebSite","@id":"https:\/\/futbolhoy.co\/#website","url":"https:\/\/futbolhoy.co\/","name":"FutbolHoy","description":"","publisher":{"@id":"https:\/\/futbolhoy.co\/#organization"},"potentialAction":[{"@type":"SearchAction","target":{"@type":"EntryPoint","urlTemplate":"https:\/\/futbolhoy.co\/?s={search_term_string}"},"query-input":{"@type":"PropertyValueSpecification","valueRequired":true,"valueName":"search_term_string"}}],"inLanguage":"es"},{"@type":"Organization","@id":"https:\/\/futbolhoy.co\/#organization","name":"Futbolhoy.co","url":"https:\/\/futbolhoy.co\/","logo":{"@type":"ImageObject","inLanguage":"es","@id":"https:\/\/futbolhoy.co\/#\/schema\/logo\/image\/","url":"https:\/\/futbolhoy.co\/wp-content\/uploads\/2018\/08\/17426380_1906371736249227_6326180412931521141_n.jpg","contentUrl":"https:\/\/futbolhoy.co\/wp-content\/uploads\/2018\/08\/17426380_1906371736249227_6326180412931521141_n.jpg","width":960,"height":960,"caption":"Futbolhoy.co"},"image":{"@id":"https:\/\/futbolhoy.co\/#\/schema\/logo\/image\/"},"sameAs":["https:\/\/www.facebook.com\/FutbolHoyCol\/","https:\/\/x.com\/FutbolHoyCol","https:\/\/www.instagram.com\/futbolhoycol\/"]},{"@type":"Person","@id":"https:\/\/futbolhoy.co\/#\/schema\/person\/c4a353a512b127643723a34bb1812f7d","name":"Laura Hern\u00e1ndez","image":{"@type":"ImageObject","inLanguage":"es","@id":"https:\/\/futbolhoy.co\/#\/schema\/person\/image\/","url":"https:\/\/secure.gravatar.com\/avatar\/d25959a15b9b293a743f99181c7cfd01?s=96&d=mm&r=g","contentUrl":"https:\/\/secure.gravatar.com\/avatar\/d25959a15b9b293a743f99181c7cfd01?s=96&d=mm&r=g","caption":"Laura Hern\u00e1ndez"}}]}},"publishpress_future_action":{"enabled":false,"date":"2026-05-03 04:24:19","action":"change-status","newStatus":"draft","terms":[],"taxonomy":"category","extraData":[]},"publishpress_future_workflow_manual_trigger":{"enabledWorkflows":[]},"_links":{"self":[{"href":"https:\/\/futbolhoy.co\/index.php\/wp-json\/wp\/v2\/posts\/52898","targetHints":{"allow":["GET"]}}],"collection":[{"href":"https:\/\/futbolhoy.co\/index.php\/wp-json\/wp\/v2\/posts"}],"about":[{"href":"https:\/\/futbolhoy.co\/index.php\/wp-json\/wp\/v2\/types\/post"}],"author":[{"embeddable":true,"href":"https:\/\/futbolhoy.co\/index.php\/wp-json\/wp\/v2\/users\/5"}],"replies":[{"embeddable":true,"href":"https:\/\/futbolhoy.co\/index.php\/wp-json\/wp\/v2\/comments?post=52898"}],"version-history":[{"count":1,"href":"https:\/\/futbolhoy.co\/index.php\/wp-json\/wp\/v2\/posts\/52898\/revisions"}],"predecessor-version":[{"id":52900,"href":"https:\/\/futbolhoy.co\/index.php\/wp-json\/wp\/v2\/posts\/52898\/revisions\/52900"}],"wp:featuredmedia":[{"embeddable":true,"href":"https:\/\/futbolhoy.co\/index.php\/wp-json\/wp\/v2\/media\/50176"}],"wp:attachment":[{"href":"https:\/\/futbolhoy.co\/index.php\/wp-json\/wp\/v2\/media?parent=52898"}],"wp:term":[{"taxonomy":"category","embeddable":true,"href":"https:\/\/futbolhoy.co\/index.php\/wp-json\/wp\/v2\/categories?post=52898"},{"taxonomy":"post_tag","embeddable":true,"href":"https:\/\/futbolhoy.co\/index.php\/wp-json\/wp\/v2\/tags?post=52898"}],"curies":[{"name":"wp","href":"https:\/\/api.w.org\/{rel}","templated":true}]}}