{"id":52901,"date":"2020-06-29T09:00:47","date_gmt":"2020-06-29T14:00:47","guid":{"rendered":"https:\/\/futbolhoy.co\/?p=52901"},"modified":"2020-06-29T18:58:56","modified_gmt":"2020-06-29T23:58:56","slug":"morelos-se-quedara-en-rangers","status":"publish","type":"post","link":"https:\/\/futbolhoy.co\/index.php\/2020\/06\/29\/morelos-se-quedara-en-rangers\/","title":{"rendered":"\u00bfMorelos se quedar\u00e1 en Rangers?"},"content":{"rendered":"<p style=\"text-align: justify;\"><span style=\"font-family: helvetica, arial, sans-serif;\">El t\u00e9cnico del <strong>Rangers<\/strong> de <strong>Escocia, Steven Gerrard,<\/strong> elogi\u00f3 al cordob\u00e9s <strong>Alfredo Morelos<\/strong> y sostuvo que ser\u00e1 dif\u00edcil contar con \u00e9l durante la pr\u00f3xima temporada.<\/span><\/p>\n<p style=\"text-align: justify;\"><span style=\"font-family: helvetica, arial, sans-serif;\">\"Es un futbolista fant\u00e1stico. Marca goles en grandes vol\u00famenes, y tengo muchas ganas de ponerlo en forma, a la velocidad y listo para jugar. Ahora, supongo que lo que quieres que diga es si \u00e9l estar\u00e1 aqu\u00ed el a\u00f1o que viene. Esa es la pregunta del mill\u00f3n de d\u00f3lares. Quiero a todos mis mejores jugadores aqu\u00ed, lo he dicho muchas veces\", sostuvo el entrenador, al ser interrogado sobre el colombiano y su futuro.<\/span><\/p>\n<p style=\"text-align: justify;\"><span style=\"font-family: helvetica, arial, sans-serif;\">\"Sabemos que cada jugador tiene su precio. \u00bfObtendremos ofertas para nuestros mejores jugadores? Es bastante posible y algo que no puedo controlar, por lo que es algo que tendremos que gestionar en el futuro\", agreg\u00f3.<\/span><\/p>\n<p style=\"text-align: justify;\"><span style=\"font-family: helvetica, arial, sans-serif;\">Morelos, que sum\u00f3 29 goles en 46 partidos durante esta temporada, interesa a varios clubes de <strong>Europa<\/strong> y <strong>Qatar.<\/strong><\/span><\/p>\n","protected":false},"excerpt":{"rendered":"<p>El t\u00e9cnico del Rangers de Escocia, Steven Gerrard, elogi\u00f3 al cordob\u00e9s Alfredo Morelos y sostuvo que ser\u00e1 dif\u00edcil contar con \u00e9l durante la pr\u00f3xima temporada. \"Es un futbolista fant\u00e1stico. Marca goles en grandes vol\u00famenes, y tengo muchas ganas de ponerlo en forma, a la velocidad y listo para jugar. Ahora, supongo que lo que quieres [&hellip;]<\/p>\n","protected":false},"author":5,"featured_media":38773,"comment_status":"open","ping_status":"open","sticky":false,"template":"","format":"standard","meta":{"_acf_changed":false,"footnotes":""},"categories":[418],"tags":[751,752],"class_list":{"0":"post-52901","1":"post","2":"type-post","3":"status-publish","4":"format-standard","5":"has-post-thumbnail","7":"category-colombia","8":"tag-alfredo-morelos","9":"tag-rangers"},"acf":[],"yoast_head":"<!-- This site is optimized with the Yoast SEO plugin v26.8 - https:\/\/yoast.com\/product\/yoast-seo-wordpress\/ -->\n<title>\u00bfMorelos se quedar\u00e1 en Rangers? -<\/title>\n<meta name=\"robots\" content=\"index, follow, max-snippet:-1, max-image-preview:large, max-video-preview:-1\" \/>\n<link rel=\"canonical\" href=\"https:\/\/futbolhoy.co\/index.php\/2020\/06\/29\/morelos-se-quedara-en-rangers\/\" \/>\n<meta property=\"og:locale\" content=\"es_ES\" \/>\n<meta property=\"og:type\" content=\"article\" \/>\n<meta property=\"og:title\" content=\"\u00bfMorelos se quedar\u00e1 en Rangers? -\" \/>\n<meta property=\"og:description\" content=\"El t\u00e9cnico del Rangers de Escocia, Steven Gerrard, elogi\u00f3 al cordob\u00e9s Alfredo Morelos y sostuvo que ser\u00e1 dif\u00edcil contar con \u00e9l durante la pr\u00f3xima temporada. &quot;Es un futbolista fant\u00e1stico. Marca goles en grandes vol\u00famenes, y tengo muchas ganas de ponerlo en forma, a la velocidad y listo para jugar. Ahora, supongo que lo que quieres [&hellip;]\" \/>\n<meta property=\"og:url\" content=\"https:\/\/futbolhoy.co\/index.php\/2020\/06\/29\/morelos-se-quedara-en-rangers\/\" \/>\n<meta property=\"article:publisher\" content=\"https:\/\/www.facebook.com\/FutbolHoyCol\/\" \/>\n<meta property=\"article:published_time\" content=\"2020-06-29T14:00:47+00:00\" \/>\n<meta property=\"article:modified_time\" content=\"2020-06-29T23:58:56+00:00\" \/>\n<meta property=\"og:image\" content=\"https:\/\/futbolhoy.co\/wp-content\/uploads\/2019\/07\/D_yVE2xWsAEzvB5.jpg\" \/>\n\t<meta property=\"og:image:width\" content=\"990\" \/>\n\t<meta property=\"og:image:height\" content=\"660\" \/>\n\t<meta property=\"og:image:type\" content=\"image\/jpeg\" \/>\n<meta name=\"author\" content=\"Laura Hern\u00e1ndez\" \/>\n<meta name=\"twitter:card\" content=\"summary_large_image\" \/>\n<meta name=\"twitter:creator\" content=\"@FutbolHoyCol\" \/>\n<meta name=\"twitter:site\" content=\"@FutbolHoyCol\" \/>\n<meta name=\"twitter:label1\" content=\"Escrito por\" \/>\n\t<meta name=\"twitter:data1\" content=\"Laura Hern\u00e1ndez\" \/>\n\t<meta name=\"twitter:label2\" content=\"Tiempo de lectura\" \/>\n\t<meta name=\"twitter:data2\" content=\"1 minuto\" \/>\n<script type=\"application\/ld+json\" class=\"yoast-schema-graph\">{\"@context\":\"https:\/\/schema.org\",\"@graph\":[{\"@type\":\"Article\",\"@id\":\"https:\/\/futbolhoy.co\/index.php\/2020\/06\/29\/morelos-se-quedara-en-rangers\/#article\",\"isPartOf\":{\"@id\":\"https:\/\/futbolhoy.co\/index.php\/2020\/06\/29\/morelos-se-quedara-en-rangers\/\"},\"author\":{\"name\":\"Laura Hern\u00e1ndez\",\"@id\":\"https:\/\/futbolhoy.co\/#\/schema\/person\/c4a353a512b127643723a34bb1812f7d\"},\"headline\":\"\u00bfMorelos se quedar\u00e1 en Rangers?\",\"datePublished\":\"2020-06-29T14:00:47+00:00\",\"dateModified\":\"2020-06-29T23:58:56+00:00\",\"mainEntityOfPage\":{\"@id\":\"https:\/\/futbolhoy.co\/index.php\/2020\/06\/29\/morelos-se-quedara-en-rangers\/\"},\"wordCount\":164,\"commentCount\":0,\"publisher\":{\"@id\":\"https:\/\/futbolhoy.co\/#organization\"},\"image\":{\"@id\":\"https:\/\/futbolhoy.co\/index.php\/2020\/06\/29\/morelos-se-quedara-en-rangers\/#primaryimage\"},\"thumbnailUrl\":\"https:\/\/futbolhoy.co\/wp-content\/uploads\/2019\/07\/D_yVE2xWsAEzvB5.jpg\",\"keywords\":[\"Alfredo Morelos\",\"Rangers\"],\"articleSection\":[\"Colombia\"],\"inLanguage\":\"es\",\"potentialAction\":[{\"@type\":\"CommentAction\",\"name\":\"Comment\",\"target\":[\"https:\/\/futbolhoy.co\/index.php\/2020\/06\/29\/morelos-se-quedara-en-rangers\/#respond\"]}]},{\"@type\":\"WebPage\",\"@id\":\"https:\/\/futbolhoy.co\/index.php\/2020\/06\/29\/morelos-se-quedara-en-rangers\/\",\"url\":\"https:\/\/futbolhoy.co\/index.php\/2020\/06\/29\/morelos-se-quedara-en-rangers\/\",\"name\":\"\u00bfMorelos se quedar\u00e1 en Rangers? -\",\"isPartOf\":{\"@id\":\"https:\/\/futbolhoy.co\/#website\"},\"primaryImageOfPage\":{\"@id\":\"https:\/\/futbolhoy.co\/index.php\/2020\/06\/29\/morelos-se-quedara-en-rangers\/#primaryimage\"},\"image\":{\"@id\":\"https:\/\/futbolhoy.co\/index.php\/2020\/06\/29\/morelos-se-quedara-en-rangers\/#primaryimage\"},\"thumbnailUrl\":\"https:\/\/futbolhoy.co\/wp-content\/uploads\/2019\/07\/D_yVE2xWsAEzvB5.jpg\",\"datePublished\":\"2020-06-29T14:00:47+00:00\",\"dateModified\":\"2020-06-29T23:58:56+00:00\",\"breadcrumb\":{\"@id\":\"https:\/\/futbolhoy.co\/index.php\/2020\/06\/29\/morelos-se-quedara-en-rangers\/#breadcrumb\"},\"inLanguage\":\"es\",\"potentialAction\":[{\"@type\":\"ReadAction\",\"target\":[\"https:\/\/futbolhoy.co\/index.php\/2020\/06\/29\/morelos-se-quedara-en-rangers\/\"]}]},{\"@type\":\"ImageObject\",\"inLanguage\":\"es\",\"@id\":\"https:\/\/futbolhoy.co\/index.php\/2020\/06\/29\/morelos-se-quedara-en-rangers\/#primaryimage\",\"url\":\"https:\/\/futbolhoy.co\/wp-content\/uploads\/2019\/07\/D_yVE2xWsAEzvB5.jpg\",\"contentUrl\":\"https:\/\/futbolhoy.co\/wp-content\/uploads\/2019\/07\/D_yVE2xWsAEzvB5.jpg\",\"width\":990,\"height\":660},{\"@type\":\"BreadcrumbList\",\"@id\":\"https:\/\/futbolhoy.co\/index.php\/2020\/06\/29\/morelos-se-quedara-en-rangers\/#breadcrumb\",\"itemListElement\":[{\"@type\":\"ListItem\",\"position\":1,\"name\":\"Portada\",\"item\":\"https:\/\/futbolhoy.co\/\"},{\"@type\":\"ListItem\",\"position\":2,\"name\":\"\u00bfMorelos se quedar\u00e1 en Rangers?\"}]},{\"@type\":\"WebSite\",\"@id\":\"https:\/\/futbolhoy.co\/#website\",\"url\":\"https:\/\/futbolhoy.co\/\",\"name\":\"FutbolHoy\",\"description\":\"\",\"publisher\":{\"@id\":\"https:\/\/futbolhoy.co\/#organization\"},\"potentialAction\":[{\"@type\":\"SearchAction\",\"target\":{\"@type\":\"EntryPoint\",\"urlTemplate\":\"https:\/\/futbolhoy.co\/?s={search_term_string}\"},\"query-input\":{\"@type\":\"PropertyValueSpecification\",\"valueRequired\":true,\"valueName\":\"search_term_string\"}}],\"inLanguage\":\"es\"},{\"@type\":\"Organization\",\"@id\":\"https:\/\/futbolhoy.co\/#organization\",\"name\":\"Futbolhoy.co\",\"url\":\"https:\/\/futbolhoy.co\/\",\"logo\":{\"@type\":\"ImageObject\",\"inLanguage\":\"es\",\"@id\":\"https:\/\/futbolhoy.co\/#\/schema\/logo\/image\/\",\"url\":\"https:\/\/futbolhoy.co\/wp-content\/uploads\/2018\/08\/17426380_1906371736249227_6326180412931521141_n.jpg\",\"contentUrl\":\"https:\/\/futbolhoy.co\/wp-content\/uploads\/2018\/08\/17426380_1906371736249227_6326180412931521141_n.jpg\",\"width\":960,\"height\":960,\"caption\":\"Futbolhoy.co\"},\"image\":{\"@id\":\"https:\/\/futbolhoy.co\/#\/schema\/logo\/image\/\"},\"sameAs\":[\"https:\/\/www.facebook.com\/FutbolHoyCol\/\",\"https:\/\/x.com\/FutbolHoyCol\",\"https:\/\/www.instagram.com\/futbolhoycol\/\"]},{\"@type\":\"Person\",\"@id\":\"https:\/\/futbolhoy.co\/#\/schema\/person\/c4a353a512b127643723a34bb1812f7d\",\"name\":\"Laura Hern\u00e1ndez\",\"image\":{\"@type\":\"ImageObject\",\"inLanguage\":\"es\",\"@id\":\"https:\/\/futbolhoy.co\/#\/schema\/person\/image\/\",\"url\":\"https:\/\/secure.gravatar.com\/avatar\/d25959a15b9b293a743f99181c7cfd01?s=96&d=mm&r=g\",\"contentUrl\":\"https:\/\/secure.gravatar.com\/avatar\/d25959a15b9b293a743f99181c7cfd01?s=96&d=mm&r=g\",\"caption\":\"Laura Hern\u00e1ndez\"}}]}<\/script>\n<!-- \/ Yoast SEO plugin. -->","yoast_head_json":{"title":"\u00bfMorelos se quedar\u00e1 en Rangers? -","robots":{"index":"index","follow":"follow","max-snippet":"max-snippet:-1","max-image-preview":"max-image-preview:large","max-video-preview":"max-video-preview:-1"},"canonical":"https:\/\/futbolhoy.co\/index.php\/2020\/06\/29\/morelos-se-quedara-en-rangers\/","og_locale":"es_ES","og_type":"article","og_title":"\u00bfMorelos se quedar\u00e1 en Rangers? -","og_description":"El t\u00e9cnico del Rangers de Escocia, Steven Gerrard, elogi\u00f3 al cordob\u00e9s Alfredo Morelos y sostuvo que ser\u00e1 dif\u00edcil contar con \u00e9l durante la pr\u00f3xima temporada. \"Es un futbolista fant\u00e1stico. Marca goles en grandes vol\u00famenes, y tengo muchas ganas de ponerlo en forma, a la velocidad y listo para jugar. Ahora, supongo que lo que quieres [&hellip;]","og_url":"https:\/\/futbolhoy.co\/index.php\/2020\/06\/29\/morelos-se-quedara-en-rangers\/","article_publisher":"https:\/\/www.facebook.com\/FutbolHoyCol\/","article_published_time":"2020-06-29T14:00:47+00:00","article_modified_time":"2020-06-29T23:58:56+00:00","og_image":[{"width":990,"height":660,"url":"https:\/\/futbolhoy.co\/wp-content\/uploads\/2019\/07\/D_yVE2xWsAEzvB5.jpg","type":"image\/jpeg"}],"author":"Laura Hern\u00e1ndez","twitter_card":"summary_large_image","twitter_creator":"@FutbolHoyCol","twitter_site":"@FutbolHoyCol","twitter_misc":{"Escrito por":"Laura Hern\u00e1ndez","Tiempo de lectura":"1 minuto"},"schema":{"@context":"https:\/\/schema.org","@graph":[{"@type":"Article","@id":"https:\/\/futbolhoy.co\/index.php\/2020\/06\/29\/morelos-se-quedara-en-rangers\/#article","isPartOf":{"@id":"https:\/\/futbolhoy.co\/index.php\/2020\/06\/29\/morelos-se-quedara-en-rangers\/"},"author":{"name":"Laura Hern\u00e1ndez","@id":"https:\/\/futbolhoy.co\/#\/schema\/person\/c4a353a512b127643723a34bb1812f7d"},"headline":"\u00bfMorelos se quedar\u00e1 en Rangers?","datePublished":"2020-06-29T14:00:47+00:00","dateModified":"2020-06-29T23:58:56+00:00","mainEntityOfPage":{"@id":"https:\/\/futbolhoy.co\/index.php\/2020\/06\/29\/morelos-se-quedara-en-rangers\/"},"wordCount":164,"commentCount":0,"publisher":{"@id":"https:\/\/futbolhoy.co\/#organization"},"image":{"@id":"https:\/\/futbolhoy.co\/index.php\/2020\/06\/29\/morelos-se-quedara-en-rangers\/#primaryimage"},"thumbnailUrl":"https:\/\/futbolhoy.co\/wp-content\/uploads\/2019\/07\/D_yVE2xWsAEzvB5.jpg","keywords":["Alfredo Morelos","Rangers"],"articleSection":["Colombia"],"inLanguage":"es","potentialAction":[{"@type":"CommentAction","name":"Comment","target":["https:\/\/futbolhoy.co\/index.php\/2020\/06\/29\/morelos-se-quedara-en-rangers\/#respond"]}]},{"@type":"WebPage","@id":"https:\/\/futbolhoy.co\/index.php\/2020\/06\/29\/morelos-se-quedara-en-rangers\/","url":"https:\/\/futbolhoy.co\/index.php\/2020\/06\/29\/morelos-se-quedara-en-rangers\/","name":"\u00bfMorelos se quedar\u00e1 en Rangers? -","isPartOf":{"@id":"https:\/\/futbolhoy.co\/#website"},"primaryImageOfPage":{"@id":"https:\/\/futbolhoy.co\/index.php\/2020\/06\/29\/morelos-se-quedara-en-rangers\/#primaryimage"},"image":{"@id":"https:\/\/futbolhoy.co\/index.php\/2020\/06\/29\/morelos-se-quedara-en-rangers\/#primaryimage"},"thumbnailUrl":"https:\/\/futbolhoy.co\/wp-content\/uploads\/2019\/07\/D_yVE2xWsAEzvB5.jpg","datePublished":"2020-06-29T14:00:47+00:00","dateModified":"2020-06-29T23:58:56+00:00","breadcrumb":{"@id":"https:\/\/futbolhoy.co\/index.php\/2020\/06\/29\/morelos-se-quedara-en-rangers\/#breadcrumb"},"inLanguage":"es","potentialAction":[{"@type":"ReadAction","target":["https:\/\/futbolhoy.co\/index.php\/2020\/06\/29\/morelos-se-quedara-en-rangers\/"]}]},{"@type":"ImageObject","inLanguage":"es","@id":"https:\/\/futbolhoy.co\/index.php\/2020\/06\/29\/morelos-se-quedara-en-rangers\/#primaryimage","url":"https:\/\/futbolhoy.co\/wp-content\/uploads\/2019\/07\/D_yVE2xWsAEzvB5.jpg","contentUrl":"https:\/\/futbolhoy.co\/wp-content\/uploads\/2019\/07\/D_yVE2xWsAEzvB5.jpg","width":990,"height":660},{"@type":"BreadcrumbList","@id":"https:\/\/futbolhoy.co\/index.php\/2020\/06\/29\/morelos-se-quedara-en-rangers\/#breadcrumb","itemListElement":[{"@type":"ListItem","position":1,"name":"Portada","item":"https:\/\/futbolhoy.co\/"},{"@type":"ListItem","position":2,"name":"\u00bfMorelos se quedar\u00e1 en Rangers?"}]},{"@type":"WebSite","@id":"https:\/\/futbolhoy.co\/#website","url":"https:\/\/futbolhoy.co\/","name":"FutbolHoy","description":"","publisher":{"@id":"https:\/\/futbolhoy.co\/#organization"},"potentialAction":[{"@type":"SearchAction","target":{"@type":"EntryPoint","urlTemplate":"https:\/\/futbolhoy.co\/?s={search_term_string}"},"query-input":{"@type":"PropertyValueSpecification","valueRequired":true,"valueName":"search_term_string"}}],"inLanguage":"es"},{"@type":"Organization","@id":"https:\/\/futbolhoy.co\/#organization","name":"Futbolhoy.co","url":"https:\/\/futbolhoy.co\/","logo":{"@type":"ImageObject","inLanguage":"es","@id":"https:\/\/futbolhoy.co\/#\/schema\/logo\/image\/","url":"https:\/\/futbolhoy.co\/wp-content\/uploads\/2018\/08\/17426380_1906371736249227_6326180412931521141_n.jpg","contentUrl":"https:\/\/futbolhoy.co\/wp-content\/uploads\/2018\/08\/17426380_1906371736249227_6326180412931521141_n.jpg","width":960,"height":960,"caption":"Futbolhoy.co"},"image":{"@id":"https:\/\/futbolhoy.co\/#\/schema\/logo\/image\/"},"sameAs":["https:\/\/www.facebook.com\/FutbolHoyCol\/","https:\/\/x.com\/FutbolHoyCol","https:\/\/www.instagram.com\/futbolhoycol\/"]},{"@type":"Person","@id":"https:\/\/futbolhoy.co\/#\/schema\/person\/c4a353a512b127643723a34bb1812f7d","name":"Laura Hern\u00e1ndez","image":{"@type":"ImageObject","inLanguage":"es","@id":"https:\/\/futbolhoy.co\/#\/schema\/person\/image\/","url":"https:\/\/secure.gravatar.com\/avatar\/d25959a15b9b293a743f99181c7cfd01?s=96&d=mm&r=g","contentUrl":"https:\/\/secure.gravatar.com\/avatar\/d25959a15b9b293a743f99181c7cfd01?s=96&d=mm&r=g","caption":"Laura Hern\u00e1ndez"}}]}},"publishpress_future_action":{"enabled":false,"date":"2026-05-03 07:15:16","action":"change-status","newStatus":"draft","terms":[],"taxonomy":"category","extraData":[]},"publishpress_future_workflow_manual_trigger":{"enabledWorkflows":[]},"_links":{"self":[{"href":"https:\/\/futbolhoy.co\/index.php\/wp-json\/wp\/v2\/posts\/52901","targetHints":{"allow":["GET"]}}],"collection":[{"href":"https:\/\/futbolhoy.co\/index.php\/wp-json\/wp\/v2\/posts"}],"about":[{"href":"https:\/\/futbolhoy.co\/index.php\/wp-json\/wp\/v2\/types\/post"}],"author":[{"embeddable":true,"href":"https:\/\/futbolhoy.co\/index.php\/wp-json\/wp\/v2\/users\/5"}],"replies":[{"embeddable":true,"href":"https:\/\/futbolhoy.co\/index.php\/wp-json\/wp\/v2\/comments?post=52901"}],"version-history":[{"count":1,"href":"https:\/\/futbolhoy.co\/index.php\/wp-json\/wp\/v2\/posts\/52901\/revisions"}],"predecessor-version":[{"id":52902,"href":"https:\/\/futbolhoy.co\/index.php\/wp-json\/wp\/v2\/posts\/52901\/revisions\/52902"}],"wp:featuredmedia":[{"embeddable":true,"href":"https:\/\/futbolhoy.co\/index.php\/wp-json\/wp\/v2\/media\/38773"}],"wp:attachment":[{"href":"https:\/\/futbolhoy.co\/index.php\/wp-json\/wp\/v2\/media?parent=52901"}],"wp:term":[{"taxonomy":"category","embeddable":true,"href":"https:\/\/futbolhoy.co\/index.php\/wp-json\/wp\/v2\/categories?post=52901"},{"taxonomy":"post_tag","embeddable":true,"href":"https:\/\/futbolhoy.co\/index.php\/wp-json\/wp\/v2\/tags?post=52901"}],"curies":[{"name":"wp","href":"https:\/\/api.w.org\/{rel}","templated":true}]}}