{"id":53097,"date":"2020-07-05T17:32:38","date_gmt":"2020-07-05T22:32:38","guid":{"rendered":"https:\/\/futbolhoy.co\/?p=53097"},"modified":"2020-07-06T10:14:44","modified_gmt":"2020-07-06T15:14:44","slug":"barcelona-volvio-a-ser-barcelona","status":"publish","type":"post","link":"https:\/\/futbolhoy.co\/index.php\/2020\/07\/05\/barcelona-volvio-a-ser-barcelona\/","title":{"rendered":"Barcelona volvi\u00f3 a ser Barcelona"},"content":{"rendered":"<!--[if lt IE 9]><script>document.createElement('audio');<\/script><![endif]-->\n<audio class=\"wp-audio-shortcode\" id=\"audio-53097-1\" preload=\"none\" style=\"width: 100%;\" controls=\"controls\"><source type=\"audio\/mpeg\" src=\"https:\/\/futbolhoy.co\/wp-content\/uploads\/2020\/07\/savetweetvid_uGKrh62NjQQvUikr.mp3?_=1\" \/><a href=\"https:\/\/futbolhoy.co\/wp-content\/uploads\/2020\/07\/savetweetvid_uGKrh62NjQQvUikr.mp3\">https:\/\/futbolhoy.co\/wp-content\/uploads\/2020\/07\/savetweetvid_uGKrh62NjQQvUikr.mp3<\/a><\/audio>\n<p><span style=\"font-size: 10pt; font-family: helvetica, arial, sans-serif;\"><strong><em>Gerard Piqu\u00e9 - Defensa Barcelona<\/em><\/strong><\/span><\/p>\n<p style=\"text-align: justify;\"><span style=\"font-family: helvetica, arial, sans-serif;\"><b>Barcelona<\/b>, con una gran exhibici\u00f3n futbol\u00edstica, la mejor mostrada este a\u00f1o desde la reanudaci\u00f3n de\u00a0<b>LaLiga<\/b>, venci\u00f3 en\u00a0<b>La Cer\u00e1mica<\/b>\u00a01-4 al\u00a0<b>Villarreal<\/b>\u00a0en el cierre de la jornada 34, que lo mantiene a 4 puntos del l\u00edder\u00a0<b>Real Madrid<\/b>.<\/span><\/p>\n<p style=\"text-align: justify;\"><span style=\"font-family: helvetica, arial, sans-serif;\">Barcelona, de nuevo de la mano de su capit\u00e1n Lionel Messi y con la presencia de\u00a0<b>Luis Su\u00e1rez<\/b>\u00a0y\u00a0<b>Antoine Griezmann<\/b>, pas\u00f3 por encima del\u00a0<i>\u2018submarino amarillo\u2019<\/i>\u00a0y se llen\u00f3 de confianza para el cierre de la temporada, que, aunque tiene muy dif\u00edcil el remate en\u00a0<b>Espa\u00f1a<\/b>, tambi\u00e9n est\u00e1 pendiente de la fase final de la\u00a0<b>Champions<\/b>.<\/span><\/p>\n<p style=\"text-align: justify;\"><span style=\"font-family: helvetica, arial, sans-serif;\">Por el equipo\u00a0<i>\u2018blaugrana\u2019<\/i>\u00a0marcaron\u00a0<b>Pau Torres<\/b>\u00a0en propia puerta (3\u2019), Su\u00e1rez (20\u2019) de remate cruzado a pase de Messi, Griezmann (45\u2019) de exquisita definici\u00f3n de vaselina y el joven\u00a0<b>Ansu Fati<\/b>\u00a0(87\u2019).<\/span><\/p>\n<p style=\"text-align: justify;\"><span style=\"font-family: helvetica, arial, sans-serif;\">Por Villarreal descont\u00f3\u00a0<b>Gerard Moreno<\/b>\u00a0(14\u2019), completando cuatro goles consecutivos en tres juegos.<\/span><\/p>\n<p style=\"text-align: justify;\"><span style=\"font-family: helvetica, arial, sans-serif;\">La fecha para el Barcelona dej\u00f3 varias cifras a considerar. Como club complet\u00f3 9.000 goles en su historia, Luis Su\u00e1rez lleg\u00f3 a 142 goles en 187 partidos en Liga, uno m\u00e1s que Griezmann y ya los dos est\u00e1n entre los 25 m\u00e1ximos artilleros de la historia del campeonato espa\u00f1ol.<\/span><\/p>\n<p style=\"text-align: justify;\"><span style=\"font-family: helvetica, arial, sans-serif;\">Messi complet\u00f3 20 asistencias esta temporada y es la segunda vez que lo logra, despu\u00e9s de 2014-2015; y los catalanes completaron 22 partidos sin perder ante el Villarreal.<\/span><\/p>\n<p style=\"text-align: justify;\"><span style=\"font-family: helvetica, arial, sans-serif;\">El delantero colombiano\u00a0<b>Carlos Bacca<\/b>\u00a0ingres\u00f3 a los 36 minutos por\u00a0<b>Paco Alc\u00e1cer<\/b>\u00a0y fue sustituido por\u00a0<b>Fer Nino<\/b>\u00a0a los 70.<\/span><\/p>\n<p style=\"text-align: justify;\"><span style=\"font-family: helvetica, arial, sans-serif;\">Barcelona jugar\u00e1 el mi\u00e9rcoles ante el\u00a0<b>Espanyol<\/b>\u00a0en el cl\u00e1sico de la ciudad (3.00PM); mientras que el Real Madrid recibir\u00e1 al\u00a0<b>Alav\u00e9s<\/b>\u00a0el jueves (3.00PM).<\/span><\/p>\n","protected":false},"excerpt":{"rendered":"<p>Gerard Piqu\u00e9 - Defensa Barcelona Barcelona, con una gran exhibici\u00f3n futbol\u00edstica, la mejor mostrada este a\u00f1o desde la reanudaci\u00f3n de\u00a0LaLiga, venci\u00f3 en\u00a0La Cer\u00e1mica\u00a01-4 al\u00a0Villarreal\u00a0en el cierre de la jornada 34, que lo mantiene a 4 puntos del l\u00edder\u00a0Real Madrid. Barcelona, de nuevo de la mano de su capit\u00e1n Lionel Messi y con la presencia de\u00a0Luis [&hellip;]<\/p>\n","protected":false},"author":5,"featured_media":53100,"comment_status":"open","ping_status":"open","sticky":false,"template":"","format":"video","meta":{"_acf_changed":false,"footnotes":""},"categories":[152],"tags":[],"class_list":{"0":"post-53097","1":"post","2":"type-post","3":"status-publish","4":"format-video","5":"has-post-thumbnail","7":"category-mundo-futbol","8":"post_format-post-format-video"},"acf":[],"yoast_head":"<!-- This site is optimized with the Yoast SEO plugin v26.8 - https:\/\/yoast.com\/product\/yoast-seo-wordpress\/ -->\n<title>Barcelona volvi\u00f3 a ser Barcelona -<\/title>\n<meta name=\"robots\" content=\"index, follow, max-snippet:-1, max-image-preview:large, max-video-preview:-1\" \/>\n<link rel=\"canonical\" href=\"https:\/\/futbolhoy.co\/index.php\/2020\/07\/05\/barcelona-volvio-a-ser-barcelona\/\" \/>\n<meta property=\"og:locale\" content=\"es_ES\" \/>\n<meta property=\"og:type\" content=\"article\" \/>\n<meta property=\"og:title\" content=\"Barcelona volvi\u00f3 a ser Barcelona -\" \/>\n<meta property=\"og:description\" content=\"Gerard Piqu\u00e9 - Defensa Barcelona Barcelona, con una gran exhibici\u00f3n futbol\u00edstica, la mejor mostrada este a\u00f1o desde la reanudaci\u00f3n de\u00a0LaLiga, venci\u00f3 en\u00a0La Cer\u00e1mica\u00a01-4 al\u00a0Villarreal\u00a0en el cierre de la jornada 34, que lo mantiene a 4 puntos del l\u00edder\u00a0Real Madrid. Barcelona, de nuevo de la mano de su capit\u00e1n Lionel Messi y con la presencia de\u00a0Luis [&hellip;]\" \/>\n<meta property=\"og:url\" content=\"https:\/\/futbolhoy.co\/index.php\/2020\/07\/05\/barcelona-volvio-a-ser-barcelona\/\" \/>\n<meta property=\"article:publisher\" content=\"https:\/\/www.facebook.com\/FutbolHoyCol\/\" \/>\n<meta property=\"article:published_time\" content=\"2020-07-05T22:32:38+00:00\" \/>\n<meta property=\"article:modified_time\" content=\"2020-07-06T15:14:44+00:00\" \/>\n<meta property=\"og:image\" content=\"https:\/\/futbolhoy.co\/wp-content\/uploads\/2020\/07\/20200705_171450.jpg\" \/>\n\t<meta property=\"og:image:width\" content=\"1080\" \/>\n\t<meta property=\"og:image:height\" content=\"1080\" \/>\n\t<meta property=\"og:image:type\" content=\"image\/jpeg\" \/>\n<meta name=\"author\" content=\"Laura Hern\u00e1ndez\" \/>\n<meta name=\"twitter:card\" content=\"summary_large_image\" \/>\n<meta name=\"twitter:creator\" content=\"@FutbolHoyCol\" \/>\n<meta name=\"twitter:site\" content=\"@FutbolHoyCol\" \/>\n<meta name=\"twitter:label1\" content=\"Escrito por\" \/>\n\t<meta name=\"twitter:data1\" content=\"Laura Hern\u00e1ndez\" \/>\n\t<meta name=\"twitter:label2\" content=\"Tiempo de lectura\" \/>\n\t<meta name=\"twitter:data2\" content=\"1 minuto\" \/>\n<script type=\"application\/ld+json\" class=\"yoast-schema-graph\">{\"@context\":\"https:\/\/schema.org\",\"@graph\":[{\"@type\":\"Article\",\"@id\":\"https:\/\/futbolhoy.co\/index.php\/2020\/07\/05\/barcelona-volvio-a-ser-barcelona\/#article\",\"isPartOf\":{\"@id\":\"https:\/\/futbolhoy.co\/index.php\/2020\/07\/05\/barcelona-volvio-a-ser-barcelona\/\"},\"author\":{\"name\":\"Laura Hern\u00e1ndez\",\"@id\":\"https:\/\/futbolhoy.co\/#\/schema\/person\/c4a353a512b127643723a34bb1812f7d\"},\"headline\":\"Barcelona volvi\u00f3 a ser Barcelona\",\"datePublished\":\"2020-07-05T22:32:38+00:00\",\"dateModified\":\"2020-07-06T15:14:44+00:00\",\"mainEntityOfPage\":{\"@id\":\"https:\/\/futbolhoy.co\/index.php\/2020\/07\/05\/barcelona-volvio-a-ser-barcelona\/\"},\"wordCount\":297,\"commentCount\":0,\"publisher\":{\"@id\":\"https:\/\/futbolhoy.co\/#organization\"},\"image\":{\"@id\":\"https:\/\/futbolhoy.co\/index.php\/2020\/07\/05\/barcelona-volvio-a-ser-barcelona\/#primaryimage\"},\"thumbnailUrl\":\"https:\/\/futbolhoy.co\/wp-content\/uploads\/2020\/07\/20200705_171450.jpg\",\"articleSection\":[\"Mundo Futbol\"],\"inLanguage\":\"es\",\"potentialAction\":[{\"@type\":\"CommentAction\",\"name\":\"Comment\",\"target\":[\"https:\/\/futbolhoy.co\/index.php\/2020\/07\/05\/barcelona-volvio-a-ser-barcelona\/#respond\"]}]},{\"@type\":\"WebPage\",\"@id\":\"https:\/\/futbolhoy.co\/index.php\/2020\/07\/05\/barcelona-volvio-a-ser-barcelona\/\",\"url\":\"https:\/\/futbolhoy.co\/index.php\/2020\/07\/05\/barcelona-volvio-a-ser-barcelona\/\",\"name\":\"Barcelona volvi\u00f3 a ser Barcelona -\",\"isPartOf\":{\"@id\":\"https:\/\/futbolhoy.co\/#website\"},\"primaryImageOfPage\":{\"@id\":\"https:\/\/futbolhoy.co\/index.php\/2020\/07\/05\/barcelona-volvio-a-ser-barcelona\/#primaryimage\"},\"image\":{\"@id\":\"https:\/\/futbolhoy.co\/index.php\/2020\/07\/05\/barcelona-volvio-a-ser-barcelona\/#primaryimage\"},\"thumbnailUrl\":\"https:\/\/futbolhoy.co\/wp-content\/uploads\/2020\/07\/20200705_171450.jpg\",\"datePublished\":\"2020-07-05T22:32:38+00:00\",\"dateModified\":\"2020-07-06T15:14:44+00:00\",\"breadcrumb\":{\"@id\":\"https:\/\/futbolhoy.co\/index.php\/2020\/07\/05\/barcelona-volvio-a-ser-barcelona\/#breadcrumb\"},\"inLanguage\":\"es\",\"potentialAction\":[{\"@type\":\"ReadAction\",\"target\":[\"https:\/\/futbolhoy.co\/index.php\/2020\/07\/05\/barcelona-volvio-a-ser-barcelona\/\"]}]},{\"@type\":\"ImageObject\",\"inLanguage\":\"es\",\"@id\":\"https:\/\/futbolhoy.co\/index.php\/2020\/07\/05\/barcelona-volvio-a-ser-barcelona\/#primaryimage\",\"url\":\"https:\/\/futbolhoy.co\/wp-content\/uploads\/2020\/07\/20200705_171450.jpg\",\"contentUrl\":\"https:\/\/futbolhoy.co\/wp-content\/uploads\/2020\/07\/20200705_171450.jpg\",\"width\":1080,\"height\":1080},{\"@type\":\"BreadcrumbList\",\"@id\":\"https:\/\/futbolhoy.co\/index.php\/2020\/07\/05\/barcelona-volvio-a-ser-barcelona\/#breadcrumb\",\"itemListElement\":[{\"@type\":\"ListItem\",\"position\":1,\"name\":\"Portada\",\"item\":\"https:\/\/futbolhoy.co\/\"},{\"@type\":\"ListItem\",\"position\":2,\"name\":\"Barcelona volvi\u00f3 a ser Barcelona\"}]},{\"@type\":\"WebSite\",\"@id\":\"https:\/\/futbolhoy.co\/#website\",\"url\":\"https:\/\/futbolhoy.co\/\",\"name\":\"FutbolHoy\",\"description\":\"\",\"publisher\":{\"@id\":\"https:\/\/futbolhoy.co\/#organization\"},\"potentialAction\":[{\"@type\":\"SearchAction\",\"target\":{\"@type\":\"EntryPoint\",\"urlTemplate\":\"https:\/\/futbolhoy.co\/?s={search_term_string}\"},\"query-input\":{\"@type\":\"PropertyValueSpecification\",\"valueRequired\":true,\"valueName\":\"search_term_string\"}}],\"inLanguage\":\"es\"},{\"@type\":\"Organization\",\"@id\":\"https:\/\/futbolhoy.co\/#organization\",\"name\":\"Futbolhoy.co\",\"url\":\"https:\/\/futbolhoy.co\/\",\"logo\":{\"@type\":\"ImageObject\",\"inLanguage\":\"es\",\"@id\":\"https:\/\/futbolhoy.co\/#\/schema\/logo\/image\/\",\"url\":\"https:\/\/futbolhoy.co\/wp-content\/uploads\/2018\/08\/17426380_1906371736249227_6326180412931521141_n.jpg\",\"contentUrl\":\"https:\/\/futbolhoy.co\/wp-content\/uploads\/2018\/08\/17426380_1906371736249227_6326180412931521141_n.jpg\",\"width\":960,\"height\":960,\"caption\":\"Futbolhoy.co\"},\"image\":{\"@id\":\"https:\/\/futbolhoy.co\/#\/schema\/logo\/image\/\"},\"sameAs\":[\"https:\/\/www.facebook.com\/FutbolHoyCol\/\",\"https:\/\/x.com\/FutbolHoyCol\",\"https:\/\/www.instagram.com\/futbolhoycol\/\"]},{\"@type\":\"Person\",\"@id\":\"https:\/\/futbolhoy.co\/#\/schema\/person\/c4a353a512b127643723a34bb1812f7d\",\"name\":\"Laura Hern\u00e1ndez\",\"image\":{\"@type\":\"ImageObject\",\"inLanguage\":\"es\",\"@id\":\"https:\/\/futbolhoy.co\/#\/schema\/person\/image\/\",\"url\":\"https:\/\/secure.gravatar.com\/avatar\/d25959a15b9b293a743f99181c7cfd01?s=96&d=mm&r=g\",\"contentUrl\":\"https:\/\/secure.gravatar.com\/avatar\/d25959a15b9b293a743f99181c7cfd01?s=96&d=mm&r=g\",\"caption\":\"Laura Hern\u00e1ndez\"}}]}<\/script>\n<!-- \/ Yoast SEO plugin. -->","yoast_head_json":{"title":"Barcelona volvi\u00f3 a ser Barcelona -","robots":{"index":"index","follow":"follow","max-snippet":"max-snippet:-1","max-image-preview":"max-image-preview:large","max-video-preview":"max-video-preview:-1"},"canonical":"https:\/\/futbolhoy.co\/index.php\/2020\/07\/05\/barcelona-volvio-a-ser-barcelona\/","og_locale":"es_ES","og_type":"article","og_title":"Barcelona volvi\u00f3 a ser Barcelona -","og_description":"Gerard Piqu\u00e9 - Defensa Barcelona Barcelona, con una gran exhibici\u00f3n futbol\u00edstica, la mejor mostrada este a\u00f1o desde la reanudaci\u00f3n de\u00a0LaLiga, venci\u00f3 en\u00a0La Cer\u00e1mica\u00a01-4 al\u00a0Villarreal\u00a0en el cierre de la jornada 34, que lo mantiene a 4 puntos del l\u00edder\u00a0Real Madrid. Barcelona, de nuevo de la mano de su capit\u00e1n Lionel Messi y con la presencia de\u00a0Luis [&hellip;]","og_url":"https:\/\/futbolhoy.co\/index.php\/2020\/07\/05\/barcelona-volvio-a-ser-barcelona\/","article_publisher":"https:\/\/www.facebook.com\/FutbolHoyCol\/","article_published_time":"2020-07-05T22:32:38+00:00","article_modified_time":"2020-07-06T15:14:44+00:00","og_image":[{"width":1080,"height":1080,"url":"https:\/\/futbolhoy.co\/wp-content\/uploads\/2020\/07\/20200705_171450.jpg","type":"image\/jpeg"}],"author":"Laura Hern\u00e1ndez","twitter_card":"summary_large_image","twitter_creator":"@FutbolHoyCol","twitter_site":"@FutbolHoyCol","twitter_misc":{"Escrito por":"Laura Hern\u00e1ndez","Tiempo de lectura":"1 minuto"},"schema":{"@context":"https:\/\/schema.org","@graph":[{"@type":"Article","@id":"https:\/\/futbolhoy.co\/index.php\/2020\/07\/05\/barcelona-volvio-a-ser-barcelona\/#article","isPartOf":{"@id":"https:\/\/futbolhoy.co\/index.php\/2020\/07\/05\/barcelona-volvio-a-ser-barcelona\/"},"author":{"name":"Laura Hern\u00e1ndez","@id":"https:\/\/futbolhoy.co\/#\/schema\/person\/c4a353a512b127643723a34bb1812f7d"},"headline":"Barcelona volvi\u00f3 a ser Barcelona","datePublished":"2020-07-05T22:32:38+00:00","dateModified":"2020-07-06T15:14:44+00:00","mainEntityOfPage":{"@id":"https:\/\/futbolhoy.co\/index.php\/2020\/07\/05\/barcelona-volvio-a-ser-barcelona\/"},"wordCount":297,"commentCount":0,"publisher":{"@id":"https:\/\/futbolhoy.co\/#organization"},"image":{"@id":"https:\/\/futbolhoy.co\/index.php\/2020\/07\/05\/barcelona-volvio-a-ser-barcelona\/#primaryimage"},"thumbnailUrl":"https:\/\/futbolhoy.co\/wp-content\/uploads\/2020\/07\/20200705_171450.jpg","articleSection":["Mundo Futbol"],"inLanguage":"es","potentialAction":[{"@type":"CommentAction","name":"Comment","target":["https:\/\/futbolhoy.co\/index.php\/2020\/07\/05\/barcelona-volvio-a-ser-barcelona\/#respond"]}]},{"@type":"WebPage","@id":"https:\/\/futbolhoy.co\/index.php\/2020\/07\/05\/barcelona-volvio-a-ser-barcelona\/","url":"https:\/\/futbolhoy.co\/index.php\/2020\/07\/05\/barcelona-volvio-a-ser-barcelona\/","name":"Barcelona volvi\u00f3 a ser Barcelona -","isPartOf":{"@id":"https:\/\/futbolhoy.co\/#website"},"primaryImageOfPage":{"@id":"https:\/\/futbolhoy.co\/index.php\/2020\/07\/05\/barcelona-volvio-a-ser-barcelona\/#primaryimage"},"image":{"@id":"https:\/\/futbolhoy.co\/index.php\/2020\/07\/05\/barcelona-volvio-a-ser-barcelona\/#primaryimage"},"thumbnailUrl":"https:\/\/futbolhoy.co\/wp-content\/uploads\/2020\/07\/20200705_171450.jpg","datePublished":"2020-07-05T22:32:38+00:00","dateModified":"2020-07-06T15:14:44+00:00","breadcrumb":{"@id":"https:\/\/futbolhoy.co\/index.php\/2020\/07\/05\/barcelona-volvio-a-ser-barcelona\/#breadcrumb"},"inLanguage":"es","potentialAction":[{"@type":"ReadAction","target":["https:\/\/futbolhoy.co\/index.php\/2020\/07\/05\/barcelona-volvio-a-ser-barcelona\/"]}]},{"@type":"ImageObject","inLanguage":"es","@id":"https:\/\/futbolhoy.co\/index.php\/2020\/07\/05\/barcelona-volvio-a-ser-barcelona\/#primaryimage","url":"https:\/\/futbolhoy.co\/wp-content\/uploads\/2020\/07\/20200705_171450.jpg","contentUrl":"https:\/\/futbolhoy.co\/wp-content\/uploads\/2020\/07\/20200705_171450.jpg","width":1080,"height":1080},{"@type":"BreadcrumbList","@id":"https:\/\/futbolhoy.co\/index.php\/2020\/07\/05\/barcelona-volvio-a-ser-barcelona\/#breadcrumb","itemListElement":[{"@type":"ListItem","position":1,"name":"Portada","item":"https:\/\/futbolhoy.co\/"},{"@type":"ListItem","position":2,"name":"Barcelona volvi\u00f3 a ser Barcelona"}]},{"@type":"WebSite","@id":"https:\/\/futbolhoy.co\/#website","url":"https:\/\/futbolhoy.co\/","name":"FutbolHoy","description":"","publisher":{"@id":"https:\/\/futbolhoy.co\/#organization"},"potentialAction":[{"@type":"SearchAction","target":{"@type":"EntryPoint","urlTemplate":"https:\/\/futbolhoy.co\/?s={search_term_string}"},"query-input":{"@type":"PropertyValueSpecification","valueRequired":true,"valueName":"search_term_string"}}],"inLanguage":"es"},{"@type":"Organization","@id":"https:\/\/futbolhoy.co\/#organization","name":"Futbolhoy.co","url":"https:\/\/futbolhoy.co\/","logo":{"@type":"ImageObject","inLanguage":"es","@id":"https:\/\/futbolhoy.co\/#\/schema\/logo\/image\/","url":"https:\/\/futbolhoy.co\/wp-content\/uploads\/2018\/08\/17426380_1906371736249227_6326180412931521141_n.jpg","contentUrl":"https:\/\/futbolhoy.co\/wp-content\/uploads\/2018\/08\/17426380_1906371736249227_6326180412931521141_n.jpg","width":960,"height":960,"caption":"Futbolhoy.co"},"image":{"@id":"https:\/\/futbolhoy.co\/#\/schema\/logo\/image\/"},"sameAs":["https:\/\/www.facebook.com\/FutbolHoyCol\/","https:\/\/x.com\/FutbolHoyCol","https:\/\/www.instagram.com\/futbolhoycol\/"]},{"@type":"Person","@id":"https:\/\/futbolhoy.co\/#\/schema\/person\/c4a353a512b127643723a34bb1812f7d","name":"Laura Hern\u00e1ndez","image":{"@type":"ImageObject","inLanguage":"es","@id":"https:\/\/futbolhoy.co\/#\/schema\/person\/image\/","url":"https:\/\/secure.gravatar.com\/avatar\/d25959a15b9b293a743f99181c7cfd01?s=96&d=mm&r=g","contentUrl":"https:\/\/secure.gravatar.com\/avatar\/d25959a15b9b293a743f99181c7cfd01?s=96&d=mm&r=g","caption":"Laura Hern\u00e1ndez"}}]}},"publishpress_future_action":{"enabled":false,"date":"2026-05-06 08:24:26","action":"change-status","newStatus":"draft","terms":[],"taxonomy":"category","extraData":[]},"publishpress_future_workflow_manual_trigger":{"enabledWorkflows":[]},"_links":{"self":[{"href":"https:\/\/futbolhoy.co\/index.php\/wp-json\/wp\/v2\/posts\/53097","targetHints":{"allow":["GET"]}}],"collection":[{"href":"https:\/\/futbolhoy.co\/index.php\/wp-json\/wp\/v2\/posts"}],"about":[{"href":"https:\/\/futbolhoy.co\/index.php\/wp-json\/wp\/v2\/types\/post"}],"author":[{"embeddable":true,"href":"https:\/\/futbolhoy.co\/index.php\/wp-json\/wp\/v2\/users\/5"}],"replies":[{"embeddable":true,"href":"https:\/\/futbolhoy.co\/index.php\/wp-json\/wp\/v2\/comments?post=53097"}],"version-history":[{"count":2,"href":"https:\/\/futbolhoy.co\/index.php\/wp-json\/wp\/v2\/posts\/53097\/revisions"}],"predecessor-version":[{"id":53101,"href":"https:\/\/futbolhoy.co\/index.php\/wp-json\/wp\/v2\/posts\/53097\/revisions\/53101"}],"wp:featuredmedia":[{"embeddable":true,"href":"https:\/\/futbolhoy.co\/index.php\/wp-json\/wp\/v2\/media\/53100"}],"wp:attachment":[{"href":"https:\/\/futbolhoy.co\/index.php\/wp-json\/wp\/v2\/media?parent=53097"}],"wp:term":[{"taxonomy":"category","embeddable":true,"href":"https:\/\/futbolhoy.co\/index.php\/wp-json\/wp\/v2\/categories?post=53097"},{"taxonomy":"post_tag","embeddable":true,"href":"https:\/\/futbolhoy.co\/index.php\/wp-json\/wp\/v2\/tags?post=53097"}],"curies":[{"name":"wp","href":"https:\/\/api.w.org\/{rel}","templated":true}]}}