{"id":53127,"date":"2020-07-06T18:21:05","date_gmt":"2020-07-06T23:21:05","guid":{"rendered":"https:\/\/futbolhoy.co\/?p=53127"},"modified":"2020-07-07T09:17:31","modified_gmt":"2020-07-07T14:17:31","slug":"dallas-no-estara-en-la-mls","status":"publish","type":"post","link":"https:\/\/futbolhoy.co\/index.php\/2020\/07\/06\/dallas-no-estara-en-la-mls\/","title":{"rendered":"Dallas no estar\u00e1 en la MLS"},"content":{"rendered":"<p style=\"text-align: justify;\"><span style=\"font-family: helvetica, arial, sans-serif;\">El equipo\u00a0<strong>FC Dallas\u00a0<\/strong>no har\u00e1 parte del torneo de reactivaci\u00f3n de la Liga estadounidense (<strong>MLS<\/strong>) que comienza este mi\u00e9rcoles, debido al contagio por coronavirus de 10 de sus jugadores, seg\u00fan anunci\u00f3 la competici\u00f3n en un comunicado de prensa oficial.<\/span><\/p>\n<p style=\"text-align: justify;\"><span style=\"font-family: helvetica, arial, sans-serif;\">\"Dado el impacto del n\u00famero de pruebas positivas sobre la capacidad del club para entrenar y participar en partidos competitivos, hemos tomado la decisi\u00f3n de retirar a FC Dallas del\u00a0Torneo Especial MLS is Back\", se\u00f1al\u00f3 el comisionado<strong>\u00a0Don Garber<\/strong>.<\/span><\/p>\n<p style=\"text-align: justify;\"><span style=\"font-family: helvetica, arial, sans-serif;\">En el Dallas militan los futbolistas colombianos\u00a0<strong>Santiago Mosquera<\/strong>\u00a0y\u00a0<strong>Michael Barrios<\/strong>.<\/span><\/p>\n","protected":false},"excerpt":{"rendered":"<p>El equipo\u00a0FC Dallas\u00a0no har\u00e1 parte del torneo de reactivaci\u00f3n de la Liga estadounidense (MLS) que comienza este mi\u00e9rcoles, debido al contagio por coronavirus de 10 de sus jugadores, seg\u00fan anunci\u00f3 la competici\u00f3n en un comunicado de prensa oficial. \"Dado el impacto del n\u00famero de pruebas positivas sobre la capacidad del club para entrenar y participar [&hellip;]<\/p>\n","protected":false},"author":5,"featured_media":53130,"comment_status":"open","ping_status":"open","sticky":false,"template":"","format":"standard","meta":{"_acf_changed":false,"footnotes":""},"categories":[152],"tags":[],"class_list":{"0":"post-53127","1":"post","2":"type-post","3":"status-publish","4":"format-standard","5":"has-post-thumbnail","7":"category-mundo-futbol"},"acf":[],"yoast_head":"<!-- This site is optimized with the Yoast SEO plugin v26.8 - https:\/\/yoast.com\/product\/yoast-seo-wordpress\/ -->\n<title>Dallas no estar\u00e1 en la MLS -<\/title>\n<meta name=\"robots\" content=\"index, follow, max-snippet:-1, max-image-preview:large, max-video-preview:-1\" \/>\n<link rel=\"canonical\" href=\"https:\/\/futbolhoy.co\/index.php\/2020\/07\/06\/dallas-no-estara-en-la-mls\/\" \/>\n<meta property=\"og:locale\" content=\"es_ES\" \/>\n<meta property=\"og:type\" content=\"article\" \/>\n<meta property=\"og:title\" content=\"Dallas no estar\u00e1 en la MLS -\" \/>\n<meta property=\"og:description\" content=\"El equipo\u00a0FC Dallas\u00a0no har\u00e1 parte del torneo de reactivaci\u00f3n de la Liga estadounidense (MLS) que comienza este mi\u00e9rcoles, debido al contagio por coronavirus de 10 de sus jugadores, seg\u00fan anunci\u00f3 la competici\u00f3n en un comunicado de prensa oficial. &quot;Dado el impacto del n\u00famero de pruebas positivas sobre la capacidad del club para entrenar y participar [&hellip;]\" \/>\n<meta property=\"og:url\" content=\"https:\/\/futbolhoy.co\/index.php\/2020\/07\/06\/dallas-no-estara-en-la-mls\/\" \/>\n<meta property=\"article:publisher\" content=\"https:\/\/www.facebook.com\/FutbolHoyCol\/\" \/>\n<meta property=\"article:published_time\" content=\"2020-07-06T23:21:05+00:00\" \/>\n<meta property=\"article:modified_time\" content=\"2020-07-07T14:17:31+00:00\" \/>\n<meta property=\"og:image\" content=\"https:\/\/futbolhoy.co\/wp-content\/uploads\/2020\/07\/Ebo_u9CXQAEqJhj.jpg\" \/>\n\t<meta property=\"og:image:width\" content=\"2048\" \/>\n\t<meta property=\"og:image:height\" content=\"2048\" \/>\n\t<meta property=\"og:image:type\" content=\"image\/jpeg\" \/>\n<meta name=\"author\" content=\"Laura Hern\u00e1ndez\" \/>\n<meta name=\"twitter:card\" content=\"summary_large_image\" \/>\n<meta name=\"twitter:creator\" content=\"@FutbolHoyCol\" \/>\n<meta name=\"twitter:site\" content=\"@FutbolHoyCol\" \/>\n<meta name=\"twitter:label1\" content=\"Escrito por\" \/>\n\t<meta name=\"twitter:data1\" content=\"Laura Hern\u00e1ndez\" \/>\n<script type=\"application\/ld+json\" class=\"yoast-schema-graph\">{\"@context\":\"https:\/\/schema.org\",\"@graph\":[{\"@type\":\"Article\",\"@id\":\"https:\/\/futbolhoy.co\/index.php\/2020\/07\/06\/dallas-no-estara-en-la-mls\/#article\",\"isPartOf\":{\"@id\":\"https:\/\/futbolhoy.co\/index.php\/2020\/07\/06\/dallas-no-estara-en-la-mls\/\"},\"author\":{\"name\":\"Laura Hern\u00e1ndez\",\"@id\":\"https:\/\/futbolhoy.co\/#\/schema\/person\/c4a353a512b127643723a34bb1812f7d\"},\"headline\":\"Dallas no estar\u00e1 en la MLS\",\"datePublished\":\"2020-07-06T23:21:05+00:00\",\"dateModified\":\"2020-07-07T14:17:31+00:00\",\"mainEntityOfPage\":{\"@id\":\"https:\/\/futbolhoy.co\/index.php\/2020\/07\/06\/dallas-no-estara-en-la-mls\/\"},\"wordCount\":104,\"commentCount\":0,\"publisher\":{\"@id\":\"https:\/\/futbolhoy.co\/#organization\"},\"image\":{\"@id\":\"https:\/\/futbolhoy.co\/index.php\/2020\/07\/06\/dallas-no-estara-en-la-mls\/#primaryimage\"},\"thumbnailUrl\":\"https:\/\/futbolhoy.co\/wp-content\/uploads\/2020\/07\/Ebo_u9CXQAEqJhj.jpg\",\"articleSection\":[\"Mundo Futbol\"],\"inLanguage\":\"es\",\"potentialAction\":[{\"@type\":\"CommentAction\",\"name\":\"Comment\",\"target\":[\"https:\/\/futbolhoy.co\/index.php\/2020\/07\/06\/dallas-no-estara-en-la-mls\/#respond\"]}]},{\"@type\":\"WebPage\",\"@id\":\"https:\/\/futbolhoy.co\/index.php\/2020\/07\/06\/dallas-no-estara-en-la-mls\/\",\"url\":\"https:\/\/futbolhoy.co\/index.php\/2020\/07\/06\/dallas-no-estara-en-la-mls\/\",\"name\":\"Dallas no estar\u00e1 en la MLS -\",\"isPartOf\":{\"@id\":\"https:\/\/futbolhoy.co\/#website\"},\"primaryImageOfPage\":{\"@id\":\"https:\/\/futbolhoy.co\/index.php\/2020\/07\/06\/dallas-no-estara-en-la-mls\/#primaryimage\"},\"image\":{\"@id\":\"https:\/\/futbolhoy.co\/index.php\/2020\/07\/06\/dallas-no-estara-en-la-mls\/#primaryimage\"},\"thumbnailUrl\":\"https:\/\/futbolhoy.co\/wp-content\/uploads\/2020\/07\/Ebo_u9CXQAEqJhj.jpg\",\"datePublished\":\"2020-07-06T23:21:05+00:00\",\"dateModified\":\"2020-07-07T14:17:31+00:00\",\"breadcrumb\":{\"@id\":\"https:\/\/futbolhoy.co\/index.php\/2020\/07\/06\/dallas-no-estara-en-la-mls\/#breadcrumb\"},\"inLanguage\":\"es\",\"potentialAction\":[{\"@type\":\"ReadAction\",\"target\":[\"https:\/\/futbolhoy.co\/index.php\/2020\/07\/06\/dallas-no-estara-en-la-mls\/\"]}]},{\"@type\":\"ImageObject\",\"inLanguage\":\"es\",\"@id\":\"https:\/\/futbolhoy.co\/index.php\/2020\/07\/06\/dallas-no-estara-en-la-mls\/#primaryimage\",\"url\":\"https:\/\/futbolhoy.co\/wp-content\/uploads\/2020\/07\/Ebo_u9CXQAEqJhj.jpg\",\"contentUrl\":\"https:\/\/futbolhoy.co\/wp-content\/uploads\/2020\/07\/Ebo_u9CXQAEqJhj.jpg\",\"width\":2048,\"height\":2048},{\"@type\":\"BreadcrumbList\",\"@id\":\"https:\/\/futbolhoy.co\/index.php\/2020\/07\/06\/dallas-no-estara-en-la-mls\/#breadcrumb\",\"itemListElement\":[{\"@type\":\"ListItem\",\"position\":1,\"name\":\"Portada\",\"item\":\"https:\/\/futbolhoy.co\/\"},{\"@type\":\"ListItem\",\"position\":2,\"name\":\"Dallas no estar\u00e1 en la MLS\"}]},{\"@type\":\"WebSite\",\"@id\":\"https:\/\/futbolhoy.co\/#website\",\"url\":\"https:\/\/futbolhoy.co\/\",\"name\":\"FutbolHoy\",\"description\":\"\",\"publisher\":{\"@id\":\"https:\/\/futbolhoy.co\/#organization\"},\"potentialAction\":[{\"@type\":\"SearchAction\",\"target\":{\"@type\":\"EntryPoint\",\"urlTemplate\":\"https:\/\/futbolhoy.co\/?s={search_term_string}\"},\"query-input\":{\"@type\":\"PropertyValueSpecification\",\"valueRequired\":true,\"valueName\":\"search_term_string\"}}],\"inLanguage\":\"es\"},{\"@type\":\"Organization\",\"@id\":\"https:\/\/futbolhoy.co\/#organization\",\"name\":\"Futbolhoy.co\",\"url\":\"https:\/\/futbolhoy.co\/\",\"logo\":{\"@type\":\"ImageObject\",\"inLanguage\":\"es\",\"@id\":\"https:\/\/futbolhoy.co\/#\/schema\/logo\/image\/\",\"url\":\"https:\/\/futbolhoy.co\/wp-content\/uploads\/2018\/08\/17426380_1906371736249227_6326180412931521141_n.jpg\",\"contentUrl\":\"https:\/\/futbolhoy.co\/wp-content\/uploads\/2018\/08\/17426380_1906371736249227_6326180412931521141_n.jpg\",\"width\":960,\"height\":960,\"caption\":\"Futbolhoy.co\"},\"image\":{\"@id\":\"https:\/\/futbolhoy.co\/#\/schema\/logo\/image\/\"},\"sameAs\":[\"https:\/\/www.facebook.com\/FutbolHoyCol\/\",\"https:\/\/x.com\/FutbolHoyCol\",\"https:\/\/www.instagram.com\/futbolhoycol\/\"]},{\"@type\":\"Person\",\"@id\":\"https:\/\/futbolhoy.co\/#\/schema\/person\/c4a353a512b127643723a34bb1812f7d\",\"name\":\"Laura Hern\u00e1ndez\",\"image\":{\"@type\":\"ImageObject\",\"inLanguage\":\"es\",\"@id\":\"https:\/\/futbolhoy.co\/#\/schema\/person\/image\/\",\"url\":\"https:\/\/secure.gravatar.com\/avatar\/d25959a15b9b293a743f99181c7cfd01?s=96&d=mm&r=g\",\"contentUrl\":\"https:\/\/secure.gravatar.com\/avatar\/d25959a15b9b293a743f99181c7cfd01?s=96&d=mm&r=g\",\"caption\":\"Laura Hern\u00e1ndez\"}}]}<\/script>\n<!-- \/ Yoast SEO plugin. -->","yoast_head_json":{"title":"Dallas no estar\u00e1 en la MLS -","robots":{"index":"index","follow":"follow","max-snippet":"max-snippet:-1","max-image-preview":"max-image-preview:large","max-video-preview":"max-video-preview:-1"},"canonical":"https:\/\/futbolhoy.co\/index.php\/2020\/07\/06\/dallas-no-estara-en-la-mls\/","og_locale":"es_ES","og_type":"article","og_title":"Dallas no estar\u00e1 en la MLS -","og_description":"El equipo\u00a0FC Dallas\u00a0no har\u00e1 parte del torneo de reactivaci\u00f3n de la Liga estadounidense (MLS) que comienza este mi\u00e9rcoles, debido al contagio por coronavirus de 10 de sus jugadores, seg\u00fan anunci\u00f3 la competici\u00f3n en un comunicado de prensa oficial. \"Dado el impacto del n\u00famero de pruebas positivas sobre la capacidad del club para entrenar y participar [&hellip;]","og_url":"https:\/\/futbolhoy.co\/index.php\/2020\/07\/06\/dallas-no-estara-en-la-mls\/","article_publisher":"https:\/\/www.facebook.com\/FutbolHoyCol\/","article_published_time":"2020-07-06T23:21:05+00:00","article_modified_time":"2020-07-07T14:17:31+00:00","og_image":[{"width":2048,"height":2048,"url":"https:\/\/futbolhoy.co\/wp-content\/uploads\/2020\/07\/Ebo_u9CXQAEqJhj.jpg","type":"image\/jpeg"}],"author":"Laura Hern\u00e1ndez","twitter_card":"summary_large_image","twitter_creator":"@FutbolHoyCol","twitter_site":"@FutbolHoyCol","twitter_misc":{"Escrito por":"Laura Hern\u00e1ndez"},"schema":{"@context":"https:\/\/schema.org","@graph":[{"@type":"Article","@id":"https:\/\/futbolhoy.co\/index.php\/2020\/07\/06\/dallas-no-estara-en-la-mls\/#article","isPartOf":{"@id":"https:\/\/futbolhoy.co\/index.php\/2020\/07\/06\/dallas-no-estara-en-la-mls\/"},"author":{"name":"Laura Hern\u00e1ndez","@id":"https:\/\/futbolhoy.co\/#\/schema\/person\/c4a353a512b127643723a34bb1812f7d"},"headline":"Dallas no estar\u00e1 en la MLS","datePublished":"2020-07-06T23:21:05+00:00","dateModified":"2020-07-07T14:17:31+00:00","mainEntityOfPage":{"@id":"https:\/\/futbolhoy.co\/index.php\/2020\/07\/06\/dallas-no-estara-en-la-mls\/"},"wordCount":104,"commentCount":0,"publisher":{"@id":"https:\/\/futbolhoy.co\/#organization"},"image":{"@id":"https:\/\/futbolhoy.co\/index.php\/2020\/07\/06\/dallas-no-estara-en-la-mls\/#primaryimage"},"thumbnailUrl":"https:\/\/futbolhoy.co\/wp-content\/uploads\/2020\/07\/Ebo_u9CXQAEqJhj.jpg","articleSection":["Mundo Futbol"],"inLanguage":"es","potentialAction":[{"@type":"CommentAction","name":"Comment","target":["https:\/\/futbolhoy.co\/index.php\/2020\/07\/06\/dallas-no-estara-en-la-mls\/#respond"]}]},{"@type":"WebPage","@id":"https:\/\/futbolhoy.co\/index.php\/2020\/07\/06\/dallas-no-estara-en-la-mls\/","url":"https:\/\/futbolhoy.co\/index.php\/2020\/07\/06\/dallas-no-estara-en-la-mls\/","name":"Dallas no estar\u00e1 en la MLS -","isPartOf":{"@id":"https:\/\/futbolhoy.co\/#website"},"primaryImageOfPage":{"@id":"https:\/\/futbolhoy.co\/index.php\/2020\/07\/06\/dallas-no-estara-en-la-mls\/#primaryimage"},"image":{"@id":"https:\/\/futbolhoy.co\/index.php\/2020\/07\/06\/dallas-no-estara-en-la-mls\/#primaryimage"},"thumbnailUrl":"https:\/\/futbolhoy.co\/wp-content\/uploads\/2020\/07\/Ebo_u9CXQAEqJhj.jpg","datePublished":"2020-07-06T23:21:05+00:00","dateModified":"2020-07-07T14:17:31+00:00","breadcrumb":{"@id":"https:\/\/futbolhoy.co\/index.php\/2020\/07\/06\/dallas-no-estara-en-la-mls\/#breadcrumb"},"inLanguage":"es","potentialAction":[{"@type":"ReadAction","target":["https:\/\/futbolhoy.co\/index.php\/2020\/07\/06\/dallas-no-estara-en-la-mls\/"]}]},{"@type":"ImageObject","inLanguage":"es","@id":"https:\/\/futbolhoy.co\/index.php\/2020\/07\/06\/dallas-no-estara-en-la-mls\/#primaryimage","url":"https:\/\/futbolhoy.co\/wp-content\/uploads\/2020\/07\/Ebo_u9CXQAEqJhj.jpg","contentUrl":"https:\/\/futbolhoy.co\/wp-content\/uploads\/2020\/07\/Ebo_u9CXQAEqJhj.jpg","width":2048,"height":2048},{"@type":"BreadcrumbList","@id":"https:\/\/futbolhoy.co\/index.php\/2020\/07\/06\/dallas-no-estara-en-la-mls\/#breadcrumb","itemListElement":[{"@type":"ListItem","position":1,"name":"Portada","item":"https:\/\/futbolhoy.co\/"},{"@type":"ListItem","position":2,"name":"Dallas no estar\u00e1 en la MLS"}]},{"@type":"WebSite","@id":"https:\/\/futbolhoy.co\/#website","url":"https:\/\/futbolhoy.co\/","name":"FutbolHoy","description":"","publisher":{"@id":"https:\/\/futbolhoy.co\/#organization"},"potentialAction":[{"@type":"SearchAction","target":{"@type":"EntryPoint","urlTemplate":"https:\/\/futbolhoy.co\/?s={search_term_string}"},"query-input":{"@type":"PropertyValueSpecification","valueRequired":true,"valueName":"search_term_string"}}],"inLanguage":"es"},{"@type":"Organization","@id":"https:\/\/futbolhoy.co\/#organization","name":"Futbolhoy.co","url":"https:\/\/futbolhoy.co\/","logo":{"@type":"ImageObject","inLanguage":"es","@id":"https:\/\/futbolhoy.co\/#\/schema\/logo\/image\/","url":"https:\/\/futbolhoy.co\/wp-content\/uploads\/2018\/08\/17426380_1906371736249227_6326180412931521141_n.jpg","contentUrl":"https:\/\/futbolhoy.co\/wp-content\/uploads\/2018\/08\/17426380_1906371736249227_6326180412931521141_n.jpg","width":960,"height":960,"caption":"Futbolhoy.co"},"image":{"@id":"https:\/\/futbolhoy.co\/#\/schema\/logo\/image\/"},"sameAs":["https:\/\/www.facebook.com\/FutbolHoyCol\/","https:\/\/x.com\/FutbolHoyCol","https:\/\/www.instagram.com\/futbolhoycol\/"]},{"@type":"Person","@id":"https:\/\/futbolhoy.co\/#\/schema\/person\/c4a353a512b127643723a34bb1812f7d","name":"Laura Hern\u00e1ndez","image":{"@type":"ImageObject","inLanguage":"es","@id":"https:\/\/futbolhoy.co\/#\/schema\/person\/image\/","url":"https:\/\/secure.gravatar.com\/avatar\/d25959a15b9b293a743f99181c7cfd01?s=96&d=mm&r=g","contentUrl":"https:\/\/secure.gravatar.com\/avatar\/d25959a15b9b293a743f99181c7cfd01?s=96&d=mm&r=g","caption":"Laura Hern\u00e1ndez"}}]}},"publishpress_future_action":{"enabled":false,"date":"2026-05-06 10:23:23","action":"change-status","newStatus":"draft","terms":[],"taxonomy":"category","extraData":[]},"publishpress_future_workflow_manual_trigger":{"enabledWorkflows":[]},"_links":{"self":[{"href":"https:\/\/futbolhoy.co\/index.php\/wp-json\/wp\/v2\/posts\/53127","targetHints":{"allow":["GET"]}}],"collection":[{"href":"https:\/\/futbolhoy.co\/index.php\/wp-json\/wp\/v2\/posts"}],"about":[{"href":"https:\/\/futbolhoy.co\/index.php\/wp-json\/wp\/v2\/types\/post"}],"author":[{"embeddable":true,"href":"https:\/\/futbolhoy.co\/index.php\/wp-json\/wp\/v2\/users\/5"}],"replies":[{"embeddable":true,"href":"https:\/\/futbolhoy.co\/index.php\/wp-json\/wp\/v2\/comments?post=53127"}],"version-history":[{"count":1,"href":"https:\/\/futbolhoy.co\/index.php\/wp-json\/wp\/v2\/posts\/53127\/revisions"}],"predecessor-version":[{"id":53131,"href":"https:\/\/futbolhoy.co\/index.php\/wp-json\/wp\/v2\/posts\/53127\/revisions\/53131"}],"wp:featuredmedia":[{"embeddable":true,"href":"https:\/\/futbolhoy.co\/index.php\/wp-json\/wp\/v2\/media\/53130"}],"wp:attachment":[{"href":"https:\/\/futbolhoy.co\/index.php\/wp-json\/wp\/v2\/media?parent=53127"}],"wp:term":[{"taxonomy":"category","embeddable":true,"href":"https:\/\/futbolhoy.co\/index.php\/wp-json\/wp\/v2\/categories?post=53127"},{"taxonomy":"post_tag","embeddable":true,"href":"https:\/\/futbolhoy.co\/index.php\/wp-json\/wp\/v2\/tags?post=53127"}],"curies":[{"name":"wp","href":"https:\/\/api.w.org\/{rel}","templated":true}]}}