{"id":53172,"date":"2020-07-07T16:54:42","date_gmt":"2020-07-07T21:54:42","guid":{"rendered":"https:\/\/futbolhoy.co\/?p=53172"},"modified":"2020-07-08T15:15:09","modified_gmt":"2020-07-08T20:15:09","slug":"milan-remonto-y-freno-a-la-juve","status":"publish","type":"post","link":"https:\/\/futbolhoy.co\/index.php\/2020\/07\/07\/milan-remonto-y-freno-a-la-juve\/","title":{"rendered":"Milan remont\u00f3 y fren\u00f3 a la Juve"},"content":{"rendered":"<p style=\"text-align: justify;\"><span lang=\"ES\" style=\"font-family: helvetica, arial, sans-serif;\">En un gran partido el\u00a0<strong>Milan\u00a0<\/strong>logr\u00f3 una importante victoria 4-2 con remontada en\u00a0<strong>San Siro<\/strong>\u00a0sobre el l\u00edder de la<strong>\u00a0Serie A\u00a0<\/strong>de\u00a0Italia,\u00a0la\u00a0<strong>Juventus<\/strong>, en el marco de la jornada 31, donde el\u00a0\u2018rossonero\u2019\u00a0ya se ubica en zona de\u00a0<strong>Europa League<\/strong>.<\/span><\/p>\n<p style=\"text-align: justify;\"><span style=\"font-family: helvetica, arial, sans-serif;\"><span lang=\"ES\">\u2018La vieja se\u00f1ora\u2019<\/span><span lang=\"ES\">, con el colombiano\u00a0<strong>Juan Guillermo Cuadrado<\/strong>\u00a0durante 77 minutos, se hab\u00eda ido en ventaja con goles del volante franc\u00e9s\u00a0<strong>Adrien Rabiot<\/strong>\u00a0en sensacional cabalgata desde su campo (47\u2019) y el portugu\u00e9s<strong>\u00a0Cristiano Ronaldo<\/strong>\u00a0(53\u2019).<\/span><\/span><\/p>\n<p style=\"text-align: justify;\"><span lang=\"ES\" style=\"font-family: helvetica, arial, sans-serif;\">Por su parte, el <strong>Milan<\/strong> remont\u00f3 en tan solo 5 minutos el juego, con tantos del sueco\u00a0<strong>Zlatan Ibrahimovic<\/strong>, de penalti (63\u2019), tras mano de\u00a0<strong>Leonardo Bonucci<\/strong>, que fue revisada por el\u00a0VAR; el marfile\u00f1o\u00a0<strong>Frank<\/strong> Kessie\u00a0(66\u2019), el portugu\u00e9s\u00a0Rafael Leao\u00a0(67\u2019) y el croata\u00a0Ante Rebic\u00a0(80\u2019).<\/span><\/p>\n<p style=\"text-align: justify;\"><span lang=\"ES\" style=\"font-family: helvetica, arial, sans-serif;\">La\u00a0Juve, que perdi\u00f3 una racha de 7 triunfos consecutivos, se qued\u00f3 con 75 puntos en el liderato de la tabla de posiciones y aventaja en 7 a su escolta, la Lazio, que cay\u00f3 sorpresivamente 2-1 ante el\u00a0Lecce, donde el colombiano\u00a0Brayan Vera\u00a0fue suplente.<\/span><\/p>\n<p style=\"text-align: justify;\"><span lang=\"ES\" style=\"font-family: helvetica, arial, sans-serif;\">En el\u00a0Calcio\u00a0jugar\u00e1n este mi\u00e9rcoles\u00a0G\u00e9nova-Napoli\u00a0(12.30PM) y\u00a0Atalanta-Sampdoria\u00a0(2.45PM).<\/span><\/p>\n","protected":false},"excerpt":{"rendered":"<p>En un gran partido el\u00a0Milan\u00a0logr\u00f3 una importante victoria 4-2 con remontada en\u00a0San Siro\u00a0sobre el l\u00edder de la\u00a0Serie A\u00a0de\u00a0Italia,\u00a0la\u00a0Juventus, en el marco de la jornada 31, donde el\u00a0\u2018rossonero\u2019\u00a0ya se ubica en zona de\u00a0Europa League. \u2018La vieja se\u00f1ora\u2019, con el colombiano\u00a0Juan Guillermo Cuadrado\u00a0durante 77 minutos, se hab\u00eda ido en ventaja con goles del volante franc\u00e9s\u00a0Adrien Rabiot\u00a0en sensacional [&hellip;]<\/p>\n","protected":false},"author":5,"featured_media":53173,"comment_status":"open","ping_status":"open","sticky":false,"template":"","format":"standard","meta":{"_acf_changed":false,"footnotes":""},"categories":[152],"tags":[],"class_list":{"0":"post-53172","1":"post","2":"type-post","3":"status-publish","4":"format-standard","5":"has-post-thumbnail","7":"category-mundo-futbol"},"acf":[],"yoast_head":"<!-- This site is optimized with the Yoast SEO plugin v26.8 - https:\/\/yoast.com\/product\/yoast-seo-wordpress\/ -->\n<title>Milan remont\u00f3 y fren\u00f3 a la Juve -<\/title>\n<meta name=\"robots\" content=\"index, follow, max-snippet:-1, max-image-preview:large, max-video-preview:-1\" \/>\n<link rel=\"canonical\" href=\"https:\/\/futbolhoy.co\/index.php\/2020\/07\/07\/milan-remonto-y-freno-a-la-juve\/\" \/>\n<meta property=\"og:locale\" content=\"es_ES\" \/>\n<meta property=\"og:type\" content=\"article\" \/>\n<meta property=\"og:title\" content=\"Milan remont\u00f3 y fren\u00f3 a la Juve -\" \/>\n<meta property=\"og:description\" content=\"En un gran partido el\u00a0Milan\u00a0logr\u00f3 una importante victoria 4-2 con remontada en\u00a0San Siro\u00a0sobre el l\u00edder de la\u00a0Serie A\u00a0de\u00a0Italia,\u00a0la\u00a0Juventus, en el marco de la jornada 31, donde el\u00a0\u2018rossonero\u2019\u00a0ya se ubica en zona de\u00a0Europa League. \u2018La vieja se\u00f1ora\u2019, con el colombiano\u00a0Juan Guillermo Cuadrado\u00a0durante 77 minutos, se hab\u00eda ido en ventaja con goles del volante franc\u00e9s\u00a0Adrien Rabiot\u00a0en sensacional [&hellip;]\" \/>\n<meta property=\"og:url\" content=\"https:\/\/futbolhoy.co\/index.php\/2020\/07\/07\/milan-remonto-y-freno-a-la-juve\/\" \/>\n<meta property=\"article:publisher\" content=\"https:\/\/www.facebook.com\/FutbolHoyCol\/\" \/>\n<meta property=\"article:published_time\" content=\"2020-07-07T21:54:42+00:00\" \/>\n<meta property=\"article:modified_time\" content=\"2020-07-08T20:15:09+00:00\" \/>\n<meta property=\"og:image\" content=\"https:\/\/futbolhoy.co\/wp-content\/uploads\/2020\/07\/EcWrNmOX0AIl-FA.jpg\" \/>\n\t<meta property=\"og:image:width\" content=\"680\" \/>\n\t<meta property=\"og:image:height\" content=\"383\" \/>\n\t<meta property=\"og:image:type\" content=\"image\/jpeg\" \/>\n<meta name=\"author\" content=\"Laura Hern\u00e1ndez\" \/>\n<meta name=\"twitter:card\" content=\"summary_large_image\" \/>\n<meta name=\"twitter:creator\" content=\"@FutbolHoyCol\" \/>\n<meta name=\"twitter:site\" content=\"@FutbolHoyCol\" \/>\n<meta name=\"twitter:label1\" content=\"Escrito por\" \/>\n\t<meta name=\"twitter:data1\" content=\"Laura Hern\u00e1ndez\" \/>\n\t<meta name=\"twitter:label2\" content=\"Tiempo de lectura\" \/>\n\t<meta name=\"twitter:data2\" content=\"1 minuto\" \/>\n<script type=\"application\/ld+json\" class=\"yoast-schema-graph\">{\"@context\":\"https:\/\/schema.org\",\"@graph\":[{\"@type\":\"Article\",\"@id\":\"https:\/\/futbolhoy.co\/index.php\/2020\/07\/07\/milan-remonto-y-freno-a-la-juve\/#article\",\"isPartOf\":{\"@id\":\"https:\/\/futbolhoy.co\/index.php\/2020\/07\/07\/milan-remonto-y-freno-a-la-juve\/\"},\"author\":{\"name\":\"Laura Hern\u00e1ndez\",\"@id\":\"https:\/\/futbolhoy.co\/#\/schema\/person\/c4a353a512b127643723a34bb1812f7d\"},\"headline\":\"Milan remont\u00f3 y fren\u00f3 a la Juve\",\"datePublished\":\"2020-07-07T21:54:42+00:00\",\"dateModified\":\"2020-07-08T20:15:09+00:00\",\"mainEntityOfPage\":{\"@id\":\"https:\/\/futbolhoy.co\/index.php\/2020\/07\/07\/milan-remonto-y-freno-a-la-juve\/\"},\"wordCount\":193,\"commentCount\":0,\"publisher\":{\"@id\":\"https:\/\/futbolhoy.co\/#organization\"},\"image\":{\"@id\":\"https:\/\/futbolhoy.co\/index.php\/2020\/07\/07\/milan-remonto-y-freno-a-la-juve\/#primaryimage\"},\"thumbnailUrl\":\"https:\/\/futbolhoy.co\/wp-content\/uploads\/2020\/07\/EcWrNmOX0AIl-FA.jpg\",\"articleSection\":[\"Mundo Futbol\"],\"inLanguage\":\"es\",\"potentialAction\":[{\"@type\":\"CommentAction\",\"name\":\"Comment\",\"target\":[\"https:\/\/futbolhoy.co\/index.php\/2020\/07\/07\/milan-remonto-y-freno-a-la-juve\/#respond\"]}]},{\"@type\":\"WebPage\",\"@id\":\"https:\/\/futbolhoy.co\/index.php\/2020\/07\/07\/milan-remonto-y-freno-a-la-juve\/\",\"url\":\"https:\/\/futbolhoy.co\/index.php\/2020\/07\/07\/milan-remonto-y-freno-a-la-juve\/\",\"name\":\"Milan remont\u00f3 y fren\u00f3 a la Juve -\",\"isPartOf\":{\"@id\":\"https:\/\/futbolhoy.co\/#website\"},\"primaryImageOfPage\":{\"@id\":\"https:\/\/futbolhoy.co\/index.php\/2020\/07\/07\/milan-remonto-y-freno-a-la-juve\/#primaryimage\"},\"image\":{\"@id\":\"https:\/\/futbolhoy.co\/index.php\/2020\/07\/07\/milan-remonto-y-freno-a-la-juve\/#primaryimage\"},\"thumbnailUrl\":\"https:\/\/futbolhoy.co\/wp-content\/uploads\/2020\/07\/EcWrNmOX0AIl-FA.jpg\",\"datePublished\":\"2020-07-07T21:54:42+00:00\",\"dateModified\":\"2020-07-08T20:15:09+00:00\",\"breadcrumb\":{\"@id\":\"https:\/\/futbolhoy.co\/index.php\/2020\/07\/07\/milan-remonto-y-freno-a-la-juve\/#breadcrumb\"},\"inLanguage\":\"es\",\"potentialAction\":[{\"@type\":\"ReadAction\",\"target\":[\"https:\/\/futbolhoy.co\/index.php\/2020\/07\/07\/milan-remonto-y-freno-a-la-juve\/\"]}]},{\"@type\":\"ImageObject\",\"inLanguage\":\"es\",\"@id\":\"https:\/\/futbolhoy.co\/index.php\/2020\/07\/07\/milan-remonto-y-freno-a-la-juve\/#primaryimage\",\"url\":\"https:\/\/futbolhoy.co\/wp-content\/uploads\/2020\/07\/EcWrNmOX0AIl-FA.jpg\",\"contentUrl\":\"https:\/\/futbolhoy.co\/wp-content\/uploads\/2020\/07\/EcWrNmOX0AIl-FA.jpg\",\"width\":680,\"height\":383},{\"@type\":\"BreadcrumbList\",\"@id\":\"https:\/\/futbolhoy.co\/index.php\/2020\/07\/07\/milan-remonto-y-freno-a-la-juve\/#breadcrumb\",\"itemListElement\":[{\"@type\":\"ListItem\",\"position\":1,\"name\":\"Portada\",\"item\":\"https:\/\/futbolhoy.co\/\"},{\"@type\":\"ListItem\",\"position\":2,\"name\":\"Milan remont\u00f3 y fren\u00f3 a la Juve\"}]},{\"@type\":\"WebSite\",\"@id\":\"https:\/\/futbolhoy.co\/#website\",\"url\":\"https:\/\/futbolhoy.co\/\",\"name\":\"FutbolHoy\",\"description\":\"\",\"publisher\":{\"@id\":\"https:\/\/futbolhoy.co\/#organization\"},\"potentialAction\":[{\"@type\":\"SearchAction\",\"target\":{\"@type\":\"EntryPoint\",\"urlTemplate\":\"https:\/\/futbolhoy.co\/?s={search_term_string}\"},\"query-input\":{\"@type\":\"PropertyValueSpecification\",\"valueRequired\":true,\"valueName\":\"search_term_string\"}}],\"inLanguage\":\"es\"},{\"@type\":\"Organization\",\"@id\":\"https:\/\/futbolhoy.co\/#organization\",\"name\":\"Futbolhoy.co\",\"url\":\"https:\/\/futbolhoy.co\/\",\"logo\":{\"@type\":\"ImageObject\",\"inLanguage\":\"es\",\"@id\":\"https:\/\/futbolhoy.co\/#\/schema\/logo\/image\/\",\"url\":\"https:\/\/futbolhoy.co\/wp-content\/uploads\/2018\/08\/17426380_1906371736249227_6326180412931521141_n.jpg\",\"contentUrl\":\"https:\/\/futbolhoy.co\/wp-content\/uploads\/2018\/08\/17426380_1906371736249227_6326180412931521141_n.jpg\",\"width\":960,\"height\":960,\"caption\":\"Futbolhoy.co\"},\"image\":{\"@id\":\"https:\/\/futbolhoy.co\/#\/schema\/logo\/image\/\"},\"sameAs\":[\"https:\/\/www.facebook.com\/FutbolHoyCol\/\",\"https:\/\/x.com\/FutbolHoyCol\",\"https:\/\/www.instagram.com\/futbolhoycol\/\"]},{\"@type\":\"Person\",\"@id\":\"https:\/\/futbolhoy.co\/#\/schema\/person\/c4a353a512b127643723a34bb1812f7d\",\"name\":\"Laura Hern\u00e1ndez\",\"image\":{\"@type\":\"ImageObject\",\"inLanguage\":\"es\",\"@id\":\"https:\/\/futbolhoy.co\/#\/schema\/person\/image\/\",\"url\":\"https:\/\/secure.gravatar.com\/avatar\/d25959a15b9b293a743f99181c7cfd01?s=96&d=mm&r=g\",\"contentUrl\":\"https:\/\/secure.gravatar.com\/avatar\/d25959a15b9b293a743f99181c7cfd01?s=96&d=mm&r=g\",\"caption\":\"Laura Hern\u00e1ndez\"}}]}<\/script>\n<!-- \/ Yoast SEO plugin. -->","yoast_head_json":{"title":"Milan remont\u00f3 y fren\u00f3 a la Juve -","robots":{"index":"index","follow":"follow","max-snippet":"max-snippet:-1","max-image-preview":"max-image-preview:large","max-video-preview":"max-video-preview:-1"},"canonical":"https:\/\/futbolhoy.co\/index.php\/2020\/07\/07\/milan-remonto-y-freno-a-la-juve\/","og_locale":"es_ES","og_type":"article","og_title":"Milan remont\u00f3 y fren\u00f3 a la Juve -","og_description":"En un gran partido el\u00a0Milan\u00a0logr\u00f3 una importante victoria 4-2 con remontada en\u00a0San Siro\u00a0sobre el l\u00edder de la\u00a0Serie A\u00a0de\u00a0Italia,\u00a0la\u00a0Juventus, en el marco de la jornada 31, donde el\u00a0\u2018rossonero\u2019\u00a0ya se ubica en zona de\u00a0Europa League. \u2018La vieja se\u00f1ora\u2019, con el colombiano\u00a0Juan Guillermo Cuadrado\u00a0durante 77 minutos, se hab\u00eda ido en ventaja con goles del volante franc\u00e9s\u00a0Adrien Rabiot\u00a0en sensacional [&hellip;]","og_url":"https:\/\/futbolhoy.co\/index.php\/2020\/07\/07\/milan-remonto-y-freno-a-la-juve\/","article_publisher":"https:\/\/www.facebook.com\/FutbolHoyCol\/","article_published_time":"2020-07-07T21:54:42+00:00","article_modified_time":"2020-07-08T20:15:09+00:00","og_image":[{"width":680,"height":383,"url":"https:\/\/futbolhoy.co\/wp-content\/uploads\/2020\/07\/EcWrNmOX0AIl-FA.jpg","type":"image\/jpeg"}],"author":"Laura Hern\u00e1ndez","twitter_card":"summary_large_image","twitter_creator":"@FutbolHoyCol","twitter_site":"@FutbolHoyCol","twitter_misc":{"Escrito por":"Laura Hern\u00e1ndez","Tiempo de lectura":"1 minuto"},"schema":{"@context":"https:\/\/schema.org","@graph":[{"@type":"Article","@id":"https:\/\/futbolhoy.co\/index.php\/2020\/07\/07\/milan-remonto-y-freno-a-la-juve\/#article","isPartOf":{"@id":"https:\/\/futbolhoy.co\/index.php\/2020\/07\/07\/milan-remonto-y-freno-a-la-juve\/"},"author":{"name":"Laura Hern\u00e1ndez","@id":"https:\/\/futbolhoy.co\/#\/schema\/person\/c4a353a512b127643723a34bb1812f7d"},"headline":"Milan remont\u00f3 y fren\u00f3 a la Juve","datePublished":"2020-07-07T21:54:42+00:00","dateModified":"2020-07-08T20:15:09+00:00","mainEntityOfPage":{"@id":"https:\/\/futbolhoy.co\/index.php\/2020\/07\/07\/milan-remonto-y-freno-a-la-juve\/"},"wordCount":193,"commentCount":0,"publisher":{"@id":"https:\/\/futbolhoy.co\/#organization"},"image":{"@id":"https:\/\/futbolhoy.co\/index.php\/2020\/07\/07\/milan-remonto-y-freno-a-la-juve\/#primaryimage"},"thumbnailUrl":"https:\/\/futbolhoy.co\/wp-content\/uploads\/2020\/07\/EcWrNmOX0AIl-FA.jpg","articleSection":["Mundo Futbol"],"inLanguage":"es","potentialAction":[{"@type":"CommentAction","name":"Comment","target":["https:\/\/futbolhoy.co\/index.php\/2020\/07\/07\/milan-remonto-y-freno-a-la-juve\/#respond"]}]},{"@type":"WebPage","@id":"https:\/\/futbolhoy.co\/index.php\/2020\/07\/07\/milan-remonto-y-freno-a-la-juve\/","url":"https:\/\/futbolhoy.co\/index.php\/2020\/07\/07\/milan-remonto-y-freno-a-la-juve\/","name":"Milan remont\u00f3 y fren\u00f3 a la Juve -","isPartOf":{"@id":"https:\/\/futbolhoy.co\/#website"},"primaryImageOfPage":{"@id":"https:\/\/futbolhoy.co\/index.php\/2020\/07\/07\/milan-remonto-y-freno-a-la-juve\/#primaryimage"},"image":{"@id":"https:\/\/futbolhoy.co\/index.php\/2020\/07\/07\/milan-remonto-y-freno-a-la-juve\/#primaryimage"},"thumbnailUrl":"https:\/\/futbolhoy.co\/wp-content\/uploads\/2020\/07\/EcWrNmOX0AIl-FA.jpg","datePublished":"2020-07-07T21:54:42+00:00","dateModified":"2020-07-08T20:15:09+00:00","breadcrumb":{"@id":"https:\/\/futbolhoy.co\/index.php\/2020\/07\/07\/milan-remonto-y-freno-a-la-juve\/#breadcrumb"},"inLanguage":"es","potentialAction":[{"@type":"ReadAction","target":["https:\/\/futbolhoy.co\/index.php\/2020\/07\/07\/milan-remonto-y-freno-a-la-juve\/"]}]},{"@type":"ImageObject","inLanguage":"es","@id":"https:\/\/futbolhoy.co\/index.php\/2020\/07\/07\/milan-remonto-y-freno-a-la-juve\/#primaryimage","url":"https:\/\/futbolhoy.co\/wp-content\/uploads\/2020\/07\/EcWrNmOX0AIl-FA.jpg","contentUrl":"https:\/\/futbolhoy.co\/wp-content\/uploads\/2020\/07\/EcWrNmOX0AIl-FA.jpg","width":680,"height":383},{"@type":"BreadcrumbList","@id":"https:\/\/futbolhoy.co\/index.php\/2020\/07\/07\/milan-remonto-y-freno-a-la-juve\/#breadcrumb","itemListElement":[{"@type":"ListItem","position":1,"name":"Portada","item":"https:\/\/futbolhoy.co\/"},{"@type":"ListItem","position":2,"name":"Milan remont\u00f3 y fren\u00f3 a la Juve"}]},{"@type":"WebSite","@id":"https:\/\/futbolhoy.co\/#website","url":"https:\/\/futbolhoy.co\/","name":"FutbolHoy","description":"","publisher":{"@id":"https:\/\/futbolhoy.co\/#organization"},"potentialAction":[{"@type":"SearchAction","target":{"@type":"EntryPoint","urlTemplate":"https:\/\/futbolhoy.co\/?s={search_term_string}"},"query-input":{"@type":"PropertyValueSpecification","valueRequired":true,"valueName":"search_term_string"}}],"inLanguage":"es"},{"@type":"Organization","@id":"https:\/\/futbolhoy.co\/#organization","name":"Futbolhoy.co","url":"https:\/\/futbolhoy.co\/","logo":{"@type":"ImageObject","inLanguage":"es","@id":"https:\/\/futbolhoy.co\/#\/schema\/logo\/image\/","url":"https:\/\/futbolhoy.co\/wp-content\/uploads\/2018\/08\/17426380_1906371736249227_6326180412931521141_n.jpg","contentUrl":"https:\/\/futbolhoy.co\/wp-content\/uploads\/2018\/08\/17426380_1906371736249227_6326180412931521141_n.jpg","width":960,"height":960,"caption":"Futbolhoy.co"},"image":{"@id":"https:\/\/futbolhoy.co\/#\/schema\/logo\/image\/"},"sameAs":["https:\/\/www.facebook.com\/FutbolHoyCol\/","https:\/\/x.com\/FutbolHoyCol","https:\/\/www.instagram.com\/futbolhoycol\/"]},{"@type":"Person","@id":"https:\/\/futbolhoy.co\/#\/schema\/person\/c4a353a512b127643723a34bb1812f7d","name":"Laura Hern\u00e1ndez","image":{"@type":"ImageObject","inLanguage":"es","@id":"https:\/\/futbolhoy.co\/#\/schema\/person\/image\/","url":"https:\/\/secure.gravatar.com\/avatar\/d25959a15b9b293a743f99181c7cfd01?s=96&d=mm&r=g","contentUrl":"https:\/\/secure.gravatar.com\/avatar\/d25959a15b9b293a743f99181c7cfd01?s=96&d=mm&r=g","caption":"Laura Hern\u00e1ndez"}}]}},"publishpress_future_action":{"enabled":false,"date":"2026-05-06 10:23:32","action":"change-status","newStatus":"draft","terms":[],"taxonomy":"category","extraData":[]},"publishpress_future_workflow_manual_trigger":{"enabledWorkflows":[]},"_links":{"self":[{"href":"https:\/\/futbolhoy.co\/index.php\/wp-json\/wp\/v2\/posts\/53172","targetHints":{"allow":["GET"]}}],"collection":[{"href":"https:\/\/futbolhoy.co\/index.php\/wp-json\/wp\/v2\/posts"}],"about":[{"href":"https:\/\/futbolhoy.co\/index.php\/wp-json\/wp\/v2\/types\/post"}],"author":[{"embeddable":true,"href":"https:\/\/futbolhoy.co\/index.php\/wp-json\/wp\/v2\/users\/5"}],"replies":[{"embeddable":true,"href":"https:\/\/futbolhoy.co\/index.php\/wp-json\/wp\/v2\/comments?post=53172"}],"version-history":[{"count":1,"href":"https:\/\/futbolhoy.co\/index.php\/wp-json\/wp\/v2\/posts\/53172\/revisions"}],"predecessor-version":[{"id":53174,"href":"https:\/\/futbolhoy.co\/index.php\/wp-json\/wp\/v2\/posts\/53172\/revisions\/53174"}],"wp:featuredmedia":[{"embeddable":true,"href":"https:\/\/futbolhoy.co\/index.php\/wp-json\/wp\/v2\/media\/53173"}],"wp:attachment":[{"href":"https:\/\/futbolhoy.co\/index.php\/wp-json\/wp\/v2\/media?parent=53172"}],"wp:term":[{"taxonomy":"category","embeddable":true,"href":"https:\/\/futbolhoy.co\/index.php\/wp-json\/wp\/v2\/categories?post=53172"},{"taxonomy":"post_tag","embeddable":true,"href":"https:\/\/futbolhoy.co\/index.php\/wp-json\/wp\/v2\/tags?post=53172"}],"curies":[{"name":"wp","href":"https:\/\/api.w.org\/{rel}","templated":true}]}}