{"id":53225,"date":"2020-07-09T17:48:33","date_gmt":"2020-07-09T22:48:33","guid":{"rendered":"https:\/\/futbolhoy.co\/?p=53225"},"modified":"2020-07-10T09:14:27","modified_gmt":"2020-07-10T14:14:27","slug":"nuevo-contagio-en-la-mls","status":"publish","type":"post","link":"https:\/\/futbolhoy.co\/index.php\/2020\/07\/09\/nuevo-contagio-en-la-mls\/","title":{"rendered":"Nuevo contagio en la MLS"},"content":{"rendered":"<p style=\"text-align: justify;\"><span style=\"font-family: helvetica, arial, sans-serif;\">El <strong>Nashville<\/strong> se convirti\u00f3 en el segundo equipo en retirarse del torneo de reanudaci\u00f3n de la <strong>MLS<\/strong> de <strong>Estados Unidos,<\/strong> debido al contagio por coronavirus de nueve de sus futbolistas.<\/span><\/p>\n<p style=\"text-align: justify;\"><span style=\"font-family: helvetica, arial, sans-serif;\">La organizaci\u00f3n hab\u00eda reportado el pasado lunes que cinco de sus jugadores hab\u00edan resultado positivos, y tras un nuevo examen se reportaron otros cuatro.<\/span><\/p>\n<p style=\"text-align: justify;\"><span style=\"font-family: helvetica, arial, sans-serif;\">Nashville cuenta en su n\u00f3mina con los colombianos <strong>Miguel Nazarit<\/strong> y <strong>Jimmy Medranda.<\/strong><\/span><\/p>\n<p style=\"text-align: justify;\"><span style=\"font-family: helvetica, arial, sans-serif;\">El <strong>Dallas,<\/strong> donde est\u00e1n los tambi\u00e9n colombianos <strong>Jes\u00fas Ferreira, Santiago Mosquera y Michael Barrios,<\/strong> fue el primer equipo que abandon\u00f3 el torneo por el contagio de 11 des sus miembros.<\/span><\/p>\n<p style=\"text-align: justify;\"><span style=\"font-family: helvetica, arial, sans-serif;\">El campeonato, que se inici\u00f3 en la \u2018burbuja\u2019 de <strong>Orlando, Florida,<\/strong> qued\u00f3 reducido a 24 equipos.<\/span><\/p>\n","protected":false},"excerpt":{"rendered":"<p>El Nashville se convirti\u00f3 en el segundo equipo en retirarse del torneo de reanudaci\u00f3n de la MLS de Estados Unidos, debido al contagio por coronavirus de nueve de sus futbolistas. La organizaci\u00f3n hab\u00eda reportado el pasado lunes que cinco de sus jugadores hab\u00edan resultado positivos, y tras un nuevo examen se reportaron otros cuatro. Nashville [&hellip;]<\/p>\n","protected":false},"author":5,"featured_media":53226,"comment_status":"open","ping_status":"open","sticky":false,"template":"","format":"standard","meta":{"_acf_changed":false,"footnotes":""},"categories":[152],"tags":[],"class_list":{"0":"post-53225","1":"post","2":"type-post","3":"status-publish","4":"format-standard","5":"has-post-thumbnail","7":"category-mundo-futbol"},"acf":[],"yoast_head":"<!-- This site is optimized with the Yoast SEO plugin v26.8 - https:\/\/yoast.com\/product\/yoast-seo-wordpress\/ -->\n<title>Nuevo contagio en la MLS -<\/title>\n<meta name=\"robots\" content=\"index, follow, max-snippet:-1, max-image-preview:large, max-video-preview:-1\" \/>\n<link rel=\"canonical\" href=\"https:\/\/futbolhoy.co\/index.php\/2020\/07\/09\/nuevo-contagio-en-la-mls\/\" \/>\n<meta property=\"og:locale\" content=\"es_ES\" \/>\n<meta property=\"og:type\" content=\"article\" \/>\n<meta property=\"og:title\" content=\"Nuevo contagio en la MLS -\" \/>\n<meta property=\"og:description\" content=\"El Nashville se convirti\u00f3 en el segundo equipo en retirarse del torneo de reanudaci\u00f3n de la MLS de Estados Unidos, debido al contagio por coronavirus de nueve de sus futbolistas. La organizaci\u00f3n hab\u00eda reportado el pasado lunes que cinco de sus jugadores hab\u00edan resultado positivos, y tras un nuevo examen se reportaron otros cuatro. Nashville [&hellip;]\" \/>\n<meta property=\"og:url\" content=\"https:\/\/futbolhoy.co\/index.php\/2020\/07\/09\/nuevo-contagio-en-la-mls\/\" \/>\n<meta property=\"article:publisher\" content=\"https:\/\/www.facebook.com\/FutbolHoyCol\/\" \/>\n<meta property=\"article:published_time\" content=\"2020-07-09T22:48:33+00:00\" \/>\n<meta property=\"article:modified_time\" content=\"2020-07-10T14:14:27+00:00\" \/>\n<meta property=\"og:image\" content=\"https:\/\/futbolhoy.co\/wp-content\/uploads\/2020\/07\/20200709_185046.jpg\" \/>\n\t<meta property=\"og:image:width\" content=\"1912\" \/>\n\t<meta property=\"og:image:height\" content=\"1074\" \/>\n\t<meta property=\"og:image:type\" content=\"image\/jpeg\" \/>\n<meta name=\"author\" content=\"Laura Hern\u00e1ndez\" \/>\n<meta name=\"twitter:card\" content=\"summary_large_image\" \/>\n<meta name=\"twitter:creator\" content=\"@FutbolHoyCol\" \/>\n<meta name=\"twitter:site\" content=\"@FutbolHoyCol\" \/>\n<meta name=\"twitter:label1\" content=\"Escrito por\" \/>\n\t<meta name=\"twitter:data1\" content=\"Laura Hern\u00e1ndez\" \/>\n\t<meta name=\"twitter:label2\" content=\"Tiempo de lectura\" \/>\n\t<meta name=\"twitter:data2\" content=\"1 minuto\" \/>\n<script type=\"application\/ld+json\" class=\"yoast-schema-graph\">{\"@context\":\"https:\/\/schema.org\",\"@graph\":[{\"@type\":\"Article\",\"@id\":\"https:\/\/futbolhoy.co\/index.php\/2020\/07\/09\/nuevo-contagio-en-la-mls\/#article\",\"isPartOf\":{\"@id\":\"https:\/\/futbolhoy.co\/index.php\/2020\/07\/09\/nuevo-contagio-en-la-mls\/\"},\"author\":{\"name\":\"Laura Hern\u00e1ndez\",\"@id\":\"https:\/\/futbolhoy.co\/#\/schema\/person\/c4a353a512b127643723a34bb1812f7d\"},\"headline\":\"Nuevo contagio en la MLS\",\"datePublished\":\"2020-07-09T22:48:33+00:00\",\"dateModified\":\"2020-07-10T14:14:27+00:00\",\"mainEntityOfPage\":{\"@id\":\"https:\/\/futbolhoy.co\/index.php\/2020\/07\/09\/nuevo-contagio-en-la-mls\/\"},\"wordCount\":124,\"commentCount\":0,\"publisher\":{\"@id\":\"https:\/\/futbolhoy.co\/#organization\"},\"image\":{\"@id\":\"https:\/\/futbolhoy.co\/index.php\/2020\/07\/09\/nuevo-contagio-en-la-mls\/#primaryimage\"},\"thumbnailUrl\":\"https:\/\/futbolhoy.co\/wp-content\/uploads\/2020\/07\/20200709_185046.jpg\",\"articleSection\":[\"Mundo Futbol\"],\"inLanguage\":\"es\",\"potentialAction\":[{\"@type\":\"CommentAction\",\"name\":\"Comment\",\"target\":[\"https:\/\/futbolhoy.co\/index.php\/2020\/07\/09\/nuevo-contagio-en-la-mls\/#respond\"]}]},{\"@type\":\"WebPage\",\"@id\":\"https:\/\/futbolhoy.co\/index.php\/2020\/07\/09\/nuevo-contagio-en-la-mls\/\",\"url\":\"https:\/\/futbolhoy.co\/index.php\/2020\/07\/09\/nuevo-contagio-en-la-mls\/\",\"name\":\"Nuevo contagio en la MLS -\",\"isPartOf\":{\"@id\":\"https:\/\/futbolhoy.co\/#website\"},\"primaryImageOfPage\":{\"@id\":\"https:\/\/futbolhoy.co\/index.php\/2020\/07\/09\/nuevo-contagio-en-la-mls\/#primaryimage\"},\"image\":{\"@id\":\"https:\/\/futbolhoy.co\/index.php\/2020\/07\/09\/nuevo-contagio-en-la-mls\/#primaryimage\"},\"thumbnailUrl\":\"https:\/\/futbolhoy.co\/wp-content\/uploads\/2020\/07\/20200709_185046.jpg\",\"datePublished\":\"2020-07-09T22:48:33+00:00\",\"dateModified\":\"2020-07-10T14:14:27+00:00\",\"breadcrumb\":{\"@id\":\"https:\/\/futbolhoy.co\/index.php\/2020\/07\/09\/nuevo-contagio-en-la-mls\/#breadcrumb\"},\"inLanguage\":\"es\",\"potentialAction\":[{\"@type\":\"ReadAction\",\"target\":[\"https:\/\/futbolhoy.co\/index.php\/2020\/07\/09\/nuevo-contagio-en-la-mls\/\"]}]},{\"@type\":\"ImageObject\",\"inLanguage\":\"es\",\"@id\":\"https:\/\/futbolhoy.co\/index.php\/2020\/07\/09\/nuevo-contagio-en-la-mls\/#primaryimage\",\"url\":\"https:\/\/futbolhoy.co\/wp-content\/uploads\/2020\/07\/20200709_185046.jpg\",\"contentUrl\":\"https:\/\/futbolhoy.co\/wp-content\/uploads\/2020\/07\/20200709_185046.jpg\",\"width\":1912,\"height\":1074},{\"@type\":\"BreadcrumbList\",\"@id\":\"https:\/\/futbolhoy.co\/index.php\/2020\/07\/09\/nuevo-contagio-en-la-mls\/#breadcrumb\",\"itemListElement\":[{\"@type\":\"ListItem\",\"position\":1,\"name\":\"Portada\",\"item\":\"https:\/\/futbolhoy.co\/\"},{\"@type\":\"ListItem\",\"position\":2,\"name\":\"Nuevo contagio en la MLS\"}]},{\"@type\":\"WebSite\",\"@id\":\"https:\/\/futbolhoy.co\/#website\",\"url\":\"https:\/\/futbolhoy.co\/\",\"name\":\"FutbolHoy\",\"description\":\"\",\"publisher\":{\"@id\":\"https:\/\/futbolhoy.co\/#organization\"},\"potentialAction\":[{\"@type\":\"SearchAction\",\"target\":{\"@type\":\"EntryPoint\",\"urlTemplate\":\"https:\/\/futbolhoy.co\/?s={search_term_string}\"},\"query-input\":{\"@type\":\"PropertyValueSpecification\",\"valueRequired\":true,\"valueName\":\"search_term_string\"}}],\"inLanguage\":\"es\"},{\"@type\":\"Organization\",\"@id\":\"https:\/\/futbolhoy.co\/#organization\",\"name\":\"Futbolhoy.co\",\"url\":\"https:\/\/futbolhoy.co\/\",\"logo\":{\"@type\":\"ImageObject\",\"inLanguage\":\"es\",\"@id\":\"https:\/\/futbolhoy.co\/#\/schema\/logo\/image\/\",\"url\":\"https:\/\/futbolhoy.co\/wp-content\/uploads\/2018\/08\/17426380_1906371736249227_6326180412931521141_n.jpg\",\"contentUrl\":\"https:\/\/futbolhoy.co\/wp-content\/uploads\/2018\/08\/17426380_1906371736249227_6326180412931521141_n.jpg\",\"width\":960,\"height\":960,\"caption\":\"Futbolhoy.co\"},\"image\":{\"@id\":\"https:\/\/futbolhoy.co\/#\/schema\/logo\/image\/\"},\"sameAs\":[\"https:\/\/www.facebook.com\/FutbolHoyCol\/\",\"https:\/\/x.com\/FutbolHoyCol\",\"https:\/\/www.instagram.com\/futbolhoycol\/\"]},{\"@type\":\"Person\",\"@id\":\"https:\/\/futbolhoy.co\/#\/schema\/person\/c4a353a512b127643723a34bb1812f7d\",\"name\":\"Laura Hern\u00e1ndez\",\"image\":{\"@type\":\"ImageObject\",\"inLanguage\":\"es\",\"@id\":\"https:\/\/futbolhoy.co\/#\/schema\/person\/image\/\",\"url\":\"https:\/\/secure.gravatar.com\/avatar\/d25959a15b9b293a743f99181c7cfd01?s=96&d=mm&r=g\",\"contentUrl\":\"https:\/\/secure.gravatar.com\/avatar\/d25959a15b9b293a743f99181c7cfd01?s=96&d=mm&r=g\",\"caption\":\"Laura Hern\u00e1ndez\"}}]}<\/script>\n<!-- \/ Yoast SEO plugin. -->","yoast_head_json":{"title":"Nuevo contagio en la MLS -","robots":{"index":"index","follow":"follow","max-snippet":"max-snippet:-1","max-image-preview":"max-image-preview:large","max-video-preview":"max-video-preview:-1"},"canonical":"https:\/\/futbolhoy.co\/index.php\/2020\/07\/09\/nuevo-contagio-en-la-mls\/","og_locale":"es_ES","og_type":"article","og_title":"Nuevo contagio en la MLS -","og_description":"El Nashville se convirti\u00f3 en el segundo equipo en retirarse del torneo de reanudaci\u00f3n de la MLS de Estados Unidos, debido al contagio por coronavirus de nueve de sus futbolistas. La organizaci\u00f3n hab\u00eda reportado el pasado lunes que cinco de sus jugadores hab\u00edan resultado positivos, y tras un nuevo examen se reportaron otros cuatro. Nashville [&hellip;]","og_url":"https:\/\/futbolhoy.co\/index.php\/2020\/07\/09\/nuevo-contagio-en-la-mls\/","article_publisher":"https:\/\/www.facebook.com\/FutbolHoyCol\/","article_published_time":"2020-07-09T22:48:33+00:00","article_modified_time":"2020-07-10T14:14:27+00:00","og_image":[{"width":1912,"height":1074,"url":"https:\/\/futbolhoy.co\/wp-content\/uploads\/2020\/07\/20200709_185046.jpg","type":"image\/jpeg"}],"author":"Laura Hern\u00e1ndez","twitter_card":"summary_large_image","twitter_creator":"@FutbolHoyCol","twitter_site":"@FutbolHoyCol","twitter_misc":{"Escrito por":"Laura Hern\u00e1ndez","Tiempo de lectura":"1 minuto"},"schema":{"@context":"https:\/\/schema.org","@graph":[{"@type":"Article","@id":"https:\/\/futbolhoy.co\/index.php\/2020\/07\/09\/nuevo-contagio-en-la-mls\/#article","isPartOf":{"@id":"https:\/\/futbolhoy.co\/index.php\/2020\/07\/09\/nuevo-contagio-en-la-mls\/"},"author":{"name":"Laura Hern\u00e1ndez","@id":"https:\/\/futbolhoy.co\/#\/schema\/person\/c4a353a512b127643723a34bb1812f7d"},"headline":"Nuevo contagio en la MLS","datePublished":"2020-07-09T22:48:33+00:00","dateModified":"2020-07-10T14:14:27+00:00","mainEntityOfPage":{"@id":"https:\/\/futbolhoy.co\/index.php\/2020\/07\/09\/nuevo-contagio-en-la-mls\/"},"wordCount":124,"commentCount":0,"publisher":{"@id":"https:\/\/futbolhoy.co\/#organization"},"image":{"@id":"https:\/\/futbolhoy.co\/index.php\/2020\/07\/09\/nuevo-contagio-en-la-mls\/#primaryimage"},"thumbnailUrl":"https:\/\/futbolhoy.co\/wp-content\/uploads\/2020\/07\/20200709_185046.jpg","articleSection":["Mundo Futbol"],"inLanguage":"es","potentialAction":[{"@type":"CommentAction","name":"Comment","target":["https:\/\/futbolhoy.co\/index.php\/2020\/07\/09\/nuevo-contagio-en-la-mls\/#respond"]}]},{"@type":"WebPage","@id":"https:\/\/futbolhoy.co\/index.php\/2020\/07\/09\/nuevo-contagio-en-la-mls\/","url":"https:\/\/futbolhoy.co\/index.php\/2020\/07\/09\/nuevo-contagio-en-la-mls\/","name":"Nuevo contagio en la MLS -","isPartOf":{"@id":"https:\/\/futbolhoy.co\/#website"},"primaryImageOfPage":{"@id":"https:\/\/futbolhoy.co\/index.php\/2020\/07\/09\/nuevo-contagio-en-la-mls\/#primaryimage"},"image":{"@id":"https:\/\/futbolhoy.co\/index.php\/2020\/07\/09\/nuevo-contagio-en-la-mls\/#primaryimage"},"thumbnailUrl":"https:\/\/futbolhoy.co\/wp-content\/uploads\/2020\/07\/20200709_185046.jpg","datePublished":"2020-07-09T22:48:33+00:00","dateModified":"2020-07-10T14:14:27+00:00","breadcrumb":{"@id":"https:\/\/futbolhoy.co\/index.php\/2020\/07\/09\/nuevo-contagio-en-la-mls\/#breadcrumb"},"inLanguage":"es","potentialAction":[{"@type":"ReadAction","target":["https:\/\/futbolhoy.co\/index.php\/2020\/07\/09\/nuevo-contagio-en-la-mls\/"]}]},{"@type":"ImageObject","inLanguage":"es","@id":"https:\/\/futbolhoy.co\/index.php\/2020\/07\/09\/nuevo-contagio-en-la-mls\/#primaryimage","url":"https:\/\/futbolhoy.co\/wp-content\/uploads\/2020\/07\/20200709_185046.jpg","contentUrl":"https:\/\/futbolhoy.co\/wp-content\/uploads\/2020\/07\/20200709_185046.jpg","width":1912,"height":1074},{"@type":"BreadcrumbList","@id":"https:\/\/futbolhoy.co\/index.php\/2020\/07\/09\/nuevo-contagio-en-la-mls\/#breadcrumb","itemListElement":[{"@type":"ListItem","position":1,"name":"Portada","item":"https:\/\/futbolhoy.co\/"},{"@type":"ListItem","position":2,"name":"Nuevo contagio en la MLS"}]},{"@type":"WebSite","@id":"https:\/\/futbolhoy.co\/#website","url":"https:\/\/futbolhoy.co\/","name":"FutbolHoy","description":"","publisher":{"@id":"https:\/\/futbolhoy.co\/#organization"},"potentialAction":[{"@type":"SearchAction","target":{"@type":"EntryPoint","urlTemplate":"https:\/\/futbolhoy.co\/?s={search_term_string}"},"query-input":{"@type":"PropertyValueSpecification","valueRequired":true,"valueName":"search_term_string"}}],"inLanguage":"es"},{"@type":"Organization","@id":"https:\/\/futbolhoy.co\/#organization","name":"Futbolhoy.co","url":"https:\/\/futbolhoy.co\/","logo":{"@type":"ImageObject","inLanguage":"es","@id":"https:\/\/futbolhoy.co\/#\/schema\/logo\/image\/","url":"https:\/\/futbolhoy.co\/wp-content\/uploads\/2018\/08\/17426380_1906371736249227_6326180412931521141_n.jpg","contentUrl":"https:\/\/futbolhoy.co\/wp-content\/uploads\/2018\/08\/17426380_1906371736249227_6326180412931521141_n.jpg","width":960,"height":960,"caption":"Futbolhoy.co"},"image":{"@id":"https:\/\/futbolhoy.co\/#\/schema\/logo\/image\/"},"sameAs":["https:\/\/www.facebook.com\/FutbolHoyCol\/","https:\/\/x.com\/FutbolHoyCol","https:\/\/www.instagram.com\/futbolhoycol\/"]},{"@type":"Person","@id":"https:\/\/futbolhoy.co\/#\/schema\/person\/c4a353a512b127643723a34bb1812f7d","name":"Laura Hern\u00e1ndez","image":{"@type":"ImageObject","inLanguage":"es","@id":"https:\/\/futbolhoy.co\/#\/schema\/person\/image\/","url":"https:\/\/secure.gravatar.com\/avatar\/d25959a15b9b293a743f99181c7cfd01?s=96&d=mm&r=g","contentUrl":"https:\/\/secure.gravatar.com\/avatar\/d25959a15b9b293a743f99181c7cfd01?s=96&d=mm&r=g","caption":"Laura Hern\u00e1ndez"}}]}},"publishpress_future_action":{"enabled":false,"date":"2026-05-06 10:24:23","action":"change-status","newStatus":"draft","terms":[],"taxonomy":"category","extraData":[]},"publishpress_future_workflow_manual_trigger":{"enabledWorkflows":[]},"_links":{"self":[{"href":"https:\/\/futbolhoy.co\/index.php\/wp-json\/wp\/v2\/posts\/53225","targetHints":{"allow":["GET"]}}],"collection":[{"href":"https:\/\/futbolhoy.co\/index.php\/wp-json\/wp\/v2\/posts"}],"about":[{"href":"https:\/\/futbolhoy.co\/index.php\/wp-json\/wp\/v2\/types\/post"}],"author":[{"embeddable":true,"href":"https:\/\/futbolhoy.co\/index.php\/wp-json\/wp\/v2\/users\/5"}],"replies":[{"embeddable":true,"href":"https:\/\/futbolhoy.co\/index.php\/wp-json\/wp\/v2\/comments?post=53225"}],"version-history":[{"count":3,"href":"https:\/\/futbolhoy.co\/index.php\/wp-json\/wp\/v2\/posts\/53225\/revisions"}],"predecessor-version":[{"id":53238,"href":"https:\/\/futbolhoy.co\/index.php\/wp-json\/wp\/v2\/posts\/53225\/revisions\/53238"}],"wp:featuredmedia":[{"embeddable":true,"href":"https:\/\/futbolhoy.co\/index.php\/wp-json\/wp\/v2\/media\/53226"}],"wp:attachment":[{"href":"https:\/\/futbolhoy.co\/index.php\/wp-json\/wp\/v2\/media?parent=53225"}],"wp:term":[{"taxonomy":"category","embeddable":true,"href":"https:\/\/futbolhoy.co\/index.php\/wp-json\/wp\/v2\/categories?post=53225"},{"taxonomy":"post_tag","embeddable":true,"href":"https:\/\/futbolhoy.co\/index.php\/wp-json\/wp\/v2\/tags?post=53225"}],"curies":[{"name":"wp","href":"https:\/\/api.w.org\/{rel}","templated":true}]}}