{"id":53228,"date":"2020-07-10T12:20:36","date_gmt":"2020-07-10T17:20:36","guid":{"rendered":"https:\/\/futbolhoy.co\/?p=53228"},"modified":"2020-07-10T19:47:45","modified_gmt":"2020-07-11T00:47:45","slug":"listo-el-calendario-para-las-finales-de-champions","status":"publish","type":"post","link":"https:\/\/futbolhoy.co\/index.php\/2020\/07\/10\/listo-el-calendario-para-las-finales-de-champions\/","title":{"rendered":"Listo el calendario para las finales de Champions"},"content":{"rendered":"<p style=\"text-align: justify;\"><span style=\"font-family: helvetica, arial, sans-serif;\">El sorteo de la<strong> Liga de Campeones<\/strong> confirm\u00f3 el cruce entre <strong>Atl\u00e9tico de Madrid<\/strong> y <strong>Leipzig<\/strong> en cuartos de final y dej\u00f3 abiertas las opciones para que <strong>Real Madrid<\/strong> se reencuentre con <strong>Juventus<\/strong> y <strong>Barcelona<\/strong> lo haga con <strong>Bayern<\/strong> <strong>M\u00fanich<\/strong> desde octavos, e incluso que madridistas y catalanes se puedan encontrar en semifinales.<\/span><\/p>\n<p style=\"text-align: justify;\"><span style=\"font-family: helvetica, arial, sans-serif;\">Entretanto, <strong>Atalanta,<\/strong> donde est\u00e1n los colombianos <strong>Duv\u00e1n Zapata<\/strong> y<strong> Luis Fernando Muriel,<\/strong> se enfrentar\u00e1 al poderoso <strong>Par\u00eds Saint Germain.<\/strong><\/span><\/p>\n<p style=\"text-align: justify;\"><span style=\"font-family: helvetica, arial, sans-serif;\">El torneo se disputar\u00e1 desde cuartos de final en <strong>Lisboa,<\/strong> a puerta cerrada.<\/span><\/p>\n<p style=\"text-align: justify;\"><span style=\"font-family: helvetica, arial, sans-serif;\">El sorteo celebrado en<strong> Nyon Suiza,<\/strong> qued\u00f3 as\u00ed:<\/span><\/p>\n<p style=\"text-align: justify;\"><span style=\"font-family: helvetica, arial, sans-serif;\">Octavos de final pendientes (7 y 8 de agosto en el estadio de los locales sin p\u00fablico)<\/span><\/p>\n<p style=\"text-align: justify;\"><strong><span style=\"font-family: helvetica, arial, sans-serif;\">Barcelona-Napoli (1-1)<\/span><\/strong><\/p>\n<p style=\"text-align: justify;\"><strong><span style=\"font-family: helvetica, arial, sans-serif;\">Manchester City- Real Madrid (2-1)<\/span><\/strong><\/p>\n<p style=\"text-align: justify;\"><strong><span style=\"font-family: helvetica, arial, sans-serif;\">Juventus- Lyon (0-1)<\/span><\/strong><\/p>\n<p style=\"text-align: justify;\"><strong><span style=\"font-family: helvetica, arial, sans-serif;\">Bayern M\u00fanich- Chelsea (3-0)<\/span><\/strong><\/p>\n<p style=\"text-align: justify;\"><span style=\"font-family: helvetica, arial, sans-serif;\">Cuartos de final: (12, 13, 14 y 15 de agosto en Lisboa):<\/span><\/p>\n<p style=\"text-align: justify;\"><span style=\"font-family: helvetica, arial, sans-serif;\">Ganador <strong>Real Madrid-Manchester City - Ganador Lyon-Juventus<\/strong><\/span><\/p>\n<p style=\"text-align: justify;\"><strong><span style=\"font-family: helvetica, arial, sans-serif;\">Leipzig-Atl\u00e9tico de Madrid<\/span><\/strong><\/p>\n<p style=\"text-align: justify;\"><span style=\"font-family: helvetica, arial, sans-serif;\">Ganador <strong>N\u00e1poles-Barcelona - Ganador Chelsea-Bayern M\u00fanich<\/strong><\/span><\/p>\n<p style=\"text-align: justify;\"><strong><span style=\"font-family: helvetica, arial, sans-serif;\">Atalanta - Par\u00eds Saint Germain<\/span><\/strong><\/p>\n<p style=\"text-align: justify;\"><span style=\"font-family: helvetica, arial, sans-serif;\">Semifinales (18 y 19 de agosto en Lisboa)<\/span><\/p>\n<p style=\"text-align: justify;\"><span style=\"font-family: helvetica, arial, sans-serif;\">Ganador <strong>Manchester City\/Real Madrid - Juventus\/Lyon ante Ganador Barcelona\/N\u00e1poles - Bayern\/Chelsea<\/strong><\/span><\/p>\n<p style=\"text-align: justify;\"><span style=\"font-family: helvetica, arial, sans-serif;\">Ganador<strong> Leipzig - Atl\u00e9tico de Madrid ante Ganador Atalanta - Paris<\/strong><\/span><\/p>\n<p style=\"text-align: justify;\"><span style=\"font-family: helvetica, arial, sans-serif;\">La final se jugar\u00e1 el 23 agosto en el<strong> estadio de La Luz<\/strong> de Lisboa<\/span><\/p>\n","protected":false},"excerpt":{"rendered":"<p>El sorteo de la Liga de Campeones confirm\u00f3 el cruce entre Atl\u00e9tico de Madrid y Leipzig en cuartos de final y dej\u00f3 abiertas las opciones para que Real Madrid se reencuentre con Juventus y Barcelona lo haga con Bayern M\u00fanich desde octavos, e incluso que madridistas y catalanes se puedan encontrar en semifinales. Entretanto, Atalanta, [&hellip;]<\/p>\n","protected":false},"author":5,"featured_media":53234,"comment_status":"open","ping_status":"open","sticky":false,"template":"","format":"standard","meta":{"_acf_changed":false,"footnotes":""},"categories":[152],"tags":[390],"class_list":{"0":"post-53228","1":"post","2":"type-post","3":"status-publish","4":"format-standard","5":"has-post-thumbnail","7":"category-mundo-futbol","8":"tag-liga-de-campeones"},"acf":[],"yoast_head":"<!-- This site is optimized with the Yoast SEO plugin v26.8 - https:\/\/yoast.com\/product\/yoast-seo-wordpress\/ -->\n<title>Listo el calendario para las finales de Champions -<\/title>\n<meta name=\"robots\" content=\"index, follow, max-snippet:-1, max-image-preview:large, max-video-preview:-1\" \/>\n<link rel=\"canonical\" href=\"https:\/\/futbolhoy.co\/index.php\/2020\/07\/10\/listo-el-calendario-para-las-finales-de-champions\/\" \/>\n<meta property=\"og:locale\" content=\"es_ES\" \/>\n<meta property=\"og:type\" content=\"article\" \/>\n<meta property=\"og:title\" content=\"Listo el calendario para las finales de Champions -\" \/>\n<meta property=\"og:description\" content=\"El sorteo de la Liga de Campeones confirm\u00f3 el cruce entre Atl\u00e9tico de Madrid y Leipzig en cuartos de final y dej\u00f3 abiertas las opciones para que Real Madrid se reencuentre con Juventus y Barcelona lo haga con Bayern M\u00fanich desde octavos, e incluso que madridistas y catalanes se puedan encontrar en semifinales. Entretanto, Atalanta, [&hellip;]\" \/>\n<meta property=\"og:url\" content=\"https:\/\/futbolhoy.co\/index.php\/2020\/07\/10\/listo-el-calendario-para-las-finales-de-champions\/\" \/>\n<meta property=\"article:publisher\" content=\"https:\/\/www.facebook.com\/FutbolHoyCol\/\" \/>\n<meta property=\"article:published_time\" content=\"2020-07-10T17:20:36+00:00\" \/>\n<meta property=\"article:modified_time\" content=\"2020-07-11T00:47:45+00:00\" \/>\n<meta property=\"og:image\" content=\"https:\/\/futbolhoy.co\/wp-content\/uploads\/2020\/07\/WhatsApp-Image-2020-07-10-at-8.49.06-AM.jpeg\" \/>\n\t<meta property=\"og:image:width\" content=\"1226\" \/>\n\t<meta property=\"og:image:height\" content=\"1176\" \/>\n\t<meta property=\"og:image:type\" content=\"image\/jpeg\" \/>\n<meta name=\"author\" content=\"Laura Hern\u00e1ndez\" \/>\n<meta name=\"twitter:card\" content=\"summary_large_image\" \/>\n<meta name=\"twitter:creator\" content=\"@FutbolHoyCol\" \/>\n<meta name=\"twitter:site\" content=\"@FutbolHoyCol\" \/>\n<meta name=\"twitter:label1\" content=\"Escrito por\" \/>\n\t<meta name=\"twitter:data1\" content=\"Laura Hern\u00e1ndez\" \/>\n\t<meta name=\"twitter:label2\" content=\"Tiempo de lectura\" \/>\n\t<meta name=\"twitter:data2\" content=\"1 minuto\" \/>\n<script type=\"application\/ld+json\" class=\"yoast-schema-graph\">{\"@context\":\"https:\/\/schema.org\",\"@graph\":[{\"@type\":\"Article\",\"@id\":\"https:\/\/futbolhoy.co\/index.php\/2020\/07\/10\/listo-el-calendario-para-las-finales-de-champions\/#article\",\"isPartOf\":{\"@id\":\"https:\/\/futbolhoy.co\/index.php\/2020\/07\/10\/listo-el-calendario-para-las-finales-de-champions\/\"},\"author\":{\"name\":\"Laura Hern\u00e1ndez\",\"@id\":\"https:\/\/futbolhoy.co\/#\/schema\/person\/c4a353a512b127643723a34bb1812f7d\"},\"headline\":\"Listo el calendario para las finales de Champions\",\"datePublished\":\"2020-07-10T17:20:36+00:00\",\"dateModified\":\"2020-07-11T00:47:45+00:00\",\"mainEntityOfPage\":{\"@id\":\"https:\/\/futbolhoy.co\/index.php\/2020\/07\/10\/listo-el-calendario-para-las-finales-de-champions\/\"},\"wordCount\":218,\"commentCount\":0,\"publisher\":{\"@id\":\"https:\/\/futbolhoy.co\/#organization\"},\"image\":{\"@id\":\"https:\/\/futbolhoy.co\/index.php\/2020\/07\/10\/listo-el-calendario-para-las-finales-de-champions\/#primaryimage\"},\"thumbnailUrl\":\"https:\/\/futbolhoy.co\/wp-content\/uploads\/2020\/07\/WhatsApp-Image-2020-07-10-at-8.49.06-AM.jpeg\",\"keywords\":[\"Liga de Campeones\"],\"articleSection\":[\"Mundo Futbol\"],\"inLanguage\":\"es\",\"potentialAction\":[{\"@type\":\"CommentAction\",\"name\":\"Comment\",\"target\":[\"https:\/\/futbolhoy.co\/index.php\/2020\/07\/10\/listo-el-calendario-para-las-finales-de-champions\/#respond\"]}]},{\"@type\":\"WebPage\",\"@id\":\"https:\/\/futbolhoy.co\/index.php\/2020\/07\/10\/listo-el-calendario-para-las-finales-de-champions\/\",\"url\":\"https:\/\/futbolhoy.co\/index.php\/2020\/07\/10\/listo-el-calendario-para-las-finales-de-champions\/\",\"name\":\"Listo el calendario para las finales de Champions -\",\"isPartOf\":{\"@id\":\"https:\/\/futbolhoy.co\/#website\"},\"primaryImageOfPage\":{\"@id\":\"https:\/\/futbolhoy.co\/index.php\/2020\/07\/10\/listo-el-calendario-para-las-finales-de-champions\/#primaryimage\"},\"image\":{\"@id\":\"https:\/\/futbolhoy.co\/index.php\/2020\/07\/10\/listo-el-calendario-para-las-finales-de-champions\/#primaryimage\"},\"thumbnailUrl\":\"https:\/\/futbolhoy.co\/wp-content\/uploads\/2020\/07\/WhatsApp-Image-2020-07-10-at-8.49.06-AM.jpeg\",\"datePublished\":\"2020-07-10T17:20:36+00:00\",\"dateModified\":\"2020-07-11T00:47:45+00:00\",\"breadcrumb\":{\"@id\":\"https:\/\/futbolhoy.co\/index.php\/2020\/07\/10\/listo-el-calendario-para-las-finales-de-champions\/#breadcrumb\"},\"inLanguage\":\"es\",\"potentialAction\":[{\"@type\":\"ReadAction\",\"target\":[\"https:\/\/futbolhoy.co\/index.php\/2020\/07\/10\/listo-el-calendario-para-las-finales-de-champions\/\"]}]},{\"@type\":\"ImageObject\",\"inLanguage\":\"es\",\"@id\":\"https:\/\/futbolhoy.co\/index.php\/2020\/07\/10\/listo-el-calendario-para-las-finales-de-champions\/#primaryimage\",\"url\":\"https:\/\/futbolhoy.co\/wp-content\/uploads\/2020\/07\/WhatsApp-Image-2020-07-10-at-8.49.06-AM.jpeg\",\"contentUrl\":\"https:\/\/futbolhoy.co\/wp-content\/uploads\/2020\/07\/WhatsApp-Image-2020-07-10-at-8.49.06-AM.jpeg\",\"width\":1226,\"height\":1176},{\"@type\":\"BreadcrumbList\",\"@id\":\"https:\/\/futbolhoy.co\/index.php\/2020\/07\/10\/listo-el-calendario-para-las-finales-de-champions\/#breadcrumb\",\"itemListElement\":[{\"@type\":\"ListItem\",\"position\":1,\"name\":\"Portada\",\"item\":\"https:\/\/futbolhoy.co\/\"},{\"@type\":\"ListItem\",\"position\":2,\"name\":\"Listo el calendario para las finales de Champions\"}]},{\"@type\":\"WebSite\",\"@id\":\"https:\/\/futbolhoy.co\/#website\",\"url\":\"https:\/\/futbolhoy.co\/\",\"name\":\"FutbolHoy\",\"description\":\"\",\"publisher\":{\"@id\":\"https:\/\/futbolhoy.co\/#organization\"},\"potentialAction\":[{\"@type\":\"SearchAction\",\"target\":{\"@type\":\"EntryPoint\",\"urlTemplate\":\"https:\/\/futbolhoy.co\/?s={search_term_string}\"},\"query-input\":{\"@type\":\"PropertyValueSpecification\",\"valueRequired\":true,\"valueName\":\"search_term_string\"}}],\"inLanguage\":\"es\"},{\"@type\":\"Organization\",\"@id\":\"https:\/\/futbolhoy.co\/#organization\",\"name\":\"Futbolhoy.co\",\"url\":\"https:\/\/futbolhoy.co\/\",\"logo\":{\"@type\":\"ImageObject\",\"inLanguage\":\"es\",\"@id\":\"https:\/\/futbolhoy.co\/#\/schema\/logo\/image\/\",\"url\":\"https:\/\/futbolhoy.co\/wp-content\/uploads\/2018\/08\/17426380_1906371736249227_6326180412931521141_n.jpg\",\"contentUrl\":\"https:\/\/futbolhoy.co\/wp-content\/uploads\/2018\/08\/17426380_1906371736249227_6326180412931521141_n.jpg\",\"width\":960,\"height\":960,\"caption\":\"Futbolhoy.co\"},\"image\":{\"@id\":\"https:\/\/futbolhoy.co\/#\/schema\/logo\/image\/\"},\"sameAs\":[\"https:\/\/www.facebook.com\/FutbolHoyCol\/\",\"https:\/\/x.com\/FutbolHoyCol\",\"https:\/\/www.instagram.com\/futbolhoycol\/\"]},{\"@type\":\"Person\",\"@id\":\"https:\/\/futbolhoy.co\/#\/schema\/person\/c4a353a512b127643723a34bb1812f7d\",\"name\":\"Laura Hern\u00e1ndez\",\"image\":{\"@type\":\"ImageObject\",\"inLanguage\":\"es\",\"@id\":\"https:\/\/futbolhoy.co\/#\/schema\/person\/image\/\",\"url\":\"https:\/\/secure.gravatar.com\/avatar\/d25959a15b9b293a743f99181c7cfd01?s=96&d=mm&r=g\",\"contentUrl\":\"https:\/\/secure.gravatar.com\/avatar\/d25959a15b9b293a743f99181c7cfd01?s=96&d=mm&r=g\",\"caption\":\"Laura Hern\u00e1ndez\"}}]}<\/script>\n<!-- \/ Yoast SEO plugin. -->","yoast_head_json":{"title":"Listo el calendario para las finales de Champions -","robots":{"index":"index","follow":"follow","max-snippet":"max-snippet:-1","max-image-preview":"max-image-preview:large","max-video-preview":"max-video-preview:-1"},"canonical":"https:\/\/futbolhoy.co\/index.php\/2020\/07\/10\/listo-el-calendario-para-las-finales-de-champions\/","og_locale":"es_ES","og_type":"article","og_title":"Listo el calendario para las finales de Champions -","og_description":"El sorteo de la Liga de Campeones confirm\u00f3 el cruce entre Atl\u00e9tico de Madrid y Leipzig en cuartos de final y dej\u00f3 abiertas las opciones para que Real Madrid se reencuentre con Juventus y Barcelona lo haga con Bayern M\u00fanich desde octavos, e incluso que madridistas y catalanes se puedan encontrar en semifinales. Entretanto, Atalanta, [&hellip;]","og_url":"https:\/\/futbolhoy.co\/index.php\/2020\/07\/10\/listo-el-calendario-para-las-finales-de-champions\/","article_publisher":"https:\/\/www.facebook.com\/FutbolHoyCol\/","article_published_time":"2020-07-10T17:20:36+00:00","article_modified_time":"2020-07-11T00:47:45+00:00","og_image":[{"width":1226,"height":1176,"url":"https:\/\/futbolhoy.co\/wp-content\/uploads\/2020\/07\/WhatsApp-Image-2020-07-10-at-8.49.06-AM.jpeg","type":"image\/jpeg"}],"author":"Laura Hern\u00e1ndez","twitter_card":"summary_large_image","twitter_creator":"@FutbolHoyCol","twitter_site":"@FutbolHoyCol","twitter_misc":{"Escrito por":"Laura Hern\u00e1ndez","Tiempo de lectura":"1 minuto"},"schema":{"@context":"https:\/\/schema.org","@graph":[{"@type":"Article","@id":"https:\/\/futbolhoy.co\/index.php\/2020\/07\/10\/listo-el-calendario-para-las-finales-de-champions\/#article","isPartOf":{"@id":"https:\/\/futbolhoy.co\/index.php\/2020\/07\/10\/listo-el-calendario-para-las-finales-de-champions\/"},"author":{"name":"Laura Hern\u00e1ndez","@id":"https:\/\/futbolhoy.co\/#\/schema\/person\/c4a353a512b127643723a34bb1812f7d"},"headline":"Listo el calendario para las finales de Champions","datePublished":"2020-07-10T17:20:36+00:00","dateModified":"2020-07-11T00:47:45+00:00","mainEntityOfPage":{"@id":"https:\/\/futbolhoy.co\/index.php\/2020\/07\/10\/listo-el-calendario-para-las-finales-de-champions\/"},"wordCount":218,"commentCount":0,"publisher":{"@id":"https:\/\/futbolhoy.co\/#organization"},"image":{"@id":"https:\/\/futbolhoy.co\/index.php\/2020\/07\/10\/listo-el-calendario-para-las-finales-de-champions\/#primaryimage"},"thumbnailUrl":"https:\/\/futbolhoy.co\/wp-content\/uploads\/2020\/07\/WhatsApp-Image-2020-07-10-at-8.49.06-AM.jpeg","keywords":["Liga de Campeones"],"articleSection":["Mundo Futbol"],"inLanguage":"es","potentialAction":[{"@type":"CommentAction","name":"Comment","target":["https:\/\/futbolhoy.co\/index.php\/2020\/07\/10\/listo-el-calendario-para-las-finales-de-champions\/#respond"]}]},{"@type":"WebPage","@id":"https:\/\/futbolhoy.co\/index.php\/2020\/07\/10\/listo-el-calendario-para-las-finales-de-champions\/","url":"https:\/\/futbolhoy.co\/index.php\/2020\/07\/10\/listo-el-calendario-para-las-finales-de-champions\/","name":"Listo el calendario para las finales de Champions -","isPartOf":{"@id":"https:\/\/futbolhoy.co\/#website"},"primaryImageOfPage":{"@id":"https:\/\/futbolhoy.co\/index.php\/2020\/07\/10\/listo-el-calendario-para-las-finales-de-champions\/#primaryimage"},"image":{"@id":"https:\/\/futbolhoy.co\/index.php\/2020\/07\/10\/listo-el-calendario-para-las-finales-de-champions\/#primaryimage"},"thumbnailUrl":"https:\/\/futbolhoy.co\/wp-content\/uploads\/2020\/07\/WhatsApp-Image-2020-07-10-at-8.49.06-AM.jpeg","datePublished":"2020-07-10T17:20:36+00:00","dateModified":"2020-07-11T00:47:45+00:00","breadcrumb":{"@id":"https:\/\/futbolhoy.co\/index.php\/2020\/07\/10\/listo-el-calendario-para-las-finales-de-champions\/#breadcrumb"},"inLanguage":"es","potentialAction":[{"@type":"ReadAction","target":["https:\/\/futbolhoy.co\/index.php\/2020\/07\/10\/listo-el-calendario-para-las-finales-de-champions\/"]}]},{"@type":"ImageObject","inLanguage":"es","@id":"https:\/\/futbolhoy.co\/index.php\/2020\/07\/10\/listo-el-calendario-para-las-finales-de-champions\/#primaryimage","url":"https:\/\/futbolhoy.co\/wp-content\/uploads\/2020\/07\/WhatsApp-Image-2020-07-10-at-8.49.06-AM.jpeg","contentUrl":"https:\/\/futbolhoy.co\/wp-content\/uploads\/2020\/07\/WhatsApp-Image-2020-07-10-at-8.49.06-AM.jpeg","width":1226,"height":1176},{"@type":"BreadcrumbList","@id":"https:\/\/futbolhoy.co\/index.php\/2020\/07\/10\/listo-el-calendario-para-las-finales-de-champions\/#breadcrumb","itemListElement":[{"@type":"ListItem","position":1,"name":"Portada","item":"https:\/\/futbolhoy.co\/"},{"@type":"ListItem","position":2,"name":"Listo el calendario para las finales de Champions"}]},{"@type":"WebSite","@id":"https:\/\/futbolhoy.co\/#website","url":"https:\/\/futbolhoy.co\/","name":"FutbolHoy","description":"","publisher":{"@id":"https:\/\/futbolhoy.co\/#organization"},"potentialAction":[{"@type":"SearchAction","target":{"@type":"EntryPoint","urlTemplate":"https:\/\/futbolhoy.co\/?s={search_term_string}"},"query-input":{"@type":"PropertyValueSpecification","valueRequired":true,"valueName":"search_term_string"}}],"inLanguage":"es"},{"@type":"Organization","@id":"https:\/\/futbolhoy.co\/#organization","name":"Futbolhoy.co","url":"https:\/\/futbolhoy.co\/","logo":{"@type":"ImageObject","inLanguage":"es","@id":"https:\/\/futbolhoy.co\/#\/schema\/logo\/image\/","url":"https:\/\/futbolhoy.co\/wp-content\/uploads\/2018\/08\/17426380_1906371736249227_6326180412931521141_n.jpg","contentUrl":"https:\/\/futbolhoy.co\/wp-content\/uploads\/2018\/08\/17426380_1906371736249227_6326180412931521141_n.jpg","width":960,"height":960,"caption":"Futbolhoy.co"},"image":{"@id":"https:\/\/futbolhoy.co\/#\/schema\/logo\/image\/"},"sameAs":["https:\/\/www.facebook.com\/FutbolHoyCol\/","https:\/\/x.com\/FutbolHoyCol","https:\/\/www.instagram.com\/futbolhoycol\/"]},{"@type":"Person","@id":"https:\/\/futbolhoy.co\/#\/schema\/person\/c4a353a512b127643723a34bb1812f7d","name":"Laura Hern\u00e1ndez","image":{"@type":"ImageObject","inLanguage":"es","@id":"https:\/\/futbolhoy.co\/#\/schema\/person\/image\/","url":"https:\/\/secure.gravatar.com\/avatar\/d25959a15b9b293a743f99181c7cfd01?s=96&d=mm&r=g","contentUrl":"https:\/\/secure.gravatar.com\/avatar\/d25959a15b9b293a743f99181c7cfd01?s=96&d=mm&r=g","caption":"Laura Hern\u00e1ndez"}}]}},"publishpress_future_action":{"enabled":false,"date":"2026-05-06 12:13:07","action":"change-status","newStatus":"draft","terms":[],"taxonomy":"category","extraData":[]},"publishpress_future_workflow_manual_trigger":{"enabledWorkflows":[]},"_links":{"self":[{"href":"https:\/\/futbolhoy.co\/index.php\/wp-json\/wp\/v2\/posts\/53228","targetHints":{"allow":["GET"]}}],"collection":[{"href":"https:\/\/futbolhoy.co\/index.php\/wp-json\/wp\/v2\/posts"}],"about":[{"href":"https:\/\/futbolhoy.co\/index.php\/wp-json\/wp\/v2\/types\/post"}],"author":[{"embeddable":true,"href":"https:\/\/futbolhoy.co\/index.php\/wp-json\/wp\/v2\/users\/5"}],"replies":[{"embeddable":true,"href":"https:\/\/futbolhoy.co\/index.php\/wp-json\/wp\/v2\/comments?post=53228"}],"version-history":[{"count":1,"href":"https:\/\/futbolhoy.co\/index.php\/wp-json\/wp\/v2\/posts\/53228\/revisions"}],"predecessor-version":[{"id":53230,"href":"https:\/\/futbolhoy.co\/index.php\/wp-json\/wp\/v2\/posts\/53228\/revisions\/53230"}],"wp:featuredmedia":[{"embeddable":true,"href":"https:\/\/futbolhoy.co\/index.php\/wp-json\/wp\/v2\/media\/53234"}],"wp:attachment":[{"href":"https:\/\/futbolhoy.co\/index.php\/wp-json\/wp\/v2\/media?parent=53228"}],"wp:term":[{"taxonomy":"category","embeddable":true,"href":"https:\/\/futbolhoy.co\/index.php\/wp-json\/wp\/v2\/categories?post=53228"},{"taxonomy":"post_tag","embeddable":true,"href":"https:\/\/futbolhoy.co\/index.php\/wp-json\/wp\/v2\/tags?post=53228"}],"curies":[{"name":"wp","href":"https:\/\/api.w.org\/{rel}","templated":true}]}}