{"id":53243,"date":"2020-07-10T06:59:03","date_gmt":"2020-07-10T11:59:03","guid":{"rendered":"https:\/\/futbolhoy.co\/?p=53243"},"modified":"2020-07-10T19:36:25","modified_gmt":"2020-07-11T00:36:25","slug":"el-caballo-marquez-jugara-con-millonarios","status":"publish","type":"post","link":"https:\/\/futbolhoy.co\/index.php\/2020\/07\/10\/el-caballo-marquez-jugara-con-millonarios\/","title":{"rendered":"\u2018El Caballo\u2019 M\u00e1rquez jugar\u00e1 con Millonarios"},"content":{"rendered":"<!--[if lt IE 9]><script>document.createElement('audio');<\/script><![endif]-->\n<audio class=\"wp-audio-shortcode\" id=\"audio-53243-1\" preload=\"none\" style=\"width: 100%;\" controls=\"controls\"><source type=\"audio\/mpeg\" src=\"https:\/\/futbolhoy.co\/wp-content\/uploads\/2020\/07\/ACERO-GAMERO-OK.1329.mp3?_=1\" \/><a href=\"https:\/\/futbolhoy.co\/wp-content\/uploads\/2020\/07\/ACERO-GAMERO-OK.1329.mp3\">https:\/\/futbolhoy.co\/wp-content\/uploads\/2020\/07\/ACERO-GAMERO-OK.1329.mp3<\/a><\/audio>\n<p>(Alberto Gamero, t\u00e9cnico de Millonarios, en di\u00e1logo con El VBAR de Caracol Radio)<\/p>\n<p style=\"text-align: justify;\"><span style=\"font-family: helvetica, arial, sans-serif;\">El delantero samario <strong>Ricardo<\/strong> \u2018<strong>El Caballo\u2019 M\u00e1rquez<\/strong>, del <strong>Uni\u00f3n Magdalena,<\/strong> ser\u00e1 nuevo jugador de <strong>Millonarios<\/strong> para el 2020, revel\u00f3 el t\u00e9cnico <strong>Alberto Gamero.<\/strong><\/span><\/p>\n<p style=\"text-align: justify;\"><span style=\"font-family: helvetica, arial, sans-serif;\">\"Lo de M\u00e1rquez pr\u00e1cticamente est\u00e1 resuelto, es un jugador de muy bien biotipo, buen juego a\u00e9reo ofensivo y defensivo. Es un jugador de buen pivoteo, que busca muchas sociedades y yo creo que le va a caer bien al equipo y lo joven que es lo va a ayudar mucho\", dijo Gamero en el <em>VBAR<\/em> de <strong>Caracol Radio.<\/strong><\/span><\/p>\n<p style=\"text-align: justify;\"><span style=\"font-family: helvetica, arial, sans-serif;\"><strong>Uni\u00f3n Magdalena,<\/strong> due\u00f1o de sus derechos deportivos, hab\u00eda aceptado una oferta del <strong>Nacional<\/strong> de <strong>Madeira<\/strong> de <strong>Portugal,<\/strong> sin embargo, una segunda propuesta del <strong>Lens<\/strong> de <strong>Francia<\/strong> fue aceptada por los directivos del equipo samario.<\/span><\/p>\n<p style=\"text-align: justify;\"><span style=\"font-family: helvetica, arial, sans-serif;\">M\u00e1rquez, con 11 goles, termin\u00f3 como m\u00e1ximo artillero de su equipo en 2019.<\/span><\/p>\n","protected":false},"excerpt":{"rendered":"<p>(Alberto Gamero, t\u00e9cnico de Millonarios, en di\u00e1logo con El VBAR de Caracol Radio) El delantero samario Ricardo \u2018El Caballo\u2019 M\u00e1rquez, del Uni\u00f3n Magdalena, ser\u00e1 nuevo jugador de Millonarios para el 2020, revel\u00f3 el t\u00e9cnico Alberto Gamero. \"Lo de M\u00e1rquez pr\u00e1cticamente est\u00e1 resuelto, es un jugador de muy bien biotipo, buen juego a\u00e9reo ofensivo y defensivo. [&hellip;]<\/p>\n","protected":false},"author":5,"featured_media":33358,"comment_status":"open","ping_status":"open","sticky":false,"template":"","format":"video","meta":{"_acf_changed":false,"footnotes":""},"categories":[7],"tags":[148,1442],"class_list":{"0":"post-53243","1":"post","2":"type-post","3":"status-publish","4":"format-video","5":"has-post-thumbnail","7":"category-liga-betplay","8":"tag-millonarios","9":"tag-ricardo-marquez","10":"post_format-post-format-video"},"acf":[],"yoast_head":"<!-- This site is optimized with the Yoast SEO plugin v26.8 - https:\/\/yoast.com\/product\/yoast-seo-wordpress\/ -->\n<title>\u2018El Caballo\u2019 M\u00e1rquez jugar\u00e1 con Millonarios -<\/title>\n<meta name=\"robots\" content=\"index, follow, max-snippet:-1, max-image-preview:large, max-video-preview:-1\" \/>\n<link rel=\"canonical\" href=\"https:\/\/futbolhoy.co\/index.php\/2020\/07\/10\/el-caballo-marquez-jugara-con-millonarios\/\" \/>\n<meta property=\"og:locale\" content=\"es_ES\" \/>\n<meta property=\"og:type\" content=\"article\" \/>\n<meta property=\"og:title\" content=\"\u2018El Caballo\u2019 M\u00e1rquez jugar\u00e1 con Millonarios -\" \/>\n<meta property=\"og:description\" content=\"(Alberto Gamero, t\u00e9cnico de Millonarios, en di\u00e1logo con El VBAR de Caracol Radio) El delantero samario Ricardo \u2018El Caballo\u2019 M\u00e1rquez, del Uni\u00f3n Magdalena, ser\u00e1 nuevo jugador de Millonarios para el 2020, revel\u00f3 el t\u00e9cnico Alberto Gamero. &quot;Lo de M\u00e1rquez pr\u00e1cticamente est\u00e1 resuelto, es un jugador de muy bien biotipo, buen juego a\u00e9reo ofensivo y defensivo. [&hellip;]\" \/>\n<meta property=\"og:url\" content=\"https:\/\/futbolhoy.co\/index.php\/2020\/07\/10\/el-caballo-marquez-jugara-con-millonarios\/\" \/>\n<meta property=\"article:publisher\" content=\"https:\/\/www.facebook.com\/FutbolHoyCol\/\" \/>\n<meta property=\"article:published_time\" content=\"2020-07-10T11:59:03+00:00\" \/>\n<meta property=\"article:modified_time\" content=\"2020-07-11T00:36:25+00:00\" \/>\n<meta property=\"og:image\" content=\"https:\/\/futbolhoy.co\/wp-content\/uploads\/2019\/03\/Caballo.jpg\" \/>\n\t<meta property=\"og:image:width\" content=\"1200\" \/>\n\t<meta property=\"og:image:height\" content=\"800\" \/>\n\t<meta property=\"og:image:type\" content=\"image\/jpeg\" \/>\n<meta name=\"author\" content=\"Laura Hern\u00e1ndez\" \/>\n<meta name=\"twitter:card\" content=\"summary_large_image\" \/>\n<meta name=\"twitter:creator\" content=\"@FutbolHoyCol\" \/>\n<meta name=\"twitter:site\" content=\"@FutbolHoyCol\" \/>\n<meta name=\"twitter:label1\" content=\"Escrito por\" \/>\n\t<meta name=\"twitter:data1\" content=\"Laura Hern\u00e1ndez\" \/>\n\t<meta name=\"twitter:label2\" content=\"Tiempo de lectura\" \/>\n\t<meta name=\"twitter:data2\" content=\"1 minuto\" \/>\n<script type=\"application\/ld+json\" class=\"yoast-schema-graph\">{\"@context\":\"https:\/\/schema.org\",\"@graph\":[{\"@type\":\"Article\",\"@id\":\"https:\/\/futbolhoy.co\/index.php\/2020\/07\/10\/el-caballo-marquez-jugara-con-millonarios\/#article\",\"isPartOf\":{\"@id\":\"https:\/\/futbolhoy.co\/index.php\/2020\/07\/10\/el-caballo-marquez-jugara-con-millonarios\/\"},\"author\":{\"name\":\"Laura Hern\u00e1ndez\",\"@id\":\"https:\/\/futbolhoy.co\/#\/schema\/person\/c4a353a512b127643723a34bb1812f7d\"},\"headline\":\"\u2018El Caballo\u2019 M\u00e1rquez jugar\u00e1 con Millonarios\",\"datePublished\":\"2020-07-10T11:59:03+00:00\",\"dateModified\":\"2020-07-11T00:36:25+00:00\",\"mainEntityOfPage\":{\"@id\":\"https:\/\/futbolhoy.co\/index.php\/2020\/07\/10\/el-caballo-marquez-jugara-con-millonarios\/\"},\"wordCount\":168,\"commentCount\":0,\"publisher\":{\"@id\":\"https:\/\/futbolhoy.co\/#organization\"},\"image\":{\"@id\":\"https:\/\/futbolhoy.co\/index.php\/2020\/07\/10\/el-caballo-marquez-jugara-con-millonarios\/#primaryimage\"},\"thumbnailUrl\":\"https:\/\/futbolhoy.co\/wp-content\/uploads\/2019\/03\/Caballo.jpg\",\"keywords\":[\"Millonarios\",\"Ricardo M\u00e1rquez\"],\"articleSection\":[\"Liga BetPlay\"],\"inLanguage\":\"es\",\"potentialAction\":[{\"@type\":\"CommentAction\",\"name\":\"Comment\",\"target\":[\"https:\/\/futbolhoy.co\/index.php\/2020\/07\/10\/el-caballo-marquez-jugara-con-millonarios\/#respond\"]}]},{\"@type\":\"WebPage\",\"@id\":\"https:\/\/futbolhoy.co\/index.php\/2020\/07\/10\/el-caballo-marquez-jugara-con-millonarios\/\",\"url\":\"https:\/\/futbolhoy.co\/index.php\/2020\/07\/10\/el-caballo-marquez-jugara-con-millonarios\/\",\"name\":\"\u2018El Caballo\u2019 M\u00e1rquez jugar\u00e1 con Millonarios -\",\"isPartOf\":{\"@id\":\"https:\/\/futbolhoy.co\/#website\"},\"primaryImageOfPage\":{\"@id\":\"https:\/\/futbolhoy.co\/index.php\/2020\/07\/10\/el-caballo-marquez-jugara-con-millonarios\/#primaryimage\"},\"image\":{\"@id\":\"https:\/\/futbolhoy.co\/index.php\/2020\/07\/10\/el-caballo-marquez-jugara-con-millonarios\/#primaryimage\"},\"thumbnailUrl\":\"https:\/\/futbolhoy.co\/wp-content\/uploads\/2019\/03\/Caballo.jpg\",\"datePublished\":\"2020-07-10T11:59:03+00:00\",\"dateModified\":\"2020-07-11T00:36:25+00:00\",\"breadcrumb\":{\"@id\":\"https:\/\/futbolhoy.co\/index.php\/2020\/07\/10\/el-caballo-marquez-jugara-con-millonarios\/#breadcrumb\"},\"inLanguage\":\"es\",\"potentialAction\":[{\"@type\":\"ReadAction\",\"target\":[\"https:\/\/futbolhoy.co\/index.php\/2020\/07\/10\/el-caballo-marquez-jugara-con-millonarios\/\"]}]},{\"@type\":\"ImageObject\",\"inLanguage\":\"es\",\"@id\":\"https:\/\/futbolhoy.co\/index.php\/2020\/07\/10\/el-caballo-marquez-jugara-con-millonarios\/#primaryimage\",\"url\":\"https:\/\/futbolhoy.co\/wp-content\/uploads\/2019\/03\/Caballo.jpg\",\"contentUrl\":\"https:\/\/futbolhoy.co\/wp-content\/uploads\/2019\/03\/Caballo.jpg\",\"width\":1200,\"height\":800,\"caption\":\"@UnionMagdalena\"},{\"@type\":\"BreadcrumbList\",\"@id\":\"https:\/\/futbolhoy.co\/index.php\/2020\/07\/10\/el-caballo-marquez-jugara-con-millonarios\/#breadcrumb\",\"itemListElement\":[{\"@type\":\"ListItem\",\"position\":1,\"name\":\"Portada\",\"item\":\"https:\/\/futbolhoy.co\/\"},{\"@type\":\"ListItem\",\"position\":2,\"name\":\"\u2018El Caballo\u2019 M\u00e1rquez jugar\u00e1 con Millonarios\"}]},{\"@type\":\"WebSite\",\"@id\":\"https:\/\/futbolhoy.co\/#website\",\"url\":\"https:\/\/futbolhoy.co\/\",\"name\":\"FutbolHoy\",\"description\":\"\",\"publisher\":{\"@id\":\"https:\/\/futbolhoy.co\/#organization\"},\"potentialAction\":[{\"@type\":\"SearchAction\",\"target\":{\"@type\":\"EntryPoint\",\"urlTemplate\":\"https:\/\/futbolhoy.co\/?s={search_term_string}\"},\"query-input\":{\"@type\":\"PropertyValueSpecification\",\"valueRequired\":true,\"valueName\":\"search_term_string\"}}],\"inLanguage\":\"es\"},{\"@type\":\"Organization\",\"@id\":\"https:\/\/futbolhoy.co\/#organization\",\"name\":\"Futbolhoy.co\",\"url\":\"https:\/\/futbolhoy.co\/\",\"logo\":{\"@type\":\"ImageObject\",\"inLanguage\":\"es\",\"@id\":\"https:\/\/futbolhoy.co\/#\/schema\/logo\/image\/\",\"url\":\"https:\/\/futbolhoy.co\/wp-content\/uploads\/2018\/08\/17426380_1906371736249227_6326180412931521141_n.jpg\",\"contentUrl\":\"https:\/\/futbolhoy.co\/wp-content\/uploads\/2018\/08\/17426380_1906371736249227_6326180412931521141_n.jpg\",\"width\":960,\"height\":960,\"caption\":\"Futbolhoy.co\"},\"image\":{\"@id\":\"https:\/\/futbolhoy.co\/#\/schema\/logo\/image\/\"},\"sameAs\":[\"https:\/\/www.facebook.com\/FutbolHoyCol\/\",\"https:\/\/x.com\/FutbolHoyCol\",\"https:\/\/www.instagram.com\/futbolhoycol\/\"]},{\"@type\":\"Person\",\"@id\":\"https:\/\/futbolhoy.co\/#\/schema\/person\/c4a353a512b127643723a34bb1812f7d\",\"name\":\"Laura Hern\u00e1ndez\",\"image\":{\"@type\":\"ImageObject\",\"inLanguage\":\"es\",\"@id\":\"https:\/\/futbolhoy.co\/#\/schema\/person\/image\/\",\"url\":\"https:\/\/secure.gravatar.com\/avatar\/d25959a15b9b293a743f99181c7cfd01?s=96&d=mm&r=g\",\"contentUrl\":\"https:\/\/secure.gravatar.com\/avatar\/d25959a15b9b293a743f99181c7cfd01?s=96&d=mm&r=g\",\"caption\":\"Laura Hern\u00e1ndez\"}}]}<\/script>\n<!-- \/ Yoast SEO plugin. -->","yoast_head_json":{"title":"\u2018El Caballo\u2019 M\u00e1rquez jugar\u00e1 con Millonarios -","robots":{"index":"index","follow":"follow","max-snippet":"max-snippet:-1","max-image-preview":"max-image-preview:large","max-video-preview":"max-video-preview:-1"},"canonical":"https:\/\/futbolhoy.co\/index.php\/2020\/07\/10\/el-caballo-marquez-jugara-con-millonarios\/","og_locale":"es_ES","og_type":"article","og_title":"\u2018El Caballo\u2019 M\u00e1rquez jugar\u00e1 con Millonarios -","og_description":"(Alberto Gamero, t\u00e9cnico de Millonarios, en di\u00e1logo con El VBAR de Caracol Radio) El delantero samario Ricardo \u2018El Caballo\u2019 M\u00e1rquez, del Uni\u00f3n Magdalena, ser\u00e1 nuevo jugador de Millonarios para el 2020, revel\u00f3 el t\u00e9cnico Alberto Gamero. \"Lo de M\u00e1rquez pr\u00e1cticamente est\u00e1 resuelto, es un jugador de muy bien biotipo, buen juego a\u00e9reo ofensivo y defensivo. [&hellip;]","og_url":"https:\/\/futbolhoy.co\/index.php\/2020\/07\/10\/el-caballo-marquez-jugara-con-millonarios\/","article_publisher":"https:\/\/www.facebook.com\/FutbolHoyCol\/","article_published_time":"2020-07-10T11:59:03+00:00","article_modified_time":"2020-07-11T00:36:25+00:00","og_image":[{"width":1200,"height":800,"url":"https:\/\/futbolhoy.co\/wp-content\/uploads\/2019\/03\/Caballo.jpg","type":"image\/jpeg"}],"author":"Laura Hern\u00e1ndez","twitter_card":"summary_large_image","twitter_creator":"@FutbolHoyCol","twitter_site":"@FutbolHoyCol","twitter_misc":{"Escrito por":"Laura Hern\u00e1ndez","Tiempo de lectura":"1 minuto"},"schema":{"@context":"https:\/\/schema.org","@graph":[{"@type":"Article","@id":"https:\/\/futbolhoy.co\/index.php\/2020\/07\/10\/el-caballo-marquez-jugara-con-millonarios\/#article","isPartOf":{"@id":"https:\/\/futbolhoy.co\/index.php\/2020\/07\/10\/el-caballo-marquez-jugara-con-millonarios\/"},"author":{"name":"Laura Hern\u00e1ndez","@id":"https:\/\/futbolhoy.co\/#\/schema\/person\/c4a353a512b127643723a34bb1812f7d"},"headline":"\u2018El Caballo\u2019 M\u00e1rquez jugar\u00e1 con Millonarios","datePublished":"2020-07-10T11:59:03+00:00","dateModified":"2020-07-11T00:36:25+00:00","mainEntityOfPage":{"@id":"https:\/\/futbolhoy.co\/index.php\/2020\/07\/10\/el-caballo-marquez-jugara-con-millonarios\/"},"wordCount":168,"commentCount":0,"publisher":{"@id":"https:\/\/futbolhoy.co\/#organization"},"image":{"@id":"https:\/\/futbolhoy.co\/index.php\/2020\/07\/10\/el-caballo-marquez-jugara-con-millonarios\/#primaryimage"},"thumbnailUrl":"https:\/\/futbolhoy.co\/wp-content\/uploads\/2019\/03\/Caballo.jpg","keywords":["Millonarios","Ricardo M\u00e1rquez"],"articleSection":["Liga BetPlay"],"inLanguage":"es","potentialAction":[{"@type":"CommentAction","name":"Comment","target":["https:\/\/futbolhoy.co\/index.php\/2020\/07\/10\/el-caballo-marquez-jugara-con-millonarios\/#respond"]}]},{"@type":"WebPage","@id":"https:\/\/futbolhoy.co\/index.php\/2020\/07\/10\/el-caballo-marquez-jugara-con-millonarios\/","url":"https:\/\/futbolhoy.co\/index.php\/2020\/07\/10\/el-caballo-marquez-jugara-con-millonarios\/","name":"\u2018El Caballo\u2019 M\u00e1rquez jugar\u00e1 con Millonarios -","isPartOf":{"@id":"https:\/\/futbolhoy.co\/#website"},"primaryImageOfPage":{"@id":"https:\/\/futbolhoy.co\/index.php\/2020\/07\/10\/el-caballo-marquez-jugara-con-millonarios\/#primaryimage"},"image":{"@id":"https:\/\/futbolhoy.co\/index.php\/2020\/07\/10\/el-caballo-marquez-jugara-con-millonarios\/#primaryimage"},"thumbnailUrl":"https:\/\/futbolhoy.co\/wp-content\/uploads\/2019\/03\/Caballo.jpg","datePublished":"2020-07-10T11:59:03+00:00","dateModified":"2020-07-11T00:36:25+00:00","breadcrumb":{"@id":"https:\/\/futbolhoy.co\/index.php\/2020\/07\/10\/el-caballo-marquez-jugara-con-millonarios\/#breadcrumb"},"inLanguage":"es","potentialAction":[{"@type":"ReadAction","target":["https:\/\/futbolhoy.co\/index.php\/2020\/07\/10\/el-caballo-marquez-jugara-con-millonarios\/"]}]},{"@type":"ImageObject","inLanguage":"es","@id":"https:\/\/futbolhoy.co\/index.php\/2020\/07\/10\/el-caballo-marquez-jugara-con-millonarios\/#primaryimage","url":"https:\/\/futbolhoy.co\/wp-content\/uploads\/2019\/03\/Caballo.jpg","contentUrl":"https:\/\/futbolhoy.co\/wp-content\/uploads\/2019\/03\/Caballo.jpg","width":1200,"height":800,"caption":"@UnionMagdalena"},{"@type":"BreadcrumbList","@id":"https:\/\/futbolhoy.co\/index.php\/2020\/07\/10\/el-caballo-marquez-jugara-con-millonarios\/#breadcrumb","itemListElement":[{"@type":"ListItem","position":1,"name":"Portada","item":"https:\/\/futbolhoy.co\/"},{"@type":"ListItem","position":2,"name":"\u2018El Caballo\u2019 M\u00e1rquez jugar\u00e1 con Millonarios"}]},{"@type":"WebSite","@id":"https:\/\/futbolhoy.co\/#website","url":"https:\/\/futbolhoy.co\/","name":"FutbolHoy","description":"","publisher":{"@id":"https:\/\/futbolhoy.co\/#organization"},"potentialAction":[{"@type":"SearchAction","target":{"@type":"EntryPoint","urlTemplate":"https:\/\/futbolhoy.co\/?s={search_term_string}"},"query-input":{"@type":"PropertyValueSpecification","valueRequired":true,"valueName":"search_term_string"}}],"inLanguage":"es"},{"@type":"Organization","@id":"https:\/\/futbolhoy.co\/#organization","name":"Futbolhoy.co","url":"https:\/\/futbolhoy.co\/","logo":{"@type":"ImageObject","inLanguage":"es","@id":"https:\/\/futbolhoy.co\/#\/schema\/logo\/image\/","url":"https:\/\/futbolhoy.co\/wp-content\/uploads\/2018\/08\/17426380_1906371736249227_6326180412931521141_n.jpg","contentUrl":"https:\/\/futbolhoy.co\/wp-content\/uploads\/2018\/08\/17426380_1906371736249227_6326180412931521141_n.jpg","width":960,"height":960,"caption":"Futbolhoy.co"},"image":{"@id":"https:\/\/futbolhoy.co\/#\/schema\/logo\/image\/"},"sameAs":["https:\/\/www.facebook.com\/FutbolHoyCol\/","https:\/\/x.com\/FutbolHoyCol","https:\/\/www.instagram.com\/futbolhoycol\/"]},{"@type":"Person","@id":"https:\/\/futbolhoy.co\/#\/schema\/person\/c4a353a512b127643723a34bb1812f7d","name":"Laura Hern\u00e1ndez","image":{"@type":"ImageObject","inLanguage":"es","@id":"https:\/\/futbolhoy.co\/#\/schema\/person\/image\/","url":"https:\/\/secure.gravatar.com\/avatar\/d25959a15b9b293a743f99181c7cfd01?s=96&d=mm&r=g","contentUrl":"https:\/\/secure.gravatar.com\/avatar\/d25959a15b9b293a743f99181c7cfd01?s=96&d=mm&r=g","caption":"Laura Hern\u00e1ndez"}}]}},"publishpress_future_action":{"enabled":false,"date":"2026-05-06 14:43:29","action":"change-status","newStatus":"draft","terms":[],"taxonomy":"category","extraData":[]},"publishpress_future_workflow_manual_trigger":{"enabledWorkflows":[]},"_links":{"self":[{"href":"https:\/\/futbolhoy.co\/index.php\/wp-json\/wp\/v2\/posts\/53243","targetHints":{"allow":["GET"]}}],"collection":[{"href":"https:\/\/futbolhoy.co\/index.php\/wp-json\/wp\/v2\/posts"}],"about":[{"href":"https:\/\/futbolhoy.co\/index.php\/wp-json\/wp\/v2\/types\/post"}],"author":[{"embeddable":true,"href":"https:\/\/futbolhoy.co\/index.php\/wp-json\/wp\/v2\/users\/5"}],"replies":[{"embeddable":true,"href":"https:\/\/futbolhoy.co\/index.php\/wp-json\/wp\/v2\/comments?post=53243"}],"version-history":[{"count":1,"href":"https:\/\/futbolhoy.co\/index.php\/wp-json\/wp\/v2\/posts\/53243\/revisions"}],"predecessor-version":[{"id":53245,"href":"https:\/\/futbolhoy.co\/index.php\/wp-json\/wp\/v2\/posts\/53243\/revisions\/53245"}],"wp:featuredmedia":[{"embeddable":true,"href":"https:\/\/futbolhoy.co\/index.php\/wp-json\/wp\/v2\/media\/33358"}],"wp:attachment":[{"href":"https:\/\/futbolhoy.co\/index.php\/wp-json\/wp\/v2\/media?parent=53243"}],"wp:term":[{"taxonomy":"category","embeddable":true,"href":"https:\/\/futbolhoy.co\/index.php\/wp-json\/wp\/v2\/categories?post=53243"},{"taxonomy":"post_tag","embeddable":true,"href":"https:\/\/futbolhoy.co\/index.php\/wp-json\/wp\/v2\/tags?post=53243"}],"curies":[{"name":"wp","href":"https:\/\/api.w.org\/{rel}","templated":true}]}}